{"id":18605,"date":"2023-07-04T14:00:35","date_gmt":"2023-07-04T12:00:35","guid":{"rendered":"https:\/\/stiftadmont.at\/?p=18605"},"modified":"2023-07-21T11:38:26","modified_gmt":"2023-07-21T09:38:26","slug":"you-the-pen","status":"publish","type":"post","link":"https:\/\/stiftadmont.at\/en\/blog\/du-das-stift\/","title":{"rendered":"DU &amp; DAS STIFT"},"content":{"rendered":"<section id='lightpress__section--block_8e3d1e1e3996352718b02b811bd4adfd' class='lightpress__section--default-section-space lightpress__section lightpress__section--content'><div class=\"content__inner\"\n         x-init=\"initContentBlockAnim($el)\">\n        \n    <div class=\"content__grid content__grid\">\n                                            <div class=\"content__box content__box--one-hundred\"\n                 style=\"\">\n                                \n                \n                                            <div class=\"prose\"><h1 class=\"line line--gold\">DU &amp; DAS STIFT 2023<\/h1>\n<p>\u00a0<\/p>\n<p class=\"paragraph-m\"><strong>Dienstag, 4.Juli 2023<\/strong><\/p>\n<p class=\"paragraph-m\">So nennen wir den Tag, den die Sch\u00fcler der 1. Klassen unseres Stiftsgymnasium Admont in der letzten Schulwoche in unserem Haus verbringen. Neben der Bibliothek stand ein Besuch bei Abt Gerhard in der Pr\u00e4latur am Programm. Die Sch\u00fcler durften bei der ENVESTA sehen, woher eigentlich der Strom f\u00fcr ihr Handy kommt und in der Klausur den Tagesablauf eines M\u00f6nches erleben.<\/p>\n<\/div>\n                    \n                            <\/div>\n        \n            <\/div>\n<\/div>\n\n<\/section>\n\n<section id='lightpress__section--block_30cdef73bf926b4f2a1d1ddf4af88d44' class='lightpress__section--default-section-space lightpress__section lightpress__section--image-slider'>\n<div class=\"image-slider\"\n     x-data=\"{ gallery: null, shown: false }\"\n     x-init=\"gallery = initSliderGallery([{&quot;href&quot;:&quot;https:\\\/\\\/stiftadmont.at\\\/wp-content\\\/uploads\\\/Stiftsgymnasium-Admont-DU-DAS-STIFT_2023-1-1920x1440.jpg&quot;,&quot;type&quot;:&quot;image&quot;},{&quot;href&quot;:&quot;https:\\\/\\\/stiftadmont.at\\\/wp-content\\\/uploads\\\/Stiftsgymnasium-Admont-DU-DAS-STIFT_2023-2-1920x1440.jpg&quot;,&quot;type&quot;:&quot;image&quot;},{&quot;href&quot;:&quot;https:\\\/\\\/stiftadmont.at\\\/wp-content\\\/uploads\\\/Stiftsgymnasium-Admont-DU-DAS-STIFT_2023-3-1920x1440.jpg&quot;,&quot;type&quot;:&quot;image&quot;},{&quot;href&quot;:&quot;https:\\\/\\\/stiftadmont.at\\\/wp-content\\\/uploads\\\/Stiftsgymnasium-Admont-DU-DAS-STIFT_2023-4-1920x1440.jpg&quot;,&quot;type&quot;:&quot;image&quot;},{&quot;href&quot;:&quot;https:\\\/\\\/stiftadmont.at\\\/wp-content\\\/uploads\\\/Stiftsgymnasium-Admont-DU-DAS-STIFT_2023-5-1920x1440.jpg&quot;,&quot;type&quot;:&quot;image&quot;},{&quot;href&quot;:&quot;https:\\\/\\\/stiftadmont.at\\\/wp-content\\\/uploads\\\/Stiftsgymnasium-Admont-DU-DAS-STIFT_2023-6-1920x1440.jpg&quot;,&quot;type&quot;:&quot;image&quot;},{&quot;href&quot;:&quot;https:\\\/\\\/stiftadmont.at\\\/wp-content\\\/uploads\\\/Stiftsgymnasium-Admont-DU-DAS-STIFT_2023-7-1920x1440.jpg&quot;,&quot;type&quot;:&quot;image&quot;},{&quot;href&quot;:&quot;https:\\\/\\\/stiftadmont.at\\\/wp-content\\\/uploads\\\/Stiftsgymnasium-Admont-DU-DAS-STIFT_2023-8-1920x1440.jpg&quot;,&quot;type&quot;:&quot;image&quot;},{&quot;href&quot;:&quot;https:\\\/\\\/stiftadmont.at\\\/wp-content\\\/uploads\\\/Stiftsgymnasium-Admont-DU-DAS-STIFT_2023-9-1920x1440.jpg&quot;,&quot;type&quot;:&quot;image&quot;}]); initImageSliderBlockAnim($el);\">\n    <div class=\"image-slider__inner\">\n\n        <div class=\"swiper-container\" x-init=\"initImageSliderBlock($el, $refs.btnPrev, $refs.btnNext)\">\n            <div class=\"swiper-wrapper\">\n                                    <div class=\"swiper-slide\">\n                        <div class=\"image-slider__media\">\n                            <img decoding=\"async\" class=\"image-slider__image\"\n                                 src=\"https:\/\/stiftadmont.at\/wp-content\/uploads\/Stiftsgymnasium-Admont-DU-DAS-STIFT_2023-1-768x576.jpg\"\n                                 alt=\"Stiftsgymnasium Admont   DU &#038; DAS STIFT 2023 1\">\n                        <\/div>\n                    <\/div>\n                                    <div class=\"swiper-slide\">\n                        <div class=\"image-slider__media\">\n                            <img decoding=\"async\" class=\"image-slider__image\"\n                                 src=\"https:\/\/stiftadmont.at\/wp-content\/uploads\/Stiftsgymnasium-Admont-DU-DAS-STIFT_2023-2-768x576.jpg\"\n                                 alt=\"Stiftsgymnasium Admont   DU &#038; DAS STIFT 2023 2\">\n                        <\/div>\n                    <\/div>\n                                    <div class=\"swiper-slide\">\n                        <div class=\"image-slider__media\">\n                            <img decoding=\"async\" class=\"image-slider__image\"\n                                 src=\"https:\/\/stiftadmont.at\/wp-content\/uploads\/Stiftsgymnasium-Admont-DU-DAS-STIFT_2023-3-768x576.jpg\"\n                                 alt=\"Stiftsgymnasium Admont   DU &#038; DAS STIFT 2023 3\">\n                        <\/div>\n                    <\/div>\n                                    <div class=\"swiper-slide\">\n                        <div class=\"image-slider__media\">\n                            <img decoding=\"async\" class=\"image-slider__image\"\n                                 src=\"https:\/\/stiftadmont.at\/wp-content\/uploads\/Stiftsgymnasium-Admont-DU-DAS-STIFT_2023-4-768x576.jpg\"\n                                 alt=\"Stiftsgymnasium Admont   DU &#038; DAS STIFT 2023 4\">\n                        <\/div>\n                    <\/div>\n                                    <div class=\"swiper-slide\">\n                        <div class=\"image-slider__media\">\n                            <img decoding=\"async\" class=\"image-slider__image\"\n                                 src=\"https:\/\/stiftadmont.at\/wp-content\/uploads\/Stiftsgymnasium-Admont-DU-DAS-STIFT_2023-5-768x576.jpg\"\n                                 alt=\"Stiftsgymnasium Admont   DU &#038; DAS STIFT 2023 5\">\n                        <\/div>\n                    <\/div>\n                                    <div class=\"swiper-slide\">\n                        <div class=\"image-slider__media\">\n                            <img decoding=\"async\" class=\"image-slider__image\"\n                                 src=\"https:\/\/stiftadmont.at\/wp-content\/uploads\/Stiftsgymnasium-Admont-DU-DAS-STIFT_2023-6-768x576.jpg\"\n                                 alt=\"Stiftsgymnasium Admont   DU &#038; DAS STIFT 2023 6\">\n                        <\/div>\n                    <\/div>\n                                    <div class=\"swiper-slide\">\n                        <div class=\"image-slider__media\">\n                            <img decoding=\"async\" class=\"image-slider__image\"\n                                 src=\"https:\/\/stiftadmont.at\/wp-content\/uploads\/Stiftsgymnasium-Admont-DU-DAS-STIFT_2023-7-768x576.jpg\"\n                                 alt=\"Stiftsgymnasium Admont   DU &#038; DAS STIFT 2023 7\">\n                        <\/div>\n                    <\/div>\n                                    <div class=\"swiper-slide\">\n                        <div class=\"image-slider__media\">\n                            <img decoding=\"async\" class=\"image-slider__image\"\n                                 src=\"https:\/\/stiftadmont.at\/wp-content\/uploads\/Stiftsgymnasium-Admont-DU-DAS-STIFT_2023-8-768x576.jpg\"\n                                 alt=\"Stiftsgymnasium Admont   DU &#038; DAS STIFT 2023 8\">\n                        <\/div>\n                    <\/div>\n                                    <div class=\"swiper-slide\">\n                        <div class=\"image-slider__media\">\n                            <img decoding=\"async\" class=\"image-slider__image\"\n                                 src=\"https:\/\/stiftadmont.at\/wp-content\/uploads\/Stiftsgymnasium-Admont-DU-DAS-STIFT_2023-9-768x576.jpg\"\n                                 alt=\"Stiftsgymnasium Admont   DU &#038; DAS STIFT 2023 9\">\n                        <\/div>\n                    <\/div>\n                            <\/div>\n\n            <div class=\"swiper-nav-wrapper\">\n                <button class=\"swiper-button-prev slider-button--prev\" x-ref=\"btnPrev\"\n                        aria-label=\"Vorige Bilder anzeigen\">\n                    <img decoding=\"async\" src=\"\/wp-content\/themes\/stift-admont\/src\/assets\/img\/arrow-left-big-new.svg\" alt=\"Pfeil nach Links\">\n                <\/button>\n\n\n                <a class=\"image-slider__gallery\" @click=\"openGallery(gallery)\"><i class=\"fa-thin fa-plus\"><\/i><\/a>\n                <button class=\"swiper-button-next slider-button--next\"\n                        x-ref=\"btnNext\"\n                        aria-label=\"N\u00e4chste Bilder anzeigen\">\n                    <img decoding=\"async\" src=\"\/wp-content\/themes\/stift-admont\/src\/assets\/img\/arrow-right-big-new.svg\" alt=\"Pfeil nach Rechts\">\n                <\/button>\n            <\/div>\n        <\/div>\n    <\/div>\n\n\n<\/div><\/section>","protected":false},"excerpt":{"rendered":"<p>This is what we call the day that the pupils of the 1st grade of our Stiftsgymnasium Admont spend in our house in the last week of school.<\/p>","protected":false},"author":19,"featured_media":18590,"comment_status":"closed","ping_status":"closed","sticky":false,"template":"","format":"standard","meta":{"_acf_changed":false,"footnotes":""},"categories":[23],"class_list":["post-18605","post","type-post","status-publish","format-standard","has-post-thumbnail","hentry","category-einrichtungen-aktuell"],"acf":[],"yoast_head":"<!-- This site is optimized with the Yoast SEO Premium plugin v26.0 (Yoast SEO v26.8) - https:\/\/yoast.com\/product\/yoast-seo-premium-wordpress\/ -->\n<title>DU &amp; DAS STIFT - Stift Admont<\/title>\n<meta name=\"description\" content=\"Lesen Sie aktuelle Informationen zum Thema DU &amp; DAS STIFT und vieles mehr aus dem Konvent und der Pfarre Admont.\" \/>\n<meta name=\"robots\" content=\"index, follow, max-snippet:-1, max-image-preview:large, max-video-preview:-1\" \/>\n<link rel=\"canonical\" href=\"https:\/\/stiftadmont.at\/en\/blog\/you-the-pen\/\" \/>\n<meta property=\"og:locale\" content=\"en_GB\" \/>\n<meta property=\"og:type\" content=\"article\" \/>\n<meta property=\"og:title\" content=\"DU &amp; DAS STIFT\" \/>\n<meta property=\"og:description\" content=\"Lesen Sie aktuelle Informationen zum Thema DU &amp; DAS STIFT und vieles mehr aus dem Konvent und der Pfarre Admont.\" \/>\n<meta property=\"og:url\" content=\"https:\/\/stiftadmont.at\/en\/blog\/you-the-pen\/\" \/>\n<meta property=\"og:site_name\" content=\"Stift Admont\" \/>\n<meta property=\"article:published_time\" content=\"2023-07-04T12:00:35+00:00\" \/>\n<meta property=\"article:modified_time\" content=\"2023-07-21T09:38:26+00:00\" \/>\n<meta property=\"og:image\" content=\"https:\/\/stiftadmont.at\/wp-content\/uploads\/Stiftsgymnasium-Admont-DU-DAS-STIFT_2023-1.jpg\" \/>\n\t<meta property=\"og:image:width\" content=\"2048\" \/>\n\t<meta property=\"og:image:height\" content=\"1536\" \/>\n\t<meta property=\"og:image:type\" content=\"image\/jpeg\" \/>\n<meta name=\"author\" content=\"Sarah Lux\" \/>\n<meta name=\"twitter:card\" content=\"summary_large_image\" \/>\n<meta name=\"twitter:label1\" content=\"Written by\" \/>\n\t<meta name=\"twitter:data1\" content=\"Sarah Lux\" \/>\n<script type=\"application\/ld+json\" class=\"yoast-schema-graph\">{\"@context\":\"https:\/\/schema.org\",\"@graph\":[{\"@type\":\"Article\",\"@id\":\"https:\/\/stiftadmont.at\/blog\/du-das-stift\/#article\",\"isPartOf\":{\"@id\":\"https:\/\/stiftadmont.at\/blog\/du-das-stift\/\"},\"author\":{\"name\":\"Sarah Lux\",\"@id\":\"https:\/\/stiftadmont.at\/#\/schema\/person\/618a2a3e6fea3fe795243c567372dbf3\"},\"headline\":\"DU &amp; DAS STIFT\",\"datePublished\":\"2023-07-04T12:00:35+00:00\",\"dateModified\":\"2023-07-21T09:38:26+00:00\",\"mainEntityOfPage\":{\"@id\":\"https:\/\/stiftadmont.at\/blog\/du-das-stift\/\"},\"wordCount\":4,\"image\":{\"@id\":\"https:\/\/stiftadmont.at\/blog\/du-das-stift\/#primaryimage\"},\"thumbnailUrl\":\"https:\/\/stiftadmont.at\/wp-content\/uploads\/Stiftsgymnasium-Admont-DU-DAS-STIFT_2023-1.jpg\",\"articleSection\":[\"Einrichtungen aktuell\"],\"inLanguage\":\"en-GB\"},{\"@type\":\"WebPage\",\"@id\":\"https:\/\/stiftadmont.at\/blog\/du-das-stift\/\",\"url\":\"https:\/\/stiftadmont.at\/blog\/du-das-stift\/\",\"name\":\"DU &amp; DAS STIFT - Stift Admont\",\"isPartOf\":{\"@id\":\"https:\/\/stiftadmont.at\/#website\"},\"primaryImageOfPage\":{\"@id\":\"https:\/\/stiftadmont.at\/blog\/du-das-stift\/#primaryimage\"},\"image\":{\"@id\":\"https:\/\/stiftadmont.at\/blog\/du-das-stift\/#primaryimage\"},\"thumbnailUrl\":\"https:\/\/stiftadmont.at\/wp-content\/uploads\/Stiftsgymnasium-Admont-DU-DAS-STIFT_2023-1.jpg\",\"datePublished\":\"2023-07-04T12:00:35+00:00\",\"dateModified\":\"2023-07-21T09:38:26+00:00\",\"author\":{\"@id\":\"https:\/\/stiftadmont.at\/#\/schema\/person\/618a2a3e6fea3fe795243c567372dbf3\"},\"description\":\"Lesen Sie aktuelle Informationen zum Thema DU &amp; DAS STIFT und vieles mehr aus dem Konvent und der Pfarre Admont.\",\"breadcrumb\":{\"@id\":\"https:\/\/stiftadmont.at\/blog\/du-das-stift\/#breadcrumb\"},\"inLanguage\":\"en-GB\",\"potentialAction\":[{\"@type\":\"ReadAction\",\"target\":[\"https:\/\/stiftadmont.at\/blog\/du-das-stift\/\"]}]},{\"@type\":\"ImageObject\",\"inLanguage\":\"en-GB\",\"@id\":\"https:\/\/stiftadmont.at\/blog\/du-das-stift\/#primaryimage\",\"url\":\"https:\/\/stiftadmont.at\/wp-content\/uploads\/Stiftsgymnasium-Admont-DU-DAS-STIFT_2023-1.jpg\",\"contentUrl\":\"https:\/\/stiftadmont.at\/wp-content\/uploads\/Stiftsgymnasium-Admont-DU-DAS-STIFT_2023-1.jpg\",\"width\":2048,\"height\":1536,\"caption\":\"Stiftsgymnasium Admont DU & DAS STIFT 2023 1\"},{\"@type\":\"BreadcrumbList\",\"@id\":\"https:\/\/stiftadmont.at\/blog\/du-das-stift\/#breadcrumb\",\"itemListElement\":[{\"@type\":\"ListItem\",\"position\":1,\"name\":\"Start\",\"item\":\"https:\/\/stiftadmont.at\/\"},{\"@type\":\"ListItem\",\"position\":2,\"name\":\"DU &amp; DAS STIFT\"}]},{\"@type\":\"WebSite\",\"@id\":\"https:\/\/stiftadmont.at\/#website\",\"url\":\"https:\/\/stiftadmont.at\/\",\"name\":\"Stift Admont\",\"description\":\"Benediktinerkloster und Sehensw\u00fcrdigkeit im Ges\u00e4use\",\"potentialAction\":[{\"@type\":\"SearchAction\",\"target\":{\"@type\":\"EntryPoint\",\"urlTemplate\":\"https:\/\/stiftadmont.at\/?s={search_term_string}\"},\"query-input\":{\"@type\":\"PropertyValueSpecification\",\"valueRequired\":true,\"valueName\":\"search_term_string\"}}],\"inLanguage\":\"en-GB\"},{\"@type\":\"Person\",\"@id\":\"https:\/\/stiftadmont.at\/#\/schema\/person\/618a2a3e6fea3fe795243c567372dbf3\",\"name\":\"Sarah Lux\"}]}<\/script>\n<!-- \/ Yoast SEO Premium plugin. -->","yoast_head_json":{"title":"DU &amp; DAS STIFT - Admont Abbey","description":"Read the latest information on DU &amp; DAS STIFT and much more from the convent and the parish of Admont.","robots":{"index":"index","follow":"follow","max-snippet":"max-snippet:-1","max-image-preview":"max-image-preview:large","max-video-preview":"max-video-preview:-1"},"canonical":"https:\/\/stiftadmont.at\/en\/blog\/you-the-pen\/","og_locale":"en_GB","og_type":"article","og_title":"DU &amp; DAS STIFT","og_description":"Lesen Sie aktuelle Informationen zum Thema DU &amp; DAS STIFT und vieles mehr aus dem Konvent und der Pfarre Admont.","og_url":"https:\/\/stiftadmont.at\/en\/blog\/you-the-pen\/","og_site_name":"Stift Admont","article_published_time":"2023-07-04T12:00:35+00:00","article_modified_time":"2023-07-21T09:38:26+00:00","og_image":[{"width":2048,"height":1536,"url":"https:\/\/stiftadmont.at\/wp-content\/uploads\/Stiftsgymnasium-Admont-DU-DAS-STIFT_2023-1.jpg","type":"image\/jpeg"}],"author":"Sarah Lux","twitter_card":"summary_large_image","twitter_misc":{"Written by":"Sarah Lux"},"schema":{"@context":"https:\/\/schema.org","@graph":[{"@type":"Article","@id":"https:\/\/stiftadmont.at\/blog\/du-das-stift\/#article","isPartOf":{"@id":"https:\/\/stiftadmont.at\/blog\/du-das-stift\/"},"author":{"name":"Sarah Lux","@id":"https:\/\/stiftadmont.at\/#\/schema\/person\/618a2a3e6fea3fe795243c567372dbf3"},"headline":"DU &amp; DAS STIFT","datePublished":"2023-07-04T12:00:35+00:00","dateModified":"2023-07-21T09:38:26+00:00","mainEntityOfPage":{"@id":"https:\/\/stiftadmont.at\/blog\/du-das-stift\/"},"wordCount":4,"image":{"@id":"https:\/\/stiftadmont.at\/blog\/du-das-stift\/#primaryimage"},"thumbnailUrl":"https:\/\/stiftadmont.at\/wp-content\/uploads\/Stiftsgymnasium-Admont-DU-DAS-STIFT_2023-1.jpg","articleSection":["Einrichtungen aktuell"],"inLanguage":"en-GB"},{"@type":"WebPage","@id":"https:\/\/stiftadmont.at\/blog\/du-das-stift\/","url":"https:\/\/stiftadmont.at\/blog\/du-das-stift\/","name":"DU &amp; DAS STIFT - Admont Abbey","isPartOf":{"@id":"https:\/\/stiftadmont.at\/#website"},"primaryImageOfPage":{"@id":"https:\/\/stiftadmont.at\/blog\/du-das-stift\/#primaryimage"},"image":{"@id":"https:\/\/stiftadmont.at\/blog\/du-das-stift\/#primaryimage"},"thumbnailUrl":"https:\/\/stiftadmont.at\/wp-content\/uploads\/Stiftsgymnasium-Admont-DU-DAS-STIFT_2023-1.jpg","datePublished":"2023-07-04T12:00:35+00:00","dateModified":"2023-07-21T09:38:26+00:00","author":{"@id":"https:\/\/stiftadmont.at\/#\/schema\/person\/618a2a3e6fea3fe795243c567372dbf3"},"description":"Read the latest information on DU &amp; DAS STIFT and much more from the convent and the parish of Admont.","breadcrumb":{"@id":"https:\/\/stiftadmont.at\/blog\/du-das-stift\/#breadcrumb"},"inLanguage":"en-GB","potentialAction":[{"@type":"ReadAction","target":["https:\/\/stiftadmont.at\/blog\/du-das-stift\/"]}]},{"@type":"ImageObject","inLanguage":"en-GB","@id":"https:\/\/stiftadmont.at\/blog\/du-das-stift\/#primaryimage","url":"https:\/\/stiftadmont.at\/wp-content\/uploads\/Stiftsgymnasium-Admont-DU-DAS-STIFT_2023-1.jpg","contentUrl":"https:\/\/stiftadmont.at\/wp-content\/uploads\/Stiftsgymnasium-Admont-DU-DAS-STIFT_2023-1.jpg","width":2048,"height":1536,"caption":"Stiftsgymnasium Admont DU & DAS STIFT 2023 1"},{"@type":"BreadcrumbList","@id":"https:\/\/stiftadmont.at\/blog\/du-das-stift\/#breadcrumb","itemListElement":[{"@type":"ListItem","position":1,"name":"Start","item":"https:\/\/stiftadmont.at\/"},{"@type":"ListItem","position":2,"name":"DU &amp; DAS STIFT"}]},{"@type":"WebSite","@id":"https:\/\/stiftadmont.at\/#website","url":"https:\/\/stiftadmont.at\/","name":"Admont Abbey","description":"Benedictine monastery and tourist attraction in the Ges\u00e4use","potentialAction":[{"@type":"SearchAction","target":{"@type":"EntryPoint","urlTemplate":"https:\/\/stiftadmont.at\/?s={search_term_string}"},"query-input":{"@type":"PropertyValueSpecification","valueRequired":true,"valueName":"search_term_string"}}],"inLanguage":"en-GB"},{"@type":"Person","@id":"https:\/\/stiftadmont.at\/#\/schema\/person\/618a2a3e6fea3fe795243c567372dbf3","name":"Sarah Lux"}]}},"_links":{"self":[{"href":"https:\/\/stiftadmont.at\/en\/wp-json\/wp\/v2\/posts\/18605","targetHints":{"allow":["GET"]}}],"collection":[{"href":"https:\/\/stiftadmont.at\/en\/wp-json\/wp\/v2\/posts"}],"about":[{"href":"https:\/\/stiftadmont.at\/en\/wp-json\/wp\/v2\/types\/post"}],"author":[{"embeddable":true,"href":"https:\/\/stiftadmont.at\/en\/wp-json\/wp\/v2\/users\/19"}],"replies":[{"embeddable":true,"href":"https:\/\/stiftadmont.at\/en\/wp-json\/wp\/v2\/comments?post=18605"}],"version-history":[{"count":3,"href":"https:\/\/stiftadmont.at\/en\/wp-json\/wp\/v2\/posts\/18605\/revisions"}],"predecessor-version":[{"id":18676,"href":"https:\/\/stiftadmont.at\/en\/wp-json\/wp\/v2\/posts\/18605\/revisions\/18676"}],"wp:featuredmedia":[{"embeddable":true,"href":"https:\/\/stiftadmont.at\/en\/wp-json\/wp\/v2\/media\/18590"}],"wp:attachment":[{"href":"https:\/\/stiftadmont.at\/en\/wp-json\/wp\/v2\/media?parent=18605"}],"wp:term":[{"taxonomy":"category","embeddable":true,"href":"https:\/\/stiftadmont.at\/en\/wp-json\/wp\/v2\/categories?post=18605"}],"curies":[{"name":"wp","href":"https:\/\/api.w.org\/{rel}","templated":true}]}}