{"id":29155,"date":"2024-07-09T08:47:07","date_gmt":"2024-07-09T06:47:07","guid":{"rendered":"https:\/\/stiftadmont.at\/?p=29155"},"modified":"2024-07-12T12:17:44","modified_gmt":"2024-07-12T10:17:44","slug":"perpetual-profession-of-frater-petrus-dreyhaupt-osb","status":"publish","type":"post","link":"https:\/\/stiftadmont.at\/en\/blog\/ewige-profess-von-frater-petrus-dreyhaupt-osb\/","title":{"rendered":"Perpetual profession of frater Petrus Dreyhaupt OSB"},"content":{"rendered":"<section id='lightpress__section--block_64b55a0000b8789146a633e9fd26b681' class='lightpress__section--default-section-space lightpress__section lightpress__section--content'><div class=\"content__inner\"\n         x-init=\"initContentBlockAnim($el)\">\n        \n    <div class=\"content__grid content__grid\">\n                                            <div class=\"content__box content__box--one-hundred\"\n                 style=\"\">\n                                \n                \n                                            <div class=\"prose\"><h5 class=\"heading-m line line--gold\">Ewige Profess von frater Petrus Dreyhaupt OSB<\/h5>\n<p class=\"paragraph-m\"><strong>Dienstag, 09. Juli 2024<\/strong><\/p>\n<p class=\"paragraph-m\">Am vergangenen Sonntag durften wir mit gro\u00dfer Freude die Ewige (Feierliche) Profess von fr. Petrus Dreyhaupt feiern. Unter der Teilnahme seiner Familie, Freunde und Weggef\u00e4hrten legte er im Rahmen eines festlichen Gottesdienstes die benediktinischen Gel\u00fcbde der Best\u00e4ndigkeit, des kl\u00f6sterlichen Lebenswandels und des Gehorsams ab. Wir freuen uns sehr \u00fcber diesen seinen Schritt und w\u00fcnschen ihm Gottes reichen Segen f\u00fcr sein Wirken als Admonter Benediktiner!<\/p>\n<p>Aus der Predigt des Abtes:<br \/>Lieber frater Petrus,<br \/>Deine Vorz\u00fcge hast du in deiner Konsequenz, in der Schule, in der pfarrlichen Kompetenz, die sich nun vertieft, in Deinem wissenschaftlichen Arbeiten und Denken, das ein gesundes kritisch sein mit sich bringt.<br \/>Frater Petrus, viel Segen und du sollst ein Segen sein. Amen<\/p>\n<\/div>\n                    \n                            <\/div>\n        \n            <\/div>\n<\/div>\n\n<\/section>\n\n<section id='lightpress__section--block_6b7da6ddeebb0966be864826b907912e' class='lightpress__section--default-section-space lightpress__section lightpress__section--image-slider'>\n<div class=\"image-slider\"\n     x-data=\"{ gallery: null, shown: false }\"\n     x-init=\"gallery = initSliderGallery([{&quot;href&quot;:&quot;https:\\\/\\\/stiftadmont.at\\\/wp-content\\\/uploads\\\/Frater-Petrus_-Ewige-Profess-\\u00a9-Sabine-Breitfuss-19.jpg&quot;,&quot;type&quot;:&quot;image&quot;},{&quot;href&quot;:&quot;https:\\\/\\\/stiftadmont.at\\\/wp-content\\\/uploads\\\/Frater-Petrus_-Ewige-Profess-\\u00a9-Sabine-Breitfuss-18.jpg&quot;,&quot;type&quot;:&quot;image&quot;},{&quot;href&quot;:&quot;https:\\\/\\\/stiftadmont.at\\\/wp-content\\\/uploads\\\/Frater-Petrus_-Ewige-Profess-\\u00a9-Sabine-Breitfuss-17.jpg&quot;,&quot;type&quot;:&quot;image&quot;},{&quot;href&quot;:&quot;https:\\\/\\\/stiftadmont.at\\\/wp-content\\\/uploads\\\/Frater-Petrus_-Ewige-Profess-\\u00a9-Sabine-Breitfuss-16.jpg&quot;,&quot;type&quot;:&quot;image&quot;},{&quot;href&quot;:&quot;https:\\\/\\\/stiftadmont.at\\\/wp-content\\\/uploads\\\/Frater-Petrus_-Ewige-Profess-\\u00a9-Sabine-Breitfuss-15.jpg&quot;,&quot;type&quot;:&quot;image&quot;},{&quot;href&quot;:&quot;https:\\\/\\\/stiftadmont.at\\\/wp-content\\\/uploads\\\/Frater-Petrus_-Ewige-Profess-\\u00a9-Sabine-Breitfuss-14.jpg&quot;,&quot;type&quot;:&quot;image&quot;},{&quot;href&quot;:&quot;https:\\\/\\\/stiftadmont.at\\\/wp-content\\\/uploads\\\/Frater-Petrus_-Ewige-Profess-\\u00a9-Sabine-Breitfuss-13.jpg&quot;,&quot;type&quot;:&quot;image&quot;},{&quot;href&quot;:&quot;https:\\\/\\\/stiftadmont.at\\\/wp-content\\\/uploads\\\/Frater-Petrus_-Ewige-Profess-\\u00a9-Sabine-Breitfuss-12.jpg&quot;,&quot;type&quot;:&quot;image&quot;},{&quot;href&quot;:&quot;https:\\\/\\\/stiftadmont.at\\\/wp-content\\\/uploads\\\/Frater-Petrus_-Ewige-Profess-\\u00a9-Sabine-Breitfuss-11.jpg&quot;,&quot;type&quot;:&quot;image&quot;},{&quot;href&quot;:&quot;https:\\\/\\\/stiftadmont.at\\\/wp-content\\\/uploads\\\/Frater-Petrus_-Ewige-Profess-\\u00a9-Sabine-Breitfuss-10.jpg&quot;,&quot;type&quot;:&quot;image&quot;},{&quot;href&quot;:&quot;https:\\\/\\\/stiftadmont.at\\\/wp-content\\\/uploads\\\/Frater-Petrus_-Ewige-Profess-\\u00a9-Sabine-Breitfuss-9.jpg&quot;,&quot;type&quot;:&quot;image&quot;},{&quot;href&quot;:&quot;https:\\\/\\\/stiftadmont.at\\\/wp-content\\\/uploads\\\/Frater-Petrus_-Ewige-Profess-\\u00a9-Sabine-Breitfuss-8.jpg&quot;,&quot;type&quot;:&quot;image&quot;},{&quot;href&quot;:&quot;https:\\\/\\\/stiftadmont.at\\\/wp-content\\\/uploads\\\/Frater-Petrus_-Ewige-Profess-\\u00a9-Sabine-Breitfuss-7.jpg&quot;,&quot;type&quot;:&quot;image&quot;},{&quot;href&quot;:&quot;https:\\\/\\\/stiftadmont.at\\\/wp-content\\\/uploads\\\/Frater-Petrus_-Ewige-Profess-\\u00a9-Sabine-Breitfuss-6.jpg&quot;,&quot;type&quot;:&quot;image&quot;},{&quot;href&quot;:&quot;https:\\\/\\\/stiftadmont.at\\\/wp-content\\\/uploads\\\/Frater-Petrus_-Ewige-Profess-\\u00a9-Sabine-Breitfuss-5.jpg&quot;,&quot;type&quot;:&quot;image&quot;},{&quot;href&quot;:&quot;https:\\\/\\\/stiftadmont.at\\\/wp-content\\\/uploads\\\/Frater-Petrus_-Ewige-Profess-\\u00a9-Sabine-Breitfuss-4.jpg&quot;,&quot;type&quot;:&quot;image&quot;},{&quot;href&quot;:&quot;https:\\\/\\\/stiftadmont.at\\\/wp-content\\\/uploads\\\/Frater-Petrus_-Ewige-Profess-\\u00a9-Sabine-Breitfuss-3.jpg&quot;,&quot;type&quot;:&quot;image&quot;},{&quot;href&quot;:&quot;https:\\\/\\\/stiftadmont.at\\\/wp-content\\\/uploads\\\/Frater-Petrus_-Ewige-Profess-\\u00a9-Sabine-Breitfuss-2.jpg&quot;,&quot;type&quot;:&quot;image&quot;},{&quot;href&quot;:&quot;https:\\\/\\\/stiftadmont.at\\\/wp-content\\\/uploads\\\/Frater-Petrus_-Ewige-Profess-\\u00a9-Sabine-Breitfuss-1.jpg&quot;,&quot;type&quot;:&quot;image&quot;}]); initImageSliderBlockAnim($el);\">\n    <div class=\"image-slider__inner\">\n\n        <div class=\"swiper-container\" x-init=\"initImageSliderBlock($el, $refs.btnPrev, $refs.btnNext)\">\n            <div class=\"swiper-wrapper\">\n                                    <div class=\"swiper-slide\">\n                        <div class=\"image-slider__media\">\n                            <img decoding=\"async\" class=\"image-slider__image\"\n                                 src=\"https:\/\/stiftadmont.at\/wp-content\/uploads\/Frater-Petrus_-Ewige-Profess-\u00a9-Sabine-Breitfuss-19-768x1152.jpg\"\n                                 alt=\"Frater Petrus  Ewige Profess \u00a9 Sabine Breitfuss (19)\">\n                        <\/div>\n                    <\/div>\n                                    <div class=\"swiper-slide\">\n                        <div class=\"image-slider__media\">\n                            <img decoding=\"async\" class=\"image-slider__image\"\n                                 src=\"https:\/\/stiftadmont.at\/wp-content\/uploads\/Frater-Petrus_-Ewige-Profess-\u00a9-Sabine-Breitfuss-18-768x512.jpg\"\n                                 alt=\"Frater Petrus  Ewige Profess \u00a9 Sabine Breitfuss (18)\">\n                        <\/div>\n                    <\/div>\n                                    <div class=\"swiper-slide\">\n                        <div class=\"image-slider__media\">\n                            <img decoding=\"async\" class=\"image-slider__image\"\n                                 src=\"https:\/\/stiftadmont.at\/wp-content\/uploads\/Frater-Petrus_-Ewige-Profess-\u00a9-Sabine-Breitfuss-17-768x512.jpg\"\n                                 alt=\"Frater Petrus  Ewige Profess \u00a9 Sabine Breitfuss (17)\">\n                        <\/div>\n                    <\/div>\n                                    <div class=\"swiper-slide\">\n                        <div class=\"image-slider__media\">\n                            <img decoding=\"async\" class=\"image-slider__image\"\n                                 src=\"https:\/\/stiftadmont.at\/wp-content\/uploads\/Frater-Petrus_-Ewige-Profess-\u00a9-Sabine-Breitfuss-16-768x1152.jpg\"\n                                 alt=\"Frater Petrus  Ewige Profess \u00a9 Sabine Breitfuss (16)\">\n                        <\/div>\n                    <\/div>\n                                    <div class=\"swiper-slide\">\n                        <div class=\"image-slider__media\">\n                            <img decoding=\"async\" class=\"image-slider__image\"\n                                 src=\"https:\/\/stiftadmont.at\/wp-content\/uploads\/Frater-Petrus_-Ewige-Profess-\u00a9-Sabine-Breitfuss-15-768x1152.jpg\"\n                                 alt=\"Frater Petrus  Ewige Profess \u00a9 Sabine Breitfuss (15)\">\n                        <\/div>\n                    <\/div>\n                                    <div class=\"swiper-slide\">\n                        <div class=\"image-slider__media\">\n                            <img decoding=\"async\" class=\"image-slider__image\"\n                                 src=\"https:\/\/stiftadmont.at\/wp-content\/uploads\/Frater-Petrus_-Ewige-Profess-\u00a9-Sabine-Breitfuss-14-768x512.jpg\"\n                                 alt=\"Frater Petrus  Ewige Profess \u00a9 Sabine Breitfuss (14)\">\n                        <\/div>\n                    <\/div>\n                                    <div class=\"swiper-slide\">\n                        <div class=\"image-slider__media\">\n                            <img decoding=\"async\" class=\"image-slider__image\"\n                                 src=\"https:\/\/stiftadmont.at\/wp-content\/uploads\/Frater-Petrus_-Ewige-Profess-\u00a9-Sabine-Breitfuss-13-768x1152.jpg\"\n                                 alt=\"Frater Petrus  Ewige Profess \u00a9 Sabine Breitfuss (13)\">\n                        <\/div>\n                    <\/div>\n                                    <div class=\"swiper-slide\">\n                        <div class=\"image-slider__media\">\n                            <img decoding=\"async\" class=\"image-slider__image\"\n                                 src=\"https:\/\/stiftadmont.at\/wp-content\/uploads\/Frater-Petrus_-Ewige-Profess-\u00a9-Sabine-Breitfuss-12-768x1152.jpg\"\n                                 alt=\"Frater Petrus  Ewige Profess \u00a9 Sabine Breitfuss (12)\">\n                        <\/div>\n                    <\/div>\n                                    <div class=\"swiper-slide\">\n                        <div class=\"image-slider__media\">\n                            <img decoding=\"async\" class=\"image-slider__image\"\n                                 src=\"https:\/\/stiftadmont.at\/wp-content\/uploads\/Frater-Petrus_-Ewige-Profess-\u00a9-Sabine-Breitfuss-11-768x1152.jpg\"\n                                 alt=\"Frater Petrus  Ewige Profess \u00a9 Sabine Breitfuss (11)\">\n                        <\/div>\n                    <\/div>\n                                    <div class=\"swiper-slide\">\n                        <div class=\"image-slider__media\">\n                            <img decoding=\"async\" class=\"image-slider__image\"\n                                 src=\"https:\/\/stiftadmont.at\/wp-content\/uploads\/Frater-Petrus_-Ewige-Profess-\u00a9-Sabine-Breitfuss-10-768x512.jpg\"\n                                 alt=\"Frater Petrus  Ewige Profess \u00a9 Sabine Breitfuss (10)\">\n                        <\/div>\n                    <\/div>\n                                    <div class=\"swiper-slide\">\n                        <div class=\"image-slider__media\">\n                            <img decoding=\"async\" class=\"image-slider__image\"\n                                 src=\"https:\/\/stiftadmont.at\/wp-content\/uploads\/Frater-Petrus_-Ewige-Profess-\u00a9-Sabine-Breitfuss-9-768x512.jpg\"\n                                 alt=\"Frater Petrus  Ewige Profess \u00a9 Sabine Breitfuss (9)\">\n                        <\/div>\n                    <\/div>\n                                    <div class=\"swiper-slide\">\n                        <div class=\"image-slider__media\">\n                            <img decoding=\"async\" class=\"image-slider__image\"\n                                 src=\"https:\/\/stiftadmont.at\/wp-content\/uploads\/Frater-Petrus_-Ewige-Profess-\u00a9-Sabine-Breitfuss-8-768x1152.jpg\"\n                                 alt=\"Frater Petrus  Ewige Profess \u00a9 Sabine Breitfuss (8)\">\n                        <\/div>\n                    <\/div>\n                                    <div class=\"swiper-slide\">\n                        <div class=\"image-slider__media\">\n                            <img decoding=\"async\" class=\"image-slider__image\"\n                                 src=\"https:\/\/stiftadmont.at\/wp-content\/uploads\/Frater-Petrus_-Ewige-Profess-\u00a9-Sabine-Breitfuss-7-768x512.jpg\"\n                                 alt=\"Frater Petrus  Ewige Profess \u00a9 Sabine Breitfuss (7)\">\n                        <\/div>\n                    <\/div>\n                                    <div class=\"swiper-slide\">\n                        <div class=\"image-slider__media\">\n                            <img decoding=\"async\" class=\"image-slider__image\"\n                                 src=\"https:\/\/stiftadmont.at\/wp-content\/uploads\/Frater-Petrus_-Ewige-Profess-\u00a9-Sabine-Breitfuss-6-768x512.jpg\"\n                                 alt=\"Frater Petrus  Ewige Profess \u00a9 Sabine Breitfuss (6)\">\n                        <\/div>\n                    <\/div>\n                                    <div class=\"swiper-slide\">\n                        <div class=\"image-slider__media\">\n                            <img decoding=\"async\" class=\"image-slider__image\"\n                                 src=\"https:\/\/stiftadmont.at\/wp-content\/uploads\/Frater-Petrus_-Ewige-Profess-\u00a9-Sabine-Breitfuss-5-768x1152.jpg\"\n                                 alt=\"Frater Petrus  Ewige Profess \u00a9 Sabine Breitfuss (5)\">\n                        <\/div>\n                    <\/div>\n                                    <div class=\"swiper-slide\">\n                        <div class=\"image-slider__media\">\n                            <img decoding=\"async\" class=\"image-slider__image\"\n                                 src=\"https:\/\/stiftadmont.at\/wp-content\/uploads\/Frater-Petrus_-Ewige-Profess-\u00a9-Sabine-Breitfuss-4-768x512.jpg\"\n                                 alt=\"Frater Petrus  Ewige Profess \u00a9 Sabine Breitfuss (4)\">\n                        <\/div>\n                    <\/div>\n                                    <div class=\"swiper-slide\">\n                        <div class=\"image-slider__media\">\n                            <img decoding=\"async\" class=\"image-slider__image\"\n                                 src=\"https:\/\/stiftadmont.at\/wp-content\/uploads\/Frater-Petrus_-Ewige-Profess-\u00a9-Sabine-Breitfuss-3-768x1152.jpg\"\n                                 alt=\"Frater Petrus  Ewige Profess \u00a9 Sabine Breitfuss (3)\">\n                        <\/div>\n                    <\/div>\n                                    <div class=\"swiper-slide\">\n                        <div class=\"image-slider__media\">\n                            <img decoding=\"async\" class=\"image-slider__image\"\n                                 src=\"https:\/\/stiftadmont.at\/wp-content\/uploads\/Frater-Petrus_-Ewige-Profess-\u00a9-Sabine-Breitfuss-2-768x1152.jpg\"\n                                 alt=\"Frater Petrus  Ewige Profess \u00a9 Sabine Breitfuss (2)\">\n                        <\/div>\n                    <\/div>\n                                    <div class=\"swiper-slide\">\n                        <div class=\"image-slider__media\">\n                            <img decoding=\"async\" class=\"image-slider__image\"\n                                 src=\"https:\/\/stiftadmont.at\/wp-content\/uploads\/Frater-Petrus_-Ewige-Profess-\u00a9-Sabine-Breitfuss-1-768x512.jpg\"\n                                 alt=\"Frater Petrus  Ewige Profess \u00a9 Sabine Breitfuss (1)\">\n                        <\/div>\n                    <\/div>\n                            <\/div>\n\n            <div class=\"swiper-nav-wrapper\">\n                <button class=\"swiper-button-prev slider-button--prev\" x-ref=\"btnPrev\"\n                        aria-label=\"Vorige Bilder anzeigen\">\n                    <img decoding=\"async\" src=\"\/wp-content\/themes\/stift-admont\/src\/assets\/img\/arrow-left-big-new.svg\" alt=\"Pfeil nach Links\">\n                <\/button>\n\n\n                <a class=\"image-slider__gallery\" @click=\"openGallery(gallery)\"><i class=\"fa-thin fa-plus\"><\/i><\/a>\n                <button class=\"swiper-button-next slider-button--next\"\n                        x-ref=\"btnNext\"\n                        aria-label=\"N\u00e4chste Bilder anzeigen\">\n                    <img decoding=\"async\" src=\"\/wp-content\/themes\/stift-admont\/src\/assets\/img\/arrow-right-big-new.svg\" alt=\"Pfeil nach Rechts\">\n                <\/button>\n            <\/div>\n        <\/div>\n    <\/div>\n\n\n<\/div><\/section>","protected":false},"excerpt":{"rendered":"<p>Last Sunday we were delighted to celebrate the perpetual (solemn) profession of Fr Peter Dreyhaupt.<\/p>","protected":false},"author":20,"featured_media":29198,"comment_status":"closed","ping_status":"closed","sticky":false,"template":"","format":"standard","meta":{"_acf_changed":false,"footnotes":""},"categories":[22],"class_list":["post-29155","post","type-post","status-publish","format-standard","has-post-thumbnail","hentry","category-kloster-aktuell"],"acf":[],"yoast_head":"<!-- This site is optimized with the Yoast SEO Premium plugin v26.0 (Yoast SEO v26.8) - https:\/\/yoast.com\/product\/yoast-seo-premium-wordpress\/ -->\n<title>Ewige Profess von frater Petrus Dreyhaupt OSB - Stift Admont<\/title>\n<meta name=\"description\" content=\"Lesen Sie aktuelle Informationen zum Thema Ewige Profess von frater Petrus Dreyhaupt OSB und vieles mehr aus dem Konvent und der Pfarre Admont.\" \/>\n<meta name=\"robots\" content=\"index, follow, max-snippet:-1, max-image-preview:large, max-video-preview:-1\" \/>\n<link rel=\"canonical\" href=\"https:\/\/stiftadmont.at\/en\/blog\/perpetual-profession-of-frater-petrus-dreyhaupt-osb\/\" \/>\n<meta property=\"og:locale\" content=\"en_GB\" \/>\n<meta property=\"og:type\" content=\"article\" \/>\n<meta property=\"og:title\" content=\"Ewige Profess von frater Petrus Dreyhaupt OSB\" \/>\n<meta property=\"og:description\" content=\"Lesen Sie aktuelle Informationen zum Thema Ewige Profess von frater Petrus Dreyhaupt OSB und vieles mehr aus dem Konvent und der Pfarre Admont.\" \/>\n<meta property=\"og:url\" content=\"https:\/\/stiftadmont.at\/en\/blog\/perpetual-profession-of-frater-petrus-dreyhaupt-osb\/\" \/>\n<meta property=\"og:site_name\" content=\"Stift Admont\" \/>\n<meta property=\"article:published_time\" content=\"2024-07-09T06:47:07+00:00\" \/>\n<meta property=\"article:modified_time\" content=\"2024-07-12T10:17:44+00:00\" \/>\n<meta property=\"og:image\" content=\"https:\/\/stiftadmont.at\/wp-content\/uploads\/Frater-Petrus_-Ewige-Profess-\u00a9-Sabine-Breitfuss-19.jpg\" \/>\n\t<meta property=\"og:image:width\" content=\"1067\" \/>\n\t<meta property=\"og:image:height\" content=\"1600\" \/>\n\t<meta property=\"og:image:type\" content=\"image\/jpeg\" \/>\n<meta name=\"author\" content=\"Sarah Stadlauer\" \/>\n<meta name=\"twitter:card\" content=\"summary_large_image\" \/>\n<meta name=\"twitter:label1\" content=\"Written by\" \/>\n\t<meta name=\"twitter:data1\" content=\"Sarah Stadlauer\" \/>\n\t<meta name=\"twitter:label2\" content=\"Estimated reading time\" \/>\n\t<meta name=\"twitter:data2\" content=\"1 minute\" \/>\n<script type=\"application\/ld+json\" class=\"yoast-schema-graph\">{\"@context\":\"https:\/\/schema.org\",\"@graph\":[{\"@type\":\"Article\",\"@id\":\"https:\/\/stiftadmont.at\/blog\/ewige-profess-von-frater-petrus-dreyhaupt-osb\/#article\",\"isPartOf\":{\"@id\":\"https:\/\/stiftadmont.at\/blog\/ewige-profess-von-frater-petrus-dreyhaupt-osb\/\"},\"author\":{\"name\":\"Sarah Stadlauer\",\"@id\":\"https:\/\/stiftadmont.at\/#\/schema\/person\/b3a90b1a2f72566cf3c755db08bd829d\"},\"headline\":\"Ewige Profess von frater Petrus Dreyhaupt OSB\",\"datePublished\":\"2024-07-09T06:47:07+00:00\",\"dateModified\":\"2024-07-12T10:17:44+00:00\",\"mainEntityOfPage\":{\"@id\":\"https:\/\/stiftadmont.at\/blog\/ewige-profess-von-frater-petrus-dreyhaupt-osb\/\"},\"wordCount\":7,\"image\":{\"@id\":\"https:\/\/stiftadmont.at\/blog\/ewige-profess-von-frater-petrus-dreyhaupt-osb\/#primaryimage\"},\"thumbnailUrl\":\"https:\/\/stiftadmont.at\/wp-content\/uploads\/Frater-Petrus_-Ewige-Profess-\u00a9-Sabine-Breitfuss-19.jpg\",\"articleSection\":[\"Kloster aktuell\"],\"inLanguage\":\"en-GB\"},{\"@type\":\"WebPage\",\"@id\":\"https:\/\/stiftadmont.at\/blog\/ewige-profess-von-frater-petrus-dreyhaupt-osb\/\",\"url\":\"https:\/\/stiftadmont.at\/blog\/ewige-profess-von-frater-petrus-dreyhaupt-osb\/\",\"name\":\"Ewige Profess von frater Petrus Dreyhaupt OSB - Stift Admont\",\"isPartOf\":{\"@id\":\"https:\/\/stiftadmont.at\/#website\"},\"primaryImageOfPage\":{\"@id\":\"https:\/\/stiftadmont.at\/blog\/ewige-profess-von-frater-petrus-dreyhaupt-osb\/#primaryimage\"},\"image\":{\"@id\":\"https:\/\/stiftadmont.at\/blog\/ewige-profess-von-frater-petrus-dreyhaupt-osb\/#primaryimage\"},\"thumbnailUrl\":\"https:\/\/stiftadmont.at\/wp-content\/uploads\/Frater-Petrus_-Ewige-Profess-\u00a9-Sabine-Breitfuss-19.jpg\",\"datePublished\":\"2024-07-09T06:47:07+00:00\",\"dateModified\":\"2024-07-12T10:17:44+00:00\",\"author\":{\"@id\":\"https:\/\/stiftadmont.at\/#\/schema\/person\/b3a90b1a2f72566cf3c755db08bd829d\"},\"description\":\"Lesen Sie aktuelle Informationen zum Thema Ewige Profess von frater Petrus Dreyhaupt OSB und vieles mehr aus dem Konvent und der Pfarre Admont.\",\"breadcrumb\":{\"@id\":\"https:\/\/stiftadmont.at\/blog\/ewige-profess-von-frater-petrus-dreyhaupt-osb\/#breadcrumb\"},\"inLanguage\":\"en-GB\",\"potentialAction\":[{\"@type\":\"ReadAction\",\"target\":[\"https:\/\/stiftadmont.at\/blog\/ewige-profess-von-frater-petrus-dreyhaupt-osb\/\"]}]},{\"@type\":\"ImageObject\",\"inLanguage\":\"en-GB\",\"@id\":\"https:\/\/stiftadmont.at\/blog\/ewige-profess-von-frater-petrus-dreyhaupt-osb\/#primaryimage\",\"url\":\"https:\/\/stiftadmont.at\/wp-content\/uploads\/Frater-Petrus_-Ewige-Profess-\u00a9-Sabine-Breitfuss-19.jpg\",\"contentUrl\":\"https:\/\/stiftadmont.at\/wp-content\/uploads\/Frater-Petrus_-Ewige-Profess-\u00a9-Sabine-Breitfuss-19.jpg\",\"width\":1067,\"height\":1600,\"caption\":\"Frater Petrus Ewige Profess \u00a9 Sabine Breitfuss (19)\"},{\"@type\":\"BreadcrumbList\",\"@id\":\"https:\/\/stiftadmont.at\/blog\/ewige-profess-von-frater-petrus-dreyhaupt-osb\/#breadcrumb\",\"itemListElement\":[{\"@type\":\"ListItem\",\"position\":1,\"name\":\"Start\",\"item\":\"https:\/\/stiftadmont.at\/\"},{\"@type\":\"ListItem\",\"position\":2,\"name\":\"Ewige Profess von frater Petrus Dreyhaupt OSB\"}]},{\"@type\":\"WebSite\",\"@id\":\"https:\/\/stiftadmont.at\/#website\",\"url\":\"https:\/\/stiftadmont.at\/\",\"name\":\"Stift Admont\",\"description\":\"Benediktinerkloster und Sehensw\u00fcrdigkeit im Ges\u00e4use\",\"potentialAction\":[{\"@type\":\"SearchAction\",\"target\":{\"@type\":\"EntryPoint\",\"urlTemplate\":\"https:\/\/stiftadmont.at\/?s={search_term_string}\"},\"query-input\":{\"@type\":\"PropertyValueSpecification\",\"valueRequired\":true,\"valueName\":\"search_term_string\"}}],\"inLanguage\":\"en-GB\"},{\"@type\":\"Person\",\"@id\":\"https:\/\/stiftadmont.at\/#\/schema\/person\/b3a90b1a2f72566cf3c755db08bd829d\",\"name\":\"Sarah Stadlauer\"}]}<\/script>\n<!-- \/ Yoast SEO Premium plugin. -->","yoast_head_json":{"title":"Perpetual profession of frater Petrus Dreyhaupt OSB - Admont Abbey","description":"Read current information on the topic of perpetual profession by frater Petrus Dreyhaupt OSB and much more from the convent and the parish of Admont.","robots":{"index":"index","follow":"follow","max-snippet":"max-snippet:-1","max-image-preview":"max-image-preview:large","max-video-preview":"max-video-preview:-1"},"canonical":"https:\/\/stiftadmont.at\/en\/blog\/perpetual-profession-of-frater-petrus-dreyhaupt-osb\/","og_locale":"en_GB","og_type":"article","og_title":"Ewige Profess von frater Petrus Dreyhaupt OSB","og_description":"Lesen Sie aktuelle Informationen zum Thema Ewige Profess von frater Petrus Dreyhaupt OSB und vieles mehr aus dem Konvent und der Pfarre Admont.","og_url":"https:\/\/stiftadmont.at\/en\/blog\/perpetual-profession-of-frater-petrus-dreyhaupt-osb\/","og_site_name":"Stift Admont","article_published_time":"2024-07-09T06:47:07+00:00","article_modified_time":"2024-07-12T10:17:44+00:00","og_image":[{"width":1067,"height":1600,"url":"https:\/\/stiftadmont.at\/wp-content\/uploads\/Frater-Petrus_-Ewige-Profess-\u00a9-Sabine-Breitfuss-19.jpg","type":"image\/jpeg"}],"author":"Sarah Stadlauer","twitter_card":"summary_large_image","twitter_misc":{"Written by":"Sarah Stadlauer","Estimated reading time":"1 minute"},"schema":{"@context":"https:\/\/schema.org","@graph":[{"@type":"Article","@id":"https:\/\/stiftadmont.at\/blog\/ewige-profess-von-frater-petrus-dreyhaupt-osb\/#article","isPartOf":{"@id":"https:\/\/stiftadmont.at\/blog\/ewige-profess-von-frater-petrus-dreyhaupt-osb\/"},"author":{"name":"Sarah Stadlauer","@id":"https:\/\/stiftadmont.at\/#\/schema\/person\/b3a90b1a2f72566cf3c755db08bd829d"},"headline":"Ewige Profess von frater Petrus Dreyhaupt OSB","datePublished":"2024-07-09T06:47:07+00:00","dateModified":"2024-07-12T10:17:44+00:00","mainEntityOfPage":{"@id":"https:\/\/stiftadmont.at\/blog\/ewige-profess-von-frater-petrus-dreyhaupt-osb\/"},"wordCount":7,"image":{"@id":"https:\/\/stiftadmont.at\/blog\/ewige-profess-von-frater-petrus-dreyhaupt-osb\/#primaryimage"},"thumbnailUrl":"https:\/\/stiftadmont.at\/wp-content\/uploads\/Frater-Petrus_-Ewige-Profess-\u00a9-Sabine-Breitfuss-19.jpg","articleSection":["Kloster aktuell"],"inLanguage":"en-GB"},{"@type":"WebPage","@id":"https:\/\/stiftadmont.at\/blog\/ewige-profess-von-frater-petrus-dreyhaupt-osb\/","url":"https:\/\/stiftadmont.at\/blog\/ewige-profess-von-frater-petrus-dreyhaupt-osb\/","name":"Perpetual profession of frater Petrus Dreyhaupt OSB - Admont Abbey","isPartOf":{"@id":"https:\/\/stiftadmont.at\/#website"},"primaryImageOfPage":{"@id":"https:\/\/stiftadmont.at\/blog\/ewige-profess-von-frater-petrus-dreyhaupt-osb\/#primaryimage"},"image":{"@id":"https:\/\/stiftadmont.at\/blog\/ewige-profess-von-frater-petrus-dreyhaupt-osb\/#primaryimage"},"thumbnailUrl":"https:\/\/stiftadmont.at\/wp-content\/uploads\/Frater-Petrus_-Ewige-Profess-\u00a9-Sabine-Breitfuss-19.jpg","datePublished":"2024-07-09T06:47:07+00:00","dateModified":"2024-07-12T10:17:44+00:00","author":{"@id":"https:\/\/stiftadmont.at\/#\/schema\/person\/b3a90b1a2f72566cf3c755db08bd829d"},"description":"Read current information on the topic of perpetual profession by frater Petrus Dreyhaupt OSB and much more from the convent and the parish of Admont.","breadcrumb":{"@id":"https:\/\/stiftadmont.at\/blog\/ewige-profess-von-frater-petrus-dreyhaupt-osb\/#breadcrumb"},"inLanguage":"en-GB","potentialAction":[{"@type":"ReadAction","target":["https:\/\/stiftadmont.at\/blog\/ewige-profess-von-frater-petrus-dreyhaupt-osb\/"]}]},{"@type":"ImageObject","inLanguage":"en-GB","@id":"https:\/\/stiftadmont.at\/blog\/ewige-profess-von-frater-petrus-dreyhaupt-osb\/#primaryimage","url":"https:\/\/stiftadmont.at\/wp-content\/uploads\/Frater-Petrus_-Ewige-Profess-\u00a9-Sabine-Breitfuss-19.jpg","contentUrl":"https:\/\/stiftadmont.at\/wp-content\/uploads\/Frater-Petrus_-Ewige-Profess-\u00a9-Sabine-Breitfuss-19.jpg","width":1067,"height":1600,"caption":"Frater Petrus Ewige Profess \u00a9 Sabine Breitfuss (19)"},{"@type":"BreadcrumbList","@id":"https:\/\/stiftadmont.at\/blog\/ewige-profess-von-frater-petrus-dreyhaupt-osb\/#breadcrumb","itemListElement":[{"@type":"ListItem","position":1,"name":"Start","item":"https:\/\/stiftadmont.at\/"},{"@type":"ListItem","position":2,"name":"Ewige Profess von frater Petrus Dreyhaupt OSB"}]},{"@type":"WebSite","@id":"https:\/\/stiftadmont.at\/#website","url":"https:\/\/stiftadmont.at\/","name":"Admont Abbey","description":"Benedictine monastery and tourist attraction in the Ges\u00e4use","potentialAction":[{"@type":"SearchAction","target":{"@type":"EntryPoint","urlTemplate":"https:\/\/stiftadmont.at\/?s={search_term_string}"},"query-input":{"@type":"PropertyValueSpecification","valueRequired":true,"valueName":"search_term_string"}}],"inLanguage":"en-GB"},{"@type":"Person","@id":"https:\/\/stiftadmont.at\/#\/schema\/person\/b3a90b1a2f72566cf3c755db08bd829d","name":"Sarah Stadlauer"}]}},"_links":{"self":[{"href":"https:\/\/stiftadmont.at\/en\/wp-json\/wp\/v2\/posts\/29155","targetHints":{"allow":["GET"]}}],"collection":[{"href":"https:\/\/stiftadmont.at\/en\/wp-json\/wp\/v2\/posts"}],"about":[{"href":"https:\/\/stiftadmont.at\/en\/wp-json\/wp\/v2\/types\/post"}],"author":[{"embeddable":true,"href":"https:\/\/stiftadmont.at\/en\/wp-json\/wp\/v2\/users\/20"}],"replies":[{"embeddable":true,"href":"https:\/\/stiftadmont.at\/en\/wp-json\/wp\/v2\/comments?post=29155"}],"version-history":[{"count":7,"href":"https:\/\/stiftadmont.at\/en\/wp-json\/wp\/v2\/posts\/29155\/revisions"}],"predecessor-version":[{"id":29385,"href":"https:\/\/stiftadmont.at\/en\/wp-json\/wp\/v2\/posts\/29155\/revisions\/29385"}],"wp:featuredmedia":[{"embeddable":true,"href":"https:\/\/stiftadmont.at\/en\/wp-json\/wp\/v2\/media\/29198"}],"wp:attachment":[{"href":"https:\/\/stiftadmont.at\/en\/wp-json\/wp\/v2\/media?parent=29155"}],"wp:term":[{"taxonomy":"category","embeddable":true,"href":"https:\/\/stiftadmont.at\/en\/wp-json\/wp\/v2\/categories?post=29155"}],"curies":[{"name":"wp","href":"https:\/\/api.w.org\/{rel}","templated":true}]}}