{"id":42794,"date":"2026-08-31T14:00:00","date_gmt":"2026-08-31T12:00:00","guid":{"rendered":"https:\/\/stiftadmont.at\/blog\/lautenherbst-2025-2\/"},"modified":"2026-08-31T14:15:44","modified_gmt":"2026-08-31T12:15:44","slug":"autumn-2026","status":"publish","type":"post","link":"https:\/\/stiftadmont.at\/en\/blog\/lautenherbst-2026\/","title":{"rendered":"12th Admont Lute Festival"},"content":{"rendered":"<section id='lightpress__section--block_28d288190432e5a7d104b888e0e103ec' class='lightpress__section--default-section-space lightpress__section lightpress__section--content'><div class=\"content__inner\"\n         x-init=\"initContentBlockAnim($el)\">\n        \n    <div class=\"content__grid content__grid--fifty-fifty\">\n                                            <div class=\"content__box content__box\"\n                 style=\"\">\n                                \n                \n                                        <div class=\"content__media stickyTo\" x-init=\"imageSticky($el)\">\n\n                                                                                                <picture\n                                class=\"content__image sticky\">\n                            <source srcset=\"https:\/\/stiftadmont.at\/wp-content\/uploads\/Lautenherbst-Abschlusskonzert-2026-www-12-1024x683.jpg\"\n                                    type=\"image\/webp\">\n                            <source srcset=\"https:\/\/stiftadmont.at\/wp-content\/uploads\/Lautenherbst-Abschlusskonzert-2026-www-12-1024x683.jpg\"\n                                    type=\"image\/jpeg\">\n                            <img decoding=\"async\" loading=\"lazy\"\n                                 src=\"https:\/\/stiftadmont.at\/wp-content\/uploads\/Lautenherbst-Abschlusskonzert-2026-www-12-1024x683.jpg\"\n                                 alt=\"Lautenherbst Abschlusskonzert www\" width=\"600\" height=\"450\">\n                                                                                                            <\/picture>\n\n                    <\/div>\n\n                            <\/div>\n        \n                                                    <div class=\"content__box content__box--2\"\n                     >\n                                        \n                    \n                                                    <div class=\"prose\"><h5 class=\"heading-m line line-above line--gold\">12. Admonter Lautenherbst<\/h5>\n<p>\u00a0<\/p>\n<p>Von 26. \u2013 30. August stand das Stift Admont ganz im Zeichen des Lautenherbstes. Es wurde gemeinsam musiziert, gelernt, entdeckt und die besondere Klangwelt der Laute in all ihren Facetten erlebbar gemacht.<\/p>\n<p>Am 30. August 2026 fand der diesj\u00e4hrige Lautenherbst mit dem traditionellen Abschlusskonzert in der Stiftskirche Admont seinen festlichen H\u00f6hepunkt. Das mittlerweile zum Highlight der Veranstaltung gewordene Konzert bietet allen Teilnehmerinnen und Teilnehmern ein besonderes Konzertpodium: Gemeinsam mit ihren Dozentinnen und Dozenten haben sie die M\u00f6glichkeit, das w\u00e4hrend der Woche Erarbeitete vor einem neugierigen und aufmerksamen Publikum zu pr\u00e4sentieren.<\/p>\n<p><span data-mce-type=\"bookmark\" style=\"display: inline-block; width: 0px; overflow: hidden; line-height: 0;\" class=\"mce_SELRES_start\">\ufeff<\/span><\/p>\n<\/div>\n                        \n                                    <\/div>\n            \n            <\/div>\n<\/div>\n\n<\/section>\n\n<section id='lightpress__section--block_ffdeab504bd6978c88174eaaa7b563b0' class='bg--beige lightpress__section--colored-bg lightpress__section--default-section-space lightpress__section lightpress__section--content'><div class=\"content__inner\"\n         x-init=\"initContentBlockAnim($el)\">\n        \n    <div class=\"content__grid content__grid--fifty-fifty\">\n                                            <div class=\"content__box content__box\"\n                 style=\"\">\n                                \n                \n                                            <div class=\"prose\"><p class=\"MsoNormal\">Die historische Atmosph\u00e4re der Stiftskirche bot daf\u00fcr den passenden Rahmen. Die im Laufe der Tage gewachsenen musikalischen Begegnungen, die intensive Auseinandersetzung mit dem Instrument und die Freude am gemeinsamen Musizieren fanden hier ihren klingenden Abschluss.<\/p>\n<p class=\"MsoNormal\">Der Lautenherbst im Stift Admont hat einmal mehr gezeigt, wie bereichernd der pers\u00f6nliche Austausch zwischen Musikerinnen und Musikern, Lehrenden und Lernenden sein kann \u2013 und wie lebendig die Musik der Laute auch heute noch ist.<\/p>\n<p><span data-mce-type=\"bookmark\" style=\"display: inline-block; width: 0px; overflow: hidden; line-height: 0;\" class=\"mce_SELRES_start\">\ufeff<\/span><\/p>\n<\/div>\n                    \n                            <\/div>\n        \n                                                    <div class=\"content__box content__box--2\"\n                     >\n                                        \n                    \n                                                <div class=\"content__media stickyTo\" x-init=\"imageSticky($el)\">\n\n                                                                                    <picture\n                                    class=\"content__image sticky\">\n                                <source srcset=\"https:\/\/stiftadmont.at\/wp-content\/uploads\/Lautenherbst-Abschlusskonzert-2026-www-65-1024x683.webp\" type=\"image\/webp\">\n                                <source srcset=\"https:\/\/stiftadmont.at\/wp-content\/uploads\/Lautenherbst-Abschlusskonzert-2026-www-65-1024x683.jpg\" type=\"image\/jpeg\">\n                                <img decoding=\"async\" class=\"sticky\" loading=\"lazy\" src=\"https:\/\/stiftadmont.at\/wp-content\/uploads\/Lautenherbst-Abschlusskonzert-2026-www-65-1024x683.jpg\"\n                                     alt=\"Lautenherbst Abschlusskonzert www\">\n\n                                                                                                                            <\/picture>\n\n                        <\/div>\n\n                                    <\/div>\n            \n            <\/div>\n<\/div>\n\n    <div class=\"background__container background__container--beige\">\n    <\/div>\n\n<\/section>\n\n<section id='lightpress__section--block_aac89d20a2667af085e42c89bae4ed5f' class='lightpress__section--default-section-space lightpress__section lightpress__section--content'><div class=\"content__inner\"\n         x-init=\"initContentBlockAnim($el)\">\n        \n    <div class=\"content__grid content__grid--fifty-fifty\">\n                                            <div class=\"content__box content__box\"\n                 style=\"\">\n                                \n                \n                                        <div class=\"content__media stickyTo\" x-init=\"imageSticky($el)\">\n\n                                                                                                <picture\n                                class=\"content__image sticky\">\n                            <source srcset=\"https:\/\/stiftadmont.at\/wp-content\/uploads\/Lautenherbst-Abschlusskonzert-2026-www-104-1024x683.jpg\"\n                                    type=\"image\/webp\">\n                            <source srcset=\"https:\/\/stiftadmont.at\/wp-content\/uploads\/Lautenherbst-Abschlusskonzert-2026-www-104-1024x683.jpg\"\n                                    type=\"image\/jpeg\">\n                            <img decoding=\"async\" loading=\"lazy\"\n                                 src=\"https:\/\/stiftadmont.at\/wp-content\/uploads\/Lautenherbst-Abschlusskonzert-2026-www-104-1024x683.jpg\"\n                                 alt=\"Lautenherbst Abschlusskonzert www\" width=\"600\" height=\"450\">\n                                                                                                            <\/picture>\n\n                    <\/div>\n\n                            <\/div>\n        \n                                                    <div class=\"content__box content__box--2\"\n                     >\n                                        \n                    \n                                                    <div class=\"prose\"><p>Ein herzliches Dankesch\u00f6n gilt allen Teilnehmerinnen und Teilnehmern, den engagierten Dozentinnen und Dozenten sowie allen, die zum Gelingen dieser besonderen Tage beigetragen haben. Und nat\u00fcrlich unserem neugierigen Publikum, das die Musikerinnen und Musiker beim Abschlusskonzert mit seiner Aufmerksamkeit und Begeisterung begleitet hat.<\/p>\n<p>Auf ein Wiedersehen beim n\u00e4chsten Lautenherbst im Stift Admont!<\/p>\n<p>\u00a0<\/p>\n<p><span data-mce-type=\"bookmark\" style=\"display: inline-block; width: 0px; overflow: hidden; line-height: 0;\" class=\"mce_SELRES_start\">\ufeff<\/span><\/p>\n<\/div>\n                        \n                                    <\/div>\n            \n            <\/div>\n<\/div>\n\n<\/section>\n\n<section id='lightpress__section--block_227eda9e40e0a114304b56f187d7ce15' class='lightpress__section--default-section-space lightpress__section lightpress__section--image-slider'>\n<div class=\"image-slider\"\n     x-data=\"{ gallery: null, shown: false }\"\n     x-init=\"gallery = initSliderGallery([{&quot;href&quot;:&quot;https:\\\/\\\/stiftadmont.at\\\/wp-content\\\/uploads\\\/Lautenherbst-Abschlusskonzert-2026-www-10-1920x2879.jpg&quot;,&quot;type&quot;:&quot;image&quot;},{&quot;href&quot;:&quot;https:\\\/\\\/stiftadmont.at\\\/wp-content\\\/uploads\\\/Lautenherbst-Abschlusskonzert-2026-www-12-1-1920x1281.jpg&quot;,&quot;type&quot;:&quot;image&quot;},{&quot;href&quot;:&quot;https:\\\/\\\/stiftadmont.at\\\/wp-content\\\/uploads\\\/Lautenherbst-Abschlusskonzert-2026-www-21-1920x1281.jpg&quot;,&quot;type&quot;:&quot;image&quot;},{&quot;href&quot;:&quot;https:\\\/\\\/stiftadmont.at\\\/wp-content\\\/uploads\\\/Lautenherbst-Abschlusskonzert-2026-www-22-1920x1281.jpg&quot;,&quot;type&quot;:&quot;image&quot;},{&quot;href&quot;:&quot;https:\\\/\\\/stiftadmont.at\\\/wp-content\\\/uploads\\\/Lautenherbst-Abschlusskonzert-2026-www-24-1920x2879.jpg&quot;,&quot;type&quot;:&quot;image&quot;},{&quot;href&quot;:&quot;https:\\\/\\\/stiftadmont.at\\\/wp-content\\\/uploads\\\/Lautenherbst-Abschlusskonzert-2026-www-25-1920x2879.jpg&quot;,&quot;type&quot;:&quot;image&quot;},{&quot;href&quot;:&quot;https:\\\/\\\/stiftadmont.at\\\/wp-content\\\/uploads\\\/Lautenherbst-Abschlusskonzert-2026-www-26-1920x2879.jpg&quot;,&quot;type&quot;:&quot;image&quot;},{&quot;href&quot;:&quot;https:\\\/\\\/stiftadmont.at\\\/wp-content\\\/uploads\\\/Lautenherbst-Abschlusskonzert-2026-www-30-1920x2879.jpg&quot;,&quot;type&quot;:&quot;image&quot;},{&quot;href&quot;:&quot;https:\\\/\\\/stiftadmont.at\\\/wp-content\\\/uploads\\\/Lautenherbst-Abschlusskonzert-2026-www-34-1920x1281.jpg&quot;,&quot;type&quot;:&quot;image&quot;},{&quot;href&quot;:&quot;https:\\\/\\\/stiftadmont.at\\\/wp-content\\\/uploads\\\/Lautenherbst-Abschlusskonzert-2026-www-35-1920x1281.jpg&quot;,&quot;type&quot;:&quot;image&quot;},{&quot;href&quot;:&quot;https:\\\/\\\/stiftadmont.at\\\/wp-content\\\/uploads\\\/Lautenherbst-Abschlusskonzert-2026-www-36-1920x1280.jpg&quot;,&quot;type&quot;:&quot;image&quot;},{&quot;href&quot;:&quot;https:\\\/\\\/stiftadmont.at\\\/wp-content\\\/uploads\\\/Lautenherbst-Abschlusskonzert-2026-www-40-1920x2879.jpg&quot;,&quot;type&quot;:&quot;image&quot;},{&quot;href&quot;:&quot;https:\\\/\\\/stiftadmont.at\\\/wp-content\\\/uploads\\\/Lautenherbst-Abschlusskonzert-2026-www-41-1920x2879.jpg&quot;,&quot;type&quot;:&quot;image&quot;},{&quot;href&quot;:&quot;https:\\\/\\\/stiftadmont.at\\\/wp-content\\\/uploads\\\/Lautenherbst-Abschlusskonzert-2026-www-42-1920x2879.jpg&quot;,&quot;type&quot;:&quot;image&quot;},{&quot;href&quot;:&quot;https:\\\/\\\/stiftadmont.at\\\/wp-content\\\/uploads\\\/Lautenherbst-Abschlusskonzert-2026-www-47-1920x2879.jpg&quot;,&quot;type&quot;:&quot;image&quot;},{&quot;href&quot;:&quot;https:\\\/\\\/stiftadmont.at\\\/wp-content\\\/uploads\\\/Lautenherbst-Abschlusskonzert-2026-www-54-1920x2879.jpg&quot;,&quot;type&quot;:&quot;image&quot;},{&quot;href&quot;:&quot;https:\\\/\\\/stiftadmont.at\\\/wp-content\\\/uploads\\\/Lautenherbst-Abschlusskonzert-2026-www-55-1920x2879.jpg&quot;,&quot;type&quot;:&quot;image&quot;},{&quot;href&quot;:&quot;https:\\\/\\\/stiftadmont.at\\\/wp-content\\\/uploads\\\/Lautenherbst-Abschlusskonzert-2026-www-59-1920x2879.jpg&quot;,&quot;type&quot;:&quot;image&quot;},{&quot;href&quot;:&quot;https:\\\/\\\/stiftadmont.at\\\/wp-content\\\/uploads\\\/Lautenherbst-Abschlusskonzert-2026-www-60-1920x1280.jpg&quot;,&quot;type&quot;:&quot;image&quot;},{&quot;href&quot;:&quot;https:\\\/\\\/stiftadmont.at\\\/wp-content\\\/uploads\\\/Lautenherbst-Abschlusskonzert-2026-www-61-1920x1280.jpg&quot;,&quot;type&quot;:&quot;image&quot;},{&quot;href&quot;:&quot;https:\\\/\\\/stiftadmont.at\\\/wp-content\\\/uploads\\\/Lautenherbst-Abschlusskonzert-2026-www-62-1920x1280.jpg&quot;,&quot;type&quot;:&quot;image&quot;},{&quot;href&quot;:&quot;https:\\\/\\\/stiftadmont.at\\\/wp-content\\\/uploads\\\/Lautenherbst-Abschlusskonzert-2026-www-67-1920x1281.jpg&quot;,&quot;type&quot;:&quot;image&quot;},{&quot;href&quot;:&quot;https:\\\/\\\/stiftadmont.at\\\/wp-content\\\/uploads\\\/Lautenherbst-Abschlusskonzert-2026-www-68-1920x1281.jpg&quot;,&quot;type&quot;:&quot;image&quot;},{&quot;href&quot;:&quot;https:\\\/\\\/stiftadmont.at\\\/wp-content\\\/uploads\\\/Lautenherbst-Abschlusskonzert-2026-www-69-1920x2879.jpg&quot;,&quot;type&quot;:&quot;image&quot;},{&quot;href&quot;:&quot;https:\\\/\\\/stiftadmont.at\\\/wp-content\\\/uploads\\\/Lautenherbst-Abschlusskonzert-2026-www-71-1920x2879.jpg&quot;,&quot;type&quot;:&quot;image&quot;},{&quot;href&quot;:&quot;https:\\\/\\\/stiftadmont.at\\\/wp-content\\\/uploads\\\/Lautenherbst-Abschlusskonzert-2026-www-73-1920x1281.jpg&quot;,&quot;type&quot;:&quot;image&quot;},{&quot;href&quot;:&quot;https:\\\/\\\/stiftadmont.at\\\/wp-content\\\/uploads\\\/Lautenherbst-Abschlusskonzert-2026-www-74-1920x2879.jpg&quot;,&quot;type&quot;:&quot;image&quot;},{&quot;href&quot;:&quot;https:\\\/\\\/stiftadmont.at\\\/wp-content\\\/uploads\\\/Lautenherbst-Abschlusskonzert-2026-www-75-1920x2879.jpg&quot;,&quot;type&quot;:&quot;image&quot;},{&quot;href&quot;:&quot;https:\\\/\\\/stiftadmont.at\\\/wp-content\\\/uploads\\\/Lautenherbst-Abschlusskonzert-2026-www-76-1920x2879.jpg&quot;,&quot;type&quot;:&quot;image&quot;},{&quot;href&quot;:&quot;https:\\\/\\\/stiftadmont.at\\\/wp-content\\\/uploads\\\/Lautenherbst-Abschlusskonzert-2026-www-82-1920x2880.jpg&quot;,&quot;type&quot;:&quot;image&quot;},{&quot;href&quot;:&quot;https:\\\/\\\/stiftadmont.at\\\/wp-content\\\/uploads\\\/Lautenherbst-Abschlusskonzert-2026-www-86-1920x1281.jpg&quot;,&quot;type&quot;:&quot;image&quot;},{&quot;href&quot;:&quot;https:\\\/\\\/stiftadmont.at\\\/wp-content\\\/uploads\\\/Lautenherbst-Abschlusskonzert-2026-www-89-1920x2880.jpg&quot;,&quot;type&quot;:&quot;image&quot;},{&quot;href&quot;:&quot;https:\\\/\\\/stiftadmont.at\\\/wp-content\\\/uploads\\\/Lautenherbst-Abschlusskonzert-2026-www-90-1920x2880.jpg&quot;,&quot;type&quot;:&quot;image&quot;},{&quot;href&quot;:&quot;https:\\\/\\\/stiftadmont.at\\\/wp-content\\\/uploads\\\/Lautenherbst-Abschlusskonzert-2026-www-92-1920x2879.jpg&quot;,&quot;type&quot;:&quot;image&quot;},{&quot;href&quot;:&quot;https:\\\/\\\/stiftadmont.at\\\/wp-content\\\/uploads\\\/Lautenherbst-Abschlusskonzert-2026-www-93-1920x2879.jpg&quot;,&quot;type&quot;:&quot;image&quot;},{&quot;href&quot;:&quot;https:\\\/\\\/stiftadmont.at\\\/wp-content\\\/uploads\\\/Lautenherbst-Abschlusskonzert-2026-www-96-1920x2879.jpg&quot;,&quot;type&quot;:&quot;image&quot;},{&quot;href&quot;:&quot;https:\\\/\\\/stiftadmont.at\\\/wp-content\\\/uploads\\\/Lautenherbst-Abschlusskonzert-2026-www-102-1920x1280.jpg&quot;,&quot;type&quot;:&quot;image&quot;},{&quot;href&quot;:&quot;https:\\\/\\\/stiftadmont.at\\\/wp-content\\\/uploads\\\/Lautenherbst-Abschlusskonzert-2026-www-103-1920x1280.jpg&quot;,&quot;type&quot;:&quot;image&quot;},{&quot;href&quot;:&quot;https:\\\/\\\/stiftadmont.at\\\/wp-content\\\/uploads\\\/Lautenherbst-Abschlusskonzert-2026-www-104-1-scaled-1920x1280.jpg&quot;,&quot;type&quot;:&quot;image&quot;}]); initImageSliderBlockAnim($el);\">\n    <div class=\"image-slider__inner\">\n\n        <div class=\"swiper-container\" x-init=\"initImageSliderBlock($el, $refs.btnPrev, $refs.btnNext)\">\n            <div class=\"swiper-wrapper\">\n                                    <div class=\"swiper-slide\">\n                        <div class=\"image-slider__media\">\n                            <img decoding=\"async\" class=\"image-slider__image\"\n                                 src=\"https:\/\/stiftadmont.at\/wp-content\/uploads\/Lautenherbst-Abschlusskonzert-2026-www-10-768x1151.jpg\"\n                                 alt=\"Lautenherbst Abschlusskonzert www\">\n                        <\/div>\n                    <\/div>\n                                    <div class=\"swiper-slide\">\n                        <div class=\"image-slider__media\">\n                            <img decoding=\"async\" class=\"image-slider__image\"\n                                 src=\"https:\/\/stiftadmont.at\/wp-content\/uploads\/Lautenherbst-Abschlusskonzert-2026-www-12-1-768x512.jpg\"\n                                 alt=\"Lautenherbst Abschlusskonzert www\">\n                        <\/div>\n                    <\/div>\n                                    <div class=\"swiper-slide\">\n                        <div class=\"image-slider__media\">\n                            <img decoding=\"async\" class=\"image-slider__image\"\n                                 src=\"https:\/\/stiftadmont.at\/wp-content\/uploads\/Lautenherbst-Abschlusskonzert-2026-www-21-768x512.jpg\"\n                                 alt=\"Lautenherbst Abschlusskonzert www\">\n                        <\/div>\n                    <\/div>\n                                    <div class=\"swiper-slide\">\n                        <div class=\"image-slider__media\">\n                            <img decoding=\"async\" class=\"image-slider__image\"\n                                 src=\"https:\/\/stiftadmont.at\/wp-content\/uploads\/Lautenherbst-Abschlusskonzert-2026-www-22-768x512.jpg\"\n                                 alt=\"Lautenherbst Abschlusskonzert www\">\n                        <\/div>\n                    <\/div>\n                                    <div class=\"swiper-slide\">\n                        <div class=\"image-slider__media\">\n                            <img decoding=\"async\" class=\"image-slider__image\"\n                                 src=\"https:\/\/stiftadmont.at\/wp-content\/uploads\/Lautenherbst-Abschlusskonzert-2026-www-24-768x1151.jpg\"\n                                 alt=\"Lautenherbst Abschlusskonzert www\">\n                        <\/div>\n                    <\/div>\n                                    <div class=\"swiper-slide\">\n                        <div class=\"image-slider__media\">\n                            <img decoding=\"async\" class=\"image-slider__image\"\n                                 src=\"https:\/\/stiftadmont.at\/wp-content\/uploads\/Lautenherbst-Abschlusskonzert-2026-www-25-768x1151.jpg\"\n                                 alt=\"Lautenherbst Abschlusskonzert www\">\n                        <\/div>\n                    <\/div>\n                                    <div class=\"swiper-slide\">\n                        <div class=\"image-slider__media\">\n                            <img decoding=\"async\" class=\"image-slider__image\"\n                                 src=\"https:\/\/stiftadmont.at\/wp-content\/uploads\/Lautenherbst-Abschlusskonzert-2026-www-26-768x1151.jpg\"\n                                 alt=\"Lautenherbst Abschlusskonzert www\">\n                        <\/div>\n                    <\/div>\n                                    <div class=\"swiper-slide\">\n                        <div class=\"image-slider__media\">\n                            <img decoding=\"async\" class=\"image-slider__image\"\n                                 src=\"https:\/\/stiftadmont.at\/wp-content\/uploads\/Lautenherbst-Abschlusskonzert-2026-www-30-768x1151.jpg\"\n                                 alt=\"Lautenherbst Abschlusskonzert www\">\n                        <\/div>\n                    <\/div>\n                                    <div class=\"swiper-slide\">\n                        <div class=\"image-slider__media\">\n                            <img decoding=\"async\" class=\"image-slider__image\"\n                                 src=\"https:\/\/stiftadmont.at\/wp-content\/uploads\/Lautenherbst-Abschlusskonzert-2026-www-34-768x512.jpg\"\n                                 alt=\"Lautenherbst Abschlusskonzert www\">\n                        <\/div>\n                    <\/div>\n                                    <div class=\"swiper-slide\">\n                        <div class=\"image-slider__media\">\n                            <img decoding=\"async\" class=\"image-slider__image\"\n                                 src=\"https:\/\/stiftadmont.at\/wp-content\/uploads\/Lautenherbst-Abschlusskonzert-2026-www-35-768x512.jpg\"\n                                 alt=\"Lautenherbst Abschlusskonzert www\">\n                        <\/div>\n                    <\/div>\n                                    <div class=\"swiper-slide\">\n                        <div class=\"image-slider__media\">\n                            <img decoding=\"async\" class=\"image-slider__image\"\n                                 src=\"https:\/\/stiftadmont.at\/wp-content\/uploads\/Lautenherbst-Abschlusskonzert-2026-www-36-768x512.jpg\"\n                                 alt=\"Lautenherbst Abschlusskonzert www\">\n                        <\/div>\n                    <\/div>\n                                    <div class=\"swiper-slide\">\n                        <div class=\"image-slider__media\">\n                            <img decoding=\"async\" class=\"image-slider__image\"\n                                 src=\"https:\/\/stiftadmont.at\/wp-content\/uploads\/Lautenherbst-Abschlusskonzert-2026-www-40-768x1151.jpg\"\n                                 alt=\"Lautenherbst Abschlusskonzert www\">\n                        <\/div>\n                    <\/div>\n                                    <div class=\"swiper-slide\">\n                        <div class=\"image-slider__media\">\n                            <img decoding=\"async\" class=\"image-slider__image\"\n                                 src=\"https:\/\/stiftadmont.at\/wp-content\/uploads\/Lautenherbst-Abschlusskonzert-2026-www-41-768x1151.jpg\"\n                                 alt=\"Lautenherbst Abschlusskonzert www\">\n                        <\/div>\n                    <\/div>\n                                    <div class=\"swiper-slide\">\n                        <div class=\"image-slider__media\">\n                            <img decoding=\"async\" class=\"image-slider__image\"\n                                 src=\"https:\/\/stiftadmont.at\/wp-content\/uploads\/Lautenherbst-Abschlusskonzert-2026-www-42-768x1151.jpg\"\n                                 alt=\"Lautenherbst Abschlusskonzert www\">\n                        <\/div>\n                    <\/div>\n                                    <div class=\"swiper-slide\">\n                        <div class=\"image-slider__media\">\n                            <img decoding=\"async\" class=\"image-slider__image\"\n                                 src=\"https:\/\/stiftadmont.at\/wp-content\/uploads\/Lautenherbst-Abschlusskonzert-2026-www-47-768x1151.jpg\"\n                                 alt=\"Lautenherbst Abschlusskonzert www\">\n                        <\/div>\n                    <\/div>\n                                    <div class=\"swiper-slide\">\n                        <div class=\"image-slider__media\">\n                            <img decoding=\"async\" class=\"image-slider__image\"\n                                 src=\"https:\/\/stiftadmont.at\/wp-content\/uploads\/Lautenherbst-Abschlusskonzert-2026-www-54-768x1151.jpg\"\n                                 alt=\"Lautenherbst Abschlusskonzert www\">\n                        <\/div>\n                    <\/div>\n                                    <div class=\"swiper-slide\">\n                        <div class=\"image-slider__media\">\n                            <img decoding=\"async\" class=\"image-slider__image\"\n                                 src=\"https:\/\/stiftadmont.at\/wp-content\/uploads\/Lautenherbst-Abschlusskonzert-2026-www-55-768x1151.jpg\"\n                                 alt=\"Lautenherbst Abschlusskonzert www\">\n                        <\/div>\n                    <\/div>\n                                    <div class=\"swiper-slide\">\n                        <div class=\"image-slider__media\">\n                            <img decoding=\"async\" class=\"image-slider__image\"\n                                 src=\"https:\/\/stiftadmont.at\/wp-content\/uploads\/Lautenherbst-Abschlusskonzert-2026-www-59-768x1151.jpg\"\n                                 alt=\"Lautenherbst Abschlusskonzert www\">\n                        <\/div>\n                    <\/div>\n                                    <div class=\"swiper-slide\">\n                        <div class=\"image-slider__media\">\n                            <img decoding=\"async\" class=\"image-slider__image\"\n                                 src=\"https:\/\/stiftadmont.at\/wp-content\/uploads\/Lautenherbst-Abschlusskonzert-2026-www-60-768x512.jpg\"\n                                 alt=\"Lautenherbst Abschlusskonzert www\">\n                        <\/div>\n                    <\/div>\n                                    <div class=\"swiper-slide\">\n                        <div class=\"image-slider__media\">\n                            <img decoding=\"async\" class=\"image-slider__image\"\n                                 src=\"https:\/\/stiftadmont.at\/wp-content\/uploads\/Lautenherbst-Abschlusskonzert-2026-www-61-768x512.jpg\"\n                                 alt=\"Lautenherbst Abschlusskonzert www\">\n                        <\/div>\n                    <\/div>\n                                    <div class=\"swiper-slide\">\n                        <div class=\"image-slider__media\">\n                            <img decoding=\"async\" class=\"image-slider__image\"\n                                 src=\"https:\/\/stiftadmont.at\/wp-content\/uploads\/Lautenherbst-Abschlusskonzert-2026-www-62-768x512.jpg\"\n                                 alt=\"Lautenherbst Abschlusskonzert www\">\n                        <\/div>\n                    <\/div>\n                                    <div class=\"swiper-slide\">\n                        <div class=\"image-slider__media\">\n                            <img decoding=\"async\" class=\"image-slider__image\"\n                                 src=\"https:\/\/stiftadmont.at\/wp-content\/uploads\/Lautenherbst-Abschlusskonzert-2026-www-67-768x512.jpg\"\n                                 alt=\"Lautenherbst Abschlusskonzert www\">\n                        <\/div>\n                    <\/div>\n                                    <div class=\"swiper-slide\">\n                        <div class=\"image-slider__media\">\n                            <img decoding=\"async\" class=\"image-slider__image\"\n                                 src=\"https:\/\/stiftadmont.at\/wp-content\/uploads\/Lautenherbst-Abschlusskonzert-2026-www-68-768x512.jpg\"\n                                 alt=\"Lautenherbst Abschlusskonzert www\">\n                        <\/div>\n                    <\/div>\n                                    <div class=\"swiper-slide\">\n                        <div class=\"image-slider__media\">\n                            <img decoding=\"async\" class=\"image-slider__image\"\n                                 src=\"https:\/\/stiftadmont.at\/wp-content\/uploads\/Lautenherbst-Abschlusskonzert-2026-www-69-768x1151.jpg\"\n                                 alt=\"Lautenherbst Abschlusskonzert www\">\n                        <\/div>\n                    <\/div>\n                                    <div class=\"swiper-slide\">\n                        <div class=\"image-slider__media\">\n                            <img decoding=\"async\" class=\"image-slider__image\"\n                                 src=\"https:\/\/stiftadmont.at\/wp-content\/uploads\/Lautenherbst-Abschlusskonzert-2026-www-71-768x1151.jpg\"\n                                 alt=\"Lautenherbst Abschlusskonzert www\">\n                        <\/div>\n                    <\/div>\n                                    <div class=\"swiper-slide\">\n                        <div class=\"image-slider__media\">\n                            <img decoding=\"async\" class=\"image-slider__image\"\n                                 src=\"https:\/\/stiftadmont.at\/wp-content\/uploads\/Lautenherbst-Abschlusskonzert-2026-www-73-768x512.jpg\"\n                                 alt=\"Lautenherbst Abschlusskonzert www\">\n                        <\/div>\n                    <\/div>\n                                    <div class=\"swiper-slide\">\n                        <div class=\"image-slider__media\">\n                            <img decoding=\"async\" class=\"image-slider__image\"\n                                 src=\"https:\/\/stiftadmont.at\/wp-content\/uploads\/Lautenherbst-Abschlusskonzert-2026-www-74-768x1151.jpg\"\n                                 alt=\"Lautenherbst Abschlusskonzert www\">\n                        <\/div>\n                    <\/div>\n                                    <div class=\"swiper-slide\">\n                        <div class=\"image-slider__media\">\n                            <img decoding=\"async\" class=\"image-slider__image\"\n                                 src=\"https:\/\/stiftadmont.at\/wp-content\/uploads\/Lautenherbst-Abschlusskonzert-2026-www-75-768x1151.jpg\"\n                                 alt=\"Lautenherbst Abschlusskonzert www\">\n                        <\/div>\n                    <\/div>\n                                    <div class=\"swiper-slide\">\n                        <div class=\"image-slider__media\">\n                            <img decoding=\"async\" class=\"image-slider__image\"\n                                 src=\"https:\/\/stiftadmont.at\/wp-content\/uploads\/Lautenherbst-Abschlusskonzert-2026-www-76-768x1151.jpg\"\n                                 alt=\"Lautenherbst Abschlusskonzert www\">\n                        <\/div>\n                    <\/div>\n                                    <div class=\"swiper-slide\">\n                        <div class=\"image-slider__media\">\n                            <img decoding=\"async\" class=\"image-slider__image\"\n                                 src=\"https:\/\/stiftadmont.at\/wp-content\/uploads\/Lautenherbst-Abschlusskonzert-2026-www-82-768x1152.jpg\"\n                                 alt=\"Lautenherbst Abschlusskonzert www\">\n                        <\/div>\n                    <\/div>\n                                    <div class=\"swiper-slide\">\n                        <div class=\"image-slider__media\">\n                            <img decoding=\"async\" class=\"image-slider__image\"\n                                 src=\"https:\/\/stiftadmont.at\/wp-content\/uploads\/Lautenherbst-Abschlusskonzert-2026-www-86-768x512.jpg\"\n                                 alt=\"Lautenherbst Abschlusskonzert www\">\n                        <\/div>\n                    <\/div>\n                                    <div class=\"swiper-slide\">\n                        <div class=\"image-slider__media\">\n                            <img decoding=\"async\" class=\"image-slider__image\"\n                                 src=\"https:\/\/stiftadmont.at\/wp-content\/uploads\/Lautenherbst-Abschlusskonzert-2026-www-89-768x1152.jpg\"\n                                 alt=\"Lautenherbst Abschlusskonzert www\">\n                        <\/div>\n                    <\/div>\n                                    <div class=\"swiper-slide\">\n                        <div class=\"image-slider__media\">\n                            <img decoding=\"async\" class=\"image-slider__image\"\n                                 src=\"https:\/\/stiftadmont.at\/wp-content\/uploads\/Lautenherbst-Abschlusskonzert-2026-www-90-768x1152.jpg\"\n                                 alt=\"Lautenherbst Abschlusskonzert www\">\n                        <\/div>\n                    <\/div>\n                                    <div class=\"swiper-slide\">\n                        <div class=\"image-slider__media\">\n                            <img decoding=\"async\" class=\"image-slider__image\"\n                                 src=\"https:\/\/stiftadmont.at\/wp-content\/uploads\/Lautenherbst-Abschlusskonzert-2026-www-92-768x1151.jpg\"\n                                 alt=\"Lautenherbst Abschlusskonzert www\">\n                        <\/div>\n                    <\/div>\n                                    <div class=\"swiper-slide\">\n                        <div class=\"image-slider__media\">\n                            <img decoding=\"async\" class=\"image-slider__image\"\n                                 src=\"https:\/\/stiftadmont.at\/wp-content\/uploads\/Lautenherbst-Abschlusskonzert-2026-www-93-768x1151.jpg\"\n                                 alt=\"Lautenherbst Abschlusskonzert www\">\n                        <\/div>\n                    <\/div>\n                                    <div class=\"swiper-slide\">\n                        <div class=\"image-slider__media\">\n                            <img decoding=\"async\" class=\"image-slider__image\"\n                                 src=\"https:\/\/stiftadmont.at\/wp-content\/uploads\/Lautenherbst-Abschlusskonzert-2026-www-96-768x1151.jpg\"\n                                 alt=\"Lautenherbst Abschlusskonzert www\">\n                        <\/div>\n                    <\/div>\n                                    <div class=\"swiper-slide\">\n                        <div class=\"image-slider__media\">\n                            <img decoding=\"async\" class=\"image-slider__image\"\n                                 src=\"https:\/\/stiftadmont.at\/wp-content\/uploads\/Lautenherbst-Abschlusskonzert-2026-www-102-768x512.jpg\"\n                                 alt=\"Lautenherbst Abschlusskonzert www\">\n                        <\/div>\n                    <\/div>\n                                    <div class=\"swiper-slide\">\n                        <div class=\"image-slider__media\">\n                            <img decoding=\"async\" class=\"image-slider__image\"\n                                 src=\"https:\/\/stiftadmont.at\/wp-content\/uploads\/Lautenherbst-Abschlusskonzert-2026-www-103-768x512.jpg\"\n                                 alt=\"Lautenherbst Abschlusskonzert www\">\n                        <\/div>\n                    <\/div>\n                                    <div class=\"swiper-slide\">\n                        <div class=\"image-slider__media\">\n                            <img decoding=\"async\" class=\"image-slider__image\"\n                                 src=\"https:\/\/stiftadmont.at\/wp-content\/uploads\/Lautenherbst-Abschlusskonzert-2026-www-104-1-scaled-768x512.jpg\"\n                                 alt=\"Lautenherbst Abschlusskonzert www\">\n                        <\/div>\n                    <\/div>\n                            <\/div>\n\n            <div class=\"swiper-nav-wrapper\">\n                <button class=\"swiper-button-prev slider-button--prev\" x-ref=\"btnPrev\"\n                        aria-label=\"Vorige Bilder anzeigen\">\n                    <img decoding=\"async\" src=\"\/wp-content\/themes\/stift-admont\/src\/assets\/img\/arrow-left-big-new.svg\" alt=\"Pfeil nach Links\">\n                <\/button>\n\n\n                <a class=\"image-slider__gallery\" @click=\"openGallery(gallery)\"><i class=\"fa-thin fa-plus\"><\/i><\/a>\n                <button class=\"swiper-button-next slider-button--next\"\n                        x-ref=\"btnNext\"\n                        aria-label=\"N\u00e4chste Bilder anzeigen\">\n                    <img decoding=\"async\" src=\"\/wp-content\/themes\/stift-admont\/src\/assets\/img\/arrow-right-big-new.svg\" alt=\"Pfeil nach Rechts\">\n                <\/button>\n            <\/div>\n        <\/div>\n    <\/div>\n\n\n<\/div><\/section>","protected":false},"excerpt":{"rendered":"<p>From 26 to 30 August, Admont Abbey was entirely dedicated to the \u2018Lute Autumn\u2019. Participants made music together, learnt, explored and were able to experience the unique world of sound of the lute in all its facets.<\/p>","protected":false},"author":7,"featured_media":42845,"comment_status":"closed","ping_status":"closed","sticky":false,"template":"","format":"standard","meta":{"_acf_changed":false,"footnotes":""},"categories":[23],"class_list":["post-42794","post","type-post","status-publish","format-standard","has-post-thumbnail","hentry","category-einrichtungen-aktuell"],"acf":[],"yoast_head":"<!-- This site is optimized with the Yoast SEO Premium plugin v28.0 (Yoast SEO v28.3) - https:\/\/yoast.com\/product\/yoast-seo-premium-wordpress\/ -->\n<title>12. Admonter Lautenherbst - Stift Admont<\/title>\n<meta name=\"description\" content=\"Lesen Sie aktuelle Informationen zum Thema 12. Admonter Lautenherbst und vieles mehr aus dem Konvent und der Pfarre Admont.\" \/>\n<meta name=\"robots\" content=\"index, follow, max-snippet:-1, max-image-preview:large, max-video-preview:-1\" \/>\n<link rel=\"canonical\" href=\"https:\/\/stiftadmont.at\/en\/blog\/autumn-2026\/\" \/>\n<meta property=\"og:locale\" content=\"en_GB\" \/>\n<meta property=\"og:type\" content=\"article\" \/>\n<meta property=\"og:title\" content=\"12. Admonter Lautenherbst\" \/>\n<meta property=\"og:description\" content=\"Lesen Sie aktuelle Informationen zum Thema 12. Admonter Lautenherbst und vieles mehr aus dem Konvent und der Pfarre Admont.\" \/>\n<meta property=\"og:url\" content=\"https:\/\/stiftadmont.at\/en\/blog\/autumn-2026\/\" \/>\n<meta property=\"og:site_name\" content=\"Stift Admont\" \/>\n<meta property=\"article:published_time\" content=\"2026-08-31T12:00:00+00:00\" \/>\n<meta property=\"article:modified_time\" content=\"2026-08-31T12:15:44+00:00\" \/>\n<meta property=\"og:image\" content=\"https:\/\/stiftadmont.at\/wp-content\/uploads\/Lautenherbst-Abschlusskonzert-2026-www-104-1-scaled.jpg\" \/>\n\t<meta property=\"og:image:width\" content=\"2560\" \/>\n\t<meta property=\"og:image:height\" content=\"1707\" \/>\n\t<meta property=\"og:image:type\" content=\"image\/jpeg\" \/>\n<meta name=\"author\" content=\"Mario Brandm\u00fcller\" \/>\n<meta name=\"twitter:card\" content=\"summary_large_image\" \/>\n<meta name=\"twitter:label1\" content=\"Written by\" \/>\n\t<meta name=\"twitter:data1\" content=\"Mario Brandm\u00fcller\" \/>\n\t<meta name=\"twitter:label2\" content=\"Estimated reading time\" \/>\n\t<meta name=\"twitter:data2\" content=\"1 minute\" \/>\n<script type=\"application\/ld+json\" class=\"yoast-schema-graph\">{\"@context\":\"https:\\\/\\\/schema.org\",\"@graph\":[{\"@type\":\"Article\",\"@id\":\"https:\\\/\\\/stiftadmont.at\\\/blog\\\/lautenherbst-2026\\\/#article\",\"isPartOf\":{\"@id\":\"https:\\\/\\\/stiftadmont.at\\\/blog\\\/lautenherbst-2026\\\/\"},\"author\":{\"name\":\"Mario Brandm\u00fcller\",\"@id\":\"https:\\\/\\\/stiftadmont.at\\\/#\\\/schema\\\/person\\\/30535548b241d5f33a2e8b839db11869\"},\"headline\":\"12. Admonter Lautenherbst\",\"datePublished\":\"2026-08-31T12:00:00+00:00\",\"dateModified\":\"2026-08-31T12:15:44+00:00\",\"mainEntityOfPage\":{\"@id\":\"https:\\\/\\\/stiftadmont.at\\\/blog\\\/lautenherbst-2026\\\/\"},\"wordCount\":2,\"image\":{\"@id\":\"https:\\\/\\\/stiftadmont.at\\\/blog\\\/lautenherbst-2026\\\/#primaryimage\"},\"thumbnailUrl\":\"https:\\\/\\\/stiftadmont.at\\\/wp-content\\\/uploads\\\/Lautenherbst-Abschlusskonzert-2026-www-104-1-scaled.jpg\",\"articleSection\":[\"Einrichtungen aktuell\"],\"inLanguage\":\"en-GB\"},{\"@type\":\"WebPage\",\"@id\":\"https:\\\/\\\/stiftadmont.at\\\/blog\\\/lautenherbst-2026\\\/\",\"url\":\"https:\\\/\\\/stiftadmont.at\\\/blog\\\/lautenherbst-2026\\\/\",\"name\":\"12. Admonter Lautenherbst - Stift Admont\",\"isPartOf\":{\"@id\":\"https:\\\/\\\/stiftadmont.at\\\/#website\"},\"primaryImageOfPage\":{\"@id\":\"https:\\\/\\\/stiftadmont.at\\\/blog\\\/lautenherbst-2026\\\/#primaryimage\"},\"image\":{\"@id\":\"https:\\\/\\\/stiftadmont.at\\\/blog\\\/lautenherbst-2026\\\/#primaryimage\"},\"thumbnailUrl\":\"https:\\\/\\\/stiftadmont.at\\\/wp-content\\\/uploads\\\/Lautenherbst-Abschlusskonzert-2026-www-104-1-scaled.jpg\",\"datePublished\":\"2026-08-31T12:00:00+00:00\",\"dateModified\":\"2026-08-31T12:15:44+00:00\",\"author\":{\"@id\":\"https:\\\/\\\/stiftadmont.at\\\/#\\\/schema\\\/person\\\/30535548b241d5f33a2e8b839db11869\"},\"description\":\"Lesen Sie aktuelle Informationen zum Thema 12. Admonter Lautenherbst und vieles mehr aus dem Konvent und der Pfarre Admont.\",\"breadcrumb\":{\"@id\":\"https:\\\/\\\/stiftadmont.at\\\/blog\\\/lautenherbst-2026\\\/#breadcrumb\"},\"inLanguage\":\"en-GB\",\"potentialAction\":[{\"@type\":\"ReadAction\",\"target\":[\"https:\\\/\\\/stiftadmont.at\\\/blog\\\/lautenherbst-2026\\\/\"]}]},{\"@type\":\"ImageObject\",\"inLanguage\":\"en-GB\",\"@id\":\"https:\\\/\\\/stiftadmont.at\\\/blog\\\/lautenherbst-2026\\\/#primaryimage\",\"url\":\"https:\\\/\\\/stiftadmont.at\\\/wp-content\\\/uploads\\\/Lautenherbst-Abschlusskonzert-2026-www-104-1-scaled.jpg\",\"contentUrl\":\"https:\\\/\\\/stiftadmont.at\\\/wp-content\\\/uploads\\\/Lautenherbst-Abschlusskonzert-2026-www-104-1-scaled.jpg\",\"width\":2560,\"height\":1707,\"caption\":\"Lautenherbst Abschlusskonzert www\"},{\"@type\":\"BreadcrumbList\",\"@id\":\"https:\\\/\\\/stiftadmont.at\\\/blog\\\/lautenherbst-2026\\\/#breadcrumb\",\"itemListElement\":[{\"@type\":\"ListItem\",\"position\":1,\"name\":\"Start\",\"item\":\"https:\\\/\\\/stiftadmont.at\\\/\"},{\"@type\":\"ListItem\",\"position\":2,\"name\":\"12. Admonter Lautenherbst\"}]},{\"@type\":\"WebSite\",\"@id\":\"https:\\\/\\\/stiftadmont.at\\\/#website\",\"url\":\"https:\\\/\\\/stiftadmont.at\\\/\",\"name\":\"Stift Admont\",\"description\":\"Benediktinerkloster und Sehensw\u00fcrdigkeit im Ges\u00e4use\",\"potentialAction\":[{\"@type\":\"SearchAction\",\"target\":{\"@type\":\"EntryPoint\",\"urlTemplate\":\"https:\\\/\\\/stiftadmont.at\\\/?s={search_term_string}\"},\"query-input\":{\"@type\":\"PropertyValueSpecification\",\"valueRequired\":true,\"valueName\":\"search_term_string\"}}],\"inLanguage\":\"en-GB\"},{\"@type\":\"Person\",\"@id\":\"https:\\\/\\\/stiftadmont.at\\\/#\\\/schema\\\/person\\\/30535548b241d5f33a2e8b839db11869\",\"name\":\"Mario Brandm\u00fcller\"}]}<\/script>\n<!-- \/ Yoast SEO Premium plugin. -->","yoast_head_json":{"title":"12th Admont Lute Festival \u2013 Admont Abbey","description":"Read the latest news on the 12th Admont Lute Festival and much more from the Admont Monastery and parish.","robots":{"index":"index","follow":"follow","max-snippet":"max-snippet:-1","max-image-preview":"max-image-preview:large","max-video-preview":"max-video-preview:-1"},"canonical":"https:\/\/stiftadmont.at\/en\/blog\/autumn-2026\/","og_locale":"en_GB","og_type":"article","og_title":"12. Admonter Lautenherbst","og_description":"Lesen Sie aktuelle Informationen zum Thema 12. Admonter Lautenherbst und vieles mehr aus dem Konvent und der Pfarre Admont.","og_url":"https:\/\/stiftadmont.at\/en\/blog\/autumn-2026\/","og_site_name":"Stift Admont","article_published_time":"2026-08-31T12:00:00+00:00","article_modified_time":"2026-08-31T12:15:44+00:00","og_image":[{"width":2560,"height":1707,"url":"https:\/\/stiftadmont.at\/wp-content\/uploads\/Lautenherbst-Abschlusskonzert-2026-www-104-1-scaled.jpg","type":"image\/jpeg"}],"author":"Mario Brandm\u00fcller","twitter_card":"summary_large_image","twitter_misc":{"Written by":"Mario Brandm\u00fcller","Estimated reading time":"1 minute"},"schema":{"@context":"https:\/\/schema.org","@graph":[{"@type":"Article","@id":"https:\/\/stiftadmont.at\/blog\/lautenherbst-2026\/#article","isPartOf":{"@id":"https:\/\/stiftadmont.at\/blog\/lautenherbst-2026\/"},"author":{"name":"Mario Brandm\u00fcller","@id":"https:\/\/stiftadmont.at\/#\/schema\/person\/30535548b241d5f33a2e8b839db11869"},"headline":"12. Admonter Lautenherbst","datePublished":"2026-08-31T12:00:00+00:00","dateModified":"2026-08-31T12:15:44+00:00","mainEntityOfPage":{"@id":"https:\/\/stiftadmont.at\/blog\/lautenherbst-2026\/"},"wordCount":2,"image":{"@id":"https:\/\/stiftadmont.at\/blog\/lautenherbst-2026\/#primaryimage"},"thumbnailUrl":"https:\/\/stiftadmont.at\/wp-content\/uploads\/Lautenherbst-Abschlusskonzert-2026-www-104-1-scaled.jpg","articleSection":["Einrichtungen aktuell"],"inLanguage":"en-GB"},{"@type":"WebPage","@id":"https:\/\/stiftadmont.at\/blog\/lautenherbst-2026\/","url":"https:\/\/stiftadmont.at\/blog\/lautenherbst-2026\/","name":"12th Admont Lute Festival \u2013 Admont Abbey","isPartOf":{"@id":"https:\/\/stiftadmont.at\/#website"},"primaryImageOfPage":{"@id":"https:\/\/stiftadmont.at\/blog\/lautenherbst-2026\/#primaryimage"},"image":{"@id":"https:\/\/stiftadmont.at\/blog\/lautenherbst-2026\/#primaryimage"},"thumbnailUrl":"https:\/\/stiftadmont.at\/wp-content\/uploads\/Lautenherbst-Abschlusskonzert-2026-www-104-1-scaled.jpg","datePublished":"2026-08-31T12:00:00+00:00","dateModified":"2026-08-31T12:15:44+00:00","author":{"@id":"https:\/\/stiftadmont.at\/#\/schema\/person\/30535548b241d5f33a2e8b839db11869"},"description":"Read the latest news on the 12th Admont Lute Festival and much more from the Admont Monastery and parish.","breadcrumb":{"@id":"https:\/\/stiftadmont.at\/blog\/lautenherbst-2026\/#breadcrumb"},"inLanguage":"en-GB","potentialAction":[{"@type":"ReadAction","target":["https:\/\/stiftadmont.at\/blog\/lautenherbst-2026\/"]}]},{"@type":"ImageObject","inLanguage":"en-GB","@id":"https:\/\/stiftadmont.at\/blog\/lautenherbst-2026\/#primaryimage","url":"https:\/\/stiftadmont.at\/wp-content\/uploads\/Lautenherbst-Abschlusskonzert-2026-www-104-1-scaled.jpg","contentUrl":"https:\/\/stiftadmont.at\/wp-content\/uploads\/Lautenherbst-Abschlusskonzert-2026-www-104-1-scaled.jpg","width":2560,"height":1707,"caption":"Lautenherbst Abschlusskonzert www"},{"@type":"BreadcrumbList","@id":"https:\/\/stiftadmont.at\/blog\/lautenherbst-2026\/#breadcrumb","itemListElement":[{"@type":"ListItem","position":1,"name":"Start","item":"https:\/\/stiftadmont.at\/"},{"@type":"ListItem","position":2,"name":"12. Admonter Lautenherbst"}]},{"@type":"WebSite","@id":"https:\/\/stiftadmont.at\/#website","url":"https:\/\/stiftadmont.at\/","name":"Admont Abbey","description":"Benedictine monastery and tourist attraction in the Ges\u00e4use","potentialAction":[{"@type":"SearchAction","target":{"@type":"EntryPoint","urlTemplate":"https:\/\/stiftadmont.at\/?s={search_term_string}"},"query-input":{"@type":"PropertyValueSpecification","valueRequired":true,"valueName":"search_term_string"}}],"inLanguage":"en-GB"},{"@type":"Person","@id":"https:\/\/stiftadmont.at\/#\/schema\/person\/30535548b241d5f33a2e8b839db11869","name":"Mario Brandm\u00fcller"}]}},"_links":{"self":[{"href":"https:\/\/stiftadmont.at\/en\/wp-json\/wp\/v2\/posts\/42794","targetHints":{"allow":["GET"]}}],"collection":[{"href":"https:\/\/stiftadmont.at\/en\/wp-json\/wp\/v2\/posts"}],"about":[{"href":"https:\/\/stiftadmont.at\/en\/wp-json\/wp\/v2\/types\/post"}],"author":[{"embeddable":true,"href":"https:\/\/stiftadmont.at\/en\/wp-json\/wp\/v2\/users\/7"}],"replies":[{"embeddable":true,"href":"https:\/\/stiftadmont.at\/en\/wp-json\/wp\/v2\/comments?post=42794"}],"version-history":[{"count":2,"href":"https:\/\/stiftadmont.at\/en\/wp-json\/wp\/v2\/posts\/42794\/revisions"}],"predecessor-version":[{"id":42846,"href":"https:\/\/stiftadmont.at\/en\/wp-json\/wp\/v2\/posts\/42794\/revisions\/42846"}],"wp:featuredmedia":[{"embeddable":true,"href":"https:\/\/stiftadmont.at\/en\/wp-json\/wp\/v2\/media\/42845"}],"wp:attachment":[{"href":"https:\/\/stiftadmont.at\/en\/wp-json\/wp\/v2\/media?parent=42794"}],"wp:term":[{"taxonomy":"category","embeddable":true,"href":"https:\/\/stiftadmont.at\/en\/wp-json\/wp\/v2\/categories?post=42794"}],"curies":[{"name":"wp","href":"https:\/\/api.w.org\/{rel}","templated":true}]}}