{"id":5754,"date":"2021-08-01T14:22:23","date_gmt":"2021-08-01T12:22:23","guid":{"rendered":"https:\/\/stiftadmont.at\/?p=5754"},"modified":"2023-04-27T08:53:50","modified_gmt":"2023-04-27T06:53:50","slug":"abbots-jubilee","status":"publish","type":"post","link":"https:\/\/stiftadmont.at\/en\/blog\/abtsjubilaeum\/","title":{"rendered":"Abbot's jubilee"},"content":{"rendered":"<section id='lightpress__section--block_610a85e7ac86c' class='lightpress__section--default-section-space lightpress__section lightpress__section--content'><div class=\"content__inner\"\n         x-init=\"initContentBlockAnim($el)\">\n        \n    <div class=\"content__grid content__grid\">\n                                            <div class=\"content__box content__box--one-hundred\"\n                 style=\"\">\n                                \n                \n                                            <div class=\"prose\"><h2 class=\"heading-xxl line line--gold\">Silbernes Abtsjubil\u00e4um von Abt em. Bruno Hubl O.S.B.<\/h2>\n<p class=\"paragraph-m\">Heute, am 1. August vor genau 25 Jahren, wurde Bruno Hubl zum 67. Abt unseres Klosters gew\u00e4hlt. Diesen Jubil\u00e4umstag haben wir mit einer Pontifikalvesper und einem gem\u00fctlichen Abend gefeiert.Seit seiner Emeritierung 2017 ist Abt Bruno als Seelsorger in unseren Pfarren t\u00e4tig.<\/p>\n<\/div>\n                    \n                            <\/div>\n        \n            <\/div>\n<\/div>\n\n<\/section>\n\n<section id='lightpress__section--block_610a8600ac86d' class='lightpress__section--default-section-space lightpress__section lightpress__section--image-slider'>\n<div class=\"image-slider\"\n     x-data=\"{ gallery: null, shown: false }\"\n     x-init=\"gallery = initSliderGallery([{&quot;href&quot;:&quot;https:\\\/\\\/stiftadmont.at\\\/wp-content\\\/uploads\\\/IMG_1754-1-1920x1440.jpg&quot;,&quot;type&quot;:&quot;image&quot;},{&quot;href&quot;:&quot;https:\\\/\\\/stiftadmont.at\\\/wp-content\\\/uploads\\\/IMG_1748-1-1920x1440.jpg&quot;,&quot;type&quot;:&quot;image&quot;},{&quot;href&quot;:&quot;https:\\\/\\\/stiftadmont.at\\\/wp-content\\\/uploads\\\/01168927-fc45-4b65-bb9c-1107486cb0cb.jpg&quot;,&quot;type&quot;:&quot;image&quot;}]); initImageSliderBlockAnim($el);\">\n    <div class=\"image-slider__inner\">\n\n        <div class=\"swiper-container\" x-init=\"initImageSliderBlock($el, $refs.btnPrev, $refs.btnNext)\">\n            <div class=\"swiper-wrapper\">\n                                    <div class=\"swiper-slide\">\n                        <div class=\"image-slider__media\">\n                            <img decoding=\"async\" class=\"image-slider__image\"\n                                 src=\"https:\/\/stiftadmont.at\/wp-content\/uploads\/IMG_1754-1-768x576.jpg\"\n                                 alt=\"Abtsjubil\u00e4um 2021\">\n                        <\/div>\n                    <\/div>\n                                    <div class=\"swiper-slide\">\n                        <div class=\"image-slider__media\">\n                            <img decoding=\"async\" class=\"image-slider__image\"\n                                 src=\"https:\/\/stiftadmont.at\/wp-content\/uploads\/IMG_1748-1-768x576.jpg\"\n                                 alt=\"Abtsjubil\u00e4um 2021\">\n                        <\/div>\n                    <\/div>\n                                    <div class=\"swiper-slide\">\n                        <div class=\"image-slider__media\">\n                            <img decoding=\"async\" class=\"image-slider__image\" src=\"https:\/\/stiftadmont.at\/wp-content\/uploads\/01168927-fc45-4b65-bb9c-1107486cb0cb-768x1024.jpg\" alt=\"Abtsjubil\u00e4um 2021\" \/>\n                        <\/div>\n                    <\/div>\n                            <\/div>\n\n            <div class=\"swiper-nav-wrapper\">\n                <button class=\"swiper-button-prev slider-button--prev\" x-ref=\"btnPrev\"\n                        aria-label=\"Vorige Bilder anzeigen\">\n                    <img decoding=\"async\" src=\"\/wp-content\/themes\/stift-admont\/src\/assets\/img\/arrow-left-big-new.svg\" alt=\"Pfeil nach Links\">\n                <\/button>\n\n\n                <a class=\"image-slider__gallery\" @click=\"openGallery(gallery)\"><i class=\"fa-thin fa-plus\"><\/i><\/a>\n                <button class=\"swiper-button-next slider-button--next\"\n                        x-ref=\"btnNext\"\n                        aria-label=\"N\u00e4chste Bilder anzeigen\">\n                    <img decoding=\"async\" src=\"\/wp-content\/themes\/stift-admont\/src\/assets\/img\/arrow-right-big-new.svg\" alt=\"Pfeil nach Rechts\">\n                <\/button>\n            <\/div>\n        <\/div>\n    <\/div>\n\n\n<\/div><\/section>","protected":false},"excerpt":{"rendered":"<p>Jubilee day: Silver jubilee of Abbot em. Bruno Hubl O.S.B. <\/p>","protected":false},"author":7,"featured_media":5755,"comment_status":"closed","ping_status":"closed","sticky":false,"template":"","format":"standard","meta":{"_acf_changed":false,"footnotes":""},"categories":[22],"class_list":["post-5754","post","type-post","status-publish","format-standard","has-post-thumbnail","hentry","category-kloster-aktuell"],"acf":[],"yoast_head":"<!-- This site is optimized with the Yoast SEO Premium plugin v26.0 (Yoast SEO v26.8) - https:\/\/yoast.com\/product\/yoast-seo-premium-wordpress\/ -->\n<title>Abtsjubil\u00e4um - Stift Admont<\/title>\n<meta name=\"description\" content=\"Lesen Sie aktuelle Informationen zum Thema Abtsjubil\u00e4um und vieles mehr aus dem Konvent und der Pfarre Admont.\" \/>\n<meta name=\"robots\" content=\"index, follow, max-snippet:-1, max-image-preview:large, max-video-preview:-1\" \/>\n<link rel=\"canonical\" href=\"https:\/\/stiftadmont.at\/en\/blog\/abbots-jubilee\/\" \/>\n<meta property=\"og:locale\" content=\"en_GB\" \/>\n<meta property=\"og:type\" content=\"article\" \/>\n<meta property=\"og:title\" content=\"Abtsjubil\u00e4um\" \/>\n<meta property=\"og:description\" content=\"Lesen Sie aktuelle Informationen zum Thema Abtsjubil\u00e4um und vieles mehr aus dem Konvent und der Pfarre Admont.\" \/>\n<meta property=\"og:url\" content=\"https:\/\/stiftadmont.at\/en\/blog\/abbots-jubilee\/\" \/>\n<meta property=\"og:site_name\" content=\"Stift Admont\" \/>\n<meta property=\"article:published_time\" content=\"2021-08-01T12:22:23+00:00\" \/>\n<meta property=\"article:modified_time\" content=\"2023-04-27T06:53:50+00:00\" \/>\n<meta property=\"og:image\" content=\"https:\/\/stiftadmont.at\/wp-content\/uploads\/IMG_1754-scaled.jpeg\" \/>\n\t<meta property=\"og:image:width\" content=\"2560\" \/>\n\t<meta property=\"og:image:height\" content=\"1920\" \/>\n\t<meta property=\"og:image:type\" content=\"image\/jpeg\" \/>\n<meta name=\"author\" content=\"Mario Brandm\u00fcller\" \/>\n<meta name=\"twitter:card\" content=\"summary_large_image\" \/>\n<meta name=\"twitter:label1\" content=\"Written by\" \/>\n\t<meta name=\"twitter:data1\" content=\"Mario Brandm\u00fcller\" \/>\n<script type=\"application\/ld+json\" class=\"yoast-schema-graph\">{\"@context\":\"https:\/\/schema.org\",\"@graph\":[{\"@type\":\"Article\",\"@id\":\"https:\/\/stiftadmont.at\/blog\/abtsjubilaeum\/#article\",\"isPartOf\":{\"@id\":\"https:\/\/stiftadmont.at\/blog\/abtsjubilaeum\/\"},\"author\":{\"name\":\"Mario Brandm\u00fcller\",\"@id\":\"https:\/\/stiftadmont.at\/#\/schema\/person\/30535548b241d5f33a2e8b839db11869\"},\"headline\":\"Abtsjubil\u00e4um\",\"datePublished\":\"2021-08-01T12:22:23+00:00\",\"dateModified\":\"2023-04-27T06:53:50+00:00\",\"mainEntityOfPage\":{\"@id\":\"https:\/\/stiftadmont.at\/blog\/abtsjubilaeum\/\"},\"wordCount\":2,\"image\":{\"@id\":\"https:\/\/stiftadmont.at\/blog\/abtsjubilaeum\/#primaryimage\"},\"thumbnailUrl\":\"https:\/\/stiftadmont.at\/wp-content\/uploads\/IMG_1754-scaled.jpeg\",\"articleSection\":[\"Kloster aktuell\"],\"inLanguage\":\"en-GB\"},{\"@type\":\"WebPage\",\"@id\":\"https:\/\/stiftadmont.at\/blog\/abtsjubilaeum\/\",\"url\":\"https:\/\/stiftadmont.at\/blog\/abtsjubilaeum\/\",\"name\":\"Abtsjubil\u00e4um - Stift Admont\",\"isPartOf\":{\"@id\":\"https:\/\/stiftadmont.at\/#website\"},\"primaryImageOfPage\":{\"@id\":\"https:\/\/stiftadmont.at\/blog\/abtsjubilaeum\/#primaryimage\"},\"image\":{\"@id\":\"https:\/\/stiftadmont.at\/blog\/abtsjubilaeum\/#primaryimage\"},\"thumbnailUrl\":\"https:\/\/stiftadmont.at\/wp-content\/uploads\/IMG_1754-scaled.jpeg\",\"datePublished\":\"2021-08-01T12:22:23+00:00\",\"dateModified\":\"2023-04-27T06:53:50+00:00\",\"author\":{\"@id\":\"https:\/\/stiftadmont.at\/#\/schema\/person\/30535548b241d5f33a2e8b839db11869\"},\"description\":\"Lesen Sie aktuelle Informationen zum Thema Abtsjubil\u00e4um und vieles mehr aus dem Konvent und der Pfarre Admont.\",\"breadcrumb\":{\"@id\":\"https:\/\/stiftadmont.at\/blog\/abtsjubilaeum\/#breadcrumb\"},\"inLanguage\":\"en-GB\",\"potentialAction\":[{\"@type\":\"ReadAction\",\"target\":[\"https:\/\/stiftadmont.at\/blog\/abtsjubilaeum\/\"]}]},{\"@type\":\"ImageObject\",\"inLanguage\":\"en-GB\",\"@id\":\"https:\/\/stiftadmont.at\/blog\/abtsjubilaeum\/#primaryimage\",\"url\":\"https:\/\/stiftadmont.at\/wp-content\/uploads\/IMG_1754-scaled.jpeg\",\"contentUrl\":\"https:\/\/stiftadmont.at\/wp-content\/uploads\/IMG_1754-scaled.jpeg\",\"width\":2560,\"height\":1920,\"caption\":\"Abtsjubil\u00e4um 2021\"},{\"@type\":\"BreadcrumbList\",\"@id\":\"https:\/\/stiftadmont.at\/blog\/abtsjubilaeum\/#breadcrumb\",\"itemListElement\":[{\"@type\":\"ListItem\",\"position\":1,\"name\":\"Start\",\"item\":\"https:\/\/stiftadmont.at\/\"},{\"@type\":\"ListItem\",\"position\":2,\"name\":\"Abtsjubil\u00e4um\"}]},{\"@type\":\"WebSite\",\"@id\":\"https:\/\/stiftadmont.at\/#website\",\"url\":\"https:\/\/stiftadmont.at\/\",\"name\":\"Stift Admont\",\"description\":\"Benediktinerkloster und Sehensw\u00fcrdigkeit im Ges\u00e4use\",\"potentialAction\":[{\"@type\":\"SearchAction\",\"target\":{\"@type\":\"EntryPoint\",\"urlTemplate\":\"https:\/\/stiftadmont.at\/?s={search_term_string}\"},\"query-input\":{\"@type\":\"PropertyValueSpecification\",\"valueRequired\":true,\"valueName\":\"search_term_string\"}}],\"inLanguage\":\"en-GB\"},{\"@type\":\"Person\",\"@id\":\"https:\/\/stiftadmont.at\/#\/schema\/person\/30535548b241d5f33a2e8b839db11869\",\"name\":\"Mario Brandm\u00fcller\"}]}<\/script>\n<!-- \/ Yoast SEO Premium plugin. -->","yoast_head_json":{"title":"Abbot's jubilee - Admont Abbey","description":"Read the latest information about the abbot's jubilee and much more from the convent and the parish of Admont.","robots":{"index":"index","follow":"follow","max-snippet":"max-snippet:-1","max-image-preview":"max-image-preview:large","max-video-preview":"max-video-preview:-1"},"canonical":"https:\/\/stiftadmont.at\/en\/blog\/abbots-jubilee\/","og_locale":"en_GB","og_type":"article","og_title":"Abtsjubil\u00e4um","og_description":"Lesen Sie aktuelle Informationen zum Thema Abtsjubil\u00e4um und vieles mehr aus dem Konvent und der Pfarre Admont.","og_url":"https:\/\/stiftadmont.at\/en\/blog\/abbots-jubilee\/","og_site_name":"Stift Admont","article_published_time":"2021-08-01T12:22:23+00:00","article_modified_time":"2023-04-27T06:53:50+00:00","og_image":[{"width":2560,"height":1920,"url":"https:\/\/stiftadmont.at\/wp-content\/uploads\/IMG_1754-scaled.jpeg","type":"image\/jpeg"}],"author":"Mario Brandm\u00fcller","twitter_card":"summary_large_image","twitter_misc":{"Written by":"Mario Brandm\u00fcller"},"schema":{"@context":"https:\/\/schema.org","@graph":[{"@type":"Article","@id":"https:\/\/stiftadmont.at\/blog\/abtsjubilaeum\/#article","isPartOf":{"@id":"https:\/\/stiftadmont.at\/blog\/abtsjubilaeum\/"},"author":{"name":"Mario Brandm\u00fcller","@id":"https:\/\/stiftadmont.at\/#\/schema\/person\/30535548b241d5f33a2e8b839db11869"},"headline":"Abtsjubil\u00e4um","datePublished":"2021-08-01T12:22:23+00:00","dateModified":"2023-04-27T06:53:50+00:00","mainEntityOfPage":{"@id":"https:\/\/stiftadmont.at\/blog\/abtsjubilaeum\/"},"wordCount":2,"image":{"@id":"https:\/\/stiftadmont.at\/blog\/abtsjubilaeum\/#primaryimage"},"thumbnailUrl":"https:\/\/stiftadmont.at\/wp-content\/uploads\/IMG_1754-scaled.jpeg","articleSection":["Kloster aktuell"],"inLanguage":"en-GB"},{"@type":"WebPage","@id":"https:\/\/stiftadmont.at\/blog\/abtsjubilaeum\/","url":"https:\/\/stiftadmont.at\/blog\/abtsjubilaeum\/","name":"Abbot's jubilee - Admont Abbey","isPartOf":{"@id":"https:\/\/stiftadmont.at\/#website"},"primaryImageOfPage":{"@id":"https:\/\/stiftadmont.at\/blog\/abtsjubilaeum\/#primaryimage"},"image":{"@id":"https:\/\/stiftadmont.at\/blog\/abtsjubilaeum\/#primaryimage"},"thumbnailUrl":"https:\/\/stiftadmont.at\/wp-content\/uploads\/IMG_1754-scaled.jpeg","datePublished":"2021-08-01T12:22:23+00:00","dateModified":"2023-04-27T06:53:50+00:00","author":{"@id":"https:\/\/stiftadmont.at\/#\/schema\/person\/30535548b241d5f33a2e8b839db11869"},"description":"Read the latest information about the abbot's jubilee and much more from the convent and the parish of Admont.","breadcrumb":{"@id":"https:\/\/stiftadmont.at\/blog\/abtsjubilaeum\/#breadcrumb"},"inLanguage":"en-GB","potentialAction":[{"@type":"ReadAction","target":["https:\/\/stiftadmont.at\/blog\/abtsjubilaeum\/"]}]},{"@type":"ImageObject","inLanguage":"en-GB","@id":"https:\/\/stiftadmont.at\/blog\/abtsjubilaeum\/#primaryimage","url":"https:\/\/stiftadmont.at\/wp-content\/uploads\/IMG_1754-scaled.jpeg","contentUrl":"https:\/\/stiftadmont.at\/wp-content\/uploads\/IMG_1754-scaled.jpeg","width":2560,"height":1920,"caption":"Abtsjubil\u00e4um 2021"},{"@type":"BreadcrumbList","@id":"https:\/\/stiftadmont.at\/blog\/abtsjubilaeum\/#breadcrumb","itemListElement":[{"@type":"ListItem","position":1,"name":"Start","item":"https:\/\/stiftadmont.at\/"},{"@type":"ListItem","position":2,"name":"Abtsjubil\u00e4um"}]},{"@type":"WebSite","@id":"https:\/\/stiftadmont.at\/#website","url":"https:\/\/stiftadmont.at\/","name":"Admont Abbey","description":"Benedictine monastery and tourist attraction in the Ges\u00e4use","potentialAction":[{"@type":"SearchAction","target":{"@type":"EntryPoint","urlTemplate":"https:\/\/stiftadmont.at\/?s={search_term_string}"},"query-input":{"@type":"PropertyValueSpecification","valueRequired":true,"valueName":"search_term_string"}}],"inLanguage":"en-GB"},{"@type":"Person","@id":"https:\/\/stiftadmont.at\/#\/schema\/person\/30535548b241d5f33a2e8b839db11869","name":"Mario Brandm\u00fcller"}]}},"_links":{"self":[{"href":"https:\/\/stiftadmont.at\/en\/wp-json\/wp\/v2\/posts\/5754","targetHints":{"allow":["GET"]}}],"collection":[{"href":"https:\/\/stiftadmont.at\/en\/wp-json\/wp\/v2\/posts"}],"about":[{"href":"https:\/\/stiftadmont.at\/en\/wp-json\/wp\/v2\/types\/post"}],"author":[{"embeddable":true,"href":"https:\/\/stiftadmont.at\/en\/wp-json\/wp\/v2\/users\/7"}],"replies":[{"embeddable":true,"href":"https:\/\/stiftadmont.at\/en\/wp-json\/wp\/v2\/comments?post=5754"}],"version-history":[{"count":5,"href":"https:\/\/stiftadmont.at\/en\/wp-json\/wp\/v2\/posts\/5754\/revisions"}],"predecessor-version":[{"id":17861,"href":"https:\/\/stiftadmont.at\/en\/wp-json\/wp\/v2\/posts\/5754\/revisions\/17861"}],"wp:featuredmedia":[{"embeddable":true,"href":"https:\/\/stiftadmont.at\/en\/wp-json\/wp\/v2\/media\/5755"}],"wp:attachment":[{"href":"https:\/\/stiftadmont.at\/en\/wp-json\/wp\/v2\/media?parent=5754"}],"wp:term":[{"taxonomy":"category","embeddable":true,"href":"https:\/\/stiftadmont.at\/en\/wp-json\/wp\/v2\/categories?post=5754"}],"curies":[{"name":"wp","href":"https:\/\/api.w.org\/{rel}","templated":true}]}}