{"id":10004,"date":"2021-11-24T12:00:00","date_gmt":"2021-11-24T10:00:00","guid":{"rendered":"https:\/\/stiftadmont.at\/?p=10004"},"modified":"2022-04-25T23:53:19","modified_gmt":"2022-04-25T21:53:19","slug":"el-advenimiento-en-stift-admont-lamentablemente-cancelado","status":"publish","type":"post","link":"https:\/\/stiftadmont.at\/es\/blog\/advent-im-stift-admont-leider-abgesagt\/","title":{"rendered":"Desgraciadamente, se cancela el Adviento en la Abad\u00eda de Admont"},"content":{"rendered":"<section id='lightpress__section--block_626717bd34d5c' class='lightpress__section--default-section-space lightpress__section lightpress__section--content'><div class=\"content__inner\"\n         x-init=\"initContentBlockAnim($el)\">\n        \n    <div class=\"content__grid content__grid\">\n                                            <div class=\"content__box content__box--one-hundred\"\n                 style=\"\">\n                                \n                \n                                            <div class=\"prose\"><h2 class=\"heading-xxl line line--gold\">Desgraciadamente, se cancela el Adviento en la Abad\u00eda de Admont<\/h2>\n<p><strong>Mi\u00e9rcoles, 24 de noviembre de 2021 <\/strong><\/p>\n<p>Al igual que el a\u00f1o pasado, el acto \"Adviento en la Abad\u00eda de Admont\" no podr\u00e1 celebrarse este a\u00f1o debido al coronavirus. A\u00fan pueden enviarse cartas al Ni\u00f1o Jes\u00fas. Se contestar\u00e1n individualmente.<\/p>\n<p>La organizadora Silvia Schnepfleitner y su ayudante Sylvia Hofbauer esperaban 127 expositores para el tercer fin de semana de Adviento en Admont. Este a\u00f1o, el tradicional mercado de Adviento deber\u00eda haberse celebrado durante cinco d\u00edas, pero el cierre hace imposible su celebraci\u00f3n. \"Realmente nos hemos esforzado al m\u00e1ximo para que el mercado de Navidad pueda celebrarse esta vez. Por supuesto, nos sangra el coraz\u00f3n y esperamos tener \u00e9xito el a\u00f1o que viene\", dice Schnepfleitner. Desde febrero, la presidenta de la asociaci\u00f3n \"Advent im Stift Admont\" ha dedicado incontables horas a planificar el programa, la infraestructura y la ubicaci\u00f3n. \"A pesar de la cancelaci\u00f3n, queremos crear un ambiente navide\u00f1o\", dice Schnepfleitner. Como el a\u00f1o pasado, los paseantes podr\u00e1n disfrutar de ello. Para ello, todo el patio interior del monasterio benedictino estar\u00e1 decorado con motivos navide\u00f1os e iluminado. \"Pero esto s\u00f3lo es posible gracias a la buena colaboraci\u00f3n con la abad\u00eda benedictina, por la que quiero dar las gracias especialmente al abad Gerhard Hafner, al director econ\u00f3mico Franz Pichler y a todo el departamento cultural\", subraya el organizador del mercado de Adviento.<\/p>\n<h5 class=\"heading-m line line--gold\">La carta al Ni\u00f1o Jes\u00fas<\/h5>\n<p>Justo a tiempo para el comienzo del Adviento, el 1 de diciembre, 35 \u00e1rboles de Navidad decorados festivamente adornar\u00e1n el Rosarium, el patio delantero de la Stiftsg\u00e4rtnerei y la plaza de la iglesia. Las ventanas que dan al patio interior tambi\u00e9n estar\u00e1n decoradas con corazones de madera, campanas y estrellas para crear un ambiente prenavide\u00f1o. Como el a\u00f1o pasado, se instalar\u00e1 un buz\u00f3n dorado delante del edificio administrativo. \"Aqu\u00ed los ni\u00f1os podr\u00e1n enviar sus deseos al Ni\u00f1o Jes\u00fas\", explica Schnepfleitner. El a\u00f1o pasado, la organizadora Silvia Schnepfleitner y su equipo recibieron unas 250 cartas. Los m\u00e1s peque\u00f1os dibujan, los mayores escriben. Las respuestas son tan individuales como las propias cartas. No hay una plantilla, pero hay muchos voluntarios que responden a cada petici\u00f3n individual. Al fin y al cabo, \"realmente se responde a cada carta\", subraya Schnepfleitner.<\/p>\n<p>La presidenta ha planeado una sorpresa muy especial para diez ni\u00f1os este a\u00f1o: \"Cada uno de estos diez ni\u00f1os podr\u00e1 decorar uno de nuestros \u00e1rboles de Navidad junto con su familia\". La tradicional decoraci\u00f3n del \u00e1rbol de Navidad tiene lugar al aire libre, separando a cada familia. Al final, el \u00e1rbol se decora con una peque\u00f1a placa con el nombre del ni\u00f1o que lo ha decorado.<\/p>\n<\/div>\n                    \n                            <\/div>\n        \n            <\/div>\n<\/div>\n\n<\/section>","protected":false},"excerpt":{"rendered":"<p>Cancelado el mercado navide\u00f1o de Admont<\/p>","protected":false},"author":7,"featured_media":8969,"comment_status":"closed","ping_status":"closed","sticky":false,"template":"","format":"standard","meta":{"_acf_changed":false,"footnotes":""},"categories":[23],"class_list":["post-10004","post","type-post","status-publish","format-standard","has-post-thumbnail","hentry","category-einrichtungen-aktuell"],"acf":[],"yoast_head":"<!-- This site is optimized with the Yoast SEO Premium plugin v26.0 (Yoast SEO v26.8) - https:\/\/yoast.com\/product\/yoast-seo-premium-wordpress\/ -->\n<title>Advent im Stift Admont leider abgesagt - Stift Admont<\/title>\n<meta name=\"description\" content=\"Lesen Sie aktuelle Informationen zum Thema Advent im Stift Admont leider abgesagt und vieles mehr aus dem Konvent und der Pfarre Admont.\" \/>\n<meta name=\"robots\" content=\"index, follow, max-snippet:-1, max-image-preview:large, max-video-preview:-1\" \/>\n<link rel=\"canonical\" href=\"https:\/\/stiftadmont.at\/es\/blog\/el-advenimiento-en-stift-admont-lamentablemente-cancelado\/\" \/>\n<meta property=\"og:locale\" content=\"es_ES\" \/>\n<meta property=\"og:type\" content=\"article\" \/>\n<meta property=\"og:title\" content=\"Advent im Stift Admont leider abgesagt\" \/>\n<meta property=\"og:description\" content=\"Lesen Sie aktuelle Informationen zum Thema Advent im Stift Admont leider abgesagt und vieles mehr aus dem Konvent und der Pfarre Admont.\" \/>\n<meta property=\"og:url\" content=\"https:\/\/stiftadmont.at\/es\/blog\/el-advenimiento-en-stift-admont-lamentablemente-cancelado\/\" \/>\n<meta property=\"og:site_name\" content=\"Stift Admont\" \/>\n<meta property=\"article:published_time\" content=\"2021-11-24T10:00:00+00:00\" \/>\n<meta property=\"article:modified_time\" content=\"2022-04-25T21:53:19+00:00\" \/>\n<meta property=\"og:image\" content=\"https:\/\/stiftadmont.at\/wp-content\/uploads\/02_Admonter_Advent_2017_\u00a9StefanLeitner02.jpg\" \/>\n\t<meta property=\"og:image:width\" content=\"2560\" \/>\n\t<meta property=\"og:image:height\" content=\"1920\" \/>\n\t<meta property=\"og:image:type\" content=\"image\/jpeg\" \/>\n<meta name=\"author\" content=\"Mario Brandm\u00fcller\" \/>\n<meta name=\"twitter:card\" content=\"summary_large_image\" \/>\n<meta name=\"twitter:label1\" content=\"Escrito por\" \/>\n\t<meta name=\"twitter:data1\" content=\"Mario Brandm\u00fcller\" \/>\n<script type=\"application\/ld+json\" class=\"yoast-schema-graph\">{\"@context\":\"https:\/\/schema.org\",\"@graph\":[{\"@type\":\"Article\",\"@id\":\"https:\/\/stiftadmont.at\/blog\/advent-im-stift-admont-leider-abgesagt\/#article\",\"isPartOf\":{\"@id\":\"https:\/\/stiftadmont.at\/blog\/advent-im-stift-admont-leider-abgesagt\/\"},\"author\":{\"name\":\"Mario Brandm\u00fcller\",\"@id\":\"https:\/\/stiftadmont.at\/#\/schema\/person\/30535548b241d5f33a2e8b839db11869\"},\"headline\":\"Advent im Stift Admont leider abgesagt\",\"datePublished\":\"2021-11-24T10:00:00+00:00\",\"dateModified\":\"2022-04-25T21:53:19+00:00\",\"mainEntityOfPage\":{\"@id\":\"https:\/\/stiftadmont.at\/blog\/advent-im-stift-admont-leider-abgesagt\/\"},\"wordCount\":6,\"image\":{\"@id\":\"https:\/\/stiftadmont.at\/blog\/advent-im-stift-admont-leider-abgesagt\/#primaryimage\"},\"thumbnailUrl\":\"https:\/\/stiftadmont.at\/wp-content\/uploads\/02_Admonter_Advent_2017_\u00a9StefanLeitner02.jpg\",\"articleSection\":[\"Einrichtungen aktuell\"],\"inLanguage\":\"es\"},{\"@type\":\"WebPage\",\"@id\":\"https:\/\/stiftadmont.at\/blog\/advent-im-stift-admont-leider-abgesagt\/\",\"url\":\"https:\/\/stiftadmont.at\/blog\/advent-im-stift-admont-leider-abgesagt\/\",\"name\":\"Advent im Stift Admont leider abgesagt - Stift Admont\",\"isPartOf\":{\"@id\":\"https:\/\/stiftadmont.at\/#website\"},\"primaryImageOfPage\":{\"@id\":\"https:\/\/stiftadmont.at\/blog\/advent-im-stift-admont-leider-abgesagt\/#primaryimage\"},\"image\":{\"@id\":\"https:\/\/stiftadmont.at\/blog\/advent-im-stift-admont-leider-abgesagt\/#primaryimage\"},\"thumbnailUrl\":\"https:\/\/stiftadmont.at\/wp-content\/uploads\/02_Admonter_Advent_2017_\u00a9StefanLeitner02.jpg\",\"datePublished\":\"2021-11-24T10:00:00+00:00\",\"dateModified\":\"2022-04-25T21:53:19+00:00\",\"author\":{\"@id\":\"https:\/\/stiftadmont.at\/#\/schema\/person\/30535548b241d5f33a2e8b839db11869\"},\"description\":\"Lesen Sie aktuelle Informationen zum Thema Advent im Stift Admont leider abgesagt und vieles mehr aus dem Konvent und der Pfarre Admont.\",\"breadcrumb\":{\"@id\":\"https:\/\/stiftadmont.at\/blog\/advent-im-stift-admont-leider-abgesagt\/#breadcrumb\"},\"inLanguage\":\"es\",\"potentialAction\":[{\"@type\":\"ReadAction\",\"target\":[\"https:\/\/stiftadmont.at\/blog\/advent-im-stift-admont-leider-abgesagt\/\"]}]},{\"@type\":\"ImageObject\",\"inLanguage\":\"es\",\"@id\":\"https:\/\/stiftadmont.at\/blog\/advent-im-stift-admont-leider-abgesagt\/#primaryimage\",\"url\":\"https:\/\/stiftadmont.at\/wp-content\/uploads\/02_Admonter_Advent_2017_\u00a9StefanLeitner02.jpg\",\"contentUrl\":\"https:\/\/stiftadmont.at\/wp-content\/uploads\/02_Admonter_Advent_2017_\u00a9StefanLeitner02.jpg\",\"width\":2560,\"height\":1920,\"caption\":\"Advent im Stift Admont \u00a9 Stefan Leitner\"},{\"@type\":\"BreadcrumbList\",\"@id\":\"https:\/\/stiftadmont.at\/blog\/advent-im-stift-admont-leider-abgesagt\/#breadcrumb\",\"itemListElement\":[{\"@type\":\"ListItem\",\"position\":1,\"name\":\"Start\",\"item\":\"https:\/\/stiftadmont.at\/\"},{\"@type\":\"ListItem\",\"position\":2,\"name\":\"Advent im Stift Admont leider abgesagt\"}]},{\"@type\":\"WebSite\",\"@id\":\"https:\/\/stiftadmont.at\/#website\",\"url\":\"https:\/\/stiftadmont.at\/\",\"name\":\"Stift Admont\",\"description\":\"Benediktinerkloster und Sehensw\u00fcrdigkeit im Ges\u00e4use\",\"potentialAction\":[{\"@type\":\"SearchAction\",\"target\":{\"@type\":\"EntryPoint\",\"urlTemplate\":\"https:\/\/stiftadmont.at\/?s={search_term_string}\"},\"query-input\":{\"@type\":\"PropertyValueSpecification\",\"valueRequired\":true,\"valueName\":\"search_term_string\"}}],\"inLanguage\":\"es\"},{\"@type\":\"Person\",\"@id\":\"https:\/\/stiftadmont.at\/#\/schema\/person\/30535548b241d5f33a2e8b839db11869\",\"name\":\"Mario Brandm\u00fcller\"}]}<\/script>\n<!-- \/ Yoast SEO Premium plugin. -->","yoast_head_json":{"title":"Adviento en la Abad\u00eda de Admont lamentablemente cancelado - Abad\u00eda de Admont","description":"Lea la informaci\u00f3n m\u00e1s reciente sobre el Adviento en la Abad\u00eda de Admont, lamentablemente cancelado, y mucho m\u00e1s del convento y la parroquia de Admont.","robots":{"index":"index","follow":"follow","max-snippet":"max-snippet:-1","max-image-preview":"max-image-preview:large","max-video-preview":"max-video-preview:-1"},"canonical":"https:\/\/stiftadmont.at\/es\/blog\/el-advenimiento-en-stift-admont-lamentablemente-cancelado\/","og_locale":"es_ES","og_type":"article","og_title":"Advent im Stift Admont leider abgesagt","og_description":"Lesen Sie aktuelle Informationen zum Thema Advent im Stift Admont leider abgesagt und vieles mehr aus dem Konvent und der Pfarre Admont.","og_url":"https:\/\/stiftadmont.at\/es\/blog\/el-advenimiento-en-stift-admont-lamentablemente-cancelado\/","og_site_name":"Stift Admont","article_published_time":"2021-11-24T10:00:00+00:00","article_modified_time":"2022-04-25T21:53:19+00:00","og_image":[{"width":2560,"height":1920,"url":"https:\/\/stiftadmont.at\/wp-content\/uploads\/02_Admonter_Advent_2017_\u00a9StefanLeitner02.jpg","type":"image\/jpeg"}],"author":"Mario Brandm\u00fcller","twitter_card":"summary_large_image","twitter_misc":{"Escrito por":"Mario Brandm\u00fcller"},"schema":{"@context":"https:\/\/schema.org","@graph":[{"@type":"Article","@id":"https:\/\/stiftadmont.at\/blog\/advent-im-stift-admont-leider-abgesagt\/#article","isPartOf":{"@id":"https:\/\/stiftadmont.at\/blog\/advent-im-stift-admont-leider-abgesagt\/"},"author":{"name":"Mario Brandm\u00fcller","@id":"https:\/\/stiftadmont.at\/#\/schema\/person\/30535548b241d5f33a2e8b839db11869"},"headline":"Advent im Stift Admont leider abgesagt","datePublished":"2021-11-24T10:00:00+00:00","dateModified":"2022-04-25T21:53:19+00:00","mainEntityOfPage":{"@id":"https:\/\/stiftadmont.at\/blog\/advent-im-stift-admont-leider-abgesagt\/"},"wordCount":6,"image":{"@id":"https:\/\/stiftadmont.at\/blog\/advent-im-stift-admont-leider-abgesagt\/#primaryimage"},"thumbnailUrl":"https:\/\/stiftadmont.at\/wp-content\/uploads\/02_Admonter_Advent_2017_\u00a9StefanLeitner02.jpg","articleSection":["Einrichtungen aktuell"],"inLanguage":"es"},{"@type":"WebPage","@id":"https:\/\/stiftadmont.at\/blog\/advent-im-stift-admont-leider-abgesagt\/","url":"https:\/\/stiftadmont.at\/blog\/advent-im-stift-admont-leider-abgesagt\/","name":"Adviento en la Abad\u00eda de Admont lamentablemente cancelado - Abad\u00eda de Admont","isPartOf":{"@id":"https:\/\/stiftadmont.at\/#website"},"primaryImageOfPage":{"@id":"https:\/\/stiftadmont.at\/blog\/advent-im-stift-admont-leider-abgesagt\/#primaryimage"},"image":{"@id":"https:\/\/stiftadmont.at\/blog\/advent-im-stift-admont-leider-abgesagt\/#primaryimage"},"thumbnailUrl":"https:\/\/stiftadmont.at\/wp-content\/uploads\/02_Admonter_Advent_2017_\u00a9StefanLeitner02.jpg","datePublished":"2021-11-24T10:00:00+00:00","dateModified":"2022-04-25T21:53:19+00:00","author":{"@id":"https:\/\/stiftadmont.at\/#\/schema\/person\/30535548b241d5f33a2e8b839db11869"},"description":"Lea la informaci\u00f3n m\u00e1s reciente sobre el Adviento en la Abad\u00eda de Admont, lamentablemente cancelado, y mucho m\u00e1s del convento y la parroquia de Admont.","breadcrumb":{"@id":"https:\/\/stiftadmont.at\/blog\/advent-im-stift-admont-leider-abgesagt\/#breadcrumb"},"inLanguage":"es","potentialAction":[{"@type":"ReadAction","target":["https:\/\/stiftadmont.at\/blog\/advent-im-stift-admont-leider-abgesagt\/"]}]},{"@type":"ImageObject","inLanguage":"es","@id":"https:\/\/stiftadmont.at\/blog\/advent-im-stift-admont-leider-abgesagt\/#primaryimage","url":"https:\/\/stiftadmont.at\/wp-content\/uploads\/02_Admonter_Advent_2017_\u00a9StefanLeitner02.jpg","contentUrl":"https:\/\/stiftadmont.at\/wp-content\/uploads\/02_Admonter_Advent_2017_\u00a9StefanLeitner02.jpg","width":2560,"height":1920,"caption":"Advent im Stift Admont \u00a9 Stefan Leitner"},{"@type":"BreadcrumbList","@id":"https:\/\/stiftadmont.at\/blog\/advent-im-stift-admont-leider-abgesagt\/#breadcrumb","itemListElement":[{"@type":"ListItem","position":1,"name":"Start","item":"https:\/\/stiftadmont.at\/"},{"@type":"ListItem","position":2,"name":"Advent im Stift Admont leider abgesagt"}]},{"@type":"WebSite","@id":"https:\/\/stiftadmont.at\/#website","url":"https:\/\/stiftadmont.at\/","name":"Abad\u00eda de Admont","description":"Monasterio benedictino y atracci\u00f3n tur\u00edstica en el Ges\u00e4use","potentialAction":[{"@type":"SearchAction","target":{"@type":"EntryPoint","urlTemplate":"https:\/\/stiftadmont.at\/?s={search_term_string}"},"query-input":{"@type":"PropertyValueSpecification","valueRequired":true,"valueName":"search_term_string"}}],"inLanguage":"es"},{"@type":"Person","@id":"https:\/\/stiftadmont.at\/#\/schema\/person\/30535548b241d5f33a2e8b839db11869","name":"Mario Brandm\u00fcller"}]}},"_links":{"self":[{"href":"https:\/\/stiftadmont.at\/es\/wp-json\/wp\/v2\/posts\/10004","targetHints":{"allow":["GET"]}}],"collection":[{"href":"https:\/\/stiftadmont.at\/es\/wp-json\/wp\/v2\/posts"}],"about":[{"href":"https:\/\/stiftadmont.at\/es\/wp-json\/wp\/v2\/types\/post"}],"author":[{"embeddable":true,"href":"https:\/\/stiftadmont.at\/es\/wp-json\/wp\/v2\/users\/7"}],"replies":[{"embeddable":true,"href":"https:\/\/stiftadmont.at\/es\/wp-json\/wp\/v2\/comments?post=10004"}],"version-history":[{"count":5,"href":"https:\/\/stiftadmont.at\/es\/wp-json\/wp\/v2\/posts\/10004\/revisions"}],"predecessor-version":[{"id":10010,"href":"https:\/\/stiftadmont.at\/es\/wp-json\/wp\/v2\/posts\/10004\/revisions\/10010"}],"wp:featuredmedia":[{"embeddable":true,"href":"https:\/\/stiftadmont.at\/es\/wp-json\/wp\/v2\/media\/8969"}],"wp:attachment":[{"href":"https:\/\/stiftadmont.at\/es\/wp-json\/wp\/v2\/media?parent=10004"}],"wp:term":[{"taxonomy":"category","embeddable":true,"href":"https:\/\/stiftadmont.at\/es\/wp-json\/wp\/v2\/categories?post=10004"}],"curies":[{"name":"wp","href":"https:\/\/api.w.org\/{rel}","templated":true}]}}