{"id":10011,"date":"2021-03-01T12:00:00","date_gmt":"2021-03-01T10:00:00","guid":{"rendered":"https:\/\/stiftadmont.at\/?p=10011"},"modified":"2022-04-26T00:03:01","modified_gmt":"2022-04-25T22:03:01","slug":"stift-admont-refuerza-el-turismo-en-estonia","status":"publish","type":"post","link":"https:\/\/stiftadmont.at\/es\/blog\/stift-admont-staerkt-steirischen-tourismus\/","title":{"rendered":"La Abad\u00eda de Admont refuerza el turismo de Estiria"},"content":{"rendered":"<section id='lightpress__section--block_626718c0d0194' class='lightpress__section--default-section-space lightpress__section lightpress__section--content'><div class=\"content__inner\"\n         x-init=\"initContentBlockAnim($el)\">\n        \n    <div class=\"content__grid content__grid\">\n                                            <div class=\"content__box content__box--one-hundred\"\n                 style=\"\">\n                                \n                \n                                            <div class=\"prose\"><h2 class=\"heading-xxl line line--gold\">La Abad\u00eda de Admont refuerza el turismo de Estiria<\/h2>\n<p><strong>Lunes, 1 de marzo de 2021 <\/strong><\/p>\n<p><strong>El marketing en l\u00ednea alcanza a m\u00e1s de 150 millones de personas<\/strong><\/p>\n<p>\"Los benedictinos consideramos que nuestra tarea consiste en preservar valiosos bienes culturales y hacerlos accesibles a la gente. Una tarea a la que nos dedicamos desde hace casi 950 a\u00f1os y a trav\u00e9s de la cual tambi\u00e9n promovemos significativamente el desarrollo del turismo en la regi\u00f3n y en todo el pa\u00eds\", afirma el abad Gerhard Hafner OSB sobre la misi\u00f3n de mediaci\u00f3n cultural de la abad\u00eda benedictina de Admont.<\/p>\n<p><strong>M\u00e1s de 150 millones de personas<\/strong><\/p>\n<p>De 2018 a 2020, el departamento de marketing y relaciones p\u00fablicas del monasterio benedictino envi\u00f3 por todo el mundo la foto de la mayor biblioteca mon\u00e1stica del mundo. Dos a\u00f1os en los que m\u00e1s de 150 millones de usuarios se maravillaron, compartieron y les gust\u00f3 la maravilla barroca en plataformas digitales. \"Nuestro marketing est\u00e1 orientado a una fuerte presencia online en redes sociales, viajes y plataformas culturales. Esto nos ha permitido aumentar significativamente el conocimiento de la biblioteca del monasterio de Admont\", afirma Mario Brandm\u00fcller, responsable de Cultura, Turismo y Relaciones P\u00fablicas de la Abad\u00eda de Admont. Una estrategia que ha desencadenado un aut\u00e9ntico \"hype Admont\": Solo en Facebook, el monasterio benedictino ha alcanzado en dos a\u00f1os a casi 38 millones de personas y, por si fuera poco, la estrella medi\u00e1tica estadounidense Oprah Winfrey se ha sumado al bombo publicitario. Y sin contrato publicitario. \"El club de lectura fundado por Oprah Winfrey ha publicado una recomendaci\u00f3n de viaje a Admont y una foto de la biblioteca de la abad\u00eda. Nos sentimos muy honrados\", se alegra el abad Gerhard Hafner OSB, que informa de que la abad\u00eda benedictina ha recibido desde entonces numerosas solicitudes de reserva por parte de estadounidenses.<\/p>\n<p><strong>Crece la proporci\u00f3n de hu\u00e9spedes internacionales<\/strong><\/p>\n<p>Sin embargo, no s\u00f3lo el monasterio benedictino se beneficia del impacto publicitario de la mayor biblioteca monasterial del mundo, sino tambi\u00e9n el turismo de toda la provincia. Tradicionalmente, Estiria cuenta con una elevada proporci\u00f3n de visitantes nacionales, algo menos del 64%. La situaci\u00f3n es similar para las pernoctaciones: alrededor del 61% de todas las reservas proceden de Austria. El monasterio benedictino quiere atraer a nuevos grupos destinatarios a Estiria a trav\u00e9s de su marketing internacional. \"Partimos de la base de que nuestras actividades nos permitir\u00e1n aumentar significativamente la proporci\u00f3n de hu\u00e9spedes extranjeros en los pr\u00f3ximos dos a\u00f1os\", afirma el Director Econ\u00f3mico Franz Pichler. Adem\u00e1s del mercado americano, el monasterio benedictino tambi\u00e9n se centra en los mercados de Europa del Este y Asia. \"Incluso antes de la pandemia de coronavirus, lanzamos una ofensiva comercial en Hungr\u00eda, Polonia, la Rep\u00fablica Checa, Eslovaquia y Eslovenia. Tambi\u00e9n nos dirigimos a Rusia\", explica Mario Brandm\u00fcller, Jefe de Relaciones P\u00fablicas. El principal objetivo es atraer al p\u00fablico con inquietudes culturales con la mayor biblioteca de monasterio del mundo y la nueva exposici\u00f3n especial en el Museo de la Abad\u00eda sobre las dos personalidades de los Habsburgo, Federico III y Maximiliano I. Sin embargo, los hu\u00e9spedes del nuevo mercado objetivo no s\u00f3lo deber\u00edan aumentar el n\u00famero de visitantes del museo, sino sobre todo garantizar un incremento de las pernoctaciones.<\/p>\n<p><strong>La puerta de entrada al mercado internacional<\/strong><\/p>\n<p>Para introducirse en el mercado internacional, el monasterio benedictino lanza una nueva plataforma. Las visitas digitales de \u00faltima generaci\u00f3n son posibles en www.cultour.digital. Aqu\u00ed entra en juego un software especial que ofrece una extraordinaria vista de 360 grados y diversas funciones de audio y adicionales. \"Esto permite a los visitantes de todo el mundo explorar digitalmente la biblioteca del monasterio y el Museo de la Abad\u00eda de Admont, lo que nos permite establecernos a escala mundial\", afirma Pichler. Poco despu\u00e9s del lanzamiento en Europa, otros museos e instituciones culturales de renombre ya se han unido a la plataforma. Tambi\u00e9n est\u00e1n en marcha conversaciones sobre asociaciones internacionales: \"Estamos en contacto con familias propietarias e instituciones muse\u00edsticas de toda Europa que quieren compartir su oferta cultural en cultour.digital\", dice Brandm\u00fcller sobre la plataforma en constante crecimiento. Sin embargo, estas visitas digitales no pretenden sustituir la experiencia in situ, sino despertar el inter\u00e9s por una visita. \"La nueva plataforma es un puente virtual hacia la experiencia cultural real\", subraya Brandm\u00fcller, que cree que la sofisticada estrategia de marketing del monasterio benedictino no s\u00f3lo est\u00e1 situando a Admont en el camino correcto para posicionarse como destino vacacional internacional, sino a Estiria en su conjunto. \"Con nuestros pasos de marketing, estamos reforzando el turismo de Estiria en su conjunto a largo plazo\", afirma Brandm\u00fcller.  Este sofisticado software ha sido desarrollado por la empresa emergente LightCyde, de Schladming. \"Nos permite ofrecer a todos los usuarios una experiencia cultural moderna, orientada a la experiencia, interactiva e intuitiva. Se ha hecho realidad una plataforma cultural sostenible e internacional, teniendo en cuenta la idea de sinergia, as\u00ed como amplias oportunidades de publicidad y marketing para todas las instituciones culturales\", afirma Thomas Fischbacher, Director General de LightCyde.<\/p>\n<p><strong>Los elogios y el reconocimiento a la labor del monasterio benedictino proceden tambi\u00e9n de la provincia de Estiria, el municipio de Admont y la Ges\u00e4use TVB.<\/strong><\/p>\n<p><strong>MMag. Barbara Eibinger-Miedl, Consejera de Turismo del Estado de Estiria <\/strong><br \/><em>\"La Biblioteca de la Abad\u00eda de Admont es un bien cultural excepcional que ya se ha hecho un nombre en todo el mundo. Las diversas actividades del monasterio benedictino para que la biblioteca sea a\u00fan m\u00e1s conocida y accesible, incluso en tiempos de pandemia de coronavirus, tienen un valor incalculable. Contribuyen a atraer a Admont y, por ende, a Estiria, a nuevos grupos destinatarios. Muchas gracias al abad Gerhard Hafner y a todo el equipo por combinar tradici\u00f3n e innovaci\u00f3n de un modo t\u00edpicamente estiriano\", afirma Barbara Eibinger-Miedl, consejera provincial de Turismo.<\/em><\/p>\n<p><strong>Christian Haider, Alcalde de Admont\u00a0 <\/strong><em><br \/>\"Un equipo joven y entregado ha conseguido enviar la mayor biblioteca de monasterio del mundo a dar la vuelta al mundo. Nuestro municipio tambi\u00e9n ha podido participar en este viaje. El turismo y la biblioteca del monasterio en particular son muy importantes para el municipio de Admont.\"<\/em><\/p>\n<p><strong>David Osebik, Director General de la Asociaci\u00f3n de Turismo de Ges\u00e4use<\/strong> <br \/><em>Lo que se ha creado detr\u00e1s y delante de los muros del monasterio en los \u00faltimos a\u00f1os est\u00e1 causando furor en el mundo exterior. El equipo de la asociaci\u00f3n de turismo pudo desarrollar el factor de \u00e9xito de las redes sociales con el departamento cultural del monasterio en los primeros a\u00f1os. El Premio Estatal de Relaciones P\u00fablicas en noviembre de 2019 fue la primera y muy notoria corona de este desarrollo. Desde 2020, el monasterio ha sido su propia agencia de medios sociales de \u00e9xito y contin\u00faa su camino hacia alturas nunca antes imaginadas. Los 100.000 seguidores alcanzados recientemente en Facebook hablan por s\u00ed solos. Sin embargo, la innovaci\u00f3n en la abad\u00eda benedictina de Admont no se detiene en las redes sociales. El a\u00f1o pasado, el proyecto Cultour cre\u00f3 una plataforma cultural digital sin parang\u00f3n en todo el mundo. Es el resultado de un duro trabajo y una enorme pericia, por los que hay que felicitar al monasterio y a sus empleados.<\/em><\/p>\n<\/div>\n                    \n                            <\/div>\n        \n            <\/div>\n<\/div>\n\n<\/section>","protected":false},"excerpt":{"rendered":"<p>Gracias a la creciente popularidad de la biblioteca del monasterio m\u00e1s grande del mundo, Admont se est\u00e1 convirtiendo tambi\u00e9n en un popular destino tur\u00edstico en Europa del Este, Asia y Estados Unidos. Toda Estiria se beneficia de esta positiva evoluci\u00f3n.<\/p>","protected":false},"author":7,"featured_media":10012,"comment_status":"closed","ping_status":"closed","sticky":false,"template":"","format":"standard","meta":{"_acf_changed":false,"footnotes":""},"categories":[23],"class_list":["post-10011","post","type-post","status-publish","format-standard","has-post-thumbnail","hentry","category-einrichtungen-aktuell"],"acf":[],"yoast_head":"<!-- This site is optimized with the Yoast SEO Premium plugin v26.0 (Yoast SEO v26.8) - https:\/\/yoast.com\/product\/yoast-seo-premium-wordpress\/ -->\n<title>Stift Admont st\u00e4rkt steirischen Tourismus - Stift Admont<\/title>\n<meta name=\"description\" content=\"Lesen Sie aktuelle Informationen zum Thema Stift Admont st\u00e4rkt steirischen Tourismus und vieles mehr aus dem Konvent und der Pfarre Admont.\" \/>\n<meta name=\"robots\" content=\"index, follow, max-snippet:-1, max-image-preview:large, max-video-preview:-1\" \/>\n<link rel=\"canonical\" href=\"https:\/\/stiftadmont.at\/es\/blog\/stift-admont-refuerza-el-turismo-en-estonia\/\" \/>\n<meta property=\"og:locale\" content=\"es_ES\" \/>\n<meta property=\"og:type\" content=\"article\" \/>\n<meta property=\"og:title\" content=\"Stift Admont st\u00e4rkt steirischen Tourismus\" \/>\n<meta property=\"og:description\" content=\"Lesen Sie aktuelle Informationen zum Thema Stift Admont st\u00e4rkt steirischen Tourismus und vieles mehr aus dem Konvent und der Pfarre Admont.\" \/>\n<meta property=\"og:url\" content=\"https:\/\/stiftadmont.at\/es\/blog\/stift-admont-refuerza-el-turismo-en-estonia\/\" \/>\n<meta property=\"og:site_name\" content=\"Stift Admont\" \/>\n<meta property=\"article:published_time\" content=\"2021-03-01T10:00:00+00:00\" \/>\n<meta property=\"article:modified_time\" content=\"2022-04-25T22:03:01+00:00\" \/>\n<meta property=\"og:image\" content=\"https:\/\/stiftadmont.at\/wp-content\/uploads\/b3d2a4d6f5d1518670dff9ee670aac6e_L.jpg\" \/>\n\t<meta property=\"og:image:width\" content=\"853\" \/>\n\t<meta property=\"og:image:height\" content=\"853\" \/>\n\t<meta property=\"og:image:type\" content=\"image\/jpeg\" \/>\n<meta name=\"author\" content=\"Mario Brandm\u00fcller\" \/>\n<meta name=\"twitter:card\" content=\"summary_large_image\" \/>\n<meta name=\"twitter:label1\" content=\"Escrito por\" \/>\n\t<meta name=\"twitter:data1\" content=\"Mario Brandm\u00fcller\" \/>\n<script type=\"application\/ld+json\" class=\"yoast-schema-graph\">{\"@context\":\"https:\/\/schema.org\",\"@graph\":[{\"@type\":\"Article\",\"@id\":\"https:\/\/stiftadmont.at\/blog\/stift-admont-staerkt-steirischen-tourismus\/#article\",\"isPartOf\":{\"@id\":\"https:\/\/stiftadmont.at\/blog\/stift-admont-staerkt-steirischen-tourismus\/\"},\"author\":{\"name\":\"Mario Brandm\u00fcller\",\"@id\":\"https:\/\/stiftadmont.at\/#\/schema\/person\/30535548b241d5f33a2e8b839db11869\"},\"headline\":\"Stift Admont st\u00e4rkt steirischen Tourismus\",\"datePublished\":\"2021-03-01T10:00:00+00:00\",\"dateModified\":\"2022-04-25T22:03:01+00:00\",\"mainEntityOfPage\":{\"@id\":\"https:\/\/stiftadmont.at\/blog\/stift-admont-staerkt-steirischen-tourismus\/\"},\"wordCount\":6,\"image\":{\"@id\":\"https:\/\/stiftadmont.at\/blog\/stift-admont-staerkt-steirischen-tourismus\/#primaryimage\"},\"thumbnailUrl\":\"https:\/\/stiftadmont.at\/wp-content\/uploads\/b3d2a4d6f5d1518670dff9ee670aac6e_L.jpg\",\"articleSection\":[\"Einrichtungen aktuell\"],\"inLanguage\":\"es\"},{\"@type\":\"WebPage\",\"@id\":\"https:\/\/stiftadmont.at\/blog\/stift-admont-staerkt-steirischen-tourismus\/\",\"url\":\"https:\/\/stiftadmont.at\/blog\/stift-admont-staerkt-steirischen-tourismus\/\",\"name\":\"Stift Admont st\u00e4rkt steirischen Tourismus - Stift Admont\",\"isPartOf\":{\"@id\":\"https:\/\/stiftadmont.at\/#website\"},\"primaryImageOfPage\":{\"@id\":\"https:\/\/stiftadmont.at\/blog\/stift-admont-staerkt-steirischen-tourismus\/#primaryimage\"},\"image\":{\"@id\":\"https:\/\/stiftadmont.at\/blog\/stift-admont-staerkt-steirischen-tourismus\/#primaryimage\"},\"thumbnailUrl\":\"https:\/\/stiftadmont.at\/wp-content\/uploads\/b3d2a4d6f5d1518670dff9ee670aac6e_L.jpg\",\"datePublished\":\"2021-03-01T10:00:00+00:00\",\"dateModified\":\"2022-04-25T22:03:01+00:00\",\"author\":{\"@id\":\"https:\/\/stiftadmont.at\/#\/schema\/person\/30535548b241d5f33a2e8b839db11869\"},\"description\":\"Lesen Sie aktuelle Informationen zum Thema Stift Admont st\u00e4rkt steirischen Tourismus und vieles mehr aus dem Konvent und der Pfarre Admont.\",\"breadcrumb\":{\"@id\":\"https:\/\/stiftadmont.at\/blog\/stift-admont-staerkt-steirischen-tourismus\/#breadcrumb\"},\"inLanguage\":\"es\",\"potentialAction\":[{\"@type\":\"ReadAction\",\"target\":[\"https:\/\/stiftadmont.at\/blog\/stift-admont-staerkt-steirischen-tourismus\/\"]}]},{\"@type\":\"ImageObject\",\"inLanguage\":\"es\",\"@id\":\"https:\/\/stiftadmont.at\/blog\/stift-admont-staerkt-steirischen-tourismus\/#primaryimage\",\"url\":\"https:\/\/stiftadmont.at\/wp-content\/uploads\/b3d2a4d6f5d1518670dff9ee670aac6e_L.jpg\",\"contentUrl\":\"https:\/\/stiftadmont.at\/wp-content\/uploads\/b3d2a4d6f5d1518670dff9ee670aac6e_L.jpg\",\"width\":853,\"height\":853,\"caption\":\"b3d2a4d6f5d1518670dff9ee670aac6e L\"},{\"@type\":\"BreadcrumbList\",\"@id\":\"https:\/\/stiftadmont.at\/blog\/stift-admont-staerkt-steirischen-tourismus\/#breadcrumb\",\"itemListElement\":[{\"@type\":\"ListItem\",\"position\":1,\"name\":\"Start\",\"item\":\"https:\/\/stiftadmont.at\/\"},{\"@type\":\"ListItem\",\"position\":2,\"name\":\"Stift Admont st\u00e4rkt steirischen Tourismus\"}]},{\"@type\":\"WebSite\",\"@id\":\"https:\/\/stiftadmont.at\/#website\",\"url\":\"https:\/\/stiftadmont.at\/\",\"name\":\"Stift Admont\",\"description\":\"Benediktinerkloster und Sehensw\u00fcrdigkeit im Ges\u00e4use\",\"potentialAction\":[{\"@type\":\"SearchAction\",\"target\":{\"@type\":\"EntryPoint\",\"urlTemplate\":\"https:\/\/stiftadmont.at\/?s={search_term_string}\"},\"query-input\":{\"@type\":\"PropertyValueSpecification\",\"valueRequired\":true,\"valueName\":\"search_term_string\"}}],\"inLanguage\":\"es\"},{\"@type\":\"Person\",\"@id\":\"https:\/\/stiftadmont.at\/#\/schema\/person\/30535548b241d5f33a2e8b839db11869\",\"name\":\"Mario Brandm\u00fcller\"}]}<\/script>\n<!-- \/ Yoast SEO Premium plugin. -->","yoast_head_json":{"title":"La Abad\u00eda de Admont refuerza el turismo en Estiria - Abad\u00eda de Admont","description":"Lea la informaci\u00f3n m\u00e1s reciente sobre La abad\u00eda de Admont refuerza el turismo en Estiria y mucho m\u00e1s sobre el convento y la parroquia de Admont.","robots":{"index":"index","follow":"follow","max-snippet":"max-snippet:-1","max-image-preview":"max-image-preview:large","max-video-preview":"max-video-preview:-1"},"canonical":"https:\/\/stiftadmont.at\/es\/blog\/stift-admont-refuerza-el-turismo-en-estonia\/","og_locale":"es_ES","og_type":"article","og_title":"Stift Admont st\u00e4rkt steirischen Tourismus","og_description":"Lesen Sie aktuelle Informationen zum Thema Stift Admont st\u00e4rkt steirischen Tourismus und vieles mehr aus dem Konvent und der Pfarre Admont.","og_url":"https:\/\/stiftadmont.at\/es\/blog\/stift-admont-refuerza-el-turismo-en-estonia\/","og_site_name":"Stift Admont","article_published_time":"2021-03-01T10:00:00+00:00","article_modified_time":"2022-04-25T22:03:01+00:00","og_image":[{"width":853,"height":853,"url":"https:\/\/stiftadmont.at\/wp-content\/uploads\/b3d2a4d6f5d1518670dff9ee670aac6e_L.jpg","type":"image\/jpeg"}],"author":"Mario Brandm\u00fcller","twitter_card":"summary_large_image","twitter_misc":{"Escrito por":"Mario Brandm\u00fcller"},"schema":{"@context":"https:\/\/schema.org","@graph":[{"@type":"Article","@id":"https:\/\/stiftadmont.at\/blog\/stift-admont-staerkt-steirischen-tourismus\/#article","isPartOf":{"@id":"https:\/\/stiftadmont.at\/blog\/stift-admont-staerkt-steirischen-tourismus\/"},"author":{"name":"Mario Brandm\u00fcller","@id":"https:\/\/stiftadmont.at\/#\/schema\/person\/30535548b241d5f33a2e8b839db11869"},"headline":"Stift Admont st\u00e4rkt steirischen Tourismus","datePublished":"2021-03-01T10:00:00+00:00","dateModified":"2022-04-25T22:03:01+00:00","mainEntityOfPage":{"@id":"https:\/\/stiftadmont.at\/blog\/stift-admont-staerkt-steirischen-tourismus\/"},"wordCount":6,"image":{"@id":"https:\/\/stiftadmont.at\/blog\/stift-admont-staerkt-steirischen-tourismus\/#primaryimage"},"thumbnailUrl":"https:\/\/stiftadmont.at\/wp-content\/uploads\/b3d2a4d6f5d1518670dff9ee670aac6e_L.jpg","articleSection":["Einrichtungen aktuell"],"inLanguage":"es"},{"@type":"WebPage","@id":"https:\/\/stiftadmont.at\/blog\/stift-admont-staerkt-steirischen-tourismus\/","url":"https:\/\/stiftadmont.at\/blog\/stift-admont-staerkt-steirischen-tourismus\/","name":"La Abad\u00eda de Admont refuerza el turismo en Estiria - Abad\u00eda de Admont","isPartOf":{"@id":"https:\/\/stiftadmont.at\/#website"},"primaryImageOfPage":{"@id":"https:\/\/stiftadmont.at\/blog\/stift-admont-staerkt-steirischen-tourismus\/#primaryimage"},"image":{"@id":"https:\/\/stiftadmont.at\/blog\/stift-admont-staerkt-steirischen-tourismus\/#primaryimage"},"thumbnailUrl":"https:\/\/stiftadmont.at\/wp-content\/uploads\/b3d2a4d6f5d1518670dff9ee670aac6e_L.jpg","datePublished":"2021-03-01T10:00:00+00:00","dateModified":"2022-04-25T22:03:01+00:00","author":{"@id":"https:\/\/stiftadmont.at\/#\/schema\/person\/30535548b241d5f33a2e8b839db11869"},"description":"Lea la informaci\u00f3n m\u00e1s reciente sobre La abad\u00eda de Admont refuerza el turismo en Estiria y mucho m\u00e1s sobre el convento y la parroquia de Admont.","breadcrumb":{"@id":"https:\/\/stiftadmont.at\/blog\/stift-admont-staerkt-steirischen-tourismus\/#breadcrumb"},"inLanguage":"es","potentialAction":[{"@type":"ReadAction","target":["https:\/\/stiftadmont.at\/blog\/stift-admont-staerkt-steirischen-tourismus\/"]}]},{"@type":"ImageObject","inLanguage":"es","@id":"https:\/\/stiftadmont.at\/blog\/stift-admont-staerkt-steirischen-tourismus\/#primaryimage","url":"https:\/\/stiftadmont.at\/wp-content\/uploads\/b3d2a4d6f5d1518670dff9ee670aac6e_L.jpg","contentUrl":"https:\/\/stiftadmont.at\/wp-content\/uploads\/b3d2a4d6f5d1518670dff9ee670aac6e_L.jpg","width":853,"height":853,"caption":"b3d2a4d6f5d1518670dff9ee670aac6e L"},{"@type":"BreadcrumbList","@id":"https:\/\/stiftadmont.at\/blog\/stift-admont-staerkt-steirischen-tourismus\/#breadcrumb","itemListElement":[{"@type":"ListItem","position":1,"name":"Start","item":"https:\/\/stiftadmont.at\/"},{"@type":"ListItem","position":2,"name":"Stift Admont st\u00e4rkt steirischen Tourismus"}]},{"@type":"WebSite","@id":"https:\/\/stiftadmont.at\/#website","url":"https:\/\/stiftadmont.at\/","name":"Abad\u00eda de Admont","description":"Monasterio benedictino y atracci\u00f3n tur\u00edstica en el Ges\u00e4use","potentialAction":[{"@type":"SearchAction","target":{"@type":"EntryPoint","urlTemplate":"https:\/\/stiftadmont.at\/?s={search_term_string}"},"query-input":{"@type":"PropertyValueSpecification","valueRequired":true,"valueName":"search_term_string"}}],"inLanguage":"es"},{"@type":"Person","@id":"https:\/\/stiftadmont.at\/#\/schema\/person\/30535548b241d5f33a2e8b839db11869","name":"Mario Brandm\u00fcller"}]}},"_links":{"self":[{"href":"https:\/\/stiftadmont.at\/es\/wp-json\/wp\/v2\/posts\/10011","targetHints":{"allow":["GET"]}}],"collection":[{"href":"https:\/\/stiftadmont.at\/es\/wp-json\/wp\/v2\/posts"}],"about":[{"href":"https:\/\/stiftadmont.at\/es\/wp-json\/wp\/v2\/types\/post"}],"author":[{"embeddable":true,"href":"https:\/\/stiftadmont.at\/es\/wp-json\/wp\/v2\/users\/7"}],"replies":[{"embeddable":true,"href":"https:\/\/stiftadmont.at\/es\/wp-json\/wp\/v2\/comments?post=10011"}],"version-history":[{"count":15,"href":"https:\/\/stiftadmont.at\/es\/wp-json\/wp\/v2\/posts\/10011\/revisions"}],"predecessor-version":[{"id":10028,"href":"https:\/\/stiftadmont.at\/es\/wp-json\/wp\/v2\/posts\/10011\/revisions\/10028"}],"wp:featuredmedia":[{"embeddable":true,"href":"https:\/\/stiftadmont.at\/es\/wp-json\/wp\/v2\/media\/10012"}],"wp:attachment":[{"href":"https:\/\/stiftadmont.at\/es\/wp-json\/wp\/v2\/media?parent=10011"}],"wp:term":[{"taxonomy":"category","embeddable":true,"href":"https:\/\/stiftadmont.at\/es\/wp-json\/wp\/v2\/categories?post=10011"}],"curies":[{"name":"wp","href":"https:\/\/api.w.org\/{rel}","templated":true}]}}