{"id":11078,"date":"2016-03-01T12:00:00","date_gmt":"2016-03-01T10:00:00","guid":{"rendered":"https:\/\/stiftadmont.at\/?p=11078"},"modified":"2023-02-06T16:22:45","modified_gmt":"2023-02-06T14:22:45","slug":"coleccion-fotografos-koepcke-weinhold","status":"publish","type":"post","link":"https:\/\/stiftadmont.at\/es\/blog\/sammlungsfotografen-koepcke-weinhold\/","title":{"rendered":"Colecci\u00f3n fot\u00f3grafos K\u00f6pcke &amp; Weinhold"},"content":{"rendered":"<section id='lightpress__section--block_b8172726216c1717a27a04ac60ad92da' class='lightpress__section--default-section-space lightpress__section lightpress__section--content'><div class=\"content__inner\"\n         x-init=\"initContentBlockAnim($el)\">\n        \n    <div class=\"content__grid content__grid\">\n                                            <div class=\"content__box content__box--one-hundred\"\n                 style=\"\">\n                                \n                \n                                            <div class=\"prose\"><p><strong>Martes, 1 de marzo de 2016<\/strong><\/p>\n<p>El t\u00edtulo program\u00e1tico proporciona un tema que permite una gran variedad de interpretaciones. En im\u00e1genes escenificadas, los espec\u00edmenes animales, algunos de los cuales tienen m\u00e1s de cien a\u00f1os, vuelven a la vida. Los fot\u00f3grafos observan a los distintos actores con afecto, humor y sutileza. En combinaci\u00f3n con objetos seleccionados del Museo de Historia Cultural, fue posible crear una serie de elaborados arreglos que sin duda pueden considerarse un homenaje a los bodegones de caza y cocina del Renacimiento y el Barroco. La visi\u00f3n melanc\u00f3lica del crecimiento y la decadencia, del eterno ciclo de \"comer y ser comido\" resulta ser una bella ilusi\u00f3n. De hecho, la mayor\u00eda de los animales llevan muertos cien a\u00f1os, pero precisamente por eso han alcanzado una inmortalidad muse\u00edstica, art\u00edsticamente preparada con ojos de cristal, esqueletos de alambre y serr\u00edn.<\/p>\n<p>En consonancia con el tema, se pidi\u00f3 a las mujeres de la cocina de la abad\u00eda que las fotografiaran. En un sentido muy mundano, son los buenos esp\u00edritus que trabajan en gran parte en secreto, dan estructura a la jornada y al mismo tiempo aportan variedad culinaria. Los dos artistas tambi\u00e9n han disfrutado muchas veces de sus habilidades culinarias. Para ellos fue un placer muy especial poder inmortalizar al equipo de cocina de buen humor.<\/p>\n<\/div>\n                    \n                            <\/div>\n        \n            <\/div>\n<\/div>\n\n<\/section>","protected":false},"excerpt":{"rendered":"<p>Para la temporada de exposiciones de 2016, se invit\u00f3 a los fot\u00f3grafos de la colecci\u00f3n Sebastian K\u00f6pcke y Volker Weinhold a fotografiar objetos de la colecci\u00f3n de historia natural con la luz adecuada.<\/p>","protected":false},"author":7,"featured_media":11079,"comment_status":"closed","ping_status":"closed","sticky":false,"template":"","format":"standard","meta":{"_acf_changed":false,"footnotes":""},"categories":[24],"class_list":["post-11078","post","type-post","status-publish","format-standard","has-post-thumbnail","hentry","category-museen-aktuell"],"acf":[],"yoast_head":"<!-- This site is optimized with the Yoast SEO Premium plugin v26.0 (Yoast SEO v26.8) - https:\/\/yoast.com\/product\/yoast-seo-premium-wordpress\/ -->\n<title>Sammlungsfotografen K\u00f6pcke &amp; Weinhold - Stift Admont<\/title>\n<meta name=\"description\" content=\"Lesen Sie aktuelle Informationen zum Thema Sammlungsfotografen K\u00f6pcke &amp; Weinhold und vieles mehr aus dem Konvent und der Pfarre Admont.\" \/>\n<meta name=\"robots\" content=\"index, follow, max-snippet:-1, max-image-preview:large, max-video-preview:-1\" \/>\n<link rel=\"canonical\" href=\"https:\/\/stiftadmont.at\/es\/blog\/coleccion-fotografos-koepcke-weinhold\/\" \/>\n<meta property=\"og:locale\" content=\"es_ES\" \/>\n<meta property=\"og:type\" content=\"article\" \/>\n<meta property=\"og:title\" content=\"Sammlungsfotografen K\u00f6pcke &amp; Weinhold\" \/>\n<meta property=\"og:description\" content=\"Lesen Sie aktuelle Informationen zum Thema Sammlungsfotografen K\u00f6pcke &amp; Weinhold und vieles mehr aus dem Konvent und der Pfarre Admont.\" \/>\n<meta property=\"og:url\" content=\"https:\/\/stiftadmont.at\/es\/blog\/coleccion-fotografos-koepcke-weinhold\/\" \/>\n<meta property=\"og:site_name\" content=\"Stift Admont\" \/>\n<meta property=\"article:published_time\" content=\"2016-03-01T10:00:00+00:00\" \/>\n<meta property=\"article:modified_time\" content=\"2023-02-06T14:22:45+00:00\" \/>\n<meta property=\"og:image\" content=\"https:\/\/stiftadmont.at\/wp-content\/uploads\/Stift-Admont-Sammlungsfotografen-Koepcke-Weinhold.jpg\" \/>\n\t<meta property=\"og:image:width\" content=\"853\" \/>\n\t<meta property=\"og:image:height\" content=\"569\" \/>\n\t<meta property=\"og:image:type\" content=\"image\/jpeg\" \/>\n<meta name=\"author\" content=\"Mario Brandm\u00fcller\" \/>\n<meta name=\"twitter:card\" content=\"summary_large_image\" \/>\n<meta name=\"twitter:label1\" content=\"Escrito por\" \/>\n\t<meta name=\"twitter:data1\" content=\"Mario Brandm\u00fcller\" \/>\n<script type=\"application\/ld+json\" class=\"yoast-schema-graph\">{\"@context\":\"https:\/\/schema.org\",\"@graph\":[{\"@type\":\"Article\",\"@id\":\"https:\/\/stiftadmont.at\/blog\/sammlungsfotografen-koepcke-weinhold\/#article\",\"isPartOf\":{\"@id\":\"https:\/\/stiftadmont.at\/blog\/sammlungsfotografen-koepcke-weinhold\/\"},\"author\":{\"name\":\"Mario Brandm\u00fcller\",\"@id\":\"https:\/\/stiftadmont.at\/#\/schema\/person\/30535548b241d5f33a2e8b839db11869\"},\"headline\":\"Sammlungsfotografen K\u00f6pcke &amp; Weinhold\",\"datePublished\":\"2016-03-01T10:00:00+00:00\",\"dateModified\":\"2023-02-06T14:22:45+00:00\",\"mainEntityOfPage\":{\"@id\":\"https:\/\/stiftadmont.at\/blog\/sammlungsfotografen-koepcke-weinhold\/\"},\"wordCount\":5,\"image\":{\"@id\":\"https:\/\/stiftadmont.at\/blog\/sammlungsfotografen-koepcke-weinhold\/#primaryimage\"},\"thumbnailUrl\":\"https:\/\/stiftadmont.at\/wp-content\/uploads\/Stift-Admont-Sammlungsfotografen-Koepcke-Weinhold.jpg\",\"articleSection\":[\"Museen aktuell\"],\"inLanguage\":\"es\"},{\"@type\":\"WebPage\",\"@id\":\"https:\/\/stiftadmont.at\/blog\/sammlungsfotografen-koepcke-weinhold\/\",\"url\":\"https:\/\/stiftadmont.at\/blog\/sammlungsfotografen-koepcke-weinhold\/\",\"name\":\"Sammlungsfotografen K\u00f6pcke &amp; Weinhold - Stift Admont\",\"isPartOf\":{\"@id\":\"https:\/\/stiftadmont.at\/#website\"},\"primaryImageOfPage\":{\"@id\":\"https:\/\/stiftadmont.at\/blog\/sammlungsfotografen-koepcke-weinhold\/#primaryimage\"},\"image\":{\"@id\":\"https:\/\/stiftadmont.at\/blog\/sammlungsfotografen-koepcke-weinhold\/#primaryimage\"},\"thumbnailUrl\":\"https:\/\/stiftadmont.at\/wp-content\/uploads\/Stift-Admont-Sammlungsfotografen-Koepcke-Weinhold.jpg\",\"datePublished\":\"2016-03-01T10:00:00+00:00\",\"dateModified\":\"2023-02-06T14:22:45+00:00\",\"author\":{\"@id\":\"https:\/\/stiftadmont.at\/#\/schema\/person\/30535548b241d5f33a2e8b839db11869\"},\"description\":\"Lesen Sie aktuelle Informationen zum Thema Sammlungsfotografen K\u00f6pcke &amp; Weinhold und vieles mehr aus dem Konvent und der Pfarre Admont.\",\"breadcrumb\":{\"@id\":\"https:\/\/stiftadmont.at\/blog\/sammlungsfotografen-koepcke-weinhold\/#breadcrumb\"},\"inLanguage\":\"es\",\"potentialAction\":[{\"@type\":\"ReadAction\",\"target\":[\"https:\/\/stiftadmont.at\/blog\/sammlungsfotografen-koepcke-weinhold\/\"]}]},{\"@type\":\"ImageObject\",\"inLanguage\":\"es\",\"@id\":\"https:\/\/stiftadmont.at\/blog\/sammlungsfotografen-koepcke-weinhold\/#primaryimage\",\"url\":\"https:\/\/stiftadmont.at\/wp-content\/uploads\/Stift-Admont-Sammlungsfotografen-Koepcke-Weinhold.jpg\",\"contentUrl\":\"https:\/\/stiftadmont.at\/wp-content\/uploads\/Stift-Admont-Sammlungsfotografen-Koepcke-Weinhold.jpg\",\"width\":853,\"height\":569,\"caption\":\"Stift Admont Sammlungsfotografen Koepcke Weinhold\"},{\"@type\":\"BreadcrumbList\",\"@id\":\"https:\/\/stiftadmont.at\/blog\/sammlungsfotografen-koepcke-weinhold\/#breadcrumb\",\"itemListElement\":[{\"@type\":\"ListItem\",\"position\":1,\"name\":\"Start\",\"item\":\"https:\/\/stiftadmont.at\/\"},{\"@type\":\"ListItem\",\"position\":2,\"name\":\"Sammlungsfotografen K\u00f6pcke &amp; Weinhold\"}]},{\"@type\":\"WebSite\",\"@id\":\"https:\/\/stiftadmont.at\/#website\",\"url\":\"https:\/\/stiftadmont.at\/\",\"name\":\"Stift Admont\",\"description\":\"Benediktinerkloster und Sehensw\u00fcrdigkeit im Ges\u00e4use\",\"potentialAction\":[{\"@type\":\"SearchAction\",\"target\":{\"@type\":\"EntryPoint\",\"urlTemplate\":\"https:\/\/stiftadmont.at\/?s={search_term_string}\"},\"query-input\":{\"@type\":\"PropertyValueSpecification\",\"valueRequired\":true,\"valueName\":\"search_term_string\"}}],\"inLanguage\":\"es\"},{\"@type\":\"Person\",\"@id\":\"https:\/\/stiftadmont.at\/#\/schema\/person\/30535548b241d5f33a2e8b839db11869\",\"name\":\"Mario Brandm\u00fcller\"}]}<\/script>\n<!-- \/ Yoast SEO Premium plugin. -->","yoast_head_json":{"title":"Colecci\u00f3n fot\u00f3grafos K\u00f6pcke &amp; Weinhold - Abad\u00eda de Admont","description":"Lea informaci\u00f3n actual sobre la colecci\u00f3n de los fot\u00f3grafos K\u00f6pcke &amp; Weinhold y mucho m\u00e1s sobre el convento y la parroquia de Admont.","robots":{"index":"index","follow":"follow","max-snippet":"max-snippet:-1","max-image-preview":"max-image-preview:large","max-video-preview":"max-video-preview:-1"},"canonical":"https:\/\/stiftadmont.at\/es\/blog\/coleccion-fotografos-koepcke-weinhold\/","og_locale":"es_ES","og_type":"article","og_title":"Sammlungsfotografen K\u00f6pcke &amp; Weinhold","og_description":"Lesen Sie aktuelle Informationen zum Thema Sammlungsfotografen K\u00f6pcke &amp; Weinhold und vieles mehr aus dem Konvent und der Pfarre Admont.","og_url":"https:\/\/stiftadmont.at\/es\/blog\/coleccion-fotografos-koepcke-weinhold\/","og_site_name":"Stift Admont","article_published_time":"2016-03-01T10:00:00+00:00","article_modified_time":"2023-02-06T14:22:45+00:00","og_image":[{"width":853,"height":569,"url":"https:\/\/stiftadmont.at\/wp-content\/uploads\/Stift-Admont-Sammlungsfotografen-Koepcke-Weinhold.jpg","type":"image\/jpeg"}],"author":"Mario Brandm\u00fcller","twitter_card":"summary_large_image","twitter_misc":{"Escrito por":"Mario Brandm\u00fcller"},"schema":{"@context":"https:\/\/schema.org","@graph":[{"@type":"Article","@id":"https:\/\/stiftadmont.at\/blog\/sammlungsfotografen-koepcke-weinhold\/#article","isPartOf":{"@id":"https:\/\/stiftadmont.at\/blog\/sammlungsfotografen-koepcke-weinhold\/"},"author":{"name":"Mario Brandm\u00fcller","@id":"https:\/\/stiftadmont.at\/#\/schema\/person\/30535548b241d5f33a2e8b839db11869"},"headline":"Sammlungsfotografen K\u00f6pcke &amp; Weinhold","datePublished":"2016-03-01T10:00:00+00:00","dateModified":"2023-02-06T14:22:45+00:00","mainEntityOfPage":{"@id":"https:\/\/stiftadmont.at\/blog\/sammlungsfotografen-koepcke-weinhold\/"},"wordCount":5,"image":{"@id":"https:\/\/stiftadmont.at\/blog\/sammlungsfotografen-koepcke-weinhold\/#primaryimage"},"thumbnailUrl":"https:\/\/stiftadmont.at\/wp-content\/uploads\/Stift-Admont-Sammlungsfotografen-Koepcke-Weinhold.jpg","articleSection":["Museen aktuell"],"inLanguage":"es"},{"@type":"WebPage","@id":"https:\/\/stiftadmont.at\/blog\/sammlungsfotografen-koepcke-weinhold\/","url":"https:\/\/stiftadmont.at\/blog\/sammlungsfotografen-koepcke-weinhold\/","name":"Colecci\u00f3n fot\u00f3grafos K\u00f6pcke &amp; Weinhold - Abad\u00eda de Admont","isPartOf":{"@id":"https:\/\/stiftadmont.at\/#website"},"primaryImageOfPage":{"@id":"https:\/\/stiftadmont.at\/blog\/sammlungsfotografen-koepcke-weinhold\/#primaryimage"},"image":{"@id":"https:\/\/stiftadmont.at\/blog\/sammlungsfotografen-koepcke-weinhold\/#primaryimage"},"thumbnailUrl":"https:\/\/stiftadmont.at\/wp-content\/uploads\/Stift-Admont-Sammlungsfotografen-Koepcke-Weinhold.jpg","datePublished":"2016-03-01T10:00:00+00:00","dateModified":"2023-02-06T14:22:45+00:00","author":{"@id":"https:\/\/stiftadmont.at\/#\/schema\/person\/30535548b241d5f33a2e8b839db11869"},"description":"Lea informaci\u00f3n actual sobre la colecci\u00f3n de los fot\u00f3grafos K\u00f6pcke &amp; Weinhold y mucho m\u00e1s sobre el convento y la parroquia de Admont.","breadcrumb":{"@id":"https:\/\/stiftadmont.at\/blog\/sammlungsfotografen-koepcke-weinhold\/#breadcrumb"},"inLanguage":"es","potentialAction":[{"@type":"ReadAction","target":["https:\/\/stiftadmont.at\/blog\/sammlungsfotografen-koepcke-weinhold\/"]}]},{"@type":"ImageObject","inLanguage":"es","@id":"https:\/\/stiftadmont.at\/blog\/sammlungsfotografen-koepcke-weinhold\/#primaryimage","url":"https:\/\/stiftadmont.at\/wp-content\/uploads\/Stift-Admont-Sammlungsfotografen-Koepcke-Weinhold.jpg","contentUrl":"https:\/\/stiftadmont.at\/wp-content\/uploads\/Stift-Admont-Sammlungsfotografen-Koepcke-Weinhold.jpg","width":853,"height":569,"caption":"Stift Admont Sammlungsfotografen Koepcke Weinhold"},{"@type":"BreadcrumbList","@id":"https:\/\/stiftadmont.at\/blog\/sammlungsfotografen-koepcke-weinhold\/#breadcrumb","itemListElement":[{"@type":"ListItem","position":1,"name":"Start","item":"https:\/\/stiftadmont.at\/"},{"@type":"ListItem","position":2,"name":"Sammlungsfotografen K\u00f6pcke &amp; Weinhold"}]},{"@type":"WebSite","@id":"https:\/\/stiftadmont.at\/#website","url":"https:\/\/stiftadmont.at\/","name":"Abad\u00eda de Admont","description":"Monasterio benedictino y atracci\u00f3n tur\u00edstica en el Ges\u00e4use","potentialAction":[{"@type":"SearchAction","target":{"@type":"EntryPoint","urlTemplate":"https:\/\/stiftadmont.at\/?s={search_term_string}"},"query-input":{"@type":"PropertyValueSpecification","valueRequired":true,"valueName":"search_term_string"}}],"inLanguage":"es"},{"@type":"Person","@id":"https:\/\/stiftadmont.at\/#\/schema\/person\/30535548b241d5f33a2e8b839db11869","name":"Mario Brandm\u00fcller"}]}},"_links":{"self":[{"href":"https:\/\/stiftadmont.at\/es\/wp-json\/wp\/v2\/posts\/11078","targetHints":{"allow":["GET"]}}],"collection":[{"href":"https:\/\/stiftadmont.at\/es\/wp-json\/wp\/v2\/posts"}],"about":[{"href":"https:\/\/stiftadmont.at\/es\/wp-json\/wp\/v2\/types\/post"}],"author":[{"embeddable":true,"href":"https:\/\/stiftadmont.at\/es\/wp-json\/wp\/v2\/users\/7"}],"replies":[{"embeddable":true,"href":"https:\/\/stiftadmont.at\/es\/wp-json\/wp\/v2\/comments?post=11078"}],"version-history":[{"count":7,"href":"https:\/\/stiftadmont.at\/es\/wp-json\/wp\/v2\/posts\/11078\/revisions"}],"predecessor-version":[{"id":16686,"href":"https:\/\/stiftadmont.at\/es\/wp-json\/wp\/v2\/posts\/11078\/revisions\/16686"}],"wp:featuredmedia":[{"embeddable":true,"href":"https:\/\/stiftadmont.at\/es\/wp-json\/wp\/v2\/media\/11079"}],"wp:attachment":[{"href":"https:\/\/stiftadmont.at\/es\/wp-json\/wp\/v2\/media?parent=11078"}],"wp:term":[{"taxonomy":"category","embeddable":true,"href":"https:\/\/stiftadmont.at\/es\/wp-json\/wp\/v2\/categories?post=11078"}],"curies":[{"name":"wp","href":"https:\/\/api.w.org\/{rel}","templated":true}]}}