{"id":11558,"date":"2019-05-13T12:00:00","date_gmt":"2019-05-13T10:00:00","guid":{"rendered":"https:\/\/stiftadmont.at\/?p=11558"},"modified":"2022-05-29T11:43:37","modified_gmt":"2022-05-29T09:43:37","slug":"stift-admont-trae-a-la-region-a-los-mejores-oradores","status":"publish","type":"post","link":"https:\/\/stiftadmont.at\/es\/blog\/stift-admont-holt-top-speaker-in-die-region\/","title":{"rendered":"La Abad\u00eda de Admont re\u00fane a los mejores conferenciantes de la regi\u00f3n"},"content":{"rendered":"<section id='lightpress__section--block_62933f8655c37' class='lightpress__section--default-section-space lightpress__section lightpress__section--content'><div class=\"content__inner\"\n         x-init=\"initContentBlockAnim($el)\">\n        \n    <div class=\"content__grid content__grid\">\n                                            <div class=\"content__box content__box--one-hundred\"\n                 style=\"\">\n                                \n                \n                                            <div class=\"prose\"><h2 class=\"heading-xxl line line--gold\">La Abad\u00eda de Admont re\u00fane a los mejores conferenciantes de la regi\u00f3n<\/h2>\n<p><strong>Lunes, 13 de mayo de 2019<\/strong><\/p>\n<p>Stefan Verra es el experto en lenguaje corporal m\u00e1s solicitado de Europa. Sus conferencias, seminarios y espect\u00e1culos inspiran cada a\u00f1o a decenas de miles de participantes de Europa, EE.UU. y China. Con su metodolog\u00eda hol\u00edstica, que consiste en no estancarse en se\u00f1ales individuales fragmentadas a la hora de analizar el lenguaje corporal, sino observar siempre el contexto global, impresiona por igual a m\u00e9dicos y cient\u00edficos. Es profesor en varias universidades, autor de \u00e9xito y experto muy solicitado por los medios de comunicaci\u00f3n.<\/p>\n<p>LENGUAJE CORPORAL.<br \/>\u00bfNadie lo necesita? Pues claro.<br \/>Marvel. Aprender. Re\u00edr. Stefan Verra en directo en la abad\u00eda benedictina de Admont.<\/p>\n<p>Las personas ganadoras muestran m\u00e1s persuasi\u00f3n, franqueza y confianza en s\u00ed mismas que las dem\u00e1s. Y as\u00ed es como ganan puntos. Cualquiera que conozca el lenguaje corporal de la confianza en uno mismo, la simpat\u00eda y la fiabilidad tiene una clara ventaja. \"Un hombre, una mirada, un an\u00e1lisis.<\/p>\n<p>Stefan Verra es considerado la estrella del rock del lenguaje corporal. Fiel a la realidad, autocr\u00edtico e incre\u00edblemente v\u00edvido, Stefan Verra expone todas las se\u00f1ales que con demasiada frecuencia pasamos por alto en la vida cotidiana o que siempre nos hemos preguntado qu\u00e9 significan en realidad.<\/p>\n<p>Experimente un espect\u00e1culo de entretenimiento cient\u00edfico o una entretenida velada de conocimiento. Ll\u00e1melo como quiera. En cualquier caso, al final no sabr\u00e1 si ha aprendido m\u00e1s o se ha re\u00eddo m\u00e1s.<\/p>\n<p>\u00a1Obtenga consejos y saque lo mejor de s\u00ed mismo!<\/p>\n<p>Viernes 27 de septiembre de 2019<br \/>Lugar: Gran sal\u00f3n de baile del Stiftsgymnasium Admont<br \/>Inicio: 20:00<br \/>Entrada: 19:00<br \/>Entrada: 30,00<\/p>\n<p>Reserva de entradas en: <a class=\"email\" href=\"mailto:events@stiftadmont.at\"><span class=\"icon-outer\"><span class=\"email-icon\"><\/span><\/span>events@stiftadmont.at<\/a> o <a class=\"phone\" href=\"tel:+43 (0)3613 \/ 2312 601\"><span class=\"icon-outer\"><span class=\"phone-icon\"><\/span><\/span>+43 (0)3613 \/ 2312 601<\/a><\/p>\n<\/div>\n                    \n                            <\/div>\n        \n            <\/div>\n<\/div>\n\n<\/section>","protected":false},"excerpt":{"rendered":"<p>Stefan Verra, uno de los expertos en lenguaje corporal m\u00e1s solicitados, viene a Admont.<\/p>","protected":false},"author":7,"featured_media":11559,"comment_status":"closed","ping_status":"closed","sticky":false,"template":"","format":"standard","meta":{"_acf_changed":false,"footnotes":""},"categories":[23],"class_list":["post-11558","post","type-post","status-publish","format-standard","has-post-thumbnail","hentry","category-einrichtungen-aktuell"],"acf":[],"yoast_head":"<!-- This site is optimized with the Yoast SEO Premium plugin v26.0 (Yoast SEO v26.8) - https:\/\/yoast.com\/product\/yoast-seo-premium-wordpress\/ -->\n<title>Stift Admont holt Top-Speaker in die Region - Stift Admont<\/title>\n<meta name=\"description\" content=\"Lesen Sie aktuelle Informationen zum Thema Stift Admont holt Top-Speaker in die Region und vieles mehr aus dem Konvent und der Pfarre Admont.\" \/>\n<meta name=\"robots\" content=\"index, follow, max-snippet:-1, max-image-preview:large, max-video-preview:-1\" \/>\n<link rel=\"canonical\" href=\"https:\/\/stiftadmont.at\/es\/blog\/stift-admont-trae-a-la-region-a-los-mejores-oradores\/\" \/>\n<meta property=\"og:locale\" content=\"es_ES\" \/>\n<meta property=\"og:type\" content=\"article\" \/>\n<meta property=\"og:title\" content=\"Stift Admont holt Top-Speaker in die Region\" \/>\n<meta property=\"og:description\" content=\"Lesen Sie aktuelle Informationen zum Thema Stift Admont holt Top-Speaker in die Region und vieles mehr aus dem Konvent und der Pfarre Admont.\" \/>\n<meta property=\"og:url\" content=\"https:\/\/stiftadmont.at\/es\/blog\/stift-admont-trae-a-la-region-a-los-mejores-oradores\/\" \/>\n<meta property=\"og:site_name\" content=\"Stift Admont\" \/>\n<meta property=\"article:published_time\" content=\"2019-05-13T10:00:00+00:00\" \/>\n<meta property=\"article:modified_time\" content=\"2022-05-29T09:43:37+00:00\" \/>\n<meta property=\"og:image\" content=\"https:\/\/stiftadmont.at\/wp-content\/uploads\/Stefan-Verra-1.jpg\" \/>\n\t<meta property=\"og:image:width\" content=\"853\" \/>\n\t<meta property=\"og:image:height\" content=\"640\" \/>\n\t<meta property=\"og:image:type\" content=\"image\/jpeg\" \/>\n<meta name=\"author\" content=\"Mario Brandm\u00fcller\" \/>\n<meta name=\"twitter:card\" content=\"summary_large_image\" \/>\n<meta name=\"twitter:label1\" content=\"Escrito por\" \/>\n\t<meta name=\"twitter:data1\" content=\"Mario Brandm\u00fcller\" \/>\n<script type=\"application\/ld+json\" class=\"yoast-schema-graph\">{\"@context\":\"https:\/\/schema.org\",\"@graph\":[{\"@type\":\"Article\",\"@id\":\"https:\/\/stiftadmont.at\/blog\/stift-admont-holt-top-speaker-in-die-region\/#article\",\"isPartOf\":{\"@id\":\"https:\/\/stiftadmont.at\/blog\/stift-admont-holt-top-speaker-in-die-region\/\"},\"author\":{\"name\":\"Mario Brandm\u00fcller\",\"@id\":\"https:\/\/stiftadmont.at\/#\/schema\/person\/30535548b241d5f33a2e8b839db11869\"},\"headline\":\"Stift Admont holt Top-Speaker in die Region\",\"datePublished\":\"2019-05-13T10:00:00+00:00\",\"dateModified\":\"2022-05-29T09:43:37+00:00\",\"mainEntityOfPage\":{\"@id\":\"https:\/\/stiftadmont.at\/blog\/stift-admont-holt-top-speaker-in-die-region\/\"},\"wordCount\":7,\"image\":{\"@id\":\"https:\/\/stiftadmont.at\/blog\/stift-admont-holt-top-speaker-in-die-region\/#primaryimage\"},\"thumbnailUrl\":\"https:\/\/stiftadmont.at\/wp-content\/uploads\/Stefan-Verra-1.jpg\",\"articleSection\":[\"Einrichtungen aktuell\"],\"inLanguage\":\"es\"},{\"@type\":\"WebPage\",\"@id\":\"https:\/\/stiftadmont.at\/blog\/stift-admont-holt-top-speaker-in-die-region\/\",\"url\":\"https:\/\/stiftadmont.at\/blog\/stift-admont-holt-top-speaker-in-die-region\/\",\"name\":\"Stift Admont holt Top-Speaker in die Region - Stift Admont\",\"isPartOf\":{\"@id\":\"https:\/\/stiftadmont.at\/#website\"},\"primaryImageOfPage\":{\"@id\":\"https:\/\/stiftadmont.at\/blog\/stift-admont-holt-top-speaker-in-die-region\/#primaryimage\"},\"image\":{\"@id\":\"https:\/\/stiftadmont.at\/blog\/stift-admont-holt-top-speaker-in-die-region\/#primaryimage\"},\"thumbnailUrl\":\"https:\/\/stiftadmont.at\/wp-content\/uploads\/Stefan-Verra-1.jpg\",\"datePublished\":\"2019-05-13T10:00:00+00:00\",\"dateModified\":\"2022-05-29T09:43:37+00:00\",\"author\":{\"@id\":\"https:\/\/stiftadmont.at\/#\/schema\/person\/30535548b241d5f33a2e8b839db11869\"},\"description\":\"Lesen Sie aktuelle Informationen zum Thema Stift Admont holt Top-Speaker in die Region und vieles mehr aus dem Konvent und der Pfarre Admont.\",\"breadcrumb\":{\"@id\":\"https:\/\/stiftadmont.at\/blog\/stift-admont-holt-top-speaker-in-die-region\/#breadcrumb\"},\"inLanguage\":\"es\",\"potentialAction\":[{\"@type\":\"ReadAction\",\"target\":[\"https:\/\/stiftadmont.at\/blog\/stift-admont-holt-top-speaker-in-die-region\/\"]}]},{\"@type\":\"ImageObject\",\"inLanguage\":\"es\",\"@id\":\"https:\/\/stiftadmont.at\/blog\/stift-admont-holt-top-speaker-in-die-region\/#primaryimage\",\"url\":\"https:\/\/stiftadmont.at\/wp-content\/uploads\/Stefan-Verra-1.jpg\",\"contentUrl\":\"https:\/\/stiftadmont.at\/wp-content\/uploads\/Stefan-Verra-1.jpg\",\"width\":853,\"height\":640,\"caption\":\"Stefan Verra 1\"},{\"@type\":\"BreadcrumbList\",\"@id\":\"https:\/\/stiftadmont.at\/blog\/stift-admont-holt-top-speaker-in-die-region\/#breadcrumb\",\"itemListElement\":[{\"@type\":\"ListItem\",\"position\":1,\"name\":\"Start\",\"item\":\"https:\/\/stiftadmont.at\/\"},{\"@type\":\"ListItem\",\"position\":2,\"name\":\"Stift Admont holt Top-Speaker in die Region\"}]},{\"@type\":\"WebSite\",\"@id\":\"https:\/\/stiftadmont.at\/#website\",\"url\":\"https:\/\/stiftadmont.at\/\",\"name\":\"Stift Admont\",\"description\":\"Benediktinerkloster und Sehensw\u00fcrdigkeit im Ges\u00e4use\",\"potentialAction\":[{\"@type\":\"SearchAction\",\"target\":{\"@type\":\"EntryPoint\",\"urlTemplate\":\"https:\/\/stiftadmont.at\/?s={search_term_string}\"},\"query-input\":{\"@type\":\"PropertyValueSpecification\",\"valueRequired\":true,\"valueName\":\"search_term_string\"}}],\"inLanguage\":\"es\"},{\"@type\":\"Person\",\"@id\":\"https:\/\/stiftadmont.at\/#\/schema\/person\/30535548b241d5f33a2e8b839db11869\",\"name\":\"Mario Brandm\u00fcller\"}]}<\/script>\n<!-- \/ Yoast SEO Premium plugin. -->","yoast_head_json":{"title":"La Abad\u00eda de Admont re\u00fane a los mejores conferenciantes - Abad\u00eda de Admont","description":"Lea la informaci\u00f3n m\u00e1s reciente sobre la abad\u00eda de Admont, que trae a la regi\u00f3n a oradores de primera fila, y mucho m\u00e1s sobre el convento y la parroquia de Admont.","robots":{"index":"index","follow":"follow","max-snippet":"max-snippet:-1","max-image-preview":"max-image-preview:large","max-video-preview":"max-video-preview:-1"},"canonical":"https:\/\/stiftadmont.at\/es\/blog\/stift-admont-trae-a-la-region-a-los-mejores-oradores\/","og_locale":"es_ES","og_type":"article","og_title":"Stift Admont holt Top-Speaker in die Region","og_description":"Lesen Sie aktuelle Informationen zum Thema Stift Admont holt Top-Speaker in die Region und vieles mehr aus dem Konvent und der Pfarre Admont.","og_url":"https:\/\/stiftadmont.at\/es\/blog\/stift-admont-trae-a-la-region-a-los-mejores-oradores\/","og_site_name":"Stift Admont","article_published_time":"2019-05-13T10:00:00+00:00","article_modified_time":"2022-05-29T09:43:37+00:00","og_image":[{"width":853,"height":640,"url":"https:\/\/stiftadmont.at\/wp-content\/uploads\/Stefan-Verra-1.jpg","type":"image\/jpeg"}],"author":"Mario Brandm\u00fcller","twitter_card":"summary_large_image","twitter_misc":{"Escrito por":"Mario Brandm\u00fcller"},"schema":{"@context":"https:\/\/schema.org","@graph":[{"@type":"Article","@id":"https:\/\/stiftadmont.at\/blog\/stift-admont-holt-top-speaker-in-die-region\/#article","isPartOf":{"@id":"https:\/\/stiftadmont.at\/blog\/stift-admont-holt-top-speaker-in-die-region\/"},"author":{"name":"Mario Brandm\u00fcller","@id":"https:\/\/stiftadmont.at\/#\/schema\/person\/30535548b241d5f33a2e8b839db11869"},"headline":"Stift Admont holt Top-Speaker in die Region","datePublished":"2019-05-13T10:00:00+00:00","dateModified":"2022-05-29T09:43:37+00:00","mainEntityOfPage":{"@id":"https:\/\/stiftadmont.at\/blog\/stift-admont-holt-top-speaker-in-die-region\/"},"wordCount":7,"image":{"@id":"https:\/\/stiftadmont.at\/blog\/stift-admont-holt-top-speaker-in-die-region\/#primaryimage"},"thumbnailUrl":"https:\/\/stiftadmont.at\/wp-content\/uploads\/Stefan-Verra-1.jpg","articleSection":["Einrichtungen aktuell"],"inLanguage":"es"},{"@type":"WebPage","@id":"https:\/\/stiftadmont.at\/blog\/stift-admont-holt-top-speaker-in-die-region\/","url":"https:\/\/stiftadmont.at\/blog\/stift-admont-holt-top-speaker-in-die-region\/","name":"La Abad\u00eda de Admont re\u00fane a los mejores conferenciantes - Abad\u00eda de Admont","isPartOf":{"@id":"https:\/\/stiftadmont.at\/#website"},"primaryImageOfPage":{"@id":"https:\/\/stiftadmont.at\/blog\/stift-admont-holt-top-speaker-in-die-region\/#primaryimage"},"image":{"@id":"https:\/\/stiftadmont.at\/blog\/stift-admont-holt-top-speaker-in-die-region\/#primaryimage"},"thumbnailUrl":"https:\/\/stiftadmont.at\/wp-content\/uploads\/Stefan-Verra-1.jpg","datePublished":"2019-05-13T10:00:00+00:00","dateModified":"2022-05-29T09:43:37+00:00","author":{"@id":"https:\/\/stiftadmont.at\/#\/schema\/person\/30535548b241d5f33a2e8b839db11869"},"description":"Lea la informaci\u00f3n m\u00e1s reciente sobre la abad\u00eda de Admont, que trae a la regi\u00f3n a oradores de primera fila, y mucho m\u00e1s sobre el convento y la parroquia de Admont.","breadcrumb":{"@id":"https:\/\/stiftadmont.at\/blog\/stift-admont-holt-top-speaker-in-die-region\/#breadcrumb"},"inLanguage":"es","potentialAction":[{"@type":"ReadAction","target":["https:\/\/stiftadmont.at\/blog\/stift-admont-holt-top-speaker-in-die-region\/"]}]},{"@type":"ImageObject","inLanguage":"es","@id":"https:\/\/stiftadmont.at\/blog\/stift-admont-holt-top-speaker-in-die-region\/#primaryimage","url":"https:\/\/stiftadmont.at\/wp-content\/uploads\/Stefan-Verra-1.jpg","contentUrl":"https:\/\/stiftadmont.at\/wp-content\/uploads\/Stefan-Verra-1.jpg","width":853,"height":640,"caption":"Stefan Verra 1"},{"@type":"BreadcrumbList","@id":"https:\/\/stiftadmont.at\/blog\/stift-admont-holt-top-speaker-in-die-region\/#breadcrumb","itemListElement":[{"@type":"ListItem","position":1,"name":"Start","item":"https:\/\/stiftadmont.at\/"},{"@type":"ListItem","position":2,"name":"Stift Admont holt Top-Speaker in die Region"}]},{"@type":"WebSite","@id":"https:\/\/stiftadmont.at\/#website","url":"https:\/\/stiftadmont.at\/","name":"Abad\u00eda de Admont","description":"Monasterio benedictino y atracci\u00f3n tur\u00edstica en el Ges\u00e4use","potentialAction":[{"@type":"SearchAction","target":{"@type":"EntryPoint","urlTemplate":"https:\/\/stiftadmont.at\/?s={search_term_string}"},"query-input":{"@type":"PropertyValueSpecification","valueRequired":true,"valueName":"search_term_string"}}],"inLanguage":"es"},{"@type":"Person","@id":"https:\/\/stiftadmont.at\/#\/schema\/person\/30535548b241d5f33a2e8b839db11869","name":"Mario Brandm\u00fcller"}]}},"_links":{"self":[{"href":"https:\/\/stiftadmont.at\/es\/wp-json\/wp\/v2\/posts\/11558","targetHints":{"allow":["GET"]}}],"collection":[{"href":"https:\/\/stiftadmont.at\/es\/wp-json\/wp\/v2\/posts"}],"about":[{"href":"https:\/\/stiftadmont.at\/es\/wp-json\/wp\/v2\/types\/post"}],"author":[{"embeddable":true,"href":"https:\/\/stiftadmont.at\/es\/wp-json\/wp\/v2\/users\/7"}],"replies":[{"embeddable":true,"href":"https:\/\/stiftadmont.at\/es\/wp-json\/wp\/v2\/comments?post=11558"}],"version-history":[{"count":8,"href":"https:\/\/stiftadmont.at\/es\/wp-json\/wp\/v2\/posts\/11558\/revisions"}],"predecessor-version":[{"id":11567,"href":"https:\/\/stiftadmont.at\/es\/wp-json\/wp\/v2\/posts\/11558\/revisions\/11567"}],"wp:featuredmedia":[{"embeddable":true,"href":"https:\/\/stiftadmont.at\/es\/wp-json\/wp\/v2\/media\/11559"}],"wp:attachment":[{"href":"https:\/\/stiftadmont.at\/es\/wp-json\/wp\/v2\/media?parent=11558"}],"wp:term":[{"taxonomy":"category","embeddable":true,"href":"https:\/\/stiftadmont.at\/es\/wp-json\/wp\/v2\/categories?post=11558"}],"curies":[{"name":"wp","href":"https:\/\/api.w.org\/{rel}","templated":true}]}}