{"id":11568,"date":"2019-05-13T12:00:00","date_gmt":"2019-05-13T10:00:00","guid":{"rendered":"https:\/\/stiftadmont.at\/?p=11568"},"modified":"2022-05-29T11:48:20","modified_gmt":"2022-05-29T09:48:20","slug":"axel-zwingenberger-en-directo-en-la-abadia-de-admont","status":"publish","type":"post","link":"https:\/\/stiftadmont.at\/es\/blog\/axel-zwingenberger-live-im-stift-admont\/","title":{"rendered":"Axel Zwingenberger EN DIRECTO en la Abad\u00eda de Admont"},"content":{"rendered":"<section id='lightpress__section--block_62934097896ab' class='lightpress__section--default-section-space lightpress__section lightpress__section--content'><div class=\"content__inner\"\n         x-init=\"initContentBlockAnim($el)\">\n        \n    <div class=\"content__grid content__grid--fifty-fifty\">\n                                            <div class=\"content__box content__box\"\n                 style=\"\">\n                                \n                \n                                            <div class=\"prose\"><h2 class=\"heading-xxl line line--gold\">Axel Zwingenberger EN DIRECTO en la Abad\u00eda de Admont<\/h2>\n<p><strong>Lunes, 13 de mayo de 2019<\/strong><\/p>\n<p>Ya sea en Par\u00eds o en Calcuta, en Londres o en Viena, en Casablanca o en Nueva York, Axel Zwingenberger es un artista del piano con clase propia que ha actuado en m\u00e1s de 60 pa\u00edses de todo el mundo. Lleva varias d\u00e9cadas deleitando al p\u00fablico de todo el mundo con su piano boogie woogie.<\/p>\n<p><strong>Viernes 6 de septiembre de 2019<\/strong><br \/>Lugar: Gran sal\u00f3n de baile del Stiftsgymnasium Admont<br \/>Inicio: 19:00<br \/>Entrada: 18:30<br \/>Entrada: 25,00<\/p>\n<p>Entradas exclusivamente en <a class=\"email\" href=\"mailto:events@stiftadmont.at\"><span class=\"icon-outer\"><span class=\"email-icon\"><\/span><\/span>events@stiftadmont.at<\/a> o <a class=\"phone\" href=\"tel:+43 (0)3613 \/ 2312 601\"><span class=\"icon-outer\"><span class=\"phone-icon\"><\/span><\/span>+43 (0)3613 \/ 2312 601<\/a> disponible.<\/p>\n<\/div>\n                    \n                            <\/div>\n        \n                                                    <div class=\"content__box content__box--2\"\n                     >\n                                        \n                    \n                                                <div class=\"content__media stickyTo\" x-init=\"imageSticky($el)\">\n\n                                                                                    <picture\n                                    class=\"content__image sticky image-overlay\">\n                                <source srcset=\"https:\/\/stiftadmont.at\/wp-content\/uploads\/Axel_Zwingenberger.webp\" type=\"image\/webp\">\n                                <source srcset=\"https:\/\/stiftadmont.at\/wp-content\/uploads\/Axel_Zwingenberger.jpg\" type=\"image\/jpeg\">\n                                <img decoding=\"async\" class=\"sticky\" loading=\"lazy\" src=\"https:\/\/stiftadmont.at\/wp-content\/uploads\/Axel_Zwingenberger.jpg\" alt=\"Axel Zwingenberger\" \/>\n\n                                                                                                                            <\/picture>\n\n                        <\/div>\n\n                                    <\/div>\n            \n            <\/div>\n<\/div>\n\n<\/section>","protected":false},"excerpt":{"rendered":"<p>Un artista excepcional como hu\u00e9sped en la abad\u00eda benedictina de Admont.<\/p>","protected":false},"author":7,"featured_media":11569,"comment_status":"closed","ping_status":"closed","sticky":false,"template":"","format":"standard","meta":{"_acf_changed":false,"footnotes":""},"categories":[23],"class_list":["post-11568","post","type-post","status-publish","format-standard","has-post-thumbnail","hentry","category-einrichtungen-aktuell"],"acf":[],"yoast_head":"<!-- This site is optimized with the Yoast SEO Premium plugin v26.0 (Yoast SEO v26.8) - https:\/\/yoast.com\/product\/yoast-seo-premium-wordpress\/ -->\n<title>Axel Zwingenberger LIVE im Stift Admont - Stift Admont<\/title>\n<meta name=\"description\" content=\"Lesen Sie aktuelle Informationen zum Thema Axel Zwingenberger LIVE im Stift Admont und vieles mehr aus dem Konvent und der Pfarre Admont.\" \/>\n<meta name=\"robots\" content=\"index, follow, max-snippet:-1, max-image-preview:large, max-video-preview:-1\" \/>\n<link rel=\"canonical\" href=\"https:\/\/stiftadmont.at\/es\/blog\/axel-zwingenberger-en-directo-en-la-abadia-de-admont\/\" \/>\n<meta property=\"og:locale\" content=\"es_ES\" \/>\n<meta property=\"og:type\" content=\"article\" \/>\n<meta property=\"og:title\" content=\"Axel Zwingenberger LIVE im Stift Admont\" \/>\n<meta property=\"og:description\" content=\"Lesen Sie aktuelle Informationen zum Thema Axel Zwingenberger LIVE im Stift Admont und vieles mehr aus dem Konvent und der Pfarre Admont.\" \/>\n<meta property=\"og:url\" content=\"https:\/\/stiftadmont.at\/es\/blog\/axel-zwingenberger-en-directo-en-la-abadia-de-admont\/\" \/>\n<meta property=\"og:site_name\" content=\"Stift Admont\" \/>\n<meta property=\"article:published_time\" content=\"2019-05-13T10:00:00+00:00\" \/>\n<meta property=\"article:modified_time\" content=\"2022-05-29T09:48:20+00:00\" \/>\n<meta property=\"og:image\" content=\"https:\/\/stiftadmont.at\/wp-content\/uploads\/Axel_Zwingenberger.jpg\" \/>\n\t<meta property=\"og:image:width\" content=\"478\" \/>\n\t<meta property=\"og:image:height\" content=\"723\" \/>\n\t<meta property=\"og:image:type\" content=\"image\/jpeg\" \/>\n<meta name=\"author\" content=\"Mario Brandm\u00fcller\" \/>\n<meta name=\"twitter:card\" content=\"summary_large_image\" \/>\n<meta name=\"twitter:label1\" content=\"Escrito por\" \/>\n\t<meta name=\"twitter:data1\" content=\"Mario Brandm\u00fcller\" \/>\n<script type=\"application\/ld+json\" class=\"yoast-schema-graph\">{\"@context\":\"https:\/\/schema.org\",\"@graph\":[{\"@type\":\"Article\",\"@id\":\"https:\/\/stiftadmont.at\/blog\/axel-zwingenberger-live-im-stift-admont\/#article\",\"isPartOf\":{\"@id\":\"https:\/\/stiftadmont.at\/blog\/axel-zwingenberger-live-im-stift-admont\/\"},\"author\":{\"name\":\"Mario Brandm\u00fcller\",\"@id\":\"https:\/\/stiftadmont.at\/#\/schema\/person\/30535548b241d5f33a2e8b839db11869\"},\"headline\":\"Axel Zwingenberger LIVE im Stift Admont\",\"datePublished\":\"2019-05-13T10:00:00+00:00\",\"dateModified\":\"2022-05-29T09:48:20+00:00\",\"mainEntityOfPage\":{\"@id\":\"https:\/\/stiftadmont.at\/blog\/axel-zwingenberger-live-im-stift-admont\/\"},\"wordCount\":6,\"image\":{\"@id\":\"https:\/\/stiftadmont.at\/blog\/axel-zwingenberger-live-im-stift-admont\/#primaryimage\"},\"thumbnailUrl\":\"https:\/\/stiftadmont.at\/wp-content\/uploads\/Axel_Zwingenberger.jpg\",\"articleSection\":[\"Einrichtungen aktuell\"],\"inLanguage\":\"es\"},{\"@type\":\"WebPage\",\"@id\":\"https:\/\/stiftadmont.at\/blog\/axel-zwingenberger-live-im-stift-admont\/\",\"url\":\"https:\/\/stiftadmont.at\/blog\/axel-zwingenberger-live-im-stift-admont\/\",\"name\":\"Axel Zwingenberger LIVE im Stift Admont - Stift Admont\",\"isPartOf\":{\"@id\":\"https:\/\/stiftadmont.at\/#website\"},\"primaryImageOfPage\":{\"@id\":\"https:\/\/stiftadmont.at\/blog\/axel-zwingenberger-live-im-stift-admont\/#primaryimage\"},\"image\":{\"@id\":\"https:\/\/stiftadmont.at\/blog\/axel-zwingenberger-live-im-stift-admont\/#primaryimage\"},\"thumbnailUrl\":\"https:\/\/stiftadmont.at\/wp-content\/uploads\/Axel_Zwingenberger.jpg\",\"datePublished\":\"2019-05-13T10:00:00+00:00\",\"dateModified\":\"2022-05-29T09:48:20+00:00\",\"author\":{\"@id\":\"https:\/\/stiftadmont.at\/#\/schema\/person\/30535548b241d5f33a2e8b839db11869\"},\"description\":\"Lesen Sie aktuelle Informationen zum Thema Axel Zwingenberger LIVE im Stift Admont und vieles mehr aus dem Konvent und der Pfarre Admont.\",\"breadcrumb\":{\"@id\":\"https:\/\/stiftadmont.at\/blog\/axel-zwingenberger-live-im-stift-admont\/#breadcrumb\"},\"inLanguage\":\"es\",\"potentialAction\":[{\"@type\":\"ReadAction\",\"target\":[\"https:\/\/stiftadmont.at\/blog\/axel-zwingenberger-live-im-stift-admont\/\"]}]},{\"@type\":\"ImageObject\",\"inLanguage\":\"es\",\"@id\":\"https:\/\/stiftadmont.at\/blog\/axel-zwingenberger-live-im-stift-admont\/#primaryimage\",\"url\":\"https:\/\/stiftadmont.at\/wp-content\/uploads\/Axel_Zwingenberger.jpg\",\"contentUrl\":\"https:\/\/stiftadmont.at\/wp-content\/uploads\/Axel_Zwingenberger.jpg\",\"width\":478,\"height\":723,\"caption\":\"Axel Zwingenberger\"},{\"@type\":\"BreadcrumbList\",\"@id\":\"https:\/\/stiftadmont.at\/blog\/axel-zwingenberger-live-im-stift-admont\/#breadcrumb\",\"itemListElement\":[{\"@type\":\"ListItem\",\"position\":1,\"name\":\"Start\",\"item\":\"https:\/\/stiftadmont.at\/\"},{\"@type\":\"ListItem\",\"position\":2,\"name\":\"Axel Zwingenberger LIVE im Stift Admont\"}]},{\"@type\":\"WebSite\",\"@id\":\"https:\/\/stiftadmont.at\/#website\",\"url\":\"https:\/\/stiftadmont.at\/\",\"name\":\"Stift Admont\",\"description\":\"Benediktinerkloster und Sehensw\u00fcrdigkeit im Ges\u00e4use\",\"potentialAction\":[{\"@type\":\"SearchAction\",\"target\":{\"@type\":\"EntryPoint\",\"urlTemplate\":\"https:\/\/stiftadmont.at\/?s={search_term_string}\"},\"query-input\":{\"@type\":\"PropertyValueSpecification\",\"valueRequired\":true,\"valueName\":\"search_term_string\"}}],\"inLanguage\":\"es\"},{\"@type\":\"Person\",\"@id\":\"https:\/\/stiftadmont.at\/#\/schema\/person\/30535548b241d5f33a2e8b839db11869\",\"name\":\"Mario Brandm\u00fcller\"}]}<\/script>\n<!-- \/ Yoast SEO Premium plugin. -->","yoast_head_json":{"title":"Axel Zwingenberger EN DIRECTO en la Abad\u00eda de Admont - Abad\u00eda de Admont","description":"Lea la informaci\u00f3n m\u00e1s reciente sobre Axel Zwingenberger LIVE en la Abad\u00eda de Admont y mucho m\u00e1s sobre el convento y la parroquia de Admont.","robots":{"index":"index","follow":"follow","max-snippet":"max-snippet:-1","max-image-preview":"max-image-preview:large","max-video-preview":"max-video-preview:-1"},"canonical":"https:\/\/stiftadmont.at\/es\/blog\/axel-zwingenberger-en-directo-en-la-abadia-de-admont\/","og_locale":"es_ES","og_type":"article","og_title":"Axel Zwingenberger LIVE im Stift Admont","og_description":"Lesen Sie aktuelle Informationen zum Thema Axel Zwingenberger LIVE im Stift Admont und vieles mehr aus dem Konvent und der Pfarre Admont.","og_url":"https:\/\/stiftadmont.at\/es\/blog\/axel-zwingenberger-en-directo-en-la-abadia-de-admont\/","og_site_name":"Stift Admont","article_published_time":"2019-05-13T10:00:00+00:00","article_modified_time":"2022-05-29T09:48:20+00:00","og_image":[{"width":478,"height":723,"url":"https:\/\/stiftadmont.at\/wp-content\/uploads\/Axel_Zwingenberger.jpg","type":"image\/jpeg"}],"author":"Mario Brandm\u00fcller","twitter_card":"summary_large_image","twitter_misc":{"Escrito por":"Mario Brandm\u00fcller"},"schema":{"@context":"https:\/\/schema.org","@graph":[{"@type":"Article","@id":"https:\/\/stiftadmont.at\/blog\/axel-zwingenberger-live-im-stift-admont\/#article","isPartOf":{"@id":"https:\/\/stiftadmont.at\/blog\/axel-zwingenberger-live-im-stift-admont\/"},"author":{"name":"Mario Brandm\u00fcller","@id":"https:\/\/stiftadmont.at\/#\/schema\/person\/30535548b241d5f33a2e8b839db11869"},"headline":"Axel Zwingenberger LIVE im Stift Admont","datePublished":"2019-05-13T10:00:00+00:00","dateModified":"2022-05-29T09:48:20+00:00","mainEntityOfPage":{"@id":"https:\/\/stiftadmont.at\/blog\/axel-zwingenberger-live-im-stift-admont\/"},"wordCount":6,"image":{"@id":"https:\/\/stiftadmont.at\/blog\/axel-zwingenberger-live-im-stift-admont\/#primaryimage"},"thumbnailUrl":"https:\/\/stiftadmont.at\/wp-content\/uploads\/Axel_Zwingenberger.jpg","articleSection":["Einrichtungen aktuell"],"inLanguage":"es"},{"@type":"WebPage","@id":"https:\/\/stiftadmont.at\/blog\/axel-zwingenberger-live-im-stift-admont\/","url":"https:\/\/stiftadmont.at\/blog\/axel-zwingenberger-live-im-stift-admont\/","name":"Axel Zwingenberger EN DIRECTO en la Abad\u00eda de Admont - Abad\u00eda de Admont","isPartOf":{"@id":"https:\/\/stiftadmont.at\/#website"},"primaryImageOfPage":{"@id":"https:\/\/stiftadmont.at\/blog\/axel-zwingenberger-live-im-stift-admont\/#primaryimage"},"image":{"@id":"https:\/\/stiftadmont.at\/blog\/axel-zwingenberger-live-im-stift-admont\/#primaryimage"},"thumbnailUrl":"https:\/\/stiftadmont.at\/wp-content\/uploads\/Axel_Zwingenberger.jpg","datePublished":"2019-05-13T10:00:00+00:00","dateModified":"2022-05-29T09:48:20+00:00","author":{"@id":"https:\/\/stiftadmont.at\/#\/schema\/person\/30535548b241d5f33a2e8b839db11869"},"description":"Lea la informaci\u00f3n m\u00e1s reciente sobre Axel Zwingenberger LIVE en la Abad\u00eda de Admont y mucho m\u00e1s sobre el convento y la parroquia de Admont.","breadcrumb":{"@id":"https:\/\/stiftadmont.at\/blog\/axel-zwingenberger-live-im-stift-admont\/#breadcrumb"},"inLanguage":"es","potentialAction":[{"@type":"ReadAction","target":["https:\/\/stiftadmont.at\/blog\/axel-zwingenberger-live-im-stift-admont\/"]}]},{"@type":"ImageObject","inLanguage":"es","@id":"https:\/\/stiftadmont.at\/blog\/axel-zwingenberger-live-im-stift-admont\/#primaryimage","url":"https:\/\/stiftadmont.at\/wp-content\/uploads\/Axel_Zwingenberger.jpg","contentUrl":"https:\/\/stiftadmont.at\/wp-content\/uploads\/Axel_Zwingenberger.jpg","width":478,"height":723,"caption":"Axel Zwingenberger"},{"@type":"BreadcrumbList","@id":"https:\/\/stiftadmont.at\/blog\/axel-zwingenberger-live-im-stift-admont\/#breadcrumb","itemListElement":[{"@type":"ListItem","position":1,"name":"Start","item":"https:\/\/stiftadmont.at\/"},{"@type":"ListItem","position":2,"name":"Axel Zwingenberger LIVE im Stift Admont"}]},{"@type":"WebSite","@id":"https:\/\/stiftadmont.at\/#website","url":"https:\/\/stiftadmont.at\/","name":"Abad\u00eda de Admont","description":"Monasterio benedictino y atracci\u00f3n tur\u00edstica en el Ges\u00e4use","potentialAction":[{"@type":"SearchAction","target":{"@type":"EntryPoint","urlTemplate":"https:\/\/stiftadmont.at\/?s={search_term_string}"},"query-input":{"@type":"PropertyValueSpecification","valueRequired":true,"valueName":"search_term_string"}}],"inLanguage":"es"},{"@type":"Person","@id":"https:\/\/stiftadmont.at\/#\/schema\/person\/30535548b241d5f33a2e8b839db11869","name":"Mario Brandm\u00fcller"}]}},"_links":{"self":[{"href":"https:\/\/stiftadmont.at\/es\/wp-json\/wp\/v2\/posts\/11568","targetHints":{"allow":["GET"]}}],"collection":[{"href":"https:\/\/stiftadmont.at\/es\/wp-json\/wp\/v2\/posts"}],"about":[{"href":"https:\/\/stiftadmont.at\/es\/wp-json\/wp\/v2\/types\/post"}],"author":[{"embeddable":true,"href":"https:\/\/stiftadmont.at\/es\/wp-json\/wp\/v2\/users\/7"}],"replies":[{"embeddable":true,"href":"https:\/\/stiftadmont.at\/es\/wp-json\/wp\/v2\/comments?post=11568"}],"version-history":[{"count":5,"href":"https:\/\/stiftadmont.at\/es\/wp-json\/wp\/v2\/posts\/11568\/revisions"}],"predecessor-version":[{"id":11574,"href":"https:\/\/stiftadmont.at\/es\/wp-json\/wp\/v2\/posts\/11568\/revisions\/11574"}],"wp:featuredmedia":[{"embeddable":true,"href":"https:\/\/stiftadmont.at\/es\/wp-json\/wp\/v2\/media\/11569"}],"wp:attachment":[{"href":"https:\/\/stiftadmont.at\/es\/wp-json\/wp\/v2\/media?parent=11568"}],"wp:term":[{"taxonomy":"category","embeddable":true,"href":"https:\/\/stiftadmont.at\/es\/wp-json\/wp\/v2\/categories?post=11568"}],"curies":[{"name":"wp","href":"https:\/\/api.w.org\/{rel}","templated":true}]}}