{"id":11624,"date":"2021-12-21T13:44:00","date_gmt":"2021-12-21T11:44:00","guid":{"rendered":"https:\/\/stiftadmont.at\/?p=11624"},"modified":"2022-05-29T13:45:54","modified_gmt":"2022-05-29T11:45:54","slug":"servicios-de-navidad","status":"publish","type":"post","link":"https:\/\/stiftadmont.at\/es\/blog\/gottesdienste-zu-weihnachten\/","title":{"rendered":"Servicios religiosos en Navidad"},"content":{"rendered":"<section id='lightpress__section--block_62935c35ebfd0' class='lightpress__section--default-section-space lightpress__section lightpress__section--content'><div class=\"content__inner\"\n         x-init=\"initContentBlockAnim($el)\">\n        \n    <div class=\"content__grid content__grid--fifty-fifty\">\n                                            <div class=\"content__box content__box\"\n                 style=\"\">\n                                \n                \n                                            <div class=\"prose\"><h2 class=\"heading-xxl line line--gold\">Servicios religiosos en Navidad<\/h2>\n<p><strong>Martes, 21 de diciembre de 2021<\/strong><\/p>\n<p><strong>Una calurosa invitaci\u00f3n a los servicios de Navidad en la Iglesia de la Abad\u00eda de Admont<\/strong><\/p>\n<p><strong>24 de diciembre Nochebuena<\/strong><br \/>16:00 Misa infantil<br \/>17:15 V\u00edsperas y vigilias de Navidad<br \/>22:00 Misa de Navidad<\/p>\n<p><strong>25 de diciembre Navidad<\/strong><br \/>10:00 Misa Pontifical<br \/>17:15 V\u00edsperas Pontificales<br \/>18:30 Misa de pesebre<\/p>\n<p><strong>26 de diciembre Fiesta de la Sagrada Familia (San Esteban)<\/strong><br \/>8:30 Santa Misa<br \/>10:00 Servicio festivo<br \/>17:15 V\u00edsperas corales<br \/>18:30 Misa de pesebre<\/p>\n<p>Tenga en cuenta que tambi\u00e9n deber\u00e1 llevar una mascarilla FFP2 durante el servicio y que deber\u00e1 mantener una distancia m\u00ednima de 1 metro con las personas con las que no conviva.<\/p>\n<\/div>\n                    \n                            <\/div>\n        \n                                                    <div class=\"content__box content__box--2\"\n                     >\n                                        \n                    \n                                                <div class=\"content__media stickyTo\" x-init=\"imageSticky($el)\">\n\n                                                                                    <picture\n                                    class=\"content__image sticky\">\n                                <source srcset=\"https:\/\/stiftadmont.at\/wp-content\/uploads\/Stift-Admont-Weihnachten-2021-1024x1024.webp\" type=\"image\/webp\">\n                                <source srcset=\"https:\/\/stiftadmont.at\/wp-content\/uploads\/Stift-Admont-Weihnachten-2021-1024x1024.jpg\" type=\"image\/jpeg\">\n                                <img decoding=\"async\" class=\"sticky\" loading=\"lazy\" src=\"https:\/\/stiftadmont.at\/wp-content\/uploads\/Stift-Admont-Weihnachten-2021-1024x1024.jpg\" alt=\"Abad\u00eda de Admont Navidad 2021\" \/>\n\n                                                                                                                            <\/picture>\n\n                        <\/div>\n\n                                    <\/div>\n            \n            <\/div>\n<\/div>\n\n<\/section>","protected":false},"excerpt":{"rendered":"<p>Una calurosa invitaci\u00f3n a los servicios de Navidad en la Iglesia de la Abad\u00eda de Admont<\/p>","protected":false},"author":7,"featured_media":10368,"comment_status":"closed","ping_status":"closed","sticky":false,"template":"","format":"standard","meta":{"_acf_changed":false,"footnotes":""},"categories":[22],"class_list":["post-11624","post","type-post","status-publish","format-standard","has-post-thumbnail","hentry","category-kloster-aktuell"],"acf":[],"yoast_head":"<!-- This site is optimized with the Yoast SEO Premium plugin v26.0 (Yoast SEO v26.8) - https:\/\/yoast.com\/product\/yoast-seo-premium-wordpress\/ -->\n<title>Gottesdienste zu Weihnachten - Stift Admont<\/title>\n<meta name=\"description\" content=\"Lesen Sie aktuelle Informationen zum Thema Gottesdienste zu Weihnachten und vieles mehr aus dem Konvent und der Pfarre Admont.\" \/>\n<meta name=\"robots\" content=\"index, follow, max-snippet:-1, max-image-preview:large, max-video-preview:-1\" \/>\n<link rel=\"canonical\" href=\"https:\/\/stiftadmont.at\/es\/blog\/servicios-de-navidad\/\" \/>\n<meta property=\"og:locale\" content=\"es_ES\" \/>\n<meta property=\"og:type\" content=\"article\" \/>\n<meta property=\"og:title\" content=\"Gottesdienste zu Weihnachten\" \/>\n<meta property=\"og:description\" content=\"Lesen Sie aktuelle Informationen zum Thema Gottesdienste zu Weihnachten und vieles mehr aus dem Konvent und der Pfarre Admont.\" \/>\n<meta property=\"og:url\" content=\"https:\/\/stiftadmont.at\/es\/blog\/servicios-de-navidad\/\" \/>\n<meta property=\"og:site_name\" content=\"Stift Admont\" \/>\n<meta property=\"article:published_time\" content=\"2021-12-21T11:44:00+00:00\" \/>\n<meta property=\"article:modified_time\" content=\"2022-05-29T11:45:54+00:00\" \/>\n<meta property=\"og:image\" content=\"https:\/\/stiftadmont.at\/wp-content\/uploads\/Stift-Admont-Admonter-Weihnachtskrippe-5.jpg\" \/>\n\t<meta property=\"og:image:width\" content=\"1600\" \/>\n\t<meta property=\"og:image:height\" content=\"1200\" \/>\n\t<meta property=\"og:image:type\" content=\"image\/jpeg\" \/>\n<meta name=\"author\" content=\"Mario Brandm\u00fcller\" \/>\n<meta name=\"twitter:card\" content=\"summary_large_image\" \/>\n<meta name=\"twitter:label1\" content=\"Escrito por\" \/>\n\t<meta name=\"twitter:data1\" content=\"Mario Brandm\u00fcller\" \/>\n<script type=\"application\/ld+json\" class=\"yoast-schema-graph\">{\"@context\":\"https:\/\/schema.org\",\"@graph\":[{\"@type\":\"Article\",\"@id\":\"https:\/\/stiftadmont.at\/blog\/gottesdienste-zu-weihnachten\/#article\",\"isPartOf\":{\"@id\":\"https:\/\/stiftadmont.at\/blog\/gottesdienste-zu-weihnachten\/\"},\"author\":{\"name\":\"Mario Brandm\u00fcller\",\"@id\":\"https:\/\/stiftadmont.at\/#\/schema\/person\/30535548b241d5f33a2e8b839db11869\"},\"headline\":\"Gottesdienste zu Weihnachten\",\"datePublished\":\"2021-12-21T11:44:00+00:00\",\"dateModified\":\"2022-05-29T11:45:54+00:00\",\"mainEntityOfPage\":{\"@id\":\"https:\/\/stiftadmont.at\/blog\/gottesdienste-zu-weihnachten\/\"},\"wordCount\":3,\"image\":{\"@id\":\"https:\/\/stiftadmont.at\/blog\/gottesdienste-zu-weihnachten\/#primaryimage\"},\"thumbnailUrl\":\"https:\/\/stiftadmont.at\/wp-content\/uploads\/Stift-Admont-Admonter-Weihnachtskrippe-5.jpg\",\"articleSection\":[\"Kloster aktuell\"],\"inLanguage\":\"es\"},{\"@type\":\"WebPage\",\"@id\":\"https:\/\/stiftadmont.at\/blog\/gottesdienste-zu-weihnachten\/\",\"url\":\"https:\/\/stiftadmont.at\/blog\/gottesdienste-zu-weihnachten\/\",\"name\":\"Gottesdienste zu Weihnachten - Stift Admont\",\"isPartOf\":{\"@id\":\"https:\/\/stiftadmont.at\/#website\"},\"primaryImageOfPage\":{\"@id\":\"https:\/\/stiftadmont.at\/blog\/gottesdienste-zu-weihnachten\/#primaryimage\"},\"image\":{\"@id\":\"https:\/\/stiftadmont.at\/blog\/gottesdienste-zu-weihnachten\/#primaryimage\"},\"thumbnailUrl\":\"https:\/\/stiftadmont.at\/wp-content\/uploads\/Stift-Admont-Admonter-Weihnachtskrippe-5.jpg\",\"datePublished\":\"2021-12-21T11:44:00+00:00\",\"dateModified\":\"2022-05-29T11:45:54+00:00\",\"author\":{\"@id\":\"https:\/\/stiftadmont.at\/#\/schema\/person\/30535548b241d5f33a2e8b839db11869\"},\"description\":\"Lesen Sie aktuelle Informationen zum Thema Gottesdienste zu Weihnachten und vieles mehr aus dem Konvent und der Pfarre Admont.\",\"breadcrumb\":{\"@id\":\"https:\/\/stiftadmont.at\/blog\/gottesdienste-zu-weihnachten\/#breadcrumb\"},\"inLanguage\":\"es\",\"potentialAction\":[{\"@type\":\"ReadAction\",\"target\":[\"https:\/\/stiftadmont.at\/blog\/gottesdienste-zu-weihnachten\/\"]}]},{\"@type\":\"ImageObject\",\"inLanguage\":\"es\",\"@id\":\"https:\/\/stiftadmont.at\/blog\/gottesdienste-zu-weihnachten\/#primaryimage\",\"url\":\"https:\/\/stiftadmont.at\/wp-content\/uploads\/Stift-Admont-Admonter-Weihnachtskrippe-5.jpg\",\"contentUrl\":\"https:\/\/stiftadmont.at\/wp-content\/uploads\/Stift-Admont-Admonter-Weihnachtskrippe-5.jpg\",\"width\":1600,\"height\":1200,\"caption\":\"Stift Admont Admonter Weihnachtskrippe 5\"},{\"@type\":\"BreadcrumbList\",\"@id\":\"https:\/\/stiftadmont.at\/blog\/gottesdienste-zu-weihnachten\/#breadcrumb\",\"itemListElement\":[{\"@type\":\"ListItem\",\"position\":1,\"name\":\"Start\",\"item\":\"https:\/\/stiftadmont.at\/\"},{\"@type\":\"ListItem\",\"position\":2,\"name\":\"Gottesdienste zu Weihnachten\"}]},{\"@type\":\"WebSite\",\"@id\":\"https:\/\/stiftadmont.at\/#website\",\"url\":\"https:\/\/stiftadmont.at\/\",\"name\":\"Stift Admont\",\"description\":\"Benediktinerkloster und Sehensw\u00fcrdigkeit im Ges\u00e4use\",\"potentialAction\":[{\"@type\":\"SearchAction\",\"target\":{\"@type\":\"EntryPoint\",\"urlTemplate\":\"https:\/\/stiftadmont.at\/?s={search_term_string}\"},\"query-input\":{\"@type\":\"PropertyValueSpecification\",\"valueRequired\":true,\"valueName\":\"search_term_string\"}}],\"inLanguage\":\"es\"},{\"@type\":\"Person\",\"@id\":\"https:\/\/stiftadmont.at\/#\/schema\/person\/30535548b241d5f33a2e8b839db11869\",\"name\":\"Mario Brandm\u00fcller\"}]}<\/script>\n<!-- \/ Yoast SEO Premium plugin. -->","yoast_head_json":{"title":"Servicios religiosos en Navidad - Abad\u00eda de Admont","description":"Lea la informaci\u00f3n m\u00e1s reciente sobre los servicios de Navidad y mucho m\u00e1s del convento y la parroquia de Admont.","robots":{"index":"index","follow":"follow","max-snippet":"max-snippet:-1","max-image-preview":"max-image-preview:large","max-video-preview":"max-video-preview:-1"},"canonical":"https:\/\/stiftadmont.at\/es\/blog\/servicios-de-navidad\/","og_locale":"es_ES","og_type":"article","og_title":"Gottesdienste zu Weihnachten","og_description":"Lesen Sie aktuelle Informationen zum Thema Gottesdienste zu Weihnachten und vieles mehr aus dem Konvent und der Pfarre Admont.","og_url":"https:\/\/stiftadmont.at\/es\/blog\/servicios-de-navidad\/","og_site_name":"Stift Admont","article_published_time":"2021-12-21T11:44:00+00:00","article_modified_time":"2022-05-29T11:45:54+00:00","og_image":[{"width":1600,"height":1200,"url":"https:\/\/stiftadmont.at\/wp-content\/uploads\/Stift-Admont-Admonter-Weihnachtskrippe-5.jpg","type":"image\/jpeg"}],"author":"Mario Brandm\u00fcller","twitter_card":"summary_large_image","twitter_misc":{"Escrito por":"Mario Brandm\u00fcller"},"schema":{"@context":"https:\/\/schema.org","@graph":[{"@type":"Article","@id":"https:\/\/stiftadmont.at\/blog\/gottesdienste-zu-weihnachten\/#article","isPartOf":{"@id":"https:\/\/stiftadmont.at\/blog\/gottesdienste-zu-weihnachten\/"},"author":{"name":"Mario Brandm\u00fcller","@id":"https:\/\/stiftadmont.at\/#\/schema\/person\/30535548b241d5f33a2e8b839db11869"},"headline":"Gottesdienste zu Weihnachten","datePublished":"2021-12-21T11:44:00+00:00","dateModified":"2022-05-29T11:45:54+00:00","mainEntityOfPage":{"@id":"https:\/\/stiftadmont.at\/blog\/gottesdienste-zu-weihnachten\/"},"wordCount":3,"image":{"@id":"https:\/\/stiftadmont.at\/blog\/gottesdienste-zu-weihnachten\/#primaryimage"},"thumbnailUrl":"https:\/\/stiftadmont.at\/wp-content\/uploads\/Stift-Admont-Admonter-Weihnachtskrippe-5.jpg","articleSection":["Kloster aktuell"],"inLanguage":"es"},{"@type":"WebPage","@id":"https:\/\/stiftadmont.at\/blog\/gottesdienste-zu-weihnachten\/","url":"https:\/\/stiftadmont.at\/blog\/gottesdienste-zu-weihnachten\/","name":"Servicios religiosos en Navidad - Abad\u00eda de Admont","isPartOf":{"@id":"https:\/\/stiftadmont.at\/#website"},"primaryImageOfPage":{"@id":"https:\/\/stiftadmont.at\/blog\/gottesdienste-zu-weihnachten\/#primaryimage"},"image":{"@id":"https:\/\/stiftadmont.at\/blog\/gottesdienste-zu-weihnachten\/#primaryimage"},"thumbnailUrl":"https:\/\/stiftadmont.at\/wp-content\/uploads\/Stift-Admont-Admonter-Weihnachtskrippe-5.jpg","datePublished":"2021-12-21T11:44:00+00:00","dateModified":"2022-05-29T11:45:54+00:00","author":{"@id":"https:\/\/stiftadmont.at\/#\/schema\/person\/30535548b241d5f33a2e8b839db11869"},"description":"Lea la informaci\u00f3n m\u00e1s reciente sobre los servicios de Navidad y mucho m\u00e1s del convento y la parroquia de Admont.","breadcrumb":{"@id":"https:\/\/stiftadmont.at\/blog\/gottesdienste-zu-weihnachten\/#breadcrumb"},"inLanguage":"es","potentialAction":[{"@type":"ReadAction","target":["https:\/\/stiftadmont.at\/blog\/gottesdienste-zu-weihnachten\/"]}]},{"@type":"ImageObject","inLanguage":"es","@id":"https:\/\/stiftadmont.at\/blog\/gottesdienste-zu-weihnachten\/#primaryimage","url":"https:\/\/stiftadmont.at\/wp-content\/uploads\/Stift-Admont-Admonter-Weihnachtskrippe-5.jpg","contentUrl":"https:\/\/stiftadmont.at\/wp-content\/uploads\/Stift-Admont-Admonter-Weihnachtskrippe-5.jpg","width":1600,"height":1200,"caption":"Stift Admont Admonter Weihnachtskrippe 5"},{"@type":"BreadcrumbList","@id":"https:\/\/stiftadmont.at\/blog\/gottesdienste-zu-weihnachten\/#breadcrumb","itemListElement":[{"@type":"ListItem","position":1,"name":"Start","item":"https:\/\/stiftadmont.at\/"},{"@type":"ListItem","position":2,"name":"Gottesdienste zu Weihnachten"}]},{"@type":"WebSite","@id":"https:\/\/stiftadmont.at\/#website","url":"https:\/\/stiftadmont.at\/","name":"Abad\u00eda de Admont","description":"Monasterio benedictino y atracci\u00f3n tur\u00edstica en el Ges\u00e4use","potentialAction":[{"@type":"SearchAction","target":{"@type":"EntryPoint","urlTemplate":"https:\/\/stiftadmont.at\/?s={search_term_string}"},"query-input":{"@type":"PropertyValueSpecification","valueRequired":true,"valueName":"search_term_string"}}],"inLanguage":"es"},{"@type":"Person","@id":"https:\/\/stiftadmont.at\/#\/schema\/person\/30535548b241d5f33a2e8b839db11869","name":"Mario Brandm\u00fcller"}]}},"_links":{"self":[{"href":"https:\/\/stiftadmont.at\/es\/wp-json\/wp\/v2\/posts\/11624","targetHints":{"allow":["GET"]}}],"collection":[{"href":"https:\/\/stiftadmont.at\/es\/wp-json\/wp\/v2\/posts"}],"about":[{"href":"https:\/\/stiftadmont.at\/es\/wp-json\/wp\/v2\/types\/post"}],"author":[{"embeddable":true,"href":"https:\/\/stiftadmont.at\/es\/wp-json\/wp\/v2\/users\/7"}],"replies":[{"embeddable":true,"href":"https:\/\/stiftadmont.at\/es\/wp-json\/wp\/v2\/comments?post=11624"}],"version-history":[{"count":6,"href":"https:\/\/stiftadmont.at\/es\/wp-json\/wp\/v2\/posts\/11624\/revisions"}],"predecessor-version":[{"id":11632,"href":"https:\/\/stiftadmont.at\/es\/wp-json\/wp\/v2\/posts\/11624\/revisions\/11632"}],"wp:featuredmedia":[{"embeddable":true,"href":"https:\/\/stiftadmont.at\/es\/wp-json\/wp\/v2\/media\/10368"}],"wp:attachment":[{"href":"https:\/\/stiftadmont.at\/es\/wp-json\/wp\/v2\/media?parent=11624"}],"wp:term":[{"taxonomy":"category","embeddable":true,"href":"https:\/\/stiftadmont.at\/es\/wp-json\/wp\/v2\/categories?post=11624"}],"curies":[{"name":"wp","href":"https:\/\/api.w.org\/{rel}","templated":true}]}}