{"id":13404,"date":"2021-06-27T12:00:00","date_gmt":"2021-06-27T10:00:00","guid":{"rendered":"https:\/\/stiftadmont.at\/?p=13404"},"modified":"2023-12-02T17:16:40","modified_gmt":"2023-12-02T15:16:40","slug":"bodas-de-oro-del-abad-em-bruno","status":"publish","type":"post","link":"https:\/\/stiftadmont.at\/es\/blog\/goldenes-priesterjubilaeum-von-abt-em-bruno\/","title":{"rendered":"Bodas de oro del Abad em. Bruno"},"content":{"rendered":"<section id='lightpress__section--block_62b629c218830' class='lightpress__section--default-section-space lightpress__section lightpress__section--content'><div class=\"content__inner\"\n         x-init=\"initContentBlockAnim($el)\">\n        \n    <div class=\"content__grid content__grid\">\n                                            <div class=\"content__box content__box--one-hundred\"\n                 style=\"\">\n                                \n                \n                                            <div class=\"prose\"><\/div>\n                    \n                            <\/div>\n        \n            <\/div>\n<\/div>\n\n<\/section>\n\n<section id='lightpress__section--block_62b629e418831' class='lightpress__section--default-section-space lightpress__section lightpress__section--content'><div class=\"content__inner\"\n         x-init=\"initContentBlockAnim($el)\">\n        \n    <div class=\"content__grid content__grid\">\n                                            <div class=\"content__box content__box--one-hundred\"\n                 style=\"\">\n                                \n                \n                                            <div class=\"prose\"><h2 class=\"heading-xxl line line--gold\">Goldenes Priesterjubil\u00e4um von Abt em. Bruno<\/h2>\n<p><strong>Sonntag, 27. Juni 2021<\/strong><\/p>\n<p>Auf den Tag genau vor 50 Jahren &#8211; am Hochfest der Hl. Hemma von Gurk &#8211;\u00a0 empfing unser Altabt Bruno in der Stiftskirche Admont durch Bischof Johann Weber das Sakrament der Priesterweihe. Beim heutigen Pontifikalamt dankte Abt Bruno Gott f\u00fcr 50 Jahre priesterlichen Dienst. In seiner Predigt beleuchtete Abt Gerhard die einzelnen Stationen im Leben von Abt em. Bruno und dankte ihm f\u00fcr seinen Dienst an unserer Gemeinschaft und den Menschen in der Region.<\/p>\n<p>Der Admonter Kirchenchor und eine Abordnung der Musikkapelle Admont-Hall gestalteten den Festgottesdient mit.<\/p>\n<\/div>\n                    \n                            <\/div>\n        \n            <\/div>\n<\/div>\n\n<\/section>\n\n<section id='lightpress__section--block_62b62a2118836' class='lightpress__section--default-section-space lightpress__section lightpress__section--image-slider'>\n<div class=\"image-slider\"\n     x-data=\"{ gallery: null, shown: false }\"\n     x-init=\"gallery = initSliderGallery([{&quot;href&quot;:&quot;https:\\\/\\\/stiftadmont.at\\\/wp-content\\\/uploads\\\/Stift-Admont-Goldenes-Priesterjubilaeum-Abt-em.-Bruno-2021-1.jpg&quot;,&quot;type&quot;:&quot;image&quot;},{&quot;href&quot;:&quot;https:\\\/\\\/stiftadmont.at\\\/wp-content\\\/uploads\\\/Stift-Admont-Goldenes-Priesterjubilaeum-Abt-em.-Bruno-2021-2.jpg&quot;,&quot;type&quot;:&quot;image&quot;},{&quot;href&quot;:&quot;https:\\\/\\\/stiftadmont.at\\\/wp-content\\\/uploads\\\/Stift-Admont-Goldenes-Priesterjubilaeum-Abt-em.-Bruno-2021-3.jpg&quot;,&quot;type&quot;:&quot;image&quot;},{&quot;href&quot;:&quot;https:\\\/\\\/stiftadmont.at\\\/wp-content\\\/uploads\\\/Stift-Admont-Goldenes-Priesterjubilaeum-Abt-em.-Bruno-2021-4.jpg&quot;,&quot;type&quot;:&quot;image&quot;},{&quot;href&quot;:&quot;https:\\\/\\\/stiftadmont.at\\\/wp-content\\\/uploads\\\/Stift-Admont-Goldenes-Priesterjubilaeum-Abt-em.-Bruno-2021-5.jpg&quot;,&quot;type&quot;:&quot;image&quot;},{&quot;href&quot;:&quot;https:\\\/\\\/stiftadmont.at\\\/wp-content\\\/uploads\\\/Stift-Admont-Goldenes-Priesterjubilaeum-Abt-em.-Bruno-2021-6.jpg&quot;,&quot;type&quot;:&quot;image&quot;}]); initImageSliderBlockAnim($el);\">\n    <div class=\"image-slider__inner\">\n\n        <div class=\"swiper-container\" x-init=\"initImageSliderBlock($el, $refs.btnPrev, $refs.btnNext)\">\n            <div class=\"swiper-wrapper\">\n                                    <div class=\"swiper-slide\">\n                        <div class=\"image-slider__media\">\n                            <img decoding=\"async\" class=\"image-slider__image\"\n                                 src=\"https:\/\/stiftadmont.at\/wp-content\/uploads\/Stift-Admont-Goldenes-Priesterjubilaeum-Abt-em.-Bruno-2021-1-768x576.jpg\"\n                                 alt=\"Stift Admont Goldenes Priesterjubilaeum Abt em. Bruno 2021 1\">\n                        <\/div>\n                    <\/div>\n                                    <div class=\"swiper-slide\">\n                        <div class=\"image-slider__media\">\n                            <img decoding=\"async\" class=\"image-slider__image\"\n                                 src=\"https:\/\/stiftadmont.at\/wp-content\/uploads\/Stift-Admont-Goldenes-Priesterjubilaeum-Abt-em.-Bruno-2021-2-768x576.jpg\"\n                                 alt=\"Stift Admont Goldenes Priesterjubilaeum Abt em. Bruno 2021 2\">\n                        <\/div>\n                    <\/div>\n                                    <div class=\"swiper-slide\">\n                        <div class=\"image-slider__media\">\n                            <img decoding=\"async\" class=\"image-slider__image\"\n                                 src=\"https:\/\/stiftadmont.at\/wp-content\/uploads\/Stift-Admont-Goldenes-Priesterjubilaeum-Abt-em.-Bruno-2021-3-768x576.jpg\"\n                                 alt=\"Stift Admont Goldenes Priesterjubilaeum Abt em. Bruno 2021 3\">\n                        <\/div>\n                    <\/div>\n                                    <div class=\"swiper-slide\">\n                        <div class=\"image-slider__media\">\n                            <img decoding=\"async\" class=\"image-slider__image\"\n                                 src=\"https:\/\/stiftadmont.at\/wp-content\/uploads\/Stift-Admont-Goldenes-Priesterjubilaeum-Abt-em.-Bruno-2021-4-768x576.jpg\"\n                                 alt=\"Stift Admont Goldenes Priesterjubilaeum Abt em. Bruno 2021 4\">\n                        <\/div>\n                    <\/div>\n                                    <div class=\"swiper-slide\">\n                        <div class=\"image-slider__media\">\n                            <img decoding=\"async\" class=\"image-slider__image\"\n                                 src=\"https:\/\/stiftadmont.at\/wp-content\/uploads\/Stift-Admont-Goldenes-Priesterjubilaeum-Abt-em.-Bruno-2021-5-768x576.jpg\"\n                                 alt=\"Stift Admont Goldenes Priesterjubilaeum Abt em. Bruno 2021 5\">\n                        <\/div>\n                    <\/div>\n                                    <div class=\"swiper-slide\">\n                        <div class=\"image-slider__media\">\n                            <img decoding=\"async\" class=\"image-slider__image\"\n                                 src=\"https:\/\/stiftadmont.at\/wp-content\/uploads\/Stift-Admont-Goldenes-Priesterjubilaeum-Abt-em.-Bruno-2021-6-768x576.jpg\"\n                                 alt=\"Stift Admont Goldenes Priesterjubilaeum Abt em. Bruno 2021 6\">\n                        <\/div>\n                    <\/div>\n                            <\/div>\n\n            <div class=\"swiper-nav-wrapper\">\n                <button class=\"swiper-button-prev slider-button--prev\" x-ref=\"btnPrev\"\n                        aria-label=\"Vorige Bilder anzeigen\">\n                    <img decoding=\"async\" src=\"\/wp-content\/themes\/stift-admont\/src\/assets\/img\/arrow-left-big-new.svg\" alt=\"Pfeil nach Links\">\n                <\/button>\n\n\n                <a class=\"image-slider__gallery\" @click=\"openGallery(gallery)\"><i class=\"fa-thin fa-plus\"><\/i><\/a>\n                <button class=\"swiper-button-next slider-button--next\"\n                        x-ref=\"btnNext\"\n                        aria-label=\"N\u00e4chste Bilder anzeigen\">\n                    <img decoding=\"async\" src=\"\/wp-content\/themes\/stift-admont\/src\/assets\/img\/arrow-right-big-new.svg\" alt=\"Pfeil nach Rechts\">\n                <\/button>\n            <\/div>\n        <\/div>\n    <\/div>\n\n\n<\/div><\/section>","protected":false},"excerpt":{"rendered":"<p>Bodas de oro del Abad em. Bruno - Solemnidad de nuestra patrona Hemma de Gurk <\/p>","protected":false},"author":7,"featured_media":13406,"comment_status":"closed","ping_status":"closed","sticky":false,"template":"","format":"standard","meta":{"_acf_changed":false,"footnotes":""},"categories":[22],"class_list":["post-13404","post","type-post","status-publish","format-standard","has-post-thumbnail","hentry","category-kloster-aktuell"],"acf":[],"yoast_head":"<!-- This site is optimized with the Yoast SEO Premium plugin v26.0 (Yoast SEO v26.8) - https:\/\/yoast.com\/product\/yoast-seo-premium-wordpress\/ -->\n<title>Goldenes Priesterjubil\u00e4um von Abt em. Bruno - Stift Admont<\/title>\n<meta name=\"description\" content=\"Lesen Sie aktuelle Informationen zum Thema Goldenes Priesterjubil\u00e4um von Abt em. Bruno und vieles mehr aus dem Konvent und der Pfarre Admont.\" \/>\n<meta name=\"robots\" content=\"index, follow, max-snippet:-1, max-image-preview:large, max-video-preview:-1\" \/>\n<link rel=\"canonical\" href=\"https:\/\/stiftadmont.at\/es\/blog\/bodas-de-oro-del-abad-em-bruno\/\" \/>\n<meta property=\"og:locale\" content=\"es_ES\" \/>\n<meta property=\"og:type\" content=\"article\" \/>\n<meta property=\"og:title\" content=\"Goldenes Priesterjubil\u00e4um von Abt em. Bruno\" \/>\n<meta property=\"og:description\" content=\"Lesen Sie aktuelle Informationen zum Thema Goldenes Priesterjubil\u00e4um von Abt em. Bruno und vieles mehr aus dem Konvent und der Pfarre Admont.\" \/>\n<meta property=\"og:url\" content=\"https:\/\/stiftadmont.at\/es\/blog\/bodas-de-oro-del-abad-em-bruno\/\" \/>\n<meta property=\"og:site_name\" content=\"Stift Admont\" \/>\n<meta property=\"article:published_time\" content=\"2021-06-27T10:00:00+00:00\" \/>\n<meta property=\"article:modified_time\" content=\"2023-12-02T15:16:40+00:00\" \/>\n<meta property=\"og:image\" content=\"https:\/\/stiftadmont.at\/wp-content\/uploads\/Stift-Admont-Goldenes-Priesterjubilaeum-Abt-em.-Bruno-2021-2.jpg\" \/>\n\t<meta property=\"og:image:width\" content=\"1600\" \/>\n\t<meta property=\"og:image:height\" content=\"1200\" \/>\n\t<meta property=\"og:image:type\" content=\"image\/jpeg\" \/>\n<meta name=\"author\" content=\"Mario Brandm\u00fcller\" \/>\n<meta name=\"twitter:card\" content=\"summary_large_image\" \/>\n<meta name=\"twitter:label1\" content=\"Escrito por\" \/>\n\t<meta name=\"twitter:data1\" content=\"Mario Brandm\u00fcller\" \/>\n<script type=\"application\/ld+json\" class=\"yoast-schema-graph\">{\"@context\":\"https:\/\/schema.org\",\"@graph\":[{\"@type\":\"Article\",\"@id\":\"https:\/\/stiftadmont.at\/blog\/goldenes-priesterjubilaeum-von-abt-em-bruno\/#article\",\"isPartOf\":{\"@id\":\"https:\/\/stiftadmont.at\/blog\/goldenes-priesterjubilaeum-von-abt-em-bruno\/\"},\"author\":{\"name\":\"Mario Brandm\u00fcller\",\"@id\":\"https:\/\/stiftadmont.at\/#\/schema\/person\/30535548b241d5f33a2e8b839db11869\"},\"headline\":\"Goldenes Priesterjubil\u00e4um von Abt em. Bruno\",\"datePublished\":\"2021-06-27T10:00:00+00:00\",\"dateModified\":\"2023-12-02T15:16:40+00:00\",\"mainEntityOfPage\":{\"@id\":\"https:\/\/stiftadmont.at\/blog\/goldenes-priesterjubilaeum-von-abt-em-bruno\/\"},\"wordCount\":7,\"image\":{\"@id\":\"https:\/\/stiftadmont.at\/blog\/goldenes-priesterjubilaeum-von-abt-em-bruno\/#primaryimage\"},\"thumbnailUrl\":\"https:\/\/stiftadmont.at\/wp-content\/uploads\/Stift-Admont-Goldenes-Priesterjubilaeum-Abt-em.-Bruno-2021-2.jpg\",\"articleSection\":[\"Kloster aktuell\"],\"inLanguage\":\"es\"},{\"@type\":\"WebPage\",\"@id\":\"https:\/\/stiftadmont.at\/blog\/goldenes-priesterjubilaeum-von-abt-em-bruno\/\",\"url\":\"https:\/\/stiftadmont.at\/blog\/goldenes-priesterjubilaeum-von-abt-em-bruno\/\",\"name\":\"Goldenes Priesterjubil\u00e4um von Abt em. Bruno - Stift Admont\",\"isPartOf\":{\"@id\":\"https:\/\/stiftadmont.at\/#website\"},\"primaryImageOfPage\":{\"@id\":\"https:\/\/stiftadmont.at\/blog\/goldenes-priesterjubilaeum-von-abt-em-bruno\/#primaryimage\"},\"image\":{\"@id\":\"https:\/\/stiftadmont.at\/blog\/goldenes-priesterjubilaeum-von-abt-em-bruno\/#primaryimage\"},\"thumbnailUrl\":\"https:\/\/stiftadmont.at\/wp-content\/uploads\/Stift-Admont-Goldenes-Priesterjubilaeum-Abt-em.-Bruno-2021-2.jpg\",\"datePublished\":\"2021-06-27T10:00:00+00:00\",\"dateModified\":\"2023-12-02T15:16:40+00:00\",\"author\":{\"@id\":\"https:\/\/stiftadmont.at\/#\/schema\/person\/30535548b241d5f33a2e8b839db11869\"},\"description\":\"Lesen Sie aktuelle Informationen zum Thema Goldenes Priesterjubil\u00e4um von Abt em. Bruno und vieles mehr aus dem Konvent und der Pfarre Admont.\",\"breadcrumb\":{\"@id\":\"https:\/\/stiftadmont.at\/blog\/goldenes-priesterjubilaeum-von-abt-em-bruno\/#breadcrumb\"},\"inLanguage\":\"es\",\"potentialAction\":[{\"@type\":\"ReadAction\",\"target\":[\"https:\/\/stiftadmont.at\/blog\/goldenes-priesterjubilaeum-von-abt-em-bruno\/\"]}]},{\"@type\":\"ImageObject\",\"inLanguage\":\"es\",\"@id\":\"https:\/\/stiftadmont.at\/blog\/goldenes-priesterjubilaeum-von-abt-em-bruno\/#primaryimage\",\"url\":\"https:\/\/stiftadmont.at\/wp-content\/uploads\/Stift-Admont-Goldenes-Priesterjubilaeum-Abt-em.-Bruno-2021-2.jpg\",\"contentUrl\":\"https:\/\/stiftadmont.at\/wp-content\/uploads\/Stift-Admont-Goldenes-Priesterjubilaeum-Abt-em.-Bruno-2021-2.jpg\",\"width\":1600,\"height\":1200,\"caption\":\"Stift Admont Goldenes Priesterjubilaeum Abt em. Bruno 2021 2\"},{\"@type\":\"BreadcrumbList\",\"@id\":\"https:\/\/stiftadmont.at\/blog\/goldenes-priesterjubilaeum-von-abt-em-bruno\/#breadcrumb\",\"itemListElement\":[{\"@type\":\"ListItem\",\"position\":1,\"name\":\"Start\",\"item\":\"https:\/\/stiftadmont.at\/\"},{\"@type\":\"ListItem\",\"position\":2,\"name\":\"Goldenes Priesterjubil\u00e4um von Abt em. Bruno\"}]},{\"@type\":\"WebSite\",\"@id\":\"https:\/\/stiftadmont.at\/#website\",\"url\":\"https:\/\/stiftadmont.at\/\",\"name\":\"Stift Admont\",\"description\":\"Benediktinerkloster und Sehensw\u00fcrdigkeit im Ges\u00e4use\",\"potentialAction\":[{\"@type\":\"SearchAction\",\"target\":{\"@type\":\"EntryPoint\",\"urlTemplate\":\"https:\/\/stiftadmont.at\/?s={search_term_string}\"},\"query-input\":{\"@type\":\"PropertyValueSpecification\",\"valueRequired\":true,\"valueName\":\"search_term_string\"}}],\"inLanguage\":\"es\"},{\"@type\":\"Person\",\"@id\":\"https:\/\/stiftadmont.at\/#\/schema\/person\/30535548b241d5f33a2e8b839db11869\",\"name\":\"Mario Brandm\u00fcller\"}]}<\/script>\n<!-- \/ Yoast SEO Premium plugin. -->","yoast_head_json":{"title":"Bodas de oro del Abad em. Bruno - Abad\u00eda de Admont","description":"Lea la informaci\u00f3n m\u00e1s reciente sobre las bodas de oro sacerdotales del abad Bruno y mucho m\u00e1s sobre el convento y la parroquia de Admont.","robots":{"index":"index","follow":"follow","max-snippet":"max-snippet:-1","max-image-preview":"max-image-preview:large","max-video-preview":"max-video-preview:-1"},"canonical":"https:\/\/stiftadmont.at\/es\/blog\/bodas-de-oro-del-abad-em-bruno\/","og_locale":"es_ES","og_type":"article","og_title":"Goldenes Priesterjubil\u00e4um von Abt em. Bruno","og_description":"Lesen Sie aktuelle Informationen zum Thema Goldenes Priesterjubil\u00e4um von Abt em. Bruno und vieles mehr aus dem Konvent und der Pfarre Admont.","og_url":"https:\/\/stiftadmont.at\/es\/blog\/bodas-de-oro-del-abad-em-bruno\/","og_site_name":"Stift Admont","article_published_time":"2021-06-27T10:00:00+00:00","article_modified_time":"2023-12-02T15:16:40+00:00","og_image":[{"width":1600,"height":1200,"url":"https:\/\/stiftadmont.at\/wp-content\/uploads\/Stift-Admont-Goldenes-Priesterjubilaeum-Abt-em.-Bruno-2021-2.jpg","type":"image\/jpeg"}],"author":"Mario Brandm\u00fcller","twitter_card":"summary_large_image","twitter_misc":{"Escrito por":"Mario Brandm\u00fcller"},"schema":{"@context":"https:\/\/schema.org","@graph":[{"@type":"Article","@id":"https:\/\/stiftadmont.at\/blog\/goldenes-priesterjubilaeum-von-abt-em-bruno\/#article","isPartOf":{"@id":"https:\/\/stiftadmont.at\/blog\/goldenes-priesterjubilaeum-von-abt-em-bruno\/"},"author":{"name":"Mario Brandm\u00fcller","@id":"https:\/\/stiftadmont.at\/#\/schema\/person\/30535548b241d5f33a2e8b839db11869"},"headline":"Goldenes Priesterjubil\u00e4um von Abt em. Bruno","datePublished":"2021-06-27T10:00:00+00:00","dateModified":"2023-12-02T15:16:40+00:00","mainEntityOfPage":{"@id":"https:\/\/stiftadmont.at\/blog\/goldenes-priesterjubilaeum-von-abt-em-bruno\/"},"wordCount":7,"image":{"@id":"https:\/\/stiftadmont.at\/blog\/goldenes-priesterjubilaeum-von-abt-em-bruno\/#primaryimage"},"thumbnailUrl":"https:\/\/stiftadmont.at\/wp-content\/uploads\/Stift-Admont-Goldenes-Priesterjubilaeum-Abt-em.-Bruno-2021-2.jpg","articleSection":["Kloster aktuell"],"inLanguage":"es"},{"@type":"WebPage","@id":"https:\/\/stiftadmont.at\/blog\/goldenes-priesterjubilaeum-von-abt-em-bruno\/","url":"https:\/\/stiftadmont.at\/blog\/goldenes-priesterjubilaeum-von-abt-em-bruno\/","name":"Bodas de oro del Abad em. Bruno - Abad\u00eda de Admont","isPartOf":{"@id":"https:\/\/stiftadmont.at\/#website"},"primaryImageOfPage":{"@id":"https:\/\/stiftadmont.at\/blog\/goldenes-priesterjubilaeum-von-abt-em-bruno\/#primaryimage"},"image":{"@id":"https:\/\/stiftadmont.at\/blog\/goldenes-priesterjubilaeum-von-abt-em-bruno\/#primaryimage"},"thumbnailUrl":"https:\/\/stiftadmont.at\/wp-content\/uploads\/Stift-Admont-Goldenes-Priesterjubilaeum-Abt-em.-Bruno-2021-2.jpg","datePublished":"2021-06-27T10:00:00+00:00","dateModified":"2023-12-02T15:16:40+00:00","author":{"@id":"https:\/\/stiftadmont.at\/#\/schema\/person\/30535548b241d5f33a2e8b839db11869"},"description":"Lea la informaci\u00f3n m\u00e1s reciente sobre las bodas de oro sacerdotales del abad Bruno y mucho m\u00e1s sobre el convento y la parroquia de Admont.","breadcrumb":{"@id":"https:\/\/stiftadmont.at\/blog\/goldenes-priesterjubilaeum-von-abt-em-bruno\/#breadcrumb"},"inLanguage":"es","potentialAction":[{"@type":"ReadAction","target":["https:\/\/stiftadmont.at\/blog\/goldenes-priesterjubilaeum-von-abt-em-bruno\/"]}]},{"@type":"ImageObject","inLanguage":"es","@id":"https:\/\/stiftadmont.at\/blog\/goldenes-priesterjubilaeum-von-abt-em-bruno\/#primaryimage","url":"https:\/\/stiftadmont.at\/wp-content\/uploads\/Stift-Admont-Goldenes-Priesterjubilaeum-Abt-em.-Bruno-2021-2.jpg","contentUrl":"https:\/\/stiftadmont.at\/wp-content\/uploads\/Stift-Admont-Goldenes-Priesterjubilaeum-Abt-em.-Bruno-2021-2.jpg","width":1600,"height":1200,"caption":"Stift Admont Goldenes Priesterjubilaeum Abt em. Bruno 2021 2"},{"@type":"BreadcrumbList","@id":"https:\/\/stiftadmont.at\/blog\/goldenes-priesterjubilaeum-von-abt-em-bruno\/#breadcrumb","itemListElement":[{"@type":"ListItem","position":1,"name":"Start","item":"https:\/\/stiftadmont.at\/"},{"@type":"ListItem","position":2,"name":"Goldenes Priesterjubil\u00e4um von Abt em. Bruno"}]},{"@type":"WebSite","@id":"https:\/\/stiftadmont.at\/#website","url":"https:\/\/stiftadmont.at\/","name":"Abad\u00eda de Admont","description":"Monasterio benedictino y atracci\u00f3n tur\u00edstica en el Ges\u00e4use","potentialAction":[{"@type":"SearchAction","target":{"@type":"EntryPoint","urlTemplate":"https:\/\/stiftadmont.at\/?s={search_term_string}"},"query-input":{"@type":"PropertyValueSpecification","valueRequired":true,"valueName":"search_term_string"}}],"inLanguage":"es"},{"@type":"Person","@id":"https:\/\/stiftadmont.at\/#\/schema\/person\/30535548b241d5f33a2e8b839db11869","name":"Mario Brandm\u00fcller"}]}},"_links":{"self":[{"href":"https:\/\/stiftadmont.at\/es\/wp-json\/wp\/v2\/posts\/13404","targetHints":{"allow":["GET"]}}],"collection":[{"href":"https:\/\/stiftadmont.at\/es\/wp-json\/wp\/v2\/posts"}],"about":[{"href":"https:\/\/stiftadmont.at\/es\/wp-json\/wp\/v2\/types\/post"}],"author":[{"embeddable":true,"href":"https:\/\/stiftadmont.at\/es\/wp-json\/wp\/v2\/users\/7"}],"replies":[{"embeddable":true,"href":"https:\/\/stiftadmont.at\/es\/wp-json\/wp\/v2\/comments?post=13404"}],"version-history":[{"count":7,"href":"https:\/\/stiftadmont.at\/es\/wp-json\/wp\/v2\/posts\/13404\/revisions"}],"predecessor-version":[{"id":13417,"href":"https:\/\/stiftadmont.at\/es\/wp-json\/wp\/v2\/posts\/13404\/revisions\/13417"}],"wp:featuredmedia":[{"embeddable":true,"href":"https:\/\/stiftadmont.at\/es\/wp-json\/wp\/v2\/media\/13406"}],"wp:attachment":[{"href":"https:\/\/stiftadmont.at\/es\/wp-json\/wp\/v2\/media?parent=13404"}],"wp:term":[{"taxonomy":"category","embeddable":true,"href":"https:\/\/stiftadmont.at\/es\/wp-json\/wp\/v2\/categories?post=13404"}],"curies":[{"name":"wp","href":"https:\/\/api.w.org\/{rel}","templated":true}]}}