{"id":20036,"date":"2023-09-08T14:00:32","date_gmt":"2023-09-08T12:00:32","guid":{"rendered":"https:\/\/stiftadmont.at\/?p=20036"},"modified":"2024-02-27T20:38:33","modified_gmt":"2024-02-27T18:38:33","slug":"asistencia-sanitaria-en-admont","status":"publish","type":"post","link":"https:\/\/stiftadmont.at\/es\/blog\/gesundheitsversorgung-in-admont\/","title":{"rendered":"Sanidad en Admont"},"content":{"rendered":"<section id='lightpress__section--block_a104afbbdaef58019990bb5ef8dcb108' class='lightpress__section--default-section-space lightpress__section lightpress__section--content'><div class=\"content__inner\"\n         x-init=\"initContentBlockAnim($el)\">\n        \n    <div class=\"content__grid content__grid\">\n                                            <div class=\"content__box content__box--one-hundred\"\n                 style=\"\">\n                                \n                \n                                            <div class=\"prose\"><h1 class=\"line--red line line--gold\">Sanidad en Admont<\/h1>\n<p class=\"paragraph-m\"><strong>viernes, 08 septiembre 2023<\/strong><\/p>\n<p class=\"paragraph-m\">La cuesti\u00f3n de la atenci\u00f3n primaria en Admont ha estado en la mente de la poblaci\u00f3n durante muchas semanas. A los anuncios de que la Diakoniewerk quer\u00eda hacerse cargo de ella y mejorarla han seguido ahora los hechos.\u00a0<\/p>\n<p class=\"paragraph-m\">A partir del 3 de octubre, la Unidad de Atenci\u00f3n Primaria (UAP) de las Diaconisas abrir\u00e1 sus puertas por primera vez a partir de las 7.30 horas. En adelante, el horario de apertura ser\u00e1 de lunes a jueves de 7.30 a 16.00 horas y los viernes de 8.30 a 17.00 horas. A partir de las 13.30 horas, s\u00f3lo se atender\u00e1 a pacientes con cita concertada. Por supuesto, el equipo estar\u00e1 disponible para urgencias durante todas las horas de apertura.\u00a0<\/p>\n<p class=\"paragraph-m\">Para garantizar una transici\u00f3n fluida, la PVE permanecer\u00e1 cerrada del 22.9. al 2.10.23. El Dr. Krainer de Ardning y el Dr. Kotzent de Liezen han aceptado amablemente hacerse cargo de la representaci\u00f3n m\u00e9dica en sus consultas durante este periodo.\u00a0<\/p>\n<p class=\"paragraph-m\">Adem\u00e1s de las medidas estructurales y organizativas previas, tambi\u00e9n fue necesario reunir un equipo profesional para la operaci\u00f3n. \"La escasez de personal especializado, sobre todo en la zona no urbana, fue un reto, pero pudimos reunir un equipo con la experiencia y las personas adecuadas\", afirma el Director M\u00e9dico de PVE Diakonissen Admont Prim. Dr. Wohak\u00a0<\/p>\n<p class=\"paragraph-m\">Esto es lo que se puede decir: En el futuro, la atenci\u00f3n m\u00e9dica primaria correr\u00e1 a cargo de doce expertos de lunes a viernes durante unas 40 horas. Se est\u00e1 debatiendo la ampliaci\u00f3n de este equipo.\u00a0<\/p>\n<p class=\"paragraph-m\">\"Por supuesto, sabemos que la cuesti\u00f3n de qu\u00e9 m\u00e9dicos trabajar\u00e1n en el futuro es muy importante. Anunciaremos los nombres lo antes posible. Me gustar\u00eda subrayar que el paciente siempre est\u00e1 en el centro de nuestras decisiones y que estamos creando una red de expertos para poder ofrecer la mejor atenci\u00f3n m\u00e9dica posible en Admont\", afirma el Ing. Hannes Stickler, Director Gerente de PVE Diakonissen GmbH.\u00a0<\/p>\n<p class=\"paragraph-m\">\"La salud no siempre proviene de la medicina. Muy a menudo proviene de la paz interior, la paz del coraz\u00f3n y la paz de la mente. Si logramos hacer posible este estado, la medicina tambi\u00e9n puede aportar su contribuci\u00f3n\", concluye Stickler. La Diakoniewerk y el equipo de la unidad de atenci\u00f3n primaria Diakonissen Admont est\u00e1n deseando empezar esta nueva tarea.<\/p>\n<\/div>\n                    \n                            <\/div>\n        \n            <\/div>\n<\/div>\n\n<\/section>","protected":false},"excerpt":{"rendered":"<p>La cuesti\u00f3n de la asistencia sanitaria primaria en Admont est\u00e1 en la mente de la poblaci\u00f3n desde hace muchas semanas.<\/p>","protected":false},"author":20,"featured_media":20040,"comment_status":"closed","ping_status":"closed","sticky":false,"template":"","format":"standard","meta":{"_acf_changed":false,"footnotes":""},"categories":[23,75],"class_list":["post-20036","post","type-post","status-publish","format-standard","has-post-thumbnail","hentry","category-einrichtungen-aktuell","category-gesundheitszentrum-admont"],"acf":[],"yoast_head":"<!-- This site is optimized with the Yoast SEO Premium plugin v26.0 (Yoast SEO v26.8) - https:\/\/yoast.com\/product\/yoast-seo-premium-wordpress\/ -->\n<title>Gesundheitsversorgung in Admont - Stift Admont<\/title>\n<meta name=\"description\" content=\"Lesen Sie aktuelle Informationen zum Thema Gesundheitsversorgung in Admont und vieles mehr aus dem Konvent und der Pfarre Admont.\" \/>\n<meta name=\"robots\" content=\"index, follow, max-snippet:-1, max-image-preview:large, max-video-preview:-1\" \/>\n<link rel=\"canonical\" href=\"https:\/\/stiftadmont.at\/es\/blog\/asistencia-sanitaria-en-admont\/\" \/>\n<meta property=\"og:locale\" content=\"es_ES\" \/>\n<meta property=\"og:type\" content=\"article\" \/>\n<meta property=\"og:title\" content=\"Gesundheitsversorgung in Admont\" \/>\n<meta property=\"og:description\" content=\"Lesen Sie aktuelle Informationen zum Thema Gesundheitsversorgung in Admont und vieles mehr aus dem Konvent und der Pfarre Admont.\" \/>\n<meta property=\"og:url\" content=\"https:\/\/stiftadmont.at\/es\/blog\/asistencia-sanitaria-en-admont\/\" \/>\n<meta property=\"og:site_name\" content=\"Stift Admont\" \/>\n<meta property=\"article:published_time\" content=\"2023-09-08T12:00:32+00:00\" \/>\n<meta property=\"article:modified_time\" content=\"2024-02-27T18:38:33+00:00\" \/>\n<meta property=\"og:image\" content=\"https:\/\/stiftadmont.at\/wp-content\/uploads\/PVE_Diakonissen_Admont_Betriebsbewilligungsverfahren_Teilnehmerinnen_Gesundheitsversorgung-scaled.jpg\" \/>\n\t<meta property=\"og:image:width\" content=\"2560\" \/>\n\t<meta property=\"og:image:height\" content=\"1920\" \/>\n\t<meta property=\"og:image:type\" content=\"image\/jpeg\" \/>\n<meta name=\"author\" content=\"Sarah Stadlauer\" \/>\n<meta name=\"twitter:card\" content=\"summary_large_image\" \/>\n<meta name=\"twitter:label1\" content=\"Escrito por\" \/>\n\t<meta name=\"twitter:data1\" content=\"Sarah Stadlauer\" \/>\n<script type=\"application\/ld+json\" class=\"yoast-schema-graph\">{\"@context\":\"https:\/\/schema.org\",\"@graph\":[{\"@type\":\"Article\",\"@id\":\"https:\/\/stiftadmont.at\/blog\/gesundheitsversorgung-in-admont\/#article\",\"isPartOf\":{\"@id\":\"https:\/\/stiftadmont.at\/blog\/gesundheitsversorgung-in-admont\/\"},\"author\":{\"name\":\"Sarah Stadlauer\",\"@id\":\"https:\/\/stiftadmont.at\/#\/schema\/person\/b3a90b1a2f72566cf3c755db08bd829d\"},\"headline\":\"Gesundheitsversorgung in Admont\",\"datePublished\":\"2023-09-08T12:00:32+00:00\",\"dateModified\":\"2024-02-27T18:38:33+00:00\",\"mainEntityOfPage\":{\"@id\":\"https:\/\/stiftadmont.at\/blog\/gesundheitsversorgung-in-admont\/\"},\"wordCount\":3,\"image\":{\"@id\":\"https:\/\/stiftadmont.at\/blog\/gesundheitsversorgung-in-admont\/#primaryimage\"},\"thumbnailUrl\":\"https:\/\/stiftadmont.at\/wp-content\/uploads\/PVE_Diakonissen_Admont_Betriebsbewilligungsverfahren_Teilnehmerinnen_Gesundheitsversorgung-scaled.jpg\",\"articleSection\":[\"Einrichtungen aktuell\",\"Gesundheitszentrum Admont\"],\"inLanguage\":\"es\"},{\"@type\":\"WebPage\",\"@id\":\"https:\/\/stiftadmont.at\/blog\/gesundheitsversorgung-in-admont\/\",\"url\":\"https:\/\/stiftadmont.at\/blog\/gesundheitsversorgung-in-admont\/\",\"name\":\"Gesundheitsversorgung in Admont - Stift Admont\",\"isPartOf\":{\"@id\":\"https:\/\/stiftadmont.at\/#website\"},\"primaryImageOfPage\":{\"@id\":\"https:\/\/stiftadmont.at\/blog\/gesundheitsversorgung-in-admont\/#primaryimage\"},\"image\":{\"@id\":\"https:\/\/stiftadmont.at\/blog\/gesundheitsversorgung-in-admont\/#primaryimage\"},\"thumbnailUrl\":\"https:\/\/stiftadmont.at\/wp-content\/uploads\/PVE_Diakonissen_Admont_Betriebsbewilligungsverfahren_Teilnehmerinnen_Gesundheitsversorgung-scaled.jpg\",\"datePublished\":\"2023-09-08T12:00:32+00:00\",\"dateModified\":\"2024-02-27T18:38:33+00:00\",\"author\":{\"@id\":\"https:\/\/stiftadmont.at\/#\/schema\/person\/b3a90b1a2f72566cf3c755db08bd829d\"},\"description\":\"Lesen Sie aktuelle Informationen zum Thema Gesundheitsversorgung in Admont und vieles mehr aus dem Konvent und der Pfarre Admont.\",\"breadcrumb\":{\"@id\":\"https:\/\/stiftadmont.at\/blog\/gesundheitsversorgung-in-admont\/#breadcrumb\"},\"inLanguage\":\"es\",\"potentialAction\":[{\"@type\":\"ReadAction\",\"target\":[\"https:\/\/stiftadmont.at\/blog\/gesundheitsversorgung-in-admont\/\"]}]},{\"@type\":\"ImageObject\",\"inLanguage\":\"es\",\"@id\":\"https:\/\/stiftadmont.at\/blog\/gesundheitsversorgung-in-admont\/#primaryimage\",\"url\":\"https:\/\/stiftadmont.at\/wp-content\/uploads\/PVE_Diakonissen_Admont_Betriebsbewilligungsverfahren_Teilnehmerinnen_Gesundheitsversorgung-scaled.jpg\",\"contentUrl\":\"https:\/\/stiftadmont.at\/wp-content\/uploads\/PVE_Diakonissen_Admont_Betriebsbewilligungsverfahren_Teilnehmerinnen_Gesundheitsversorgung-scaled.jpg\",\"width\":2560,\"height\":1920,\"caption\":\"PVE Diakonissen Admont Betriebsbewilligungsverfahren Teilnehmerinnen Gesundheitsversorgung\"},{\"@type\":\"BreadcrumbList\",\"@id\":\"https:\/\/stiftadmont.at\/blog\/gesundheitsversorgung-in-admont\/#breadcrumb\",\"itemListElement\":[{\"@type\":\"ListItem\",\"position\":1,\"name\":\"Start\",\"item\":\"https:\/\/stiftadmont.at\/\"},{\"@type\":\"ListItem\",\"position\":2,\"name\":\"Gesundheitsversorgung in Admont\"}]},{\"@type\":\"WebSite\",\"@id\":\"https:\/\/stiftadmont.at\/#website\",\"url\":\"https:\/\/stiftadmont.at\/\",\"name\":\"Stift Admont\",\"description\":\"Benediktinerkloster und Sehensw\u00fcrdigkeit im Ges\u00e4use\",\"potentialAction\":[{\"@type\":\"SearchAction\",\"target\":{\"@type\":\"EntryPoint\",\"urlTemplate\":\"https:\/\/stiftadmont.at\/?s={search_term_string}\"},\"query-input\":{\"@type\":\"PropertyValueSpecification\",\"valueRequired\":true,\"valueName\":\"search_term_string\"}}],\"inLanguage\":\"es\"},{\"@type\":\"Person\",\"@id\":\"https:\/\/stiftadmont.at\/#\/schema\/person\/b3a90b1a2f72566cf3c755db08bd829d\",\"name\":\"Sarah Stadlauer\"}]}<\/script>\n<!-- \/ Yoast SEO Premium plugin. -->","yoast_head_json":{"title":"Sanidad en Admont - Abad\u00eda de Admont","description":"Lea la informaci\u00f3n m\u00e1s reciente sobre la asistencia sanitaria en Admont y mucho m\u00e1s del convento y la parroquia de Admont.","robots":{"index":"index","follow":"follow","max-snippet":"max-snippet:-1","max-image-preview":"max-image-preview:large","max-video-preview":"max-video-preview:-1"},"canonical":"https:\/\/stiftadmont.at\/es\/blog\/asistencia-sanitaria-en-admont\/","og_locale":"es_ES","og_type":"article","og_title":"Gesundheitsversorgung in Admont","og_description":"Lesen Sie aktuelle Informationen zum Thema Gesundheitsversorgung in Admont und vieles mehr aus dem Konvent und der Pfarre Admont.","og_url":"https:\/\/stiftadmont.at\/es\/blog\/asistencia-sanitaria-en-admont\/","og_site_name":"Stift Admont","article_published_time":"2023-09-08T12:00:32+00:00","article_modified_time":"2024-02-27T18:38:33+00:00","og_image":[{"width":2560,"height":1920,"url":"https:\/\/stiftadmont.at\/wp-content\/uploads\/PVE_Diakonissen_Admont_Betriebsbewilligungsverfahren_Teilnehmerinnen_Gesundheitsversorgung-scaled.jpg","type":"image\/jpeg"}],"author":"Sarah Stadlauer","twitter_card":"summary_large_image","twitter_misc":{"Escrito por":"Sarah Stadlauer"},"schema":{"@context":"https:\/\/schema.org","@graph":[{"@type":"Article","@id":"https:\/\/stiftadmont.at\/blog\/gesundheitsversorgung-in-admont\/#article","isPartOf":{"@id":"https:\/\/stiftadmont.at\/blog\/gesundheitsversorgung-in-admont\/"},"author":{"name":"Sarah Stadlauer","@id":"https:\/\/stiftadmont.at\/#\/schema\/person\/b3a90b1a2f72566cf3c755db08bd829d"},"headline":"Gesundheitsversorgung in Admont","datePublished":"2023-09-08T12:00:32+00:00","dateModified":"2024-02-27T18:38:33+00:00","mainEntityOfPage":{"@id":"https:\/\/stiftadmont.at\/blog\/gesundheitsversorgung-in-admont\/"},"wordCount":3,"image":{"@id":"https:\/\/stiftadmont.at\/blog\/gesundheitsversorgung-in-admont\/#primaryimage"},"thumbnailUrl":"https:\/\/stiftadmont.at\/wp-content\/uploads\/PVE_Diakonissen_Admont_Betriebsbewilligungsverfahren_Teilnehmerinnen_Gesundheitsversorgung-scaled.jpg","articleSection":["Einrichtungen aktuell","Gesundheitszentrum Admont"],"inLanguage":"es"},{"@type":"WebPage","@id":"https:\/\/stiftadmont.at\/blog\/gesundheitsversorgung-in-admont\/","url":"https:\/\/stiftadmont.at\/blog\/gesundheitsversorgung-in-admont\/","name":"Sanidad en Admont - Abad\u00eda de Admont","isPartOf":{"@id":"https:\/\/stiftadmont.at\/#website"},"primaryImageOfPage":{"@id":"https:\/\/stiftadmont.at\/blog\/gesundheitsversorgung-in-admont\/#primaryimage"},"image":{"@id":"https:\/\/stiftadmont.at\/blog\/gesundheitsversorgung-in-admont\/#primaryimage"},"thumbnailUrl":"https:\/\/stiftadmont.at\/wp-content\/uploads\/PVE_Diakonissen_Admont_Betriebsbewilligungsverfahren_Teilnehmerinnen_Gesundheitsversorgung-scaled.jpg","datePublished":"2023-09-08T12:00:32+00:00","dateModified":"2024-02-27T18:38:33+00:00","author":{"@id":"https:\/\/stiftadmont.at\/#\/schema\/person\/b3a90b1a2f72566cf3c755db08bd829d"},"description":"Lea la informaci\u00f3n m\u00e1s reciente sobre la asistencia sanitaria en Admont y mucho m\u00e1s del convento y la parroquia de Admont.","breadcrumb":{"@id":"https:\/\/stiftadmont.at\/blog\/gesundheitsversorgung-in-admont\/#breadcrumb"},"inLanguage":"es","potentialAction":[{"@type":"ReadAction","target":["https:\/\/stiftadmont.at\/blog\/gesundheitsversorgung-in-admont\/"]}]},{"@type":"ImageObject","inLanguage":"es","@id":"https:\/\/stiftadmont.at\/blog\/gesundheitsversorgung-in-admont\/#primaryimage","url":"https:\/\/stiftadmont.at\/wp-content\/uploads\/PVE_Diakonissen_Admont_Betriebsbewilligungsverfahren_Teilnehmerinnen_Gesundheitsversorgung-scaled.jpg","contentUrl":"https:\/\/stiftadmont.at\/wp-content\/uploads\/PVE_Diakonissen_Admont_Betriebsbewilligungsverfahren_Teilnehmerinnen_Gesundheitsversorgung-scaled.jpg","width":2560,"height":1920,"caption":"PVE Diakonissen Admont Betriebsbewilligungsverfahren Teilnehmerinnen Gesundheitsversorgung"},{"@type":"BreadcrumbList","@id":"https:\/\/stiftadmont.at\/blog\/gesundheitsversorgung-in-admont\/#breadcrumb","itemListElement":[{"@type":"ListItem","position":1,"name":"Start","item":"https:\/\/stiftadmont.at\/"},{"@type":"ListItem","position":2,"name":"Gesundheitsversorgung in Admont"}]},{"@type":"WebSite","@id":"https:\/\/stiftadmont.at\/#website","url":"https:\/\/stiftadmont.at\/","name":"Abad\u00eda de Admont","description":"Monasterio benedictino y atracci\u00f3n tur\u00edstica en el Ges\u00e4use","potentialAction":[{"@type":"SearchAction","target":{"@type":"EntryPoint","urlTemplate":"https:\/\/stiftadmont.at\/?s={search_term_string}"},"query-input":{"@type":"PropertyValueSpecification","valueRequired":true,"valueName":"search_term_string"}}],"inLanguage":"es"},{"@type":"Person","@id":"https:\/\/stiftadmont.at\/#\/schema\/person\/b3a90b1a2f72566cf3c755db08bd829d","name":"Sarah Stadlauer"}]}},"_links":{"self":[{"href":"https:\/\/stiftadmont.at\/es\/wp-json\/wp\/v2\/posts\/20036","targetHints":{"allow":["GET"]}}],"collection":[{"href":"https:\/\/stiftadmont.at\/es\/wp-json\/wp\/v2\/posts"}],"about":[{"href":"https:\/\/stiftadmont.at\/es\/wp-json\/wp\/v2\/types\/post"}],"author":[{"embeddable":true,"href":"https:\/\/stiftadmont.at\/es\/wp-json\/wp\/v2\/users\/20"}],"replies":[{"embeddable":true,"href":"https:\/\/stiftadmont.at\/es\/wp-json\/wp\/v2\/comments?post=20036"}],"version-history":[{"count":6,"href":"https:\/\/stiftadmont.at\/es\/wp-json\/wp\/v2\/posts\/20036\/revisions"}],"predecessor-version":[{"id":20071,"href":"https:\/\/stiftadmont.at\/es\/wp-json\/wp\/v2\/posts\/20036\/revisions\/20071"}],"wp:featuredmedia":[{"embeddable":true,"href":"https:\/\/stiftadmont.at\/es\/wp-json\/wp\/v2\/media\/20040"}],"wp:attachment":[{"href":"https:\/\/stiftadmont.at\/es\/wp-json\/wp\/v2\/media?parent=20036"}],"wp:term":[{"taxonomy":"category","embeddable":true,"href":"https:\/\/stiftadmont.at\/es\/wp-json\/wp\/v2\/categories?post=20036"}],"curies":[{"name":"wp","href":"https:\/\/api.w.org\/{rel}","templated":true}]}}