{"id":22243,"date":"2023-10-19T14:00:37","date_gmt":"2023-10-19T12:00:37","guid":{"rendered":"https:\/\/stiftadmont.at\/?p=22243"},"modified":"2023-10-20T10:58:32","modified_gmt":"2023-10-20T08:58:32","slug":"hay-que-celebrar-los-festivales-como-caen","status":"publish","type":"post","link":"https:\/\/stiftadmont.at\/es\/blog\/man-muss-die-feste-feiern-wie-sie-fallen\/","title":{"rendered":"Hay que celebrar los festivales como caen"},"content":{"rendered":"<section id='lightpress__section--block_3432b873ef023792d32523dca67596b2' class='lightpress__section--default-section-space lightpress__section lightpress__section--content'><div class=\"content__inner\"\n         x-init=\"initContentBlockAnim($el)\">\n        \n    <div class=\"content__grid content__grid\">\n                                            <div class=\"content__box content__box--one-hundred\"\n                 style=\"\">\n                                \n                \n                                            <div class=\"prose\"><h1 class=\"line line--gold\" style=\"z-index: var(--z-content);\">Man muss die Feste feiern wie sie fallen<\/h1>\n<p>\u00a0<\/p>\n<p class=\"paragraph-m\"><strong><span style=\"font-family: Calibri, sans-serif;\"><span style=\"font-size: 14.6667px;\">Donnerstag, 19. Oktober 2023<\/span><\/span><\/strong><\/p>\n<p class=\"paragraph-m\"><span style=\"font-family: Calibri, sans-serif;\"><span style=\"font-size: 14.6667px;\">Aus der Predigt von Abt Benedikt Plank OSB: \u201eWenn wir so viele schlechte Nachrichten h\u00f6ren wie in diesen Tagen, sind es gerade Anl\u00e4sse wie das Geburtstagsfest unseres hochw\u00fcrdigsten Herrn Abtes Gerhard, die uns helfen den Blick vom Negativen zu l\u00f6sen und uns Grund geben dankbar zu sein.\u201c<\/span><\/span><\/p>\n<p class=\"paragraph-m\"><span style=\"font-size: 14.6667px;\"><\/span><span style=\"font-family: Calibri, sans-serif;\"><span style=\"font-size: 14.6667px;\">Wir w\u00fcnschen unserem Herrn Abt Gerhard alles Gute und Gottes reichsten Segen zu seinem heutigen Geburtstag!<\/span><\/span><\/p>\n<\/div>\n                    \n                            <\/div>\n        \n            <\/div>\n<\/div>\n\n<\/section>\n\n<section id='lightpress__section--block_cf146dc7c04abb0bb36ee6f26604c340' class='lightpress__section--default-section-space lightpress__section lightpress__section--image-slider'>\n<div class=\"image-slider\"\n     x-data=\"{ gallery: null, shown: false }\"\n     x-init=\"gallery = initSliderGallery([{&quot;href&quot;:&quot;https:\\\/\\\/stiftadmont.at\\\/wp-content\\\/uploads\\\/DSC8890_www-1920x1280.jpg&quot;,&quot;type&quot;:&quot;image&quot;},{&quot;href&quot;:&quot;https:\\\/\\\/stiftadmont.at\\\/wp-content\\\/uploads\\\/Stift-Admont-Hl-Messe-Geburtstag-Abt-2023-c-Tanja-Brunthaler-31_www-1920x1280.jpg&quot;,&quot;type&quot;:&quot;image&quot;},{&quot;href&quot;:&quot;https:\\\/\\\/stiftadmont.at\\\/wp-content\\\/uploads\\\/Stift-Admont-Hl-Messe-Geburtstag-Abt-2023-c-Tanja-Brunthaler-16_www.jpg&quot;,&quot;type&quot;:&quot;image&quot;},{&quot;href&quot;:&quot;https:\\\/\\\/stiftadmont.at\\\/wp-content\\\/uploads\\\/Stift-Admont-Hl-Messe-Geburtstag-Abt-2023-c-Tanja-Brunthaler-17_www.jpg&quot;,&quot;type&quot;:&quot;image&quot;},{&quot;href&quot;:&quot;https:\\\/\\\/stiftadmont.at\\\/wp-content\\\/uploads\\\/DSC8905_www-1920x1280.jpg&quot;,&quot;type&quot;:&quot;image&quot;},{&quot;href&quot;:&quot;https:\\\/\\\/stiftadmont.at\\\/wp-content\\\/uploads\\\/Stift-Admont-Hl-Messe-Geburtstag-Abt-2023-c-Tanja-Brunthaler-24_www-1920x1280.jpg&quot;,&quot;type&quot;:&quot;image&quot;},{&quot;href&quot;:&quot;https:\\\/\\\/stiftadmont.at\\\/wp-content\\\/uploads\\\/Stift-Admont-Hl-Messe-Geburtstag-Abt-2023-c-Tanja-Brunthaler-45_www-1920x1280.jpg&quot;,&quot;type&quot;:&quot;image&quot;},{&quot;href&quot;:&quot;https:\\\/\\\/stiftadmont.at\\\/wp-content\\\/uploads\\\/Stift-Admont-Hl-Messe-Geburtstag-Abt-2023-c-Tanja-Brunthaler-37_www.jpg&quot;,&quot;type&quot;:&quot;image&quot;},{&quot;href&quot;:&quot;https:\\\/\\\/stiftadmont.at\\\/wp-content\\\/uploads\\\/Stift-Admont-Hl-Messe-Geburtstag-Abt-2023-c-Tanja-Brunthaler-44_www.jpg&quot;,&quot;type&quot;:&quot;image&quot;},{&quot;href&quot;:&quot;https:\\\/\\\/stiftadmont.at\\\/wp-content\\\/uploads\\\/Stift-Admont-Hl-Messe-Geburtstag-Abt-2023-c-Tanja-Brunthaler-48_www-1920x1280.jpg&quot;,&quot;type&quot;:&quot;image&quot;}]); initImageSliderBlockAnim($el);\">\n    <div class=\"image-slider__inner\">\n\n        <div class=\"swiper-container\" x-init=\"initImageSliderBlock($el, $refs.btnPrev, $refs.btnNext)\">\n            <div class=\"swiper-wrapper\">\n                                    <div class=\"swiper-slide\">\n                        <div class=\"image-slider__media\">\n                            <img decoding=\"async\" class=\"image-slider__image\"\n                                 src=\"https:\/\/stiftadmont.at\/wp-content\/uploads\/DSC8890_www-768x512.jpg\"\n                                 alt=\"DSC8890 www\">\n                        <\/div>\n                    <\/div>\n                                    <div class=\"swiper-slide\">\n                        <div class=\"image-slider__media\">\n                            <img decoding=\"async\" class=\"image-slider__image\"\n                                 src=\"https:\/\/stiftadmont.at\/wp-content\/uploads\/Stift-Admont-Hl-Messe-Geburtstag-Abt-2023-c-Tanja-Brunthaler-31_www-768x512.jpg\"\n                                 alt=\"Stift Admont   Hl Messe Geburtstag Abt 2023 (c) Tanja Brunthaler (31) www\">\n                        <\/div>\n                    <\/div>\n                                    <div class=\"swiper-slide\">\n                        <div class=\"image-slider__media\">\n                            <img decoding=\"async\" class=\"image-slider__image\"\n                                 src=\"https:\/\/stiftadmont.at\/wp-content\/uploads\/Stift-Admont-Hl-Messe-Geburtstag-Abt-2023-c-Tanja-Brunthaler-16_www-768x1152.jpg\"\n                                 alt=\"Stift Admont   Hl Messe Geburtstag Abt 2023 (c) Tanja Brunthaler (16) www\">\n                        <\/div>\n                    <\/div>\n                                    <div class=\"swiper-slide\">\n                        <div class=\"image-slider__media\">\n                            <img decoding=\"async\" class=\"image-slider__image\"\n                                 src=\"https:\/\/stiftadmont.at\/wp-content\/uploads\/Stift-Admont-Hl-Messe-Geburtstag-Abt-2023-c-Tanja-Brunthaler-17_www-768x1152.jpg\"\n                                 alt=\"Stift Admont   Hl Messe Geburtstag Abt 2023 (c) Tanja Brunthaler (17) www\">\n                        <\/div>\n                    <\/div>\n                                    <div class=\"swiper-slide\">\n                        <div class=\"image-slider__media\">\n                            <img decoding=\"async\" class=\"image-slider__image\"\n                                 src=\"https:\/\/stiftadmont.at\/wp-content\/uploads\/DSC8905_www-768x512.jpg\"\n                                 alt=\"DSC8905 www\">\n                        <\/div>\n                    <\/div>\n                                    <div class=\"swiper-slide\">\n                        <div class=\"image-slider__media\">\n                            <img decoding=\"async\" class=\"image-slider__image\"\n                                 src=\"https:\/\/stiftadmont.at\/wp-content\/uploads\/Stift-Admont-Hl-Messe-Geburtstag-Abt-2023-c-Tanja-Brunthaler-24_www-768x512.jpg\"\n                                 alt=\"Stift Admont   Hl Messe Geburtstag Abt 2023 (c) Tanja Brunthaler (24) www\">\n                        <\/div>\n                    <\/div>\n                                    <div class=\"swiper-slide\">\n                        <div class=\"image-slider__media\">\n                            <img decoding=\"async\" class=\"image-slider__image\"\n                                 src=\"https:\/\/stiftadmont.at\/wp-content\/uploads\/Stift-Admont-Hl-Messe-Geburtstag-Abt-2023-c-Tanja-Brunthaler-45_www-768x512.jpg\"\n                                 alt=\"Stift Admont   Hl Messe Geburtstag Abt 2023 (c) Tanja Brunthaler (45) www\">\n                        <\/div>\n                    <\/div>\n                                    <div class=\"swiper-slide\">\n                        <div class=\"image-slider__media\">\n                            <img decoding=\"async\" class=\"image-slider__image\"\n                                 src=\"https:\/\/stiftadmont.at\/wp-content\/uploads\/Stift-Admont-Hl-Messe-Geburtstag-Abt-2023-c-Tanja-Brunthaler-37_www-768x1152.jpg\"\n                                 alt=\"Stift Admont   Hl Messe Geburtstag Abt 2023 (c) Tanja Brunthaler (37) www\">\n                        <\/div>\n                    <\/div>\n                                    <div class=\"swiper-slide\">\n                        <div class=\"image-slider__media\">\n                            <img decoding=\"async\" class=\"image-slider__image\"\n                                 src=\"https:\/\/stiftadmont.at\/wp-content\/uploads\/Stift-Admont-Hl-Messe-Geburtstag-Abt-2023-c-Tanja-Brunthaler-44_www-768x1152.jpg\"\n                                 alt=\"Stift Admont   Hl Messe Geburtstag Abt 2023 (c) Tanja Brunthaler (44) www\">\n                        <\/div>\n                    <\/div>\n                                    <div class=\"swiper-slide\">\n                        <div class=\"image-slider__media\">\n                            <img decoding=\"async\" class=\"image-slider__image\"\n                                 src=\"https:\/\/stiftadmont.at\/wp-content\/uploads\/Stift-Admont-Hl-Messe-Geburtstag-Abt-2023-c-Tanja-Brunthaler-48_www-768x512.jpg\"\n                                 alt=\"Stift Admont   Hl Messe Geburtstag Abt 2023 (c) Tanja Brunthaler (48) www\">\n                        <\/div>\n                    <\/div>\n                            <\/div>\n\n            <div class=\"swiper-nav-wrapper\">\n                <button class=\"swiper-button-prev slider-button--prev\" x-ref=\"btnPrev\"\n                        aria-label=\"Vorige Bilder anzeigen\">\n                    <img decoding=\"async\" src=\"\/wp-content\/themes\/stift-admont\/src\/assets\/img\/arrow-left-big-new.svg\" alt=\"Pfeil nach Links\">\n                <\/button>\n\n\n                <a class=\"image-slider__gallery\" @click=\"openGallery(gallery)\"><i class=\"fa-thin fa-plus\"><\/i><\/a>\n                <button class=\"swiper-button-next slider-button--next\"\n                        x-ref=\"btnNext\"\n                        aria-label=\"N\u00e4chste Bilder anzeigen\">\n                    <img decoding=\"async\" src=\"\/wp-content\/themes\/stift-admont\/src\/assets\/img\/arrow-right-big-new.svg\" alt=\"Pfeil nach Rechts\">\n                <\/button>\n            <\/div>\n        <\/div>\n    <\/div>\n\n\n<\/div><\/section>","protected":false},"excerpt":{"rendered":"<p>Deseamos a nuestro Se\u00f1or Abad Gerhard todo lo mejor y las m\u00e1s ricas bendiciones de Dios en el d\u00eda de su cumplea\u00f1os.<\/p>","protected":false},"author":7,"featured_media":22251,"comment_status":"closed","ping_status":"closed","sticky":false,"template":"","format":"standard","meta":{"_acf_changed":false,"footnotes":""},"categories":[22],"class_list":["post-22243","post","type-post","status-publish","format-standard","has-post-thumbnail","hentry","category-kloster-aktuell"],"acf":[],"yoast_head":"<!-- This site is optimized with the Yoast SEO Premium plugin v26.0 (Yoast SEO v26.8) - https:\/\/yoast.com\/product\/yoast-seo-premium-wordpress\/ -->\n<title>Man muss die Feste feiern wie sie fallen - Stift Admont<\/title>\n<meta name=\"description\" content=\"Lesen Sie aktuelle Informationen zum Thema Man muss die Feste feiern wie sie fallen und vieles mehr aus dem Konvent und der Pfarre Admont.\" \/>\n<meta name=\"robots\" content=\"index, follow, max-snippet:-1, max-image-preview:large, max-video-preview:-1\" \/>\n<link rel=\"canonical\" href=\"https:\/\/stiftadmont.at\/es\/blog\/hay-que-celebrar-los-festivales-como-caen\/\" \/>\n<meta property=\"og:locale\" content=\"es_ES\" \/>\n<meta property=\"og:type\" content=\"article\" \/>\n<meta property=\"og:title\" content=\"Man muss die Feste feiern wie sie fallen\" \/>\n<meta property=\"og:description\" content=\"Lesen Sie aktuelle Informationen zum Thema Man muss die Feste feiern wie sie fallen und vieles mehr aus dem Konvent und der Pfarre Admont.\" \/>\n<meta property=\"og:url\" content=\"https:\/\/stiftadmont.at\/es\/blog\/hay-que-celebrar-los-festivales-como-caen\/\" \/>\n<meta property=\"og:site_name\" content=\"Stift Admont\" \/>\n<meta property=\"article:published_time\" content=\"2023-10-19T12:00:37+00:00\" \/>\n<meta property=\"article:modified_time\" content=\"2023-10-20T08:58:32+00:00\" \/>\n<meta property=\"og:image\" content=\"https:\/\/stiftadmont.at\/wp-content\/uploads\/Stift-Admont-Hl-Messe-Geburtstag-Abt-2023-c-Tanja-Brunthaler-31_www-1024x683.jpg\" \/>\n\t<meta property=\"og:image:width\" content=\"1024\" \/>\n\t<meta property=\"og:image:height\" content=\"683\" \/>\n\t<meta property=\"og:image:type\" content=\"image\/jpeg\" \/>\n<meta name=\"author\" content=\"Mario Brandm\u00fcller\" \/>\n<meta name=\"twitter:card\" content=\"summary_large_image\" \/>\n<meta name=\"twitter:label1\" content=\"Escrito por\" \/>\n\t<meta name=\"twitter:data1\" content=\"Mario Brandm\u00fcller\" \/>\n<script type=\"application\/ld+json\" class=\"yoast-schema-graph\">{\"@context\":\"https:\/\/schema.org\",\"@graph\":[{\"@type\":\"Article\",\"@id\":\"https:\/\/stiftadmont.at\/blog\/man-muss-die-feste-feiern-wie-sie-fallen\/#article\",\"isPartOf\":{\"@id\":\"https:\/\/stiftadmont.at\/blog\/man-muss-die-feste-feiern-wie-sie-fallen\/\"},\"author\":{\"name\":\"Mario Brandm\u00fcller\",\"@id\":\"https:\/\/stiftadmont.at\/#\/schema\/person\/30535548b241d5f33a2e8b839db11869\"},\"headline\":\"Man muss die Feste feiern wie sie fallen\",\"datePublished\":\"2023-10-19T12:00:37+00:00\",\"dateModified\":\"2023-10-20T08:58:32+00:00\",\"mainEntityOfPage\":{\"@id\":\"https:\/\/stiftadmont.at\/blog\/man-muss-die-feste-feiern-wie-sie-fallen\/\"},\"wordCount\":8,\"image\":{\"@id\":\"https:\/\/stiftadmont.at\/blog\/man-muss-die-feste-feiern-wie-sie-fallen\/#primaryimage\"},\"thumbnailUrl\":\"https:\/\/stiftadmont.at\/wp-content\/uploads\/Stift-Admont-Hl-Messe-Geburtstag-Abt-2023-c-Tanja-Brunthaler-31_www.jpg\",\"articleSection\":[\"Kloster aktuell\"],\"inLanguage\":\"es\"},{\"@type\":\"WebPage\",\"@id\":\"https:\/\/stiftadmont.at\/blog\/man-muss-die-feste-feiern-wie-sie-fallen\/\",\"url\":\"https:\/\/stiftadmont.at\/blog\/man-muss-die-feste-feiern-wie-sie-fallen\/\",\"name\":\"Man muss die Feste feiern wie sie fallen - Stift Admont\",\"isPartOf\":{\"@id\":\"https:\/\/stiftadmont.at\/#website\"},\"primaryImageOfPage\":{\"@id\":\"https:\/\/stiftadmont.at\/blog\/man-muss-die-feste-feiern-wie-sie-fallen\/#primaryimage\"},\"image\":{\"@id\":\"https:\/\/stiftadmont.at\/blog\/man-muss-die-feste-feiern-wie-sie-fallen\/#primaryimage\"},\"thumbnailUrl\":\"https:\/\/stiftadmont.at\/wp-content\/uploads\/Stift-Admont-Hl-Messe-Geburtstag-Abt-2023-c-Tanja-Brunthaler-31_www.jpg\",\"datePublished\":\"2023-10-19T12:00:37+00:00\",\"dateModified\":\"2023-10-20T08:58:32+00:00\",\"author\":{\"@id\":\"https:\/\/stiftadmont.at\/#\/schema\/person\/30535548b241d5f33a2e8b839db11869\"},\"description\":\"Lesen Sie aktuelle Informationen zum Thema Man muss die Feste feiern wie sie fallen und vieles mehr aus dem Konvent und der Pfarre Admont.\",\"breadcrumb\":{\"@id\":\"https:\/\/stiftadmont.at\/blog\/man-muss-die-feste-feiern-wie-sie-fallen\/#breadcrumb\"},\"inLanguage\":\"es\",\"potentialAction\":[{\"@type\":\"ReadAction\",\"target\":[\"https:\/\/stiftadmont.at\/blog\/man-muss-die-feste-feiern-wie-sie-fallen\/\"]}]},{\"@type\":\"ImageObject\",\"inLanguage\":\"es\",\"@id\":\"https:\/\/stiftadmont.at\/blog\/man-muss-die-feste-feiern-wie-sie-fallen\/#primaryimage\",\"url\":\"https:\/\/stiftadmont.at\/wp-content\/uploads\/Stift-Admont-Hl-Messe-Geburtstag-Abt-2023-c-Tanja-Brunthaler-31_www.jpg\",\"contentUrl\":\"https:\/\/stiftadmont.at\/wp-content\/uploads\/Stift-Admont-Hl-Messe-Geburtstag-Abt-2023-c-Tanja-Brunthaler-31_www.jpg\",\"width\":2500,\"height\":1667,\"caption\":\"Stift Admont Hl Messe Geburtstag Abt 2023 (c) Tanja Brunthaler (31) www\"},{\"@type\":\"BreadcrumbList\",\"@id\":\"https:\/\/stiftadmont.at\/blog\/man-muss-die-feste-feiern-wie-sie-fallen\/#breadcrumb\",\"itemListElement\":[{\"@type\":\"ListItem\",\"position\":1,\"name\":\"Start\",\"item\":\"https:\/\/stiftadmont.at\/\"},{\"@type\":\"ListItem\",\"position\":2,\"name\":\"Man muss die Feste feiern wie sie fallen\"}]},{\"@type\":\"WebSite\",\"@id\":\"https:\/\/stiftadmont.at\/#website\",\"url\":\"https:\/\/stiftadmont.at\/\",\"name\":\"Stift Admont\",\"description\":\"Benediktinerkloster und Sehensw\u00fcrdigkeit im Ges\u00e4use\",\"potentialAction\":[{\"@type\":\"SearchAction\",\"target\":{\"@type\":\"EntryPoint\",\"urlTemplate\":\"https:\/\/stiftadmont.at\/?s={search_term_string}\"},\"query-input\":{\"@type\":\"PropertyValueSpecification\",\"valueRequired\":true,\"valueName\":\"search_term_string\"}}],\"inLanguage\":\"es\"},{\"@type\":\"Person\",\"@id\":\"https:\/\/stiftadmont.at\/#\/schema\/person\/30535548b241d5f33a2e8b839db11869\",\"name\":\"Mario Brandm\u00fcller\"}]}<\/script>\n<!-- \/ Yoast SEO Premium plugin. -->","yoast_head_json":{"title":"Hay que celebrar los festivales como caen - Abad\u00eda de Admont","description":"Lea la informaci\u00f3n m\u00e1s reciente sobre el tema \"Hay que celebrar las fiestas como caen\" y mucho m\u00e1s del convento y la parroquia de Admont.","robots":{"index":"index","follow":"follow","max-snippet":"max-snippet:-1","max-image-preview":"max-image-preview:large","max-video-preview":"max-video-preview:-1"},"canonical":"https:\/\/stiftadmont.at\/es\/blog\/hay-que-celebrar-los-festivales-como-caen\/","og_locale":"es_ES","og_type":"article","og_title":"Man muss die Feste feiern wie sie fallen","og_description":"Lesen Sie aktuelle Informationen zum Thema Man muss die Feste feiern wie sie fallen und vieles mehr aus dem Konvent und der Pfarre Admont.","og_url":"https:\/\/stiftadmont.at\/es\/blog\/hay-que-celebrar-los-festivales-como-caen\/","og_site_name":"Stift Admont","article_published_time":"2023-10-19T12:00:37+00:00","article_modified_time":"2023-10-20T08:58:32+00:00","og_image":[{"width":1024,"height":683,"url":"https:\/\/stiftadmont.at\/wp-content\/uploads\/Stift-Admont-Hl-Messe-Geburtstag-Abt-2023-c-Tanja-Brunthaler-31_www-1024x683.jpg","type":"image\/jpeg"}],"author":"Mario Brandm\u00fcller","twitter_card":"summary_large_image","twitter_misc":{"Escrito por":"Mario Brandm\u00fcller"},"schema":{"@context":"https:\/\/schema.org","@graph":[{"@type":"Article","@id":"https:\/\/stiftadmont.at\/blog\/man-muss-die-feste-feiern-wie-sie-fallen\/#article","isPartOf":{"@id":"https:\/\/stiftadmont.at\/blog\/man-muss-die-feste-feiern-wie-sie-fallen\/"},"author":{"name":"Mario Brandm\u00fcller","@id":"https:\/\/stiftadmont.at\/#\/schema\/person\/30535548b241d5f33a2e8b839db11869"},"headline":"Man muss die Feste feiern wie sie fallen","datePublished":"2023-10-19T12:00:37+00:00","dateModified":"2023-10-20T08:58:32+00:00","mainEntityOfPage":{"@id":"https:\/\/stiftadmont.at\/blog\/man-muss-die-feste-feiern-wie-sie-fallen\/"},"wordCount":8,"image":{"@id":"https:\/\/stiftadmont.at\/blog\/man-muss-die-feste-feiern-wie-sie-fallen\/#primaryimage"},"thumbnailUrl":"https:\/\/stiftadmont.at\/wp-content\/uploads\/Stift-Admont-Hl-Messe-Geburtstag-Abt-2023-c-Tanja-Brunthaler-31_www.jpg","articleSection":["Kloster aktuell"],"inLanguage":"es"},{"@type":"WebPage","@id":"https:\/\/stiftadmont.at\/blog\/man-muss-die-feste-feiern-wie-sie-fallen\/","url":"https:\/\/stiftadmont.at\/blog\/man-muss-die-feste-feiern-wie-sie-fallen\/","name":"Hay que celebrar los festivales como caen - Abad\u00eda de Admont","isPartOf":{"@id":"https:\/\/stiftadmont.at\/#website"},"primaryImageOfPage":{"@id":"https:\/\/stiftadmont.at\/blog\/man-muss-die-feste-feiern-wie-sie-fallen\/#primaryimage"},"image":{"@id":"https:\/\/stiftadmont.at\/blog\/man-muss-die-feste-feiern-wie-sie-fallen\/#primaryimage"},"thumbnailUrl":"https:\/\/stiftadmont.at\/wp-content\/uploads\/Stift-Admont-Hl-Messe-Geburtstag-Abt-2023-c-Tanja-Brunthaler-31_www.jpg","datePublished":"2023-10-19T12:00:37+00:00","dateModified":"2023-10-20T08:58:32+00:00","author":{"@id":"https:\/\/stiftadmont.at\/#\/schema\/person\/30535548b241d5f33a2e8b839db11869"},"description":"Lea la informaci\u00f3n m\u00e1s reciente sobre el tema \"Hay que celebrar las fiestas como caen\" y mucho m\u00e1s del convento y la parroquia de Admont.","breadcrumb":{"@id":"https:\/\/stiftadmont.at\/blog\/man-muss-die-feste-feiern-wie-sie-fallen\/#breadcrumb"},"inLanguage":"es","potentialAction":[{"@type":"ReadAction","target":["https:\/\/stiftadmont.at\/blog\/man-muss-die-feste-feiern-wie-sie-fallen\/"]}]},{"@type":"ImageObject","inLanguage":"es","@id":"https:\/\/stiftadmont.at\/blog\/man-muss-die-feste-feiern-wie-sie-fallen\/#primaryimage","url":"https:\/\/stiftadmont.at\/wp-content\/uploads\/Stift-Admont-Hl-Messe-Geburtstag-Abt-2023-c-Tanja-Brunthaler-31_www.jpg","contentUrl":"https:\/\/stiftadmont.at\/wp-content\/uploads\/Stift-Admont-Hl-Messe-Geburtstag-Abt-2023-c-Tanja-Brunthaler-31_www.jpg","width":2500,"height":1667,"caption":"Stift Admont Hl Messe Geburtstag Abt 2023 (c) Tanja Brunthaler (31) www"},{"@type":"BreadcrumbList","@id":"https:\/\/stiftadmont.at\/blog\/man-muss-die-feste-feiern-wie-sie-fallen\/#breadcrumb","itemListElement":[{"@type":"ListItem","position":1,"name":"Start","item":"https:\/\/stiftadmont.at\/"},{"@type":"ListItem","position":2,"name":"Man muss die Feste feiern wie sie fallen"}]},{"@type":"WebSite","@id":"https:\/\/stiftadmont.at\/#website","url":"https:\/\/stiftadmont.at\/","name":"Abad\u00eda de Admont","description":"Monasterio benedictino y atracci\u00f3n tur\u00edstica en el Ges\u00e4use","potentialAction":[{"@type":"SearchAction","target":{"@type":"EntryPoint","urlTemplate":"https:\/\/stiftadmont.at\/?s={search_term_string}"},"query-input":{"@type":"PropertyValueSpecification","valueRequired":true,"valueName":"search_term_string"}}],"inLanguage":"es"},{"@type":"Person","@id":"https:\/\/stiftadmont.at\/#\/schema\/person\/30535548b241d5f33a2e8b839db11869","name":"Mario Brandm\u00fcller"}]}},"_links":{"self":[{"href":"https:\/\/stiftadmont.at\/es\/wp-json\/wp\/v2\/posts\/22243","targetHints":{"allow":["GET"]}}],"collection":[{"href":"https:\/\/stiftadmont.at\/es\/wp-json\/wp\/v2\/posts"}],"about":[{"href":"https:\/\/stiftadmont.at\/es\/wp-json\/wp\/v2\/types\/post"}],"author":[{"embeddable":true,"href":"https:\/\/stiftadmont.at\/es\/wp-json\/wp\/v2\/users\/7"}],"replies":[{"embeddable":true,"href":"https:\/\/stiftadmont.at\/es\/wp-json\/wp\/v2\/comments?post=22243"}],"version-history":[{"count":28,"href":"https:\/\/stiftadmont.at\/es\/wp-json\/wp\/v2\/posts\/22243\/revisions"}],"predecessor-version":[{"id":22283,"href":"https:\/\/stiftadmont.at\/es\/wp-json\/wp\/v2\/posts\/22243\/revisions\/22283"}],"wp:featuredmedia":[{"embeddable":true,"href":"https:\/\/stiftadmont.at\/es\/wp-json\/wp\/v2\/media\/22251"}],"wp:attachment":[{"href":"https:\/\/stiftadmont.at\/es\/wp-json\/wp\/v2\/media?parent=22243"}],"wp:term":[{"taxonomy":"category","embeddable":true,"href":"https:\/\/stiftadmont.at\/es\/wp-json\/wp\/v2\/categories?post=22243"}],"curies":[{"name":"wp","href":"https:\/\/api.w.org\/{rel}","templated":true}]}}