{"id":24046,"date":"2023-12-20T09:53:39","date_gmt":"2023-12-20T07:53:39","guid":{"rendered":"https:\/\/stiftadmont.at\/?p=24046"},"modified":"2023-12-20T09:53:39","modified_gmt":"2023-12-20T07:53:39","slug":"exposicion-jubileo-2024-redes-circae","status":"publish","type":"post","link":"https:\/\/stiftadmont.at\/es\/blog\/jubilaeumsausstellung-2024-circaeische-netze\/","title":{"rendered":"Exposici\u00f3n aniversario 2024 - Redes Circae"},"content":{"rendered":"<section id='lightpress__section--block_468f3a80810d567210fefc6043daee58' class='align-center lightpress__section--default-section-space lightpress__section lightpress__section--headline'><div class=\"headline__container\">\n            <h2 class=\"headline text--40 text-medium line line--gold line-above line-middle\">Redes circulares<\/h2>\n        <p class=\"text-center text-gold text--20 text-medium text--uppercase\">Reflexiones sobre la exposici\u00f3n del aniversario de 2024<\/p>\n        <div class=\"spacer--40\"><\/div>\n<\/div>\n\n<\/section>\n\n<section id='lightpress__section--block_0c563768b7ca6c09ceb80e462c7f81af' class='lightpress__section--default-section-space lightpress__section lightpress__section--content'><div class=\"content__inner\"\n         x-init=\"initContentBlockAnim($el)\">\n        \n    <div class=\"content__grid content__grid\">\n                                            <div class=\"content__box content__box--one-hundred\"\n                 style=\"\">\n                                \n                \n                                            <div class=\"prose\"><p>Aunque crec\u00ed en el este de Austria, cerca de Klosterneuburg, Melk y otros monasterios importantes, Admont es el primer monasterio que recuerdo haber visitado de ni\u00f1o. Desde Lunz am See, donde mi familia pasaba los veranos, viaj\u00e1bamos una vez al a\u00f1o al Ges\u00e4use pasando por G\u00f6stling y Hieflau. Incluso el viaje en un viejo autob\u00fas VW y por carreteras estrechas era emocionante. Frente a monta\u00f1as cada vez m\u00e1s altas y desfiladeros cada vez m\u00e1s estrechos, apenas pod\u00eda imaginar que detr\u00e1s de ellas hubiera un gran monasterio. Pero en cuanto el valle se ensanchaba, all\u00ed estaba, enmarcado e incrustado en un paisaje impresionante. Aparte de la biblioteca y las exposiciones de historia natural, me llamaron especialmente la atenci\u00f3n las obras de arte de hierro densamente colgadas en la pared de la antigua herrer\u00eda del monasterio. <\/p>\n<p>En vista de estos recuerdos formativos, es para m\u00ed un placer especial poder acompa\u00f1ar una exposici\u00f3n con motivo del aniversario de este monasterio. Nosotros, Michael Braunsteiner, el padre prior Maximilian Schieferm\u00fcller y el equipo del archivo de la abad\u00eda como comisarios y Alexander Kada como dise\u00f1ador, organizamos esta exposici\u00f3n como un recorrido por la historia de la abad\u00eda en sentido literal. Est\u00e1 organizada por temas: la comunidad espiritual, que tuvo que hacer frente una y otra vez a grandes desaf\u00edos; el impacto del monasterio en la regi\u00f3n; las actividades cient\u00edficas; la base econ\u00f3mica y, por \u00faltimo, las actividades culturales, ejemplificadas por obras de bellas artes y m\u00fasica. <\/p>\n<p>Comenzamos nuestro viaje en el tiempo con la fundaci\u00f3n del monasterio y las leyendas que han surgido a su alrededor. Cada \u00e9poca las ha reinterpretado. Adem\u00e1s de los retratos libremente inventados del fundador Hemma von Gurk y del arzobispo Gebhard de Salzburgo, tambi\u00e9n podemos ver una reconstrucci\u00f3n cient\u00edficamente fundamentada de la cabeza y la figura del arzobispo. Miramos a Gebhard a la cara, por as\u00ed decirlo, como a un contempor\u00e1neo. <\/p>\n<p>Se sabe que Admont experiment\u00f3 todos los altibajos de un monasterio centroeuropeo a lo largo de los siglos siguientes, incluido el devastador incendio de 1865, la crisis econ\u00f3mica especialmente grave de la d\u00e9cada de 1930 y la abolici\u00f3n del monasterio bajo el nacionalsocialismo. En los \u00faltimos a\u00f1os se ha analizado todo esto con m\u00e1s detalle, y en la exposici\u00f3n se presentan los resultados de las nuevas investigaciones. <br \/>Igualmente importante para nosotros es la presentaci\u00f3n de la curiosidad cient\u00edfica que ha caracterizado a la comunidad mon\u00e1stica desde sus inicios y que se manifiesta en las obras de la biblioteca y las colecciones de historia natural. Las exposiciones y los libros reflejan los amplios intereses, pero tambi\u00e9n la pasi\u00f3n de los investigadores, ya fuera el padre Gabriel Strobl, que se dedic\u00f3 a los d\u00edpteros entre los insectos, Guido Schenzl, que se ocup\u00f3 del geomagnetismo y los isogonos, o el historiador Jacob Wichner, que pein\u00f3 el extenso archivo para su historia del monasterio en cuatro vol\u00famenes. <\/p>\n<p>El hecho de que tanto la investigaci\u00f3n cient\u00edfica como las actividades espirituales y pastorales requieren una base econ\u00f3mica tambi\u00e9n se recoge en otra secci\u00f3n de la exposici\u00f3n, dedicada a empresas econ\u00f3micas hist\u00f3ricas y contempor\u00e1neas. <br \/>La siguiente sala de exposici\u00f3n ofrece un giro hacia lo existencial, explorando los temas de la muerte, la vida y la resurrecci\u00f3n, con el equipo curatorial yuxtaponiendo deliberadamente pinturas y grabados barrocos con obras art\u00edsticas contempor\u00e1neas para enfatizar la continuidad de este tema existencial as\u00ed como la diversidad de sus interpretaciones. \u00a0<\/p>\n<p>Al final de nuestra visita, invitamos a los visitantes a hacer una pausa y pasar de mirar a escuchar. Se tocar\u00e1n algunas piezas musicales escritas en relaci\u00f3n con el monasterio, as\u00ed como textos que se han escrito sobre el monasterio. Y me gustar\u00eda terminar con un extracto de uno de ellos: En el estante H del armario 93 del piso superior de la biblioteca (debo estas referencias a Bodo Hell) hay un libro del escritor de viajes Joseph August Schultes de 1804, en el que describe su salida de Admont. <br \/>Esto fue muy dif\u00edcil para \u00e9l y sus compa\u00f1eros de viaje, porque cada uno estaba cautivado por un \"objeto favorito\" diferente: el paisaje, la biblioteca, las flores de los alrededores, el sonido del \u00f3rgano de la iglesia.  \"S\u00f3lo con gran dificultad pudimos arrancarnos de la hermosa Admont, que nos mantuvo a cada uno enredado en redes circaicas (refiri\u00e9ndose a la magia de la iglesia, C.R.) durante nuestra corta estancia de cinco d\u00edas\". El monasterio conseguir\u00e1 tejer tales redes en su a\u00f1o jubilar y, sin duda, tambi\u00e9n en el futuro.<\/p>\n<\/div>\n                    \n                            <\/div>\n        \n            <\/div>\n<\/div>\n\n<\/section>","protected":false},"excerpt":{"rendered":"<p>Aunque crec\u00ed en el este de Austria, cerca de Klosterneuburg, Melk y otros monasterios importantes, Admont es el primero que recuerdo haber visitado de ni\u00f1o. <\/p>","protected":false},"author":7,"featured_media":23585,"comment_status":"closed","ping_status":"closed","sticky":false,"template":"","format":"standard","meta":{"_acf_changed":false,"footnotes":""},"categories":[71],"class_list":["post-24046","post","type-post","status-publish","format-standard","has-post-thumbnail","hentry","category-museum-einst-und-jetzt"],"acf":[],"yoast_head":"<!-- This site is optimized with the Yoast SEO Premium plugin v26.0 (Yoast SEO v26.8) - https:\/\/yoast.com\/product\/yoast-seo-premium-wordpress\/ -->\n<title>Jubil\u00e4umsausstellung 2024 - Circ\u00e4ische Netze - Stift Admont<\/title>\n<meta name=\"description\" content=\"Lesen Sie aktuelle Informationen zum Thema Jubil\u00e4umsausstellung 2024 - Circ\u00e4ische Netze und vieles mehr aus dem Konvent und der Pfarre Admont.\" \/>\n<meta name=\"robots\" content=\"index, follow, max-snippet:-1, max-image-preview:large, max-video-preview:-1\" \/>\n<link rel=\"canonical\" href=\"https:\/\/stiftadmont.at\/es\/blog\/exposicion-jubileo-2024-redes-circae\/\" \/>\n<meta property=\"og:locale\" content=\"es_ES\" \/>\n<meta property=\"og:type\" content=\"article\" \/>\n<meta property=\"og:title\" content=\"Jubil\u00e4umsausstellung 2024 - Circ\u00e4ische Netze\" \/>\n<meta property=\"og:description\" content=\"Lesen Sie aktuelle Informationen zum Thema Jubil\u00e4umsausstellung 2024 - Circ\u00e4ische Netze und vieles mehr aus dem Konvent und der Pfarre Admont.\" \/>\n<meta property=\"og:url\" content=\"https:\/\/stiftadmont.at\/es\/blog\/exposicion-jubileo-2024-redes-circae\/\" \/>\n<meta property=\"og:site_name\" content=\"Stift Admont\" \/>\n<meta property=\"article:published_time\" content=\"2023-12-20T07:53:39+00:00\" \/>\n<meta property=\"og:image\" content=\"https:\/\/stiftadmont.at\/wp-content\/uploads\/Raum_1.8.jpg\" \/>\n\t<meta property=\"og:image:width\" content=\"2500\" \/>\n\t<meta property=\"og:image:height\" content=\"1406\" \/>\n\t<meta property=\"og:image:type\" content=\"image\/jpeg\" \/>\n<meta name=\"author\" content=\"Mario Brandm\u00fcller\" \/>\n<meta name=\"twitter:card\" content=\"summary_large_image\" \/>\n<meta name=\"twitter:label1\" content=\"Escrito por\" \/>\n\t<meta name=\"twitter:data1\" content=\"Mario Brandm\u00fcller\" \/>\n<script type=\"application\/ld+json\" class=\"yoast-schema-graph\">{\"@context\":\"https:\/\/schema.org\",\"@graph\":[{\"@type\":\"Article\",\"@id\":\"https:\/\/stiftadmont.at\/blog\/jubilaeumsausstellung-2024-circaeische-netze\/#article\",\"isPartOf\":{\"@id\":\"https:\/\/stiftadmont.at\/blog\/jubilaeumsausstellung-2024-circaeische-netze\/\"},\"author\":{\"name\":\"Mario Brandm\u00fcller\",\"@id\":\"https:\/\/stiftadmont.at\/#\/schema\/person\/30535548b241d5f33a2e8b839db11869\"},\"headline\":\"Jubil\u00e4umsausstellung 2024 &#8211; Circ\u00e4ische Netze\",\"datePublished\":\"2023-12-20T07:53:39+00:00\",\"mainEntityOfPage\":{\"@id\":\"https:\/\/stiftadmont.at\/blog\/jubilaeumsausstellung-2024-circaeische-netze\/\"},\"wordCount\":6,\"image\":{\"@id\":\"https:\/\/stiftadmont.at\/blog\/jubilaeumsausstellung-2024-circaeische-netze\/#primaryimage\"},\"thumbnailUrl\":\"https:\/\/stiftadmont.at\/wp-content\/uploads\/Raum_1.8.jpg\",\"articleSection\":[\"Museum Einst und Jetzt\"],\"inLanguage\":\"es\"},{\"@type\":\"WebPage\",\"@id\":\"https:\/\/stiftadmont.at\/blog\/jubilaeumsausstellung-2024-circaeische-netze\/\",\"url\":\"https:\/\/stiftadmont.at\/blog\/jubilaeumsausstellung-2024-circaeische-netze\/\",\"name\":\"Jubil\u00e4umsausstellung 2024 - Circ\u00e4ische Netze - Stift Admont\",\"isPartOf\":{\"@id\":\"https:\/\/stiftadmont.at\/#website\"},\"primaryImageOfPage\":{\"@id\":\"https:\/\/stiftadmont.at\/blog\/jubilaeumsausstellung-2024-circaeische-netze\/#primaryimage\"},\"image\":{\"@id\":\"https:\/\/stiftadmont.at\/blog\/jubilaeumsausstellung-2024-circaeische-netze\/#primaryimage\"},\"thumbnailUrl\":\"https:\/\/stiftadmont.at\/wp-content\/uploads\/Raum_1.8.jpg\",\"datePublished\":\"2023-12-20T07:53:39+00:00\",\"author\":{\"@id\":\"https:\/\/stiftadmont.at\/#\/schema\/person\/30535548b241d5f33a2e8b839db11869\"},\"description\":\"Lesen Sie aktuelle Informationen zum Thema Jubil\u00e4umsausstellung 2024 - Circ\u00e4ische Netze und vieles mehr aus dem Konvent und der Pfarre Admont.\",\"breadcrumb\":{\"@id\":\"https:\/\/stiftadmont.at\/blog\/jubilaeumsausstellung-2024-circaeische-netze\/#breadcrumb\"},\"inLanguage\":\"es\",\"potentialAction\":[{\"@type\":\"ReadAction\",\"target\":[\"https:\/\/stiftadmont.at\/blog\/jubilaeumsausstellung-2024-circaeische-netze\/\"]}]},{\"@type\":\"ImageObject\",\"inLanguage\":\"es\",\"@id\":\"https:\/\/stiftadmont.at\/blog\/jubilaeumsausstellung-2024-circaeische-netze\/#primaryimage\",\"url\":\"https:\/\/stiftadmont.at\/wp-content\/uploads\/Raum_1.8.jpg\",\"contentUrl\":\"https:\/\/stiftadmont.at\/wp-content\/uploads\/Raum_1.8.jpg\",\"width\":2500,\"height\":1406,\"caption\":\"Raum 1.8\"},{\"@type\":\"BreadcrumbList\",\"@id\":\"https:\/\/stiftadmont.at\/blog\/jubilaeumsausstellung-2024-circaeische-netze\/#breadcrumb\",\"itemListElement\":[{\"@type\":\"ListItem\",\"position\":1,\"name\":\"Start\",\"item\":\"https:\/\/stiftadmont.at\/\"},{\"@type\":\"ListItem\",\"position\":2,\"name\":\"Jubil\u00e4umsausstellung 2024 &#8211; Circ\u00e4ische Netze\"}]},{\"@type\":\"WebSite\",\"@id\":\"https:\/\/stiftadmont.at\/#website\",\"url\":\"https:\/\/stiftadmont.at\/\",\"name\":\"Stift Admont\",\"description\":\"Benediktinerkloster und Sehensw\u00fcrdigkeit im Ges\u00e4use\",\"potentialAction\":[{\"@type\":\"SearchAction\",\"target\":{\"@type\":\"EntryPoint\",\"urlTemplate\":\"https:\/\/stiftadmont.at\/?s={search_term_string}\"},\"query-input\":{\"@type\":\"PropertyValueSpecification\",\"valueRequired\":true,\"valueName\":\"search_term_string\"}}],\"inLanguage\":\"es\"},{\"@type\":\"Person\",\"@id\":\"https:\/\/stiftadmont.at\/#\/schema\/person\/30535548b241d5f33a2e8b839db11869\",\"name\":\"Mario Brandm\u00fcller\"}]}<\/script>\n<!-- \/ Yoast SEO Premium plugin. -->","yoast_head_json":{"title":"Exposici\u00f3n Jubileo 2024 - Redes Circae - Abad\u00eda de Admont","description":"Lea la informaci\u00f3n m\u00e1s reciente sobre la Exposici\u00f3n Jubilar 2024 - Circ\u00e4ische Netze y mucho m\u00e1s del convento y la parroquia de Admont.","robots":{"index":"index","follow":"follow","max-snippet":"max-snippet:-1","max-image-preview":"max-image-preview:large","max-video-preview":"max-video-preview:-1"},"canonical":"https:\/\/stiftadmont.at\/es\/blog\/exposicion-jubileo-2024-redes-circae\/","og_locale":"es_ES","og_type":"article","og_title":"Jubil\u00e4umsausstellung 2024 - Circ\u00e4ische Netze","og_description":"Lesen Sie aktuelle Informationen zum Thema Jubil\u00e4umsausstellung 2024 - Circ\u00e4ische Netze und vieles mehr aus dem Konvent und der Pfarre Admont.","og_url":"https:\/\/stiftadmont.at\/es\/blog\/exposicion-jubileo-2024-redes-circae\/","og_site_name":"Stift Admont","article_published_time":"2023-12-20T07:53:39+00:00","og_image":[{"width":2500,"height":1406,"url":"https:\/\/stiftadmont.at\/wp-content\/uploads\/Raum_1.8.jpg","type":"image\/jpeg"}],"author":"Mario Brandm\u00fcller","twitter_card":"summary_large_image","twitter_misc":{"Escrito por":"Mario Brandm\u00fcller"},"schema":{"@context":"https:\/\/schema.org","@graph":[{"@type":"Article","@id":"https:\/\/stiftadmont.at\/blog\/jubilaeumsausstellung-2024-circaeische-netze\/#article","isPartOf":{"@id":"https:\/\/stiftadmont.at\/blog\/jubilaeumsausstellung-2024-circaeische-netze\/"},"author":{"name":"Mario Brandm\u00fcller","@id":"https:\/\/stiftadmont.at\/#\/schema\/person\/30535548b241d5f33a2e8b839db11869"},"headline":"Jubil\u00e4umsausstellung 2024 &#8211; Circ\u00e4ische Netze","datePublished":"2023-12-20T07:53:39+00:00","mainEntityOfPage":{"@id":"https:\/\/stiftadmont.at\/blog\/jubilaeumsausstellung-2024-circaeische-netze\/"},"wordCount":6,"image":{"@id":"https:\/\/stiftadmont.at\/blog\/jubilaeumsausstellung-2024-circaeische-netze\/#primaryimage"},"thumbnailUrl":"https:\/\/stiftadmont.at\/wp-content\/uploads\/Raum_1.8.jpg","articleSection":["Museum Einst und Jetzt"],"inLanguage":"es"},{"@type":"WebPage","@id":"https:\/\/stiftadmont.at\/blog\/jubilaeumsausstellung-2024-circaeische-netze\/","url":"https:\/\/stiftadmont.at\/blog\/jubilaeumsausstellung-2024-circaeische-netze\/","name":"Exposici\u00f3n Jubileo 2024 - Redes Circae - Abad\u00eda de Admont","isPartOf":{"@id":"https:\/\/stiftadmont.at\/#website"},"primaryImageOfPage":{"@id":"https:\/\/stiftadmont.at\/blog\/jubilaeumsausstellung-2024-circaeische-netze\/#primaryimage"},"image":{"@id":"https:\/\/stiftadmont.at\/blog\/jubilaeumsausstellung-2024-circaeische-netze\/#primaryimage"},"thumbnailUrl":"https:\/\/stiftadmont.at\/wp-content\/uploads\/Raum_1.8.jpg","datePublished":"2023-12-20T07:53:39+00:00","author":{"@id":"https:\/\/stiftadmont.at\/#\/schema\/person\/30535548b241d5f33a2e8b839db11869"},"description":"Lea la informaci\u00f3n m\u00e1s reciente sobre la Exposici\u00f3n Jubilar 2024 - Circ\u00e4ische Netze y mucho m\u00e1s del convento y la parroquia de Admont.","breadcrumb":{"@id":"https:\/\/stiftadmont.at\/blog\/jubilaeumsausstellung-2024-circaeische-netze\/#breadcrumb"},"inLanguage":"es","potentialAction":[{"@type":"ReadAction","target":["https:\/\/stiftadmont.at\/blog\/jubilaeumsausstellung-2024-circaeische-netze\/"]}]},{"@type":"ImageObject","inLanguage":"es","@id":"https:\/\/stiftadmont.at\/blog\/jubilaeumsausstellung-2024-circaeische-netze\/#primaryimage","url":"https:\/\/stiftadmont.at\/wp-content\/uploads\/Raum_1.8.jpg","contentUrl":"https:\/\/stiftadmont.at\/wp-content\/uploads\/Raum_1.8.jpg","width":2500,"height":1406,"caption":"Raum 1.8"},{"@type":"BreadcrumbList","@id":"https:\/\/stiftadmont.at\/blog\/jubilaeumsausstellung-2024-circaeische-netze\/#breadcrumb","itemListElement":[{"@type":"ListItem","position":1,"name":"Start","item":"https:\/\/stiftadmont.at\/"},{"@type":"ListItem","position":2,"name":"Jubil\u00e4umsausstellung 2024 &#8211; Circ\u00e4ische Netze"}]},{"@type":"WebSite","@id":"https:\/\/stiftadmont.at\/#website","url":"https:\/\/stiftadmont.at\/","name":"Abad\u00eda de Admont","description":"Monasterio benedictino y atracci\u00f3n tur\u00edstica en el Ges\u00e4use","potentialAction":[{"@type":"SearchAction","target":{"@type":"EntryPoint","urlTemplate":"https:\/\/stiftadmont.at\/?s={search_term_string}"},"query-input":{"@type":"PropertyValueSpecification","valueRequired":true,"valueName":"search_term_string"}}],"inLanguage":"es"},{"@type":"Person","@id":"https:\/\/stiftadmont.at\/#\/schema\/person\/30535548b241d5f33a2e8b839db11869","name":"Mario Brandm\u00fcller"}]}},"_links":{"self":[{"href":"https:\/\/stiftadmont.at\/es\/wp-json\/wp\/v2\/posts\/24046","targetHints":{"allow":["GET"]}}],"collection":[{"href":"https:\/\/stiftadmont.at\/es\/wp-json\/wp\/v2\/posts"}],"about":[{"href":"https:\/\/stiftadmont.at\/es\/wp-json\/wp\/v2\/types\/post"}],"author":[{"embeddable":true,"href":"https:\/\/stiftadmont.at\/es\/wp-json\/wp\/v2\/users\/7"}],"replies":[{"embeddable":true,"href":"https:\/\/stiftadmont.at\/es\/wp-json\/wp\/v2\/comments?post=24046"}],"version-history":[{"count":5,"href":"https:\/\/stiftadmont.at\/es\/wp-json\/wp\/v2\/posts\/24046\/revisions"}],"predecessor-version":[{"id":24060,"href":"https:\/\/stiftadmont.at\/es\/wp-json\/wp\/v2\/posts\/24046\/revisions\/24060"}],"wp:featuredmedia":[{"embeddable":true,"href":"https:\/\/stiftadmont.at\/es\/wp-json\/wp\/v2\/media\/23585"}],"wp:attachment":[{"href":"https:\/\/stiftadmont.at\/es\/wp-json\/wp\/v2\/media?parent=24046"}],"wp:term":[{"taxonomy":"category","embeddable":true,"href":"https:\/\/stiftadmont.at\/es\/wp-json\/wp\/v2\/categories?post=24046"}],"curies":[{"name":"wp","href":"https:\/\/api.w.org\/{rel}","templated":true}]}}