{"id":25037,"date":"2024-01-05T12:19:59","date_gmt":"2024-01-05T10:19:59","guid":{"rendered":"https:\/\/stiftadmont.at\/?p=25037"},"modified":"2024-01-09T10:34:21","modified_gmt":"2024-01-09T08:34:21","slug":"nombramiento-de-fr-markus-como-acolito-2024","status":"publish","type":"post","link":"https:\/\/stiftadmont.at\/es\/blog\/beauftragung-von-fr-markus-zum-akolythen-2024\/","title":{"rendered":"Nombramiento del P. Markus como ac\u00f3lito 2024"},"content":{"rendered":"<section id='lightpress__section--block_644a606a4b384a4d5c9d57402e3aade2' class='lightpress__section--default-section-space lightpress__section lightpress__section--content'><div class=\"content__inner\"\n         x-init=\"initContentBlockAnim($el)\">\n        \n    <div class=\"content__grid content__grid\">\n                                            <div class=\"content__box content__box--one-hundred\"\n                 style=\"\">\n                                \n                \n                                            <div class=\"prose\"><h1 class=\"line line--gold\">Beauftragung von fr. Markus zum Akolythen 2024<\/h1>\n<p class=\"paragraph-m\"><strong>Freitag, 05. J\u00e4nner 2024<\/strong><\/p>\n<p>Beim heutigen feierlichen Koventamt am Krippenaltar in unserer Stiftskirche wurde fr. Markus zum Akolythen beauftragt. Abt Gerhard betonte in seiner Predigt, dass wir darauf Acht geben m\u00fcssen, dass die Eucharistie nicht zur Routine wird und wir angehalten sind, das Allerheiligste in der Liturgie sowie im Alltag hochzuhalten. Wir w\u00fcnschen unserem Mitbruder fr. Markus alles Gute und Gottes Segen f\u00fcr seinen Dienst.<\/p>\n<\/div>\n                    \n                            <\/div>\n        \n            <\/div>\n<\/div>\n\n<\/section>\n\n<section id='lightpress__section--block_1c94da4da8972bc3889d833b036f75b2' class='lightpress__section--default-section-space lightpress__section lightpress__section--image-slider'>\n<div class=\"image-slider\"\n     x-data=\"{ gallery: null, shown: false }\"\n     x-init=\"gallery = initSliderGallery([{&quot;href&quot;:&quot;https:\\\/\\\/stiftadmont.at\\\/wp-content\\\/uploads\\\/Stift-Admont-Beauftragung-fr.-Markus-Akolythen-2024-2-1920x2560.jpg&quot;,&quot;type&quot;:&quot;image&quot;},{&quot;href&quot;:&quot;https:\\\/\\\/stiftadmont.at\\\/wp-content\\\/uploads\\\/Stift-Admont-Beauftragung-fr.-Markus-Akolythen-2024-5-1920x2560.jpg&quot;,&quot;type&quot;:&quot;image&quot;},{&quot;href&quot;:&quot;https:\\\/\\\/stiftadmont.at\\\/wp-content\\\/uploads\\\/Stift-Admont-Beauftragung-fr.-Markus-Akolythen-2024-1-1920x2560.jpg&quot;,&quot;type&quot;:&quot;image&quot;},{&quot;href&quot;:&quot;https:\\\/\\\/stiftadmont.at\\\/wp-content\\\/uploads\\\/Stift-Admont-Beauftragung-fr.-Markus-Akolythen-2024-3-1920x2560.jpg&quot;,&quot;type&quot;:&quot;image&quot;}]); initImageSliderBlockAnim($el);\">\n    <div class=\"image-slider__inner\">\n\n        <div class=\"swiper-container\" x-init=\"initImageSliderBlock($el, $refs.btnPrev, $refs.btnNext)\">\n            <div class=\"swiper-wrapper\">\n                                    <div class=\"swiper-slide\">\n                        <div class=\"image-slider__media\">\n                            <img decoding=\"async\" class=\"image-slider__image\"\n                                 src=\"https:\/\/stiftadmont.at\/wp-content\/uploads\/Stift-Admont-Beauftragung-fr.-Markus-Akolythen-2024-2-768x1024.jpg\"\n                                 alt=\"Stift Admont   Beauftragung fr. Markus Akolythen 2024 2\">\n                        <\/div>\n                    <\/div>\n                                    <div class=\"swiper-slide\">\n                        <div class=\"image-slider__media\">\n                            <img decoding=\"async\" class=\"image-slider__image\"\n                                 src=\"https:\/\/stiftadmont.at\/wp-content\/uploads\/Stift-Admont-Beauftragung-fr.-Markus-Akolythen-2024-5-768x1024.jpg\"\n                                 alt=\"Stift Admont   Beauftragung fr. Markus Akolythen 2024 5\">\n                        <\/div>\n                    <\/div>\n                                    <div class=\"swiper-slide\">\n                        <div class=\"image-slider__media\">\n                            <img decoding=\"async\" class=\"image-slider__image\"\n                                 src=\"https:\/\/stiftadmont.at\/wp-content\/uploads\/Stift-Admont-Beauftragung-fr.-Markus-Akolythen-2024-1-768x1024.jpg\"\n                                 alt=\"Stift Admont   Beauftragung fr. Markus Akolythen 2024 1\">\n                        <\/div>\n                    <\/div>\n                                    <div class=\"swiper-slide\">\n                        <div class=\"image-slider__media\">\n                            <img decoding=\"async\" class=\"image-slider__image\"\n                                 src=\"https:\/\/stiftadmont.at\/wp-content\/uploads\/Stift-Admont-Beauftragung-fr.-Markus-Akolythen-2024-3-768x1024.jpg\"\n                                 alt=\"Stift Admont   Beauftragung fr. Markus Akolythen 2024 3\">\n                        <\/div>\n                    <\/div>\n                            <\/div>\n\n            <div class=\"swiper-nav-wrapper\">\n                <button class=\"swiper-button-prev slider-button--prev\" x-ref=\"btnPrev\"\n                        aria-label=\"Vorige Bilder anzeigen\">\n                    <img decoding=\"async\" src=\"\/wp-content\/themes\/stift-admont\/src\/assets\/img\/arrow-left-big-new.svg\" alt=\"Pfeil nach Links\">\n                <\/button>\n\n\n                <a class=\"image-slider__gallery\" @click=\"openGallery(gallery)\"><i class=\"fa-thin fa-plus\"><\/i><\/a>\n                <button class=\"swiper-button-next slider-button--next\"\n                        x-ref=\"btnNext\"\n                        aria-label=\"N\u00e4chste Bilder anzeigen\">\n                    <img decoding=\"async\" src=\"\/wp-content\/themes\/stift-admont\/src\/assets\/img\/arrow-right-big-new.svg\" alt=\"Pfeil nach Rechts\">\n                <\/button>\n            <\/div>\n        <\/div>\n    <\/div>\n\n\n<\/div><\/section>","protected":false},"excerpt":{"rendered":"<p>En la solemne misa de Covent de hoy en el altar del catre de nuestra colegiata, el padre Markus ha sido nombrado ac\u00f3lito.<\/p>","protected":false},"author":19,"featured_media":25076,"comment_status":"closed","ping_status":"closed","sticky":false,"template":"","format":"standard","meta":{"_acf_changed":false,"footnotes":""},"categories":[22],"class_list":["post-25037","post","type-post","status-publish","format-standard","has-post-thumbnail","hentry","category-kloster-aktuell"],"acf":[],"yoast_head":"<!-- This site is optimized with the Yoast SEO Premium plugin v26.0 (Yoast SEO v26.8) - https:\/\/yoast.com\/product\/yoast-seo-premium-wordpress\/ -->\n<title>Beauftragung von fr. Markus zum Akolythen 2024 - Stift Admont<\/title>\n<meta name=\"description\" content=\"Lesen Sie aktuelle Informationen zum Thema Beauftragung von fr. Markus zum Akolythen 2024 und vieles mehr aus dem Konvent und der Pfarre Admont.\" \/>\n<meta name=\"robots\" content=\"index, follow, max-snippet:-1, max-image-preview:large, max-video-preview:-1\" \/>\n<link rel=\"canonical\" href=\"https:\/\/stiftadmont.at\/es\/blog\/nombramiento-de-fr-markus-como-acolito-2024\/\" \/>\n<meta property=\"og:locale\" content=\"es_ES\" \/>\n<meta property=\"og:type\" content=\"article\" \/>\n<meta property=\"og:title\" content=\"Beauftragung von fr. Markus zum Akolythen 2024\" \/>\n<meta property=\"og:description\" content=\"Lesen Sie aktuelle Informationen zum Thema Beauftragung von fr. Markus zum Akolythen 2024 und vieles mehr aus dem Konvent und der Pfarre Admont.\" \/>\n<meta property=\"og:url\" content=\"https:\/\/stiftadmont.at\/es\/blog\/nombramiento-de-fr-markus-como-acolito-2024\/\" \/>\n<meta property=\"og:site_name\" content=\"Stift Admont\" \/>\n<meta property=\"article:published_time\" content=\"2024-01-05T10:19:59+00:00\" \/>\n<meta property=\"article:modified_time\" content=\"2024-01-09T08:34:21+00:00\" \/>\n<meta property=\"og:image\" content=\"https:\/\/stiftadmont.at\/wp-content\/uploads\/Stift-Admont-Beauftragung-fr.-Markus-Akolythen-2024-2-scaled.jpg\" \/>\n\t<meta property=\"og:image:width\" content=\"1920\" \/>\n\t<meta property=\"og:image:height\" content=\"2560\" \/>\n\t<meta property=\"og:image:type\" content=\"image\/jpeg\" \/>\n<meta name=\"author\" content=\"Sarah Lux\" \/>\n<meta name=\"twitter:card\" content=\"summary_large_image\" \/>\n<meta name=\"twitter:label1\" content=\"Escrito por\" \/>\n\t<meta name=\"twitter:data1\" content=\"Sarah Lux\" \/>\n<script type=\"application\/ld+json\" class=\"yoast-schema-graph\">{\"@context\":\"https:\/\/schema.org\",\"@graph\":[{\"@type\":\"Article\",\"@id\":\"https:\/\/stiftadmont.at\/blog\/beauftragung-von-fr-markus-zum-akolythen-2024\/#article\",\"isPartOf\":{\"@id\":\"https:\/\/stiftadmont.at\/blog\/beauftragung-von-fr-markus-zum-akolythen-2024\/\"},\"author\":{\"name\":\"Sarah Lux\",\"@id\":\"https:\/\/stiftadmont.at\/#\/schema\/person\/618a2a3e6fea3fe795243c567372dbf3\"},\"headline\":\"Beauftragung von fr. Markus zum Akolythen 2024\",\"datePublished\":\"2024-01-05T10:19:59+00:00\",\"dateModified\":\"2024-01-09T08:34:21+00:00\",\"mainEntityOfPage\":{\"@id\":\"https:\/\/stiftadmont.at\/blog\/beauftragung-von-fr-markus-zum-akolythen-2024\/\"},\"wordCount\":6,\"image\":{\"@id\":\"https:\/\/stiftadmont.at\/blog\/beauftragung-von-fr-markus-zum-akolythen-2024\/#primaryimage\"},\"thumbnailUrl\":\"https:\/\/stiftadmont.at\/wp-content\/uploads\/Stift-Admont-Beauftragung-fr.-Markus-Akolythen-2024-2-scaled.jpg\",\"articleSection\":[\"Kloster aktuell\"],\"inLanguage\":\"es\"},{\"@type\":\"WebPage\",\"@id\":\"https:\/\/stiftadmont.at\/blog\/beauftragung-von-fr-markus-zum-akolythen-2024\/\",\"url\":\"https:\/\/stiftadmont.at\/blog\/beauftragung-von-fr-markus-zum-akolythen-2024\/\",\"name\":\"Beauftragung von fr. Markus zum Akolythen 2024 - Stift Admont\",\"isPartOf\":{\"@id\":\"https:\/\/stiftadmont.at\/#website\"},\"primaryImageOfPage\":{\"@id\":\"https:\/\/stiftadmont.at\/blog\/beauftragung-von-fr-markus-zum-akolythen-2024\/#primaryimage\"},\"image\":{\"@id\":\"https:\/\/stiftadmont.at\/blog\/beauftragung-von-fr-markus-zum-akolythen-2024\/#primaryimage\"},\"thumbnailUrl\":\"https:\/\/stiftadmont.at\/wp-content\/uploads\/Stift-Admont-Beauftragung-fr.-Markus-Akolythen-2024-2-scaled.jpg\",\"datePublished\":\"2024-01-05T10:19:59+00:00\",\"dateModified\":\"2024-01-09T08:34:21+00:00\",\"author\":{\"@id\":\"https:\/\/stiftadmont.at\/#\/schema\/person\/618a2a3e6fea3fe795243c567372dbf3\"},\"description\":\"Lesen Sie aktuelle Informationen zum Thema Beauftragung von fr. Markus zum Akolythen 2024 und vieles mehr aus dem Konvent und der Pfarre Admont.\",\"breadcrumb\":{\"@id\":\"https:\/\/stiftadmont.at\/blog\/beauftragung-von-fr-markus-zum-akolythen-2024\/#breadcrumb\"},\"inLanguage\":\"es\",\"potentialAction\":[{\"@type\":\"ReadAction\",\"target\":[\"https:\/\/stiftadmont.at\/blog\/beauftragung-von-fr-markus-zum-akolythen-2024\/\"]}]},{\"@type\":\"ImageObject\",\"inLanguage\":\"es\",\"@id\":\"https:\/\/stiftadmont.at\/blog\/beauftragung-von-fr-markus-zum-akolythen-2024\/#primaryimage\",\"url\":\"https:\/\/stiftadmont.at\/wp-content\/uploads\/Stift-Admont-Beauftragung-fr.-Markus-Akolythen-2024-2-scaled.jpg\",\"contentUrl\":\"https:\/\/stiftadmont.at\/wp-content\/uploads\/Stift-Admont-Beauftragung-fr.-Markus-Akolythen-2024-2-scaled.jpg\",\"width\":1920,\"height\":2560,\"caption\":\"Stift Admont Beauftragung fr. Markus Akolythen 2024 2\"},{\"@type\":\"BreadcrumbList\",\"@id\":\"https:\/\/stiftadmont.at\/blog\/beauftragung-von-fr-markus-zum-akolythen-2024\/#breadcrumb\",\"itemListElement\":[{\"@type\":\"ListItem\",\"position\":1,\"name\":\"Start\",\"item\":\"https:\/\/stiftadmont.at\/\"},{\"@type\":\"ListItem\",\"position\":2,\"name\":\"Beauftragung von fr. Markus zum Akolythen 2024\"}]},{\"@type\":\"WebSite\",\"@id\":\"https:\/\/stiftadmont.at\/#website\",\"url\":\"https:\/\/stiftadmont.at\/\",\"name\":\"Stift Admont\",\"description\":\"Benediktinerkloster und Sehensw\u00fcrdigkeit im Ges\u00e4use\",\"potentialAction\":[{\"@type\":\"SearchAction\",\"target\":{\"@type\":\"EntryPoint\",\"urlTemplate\":\"https:\/\/stiftadmont.at\/?s={search_term_string}\"},\"query-input\":{\"@type\":\"PropertyValueSpecification\",\"valueRequired\":true,\"valueName\":\"search_term_string\"}}],\"inLanguage\":\"es\"},{\"@type\":\"Person\",\"@id\":\"https:\/\/stiftadmont.at\/#\/schema\/person\/618a2a3e6fea3fe795243c567372dbf3\",\"name\":\"Sarah Lux\"}]}<\/script>\n<!-- \/ Yoast SEO Premium plugin. -->","yoast_head_json":{"title":"Nombramiento del P. Markus como ac\u00f3lito 2024 - Abad\u00eda de Admont","description":"Lea la \u00faltima informaci\u00f3n sobre el nombramiento del padre Markus como ac\u00f3lito 2024 y mucho m\u00e1s del convento y la parroquia de Admont.","robots":{"index":"index","follow":"follow","max-snippet":"max-snippet:-1","max-image-preview":"max-image-preview:large","max-video-preview":"max-video-preview:-1"},"canonical":"https:\/\/stiftadmont.at\/es\/blog\/nombramiento-de-fr-markus-como-acolito-2024\/","og_locale":"es_ES","og_type":"article","og_title":"Beauftragung von fr. Markus zum Akolythen 2024","og_description":"Lesen Sie aktuelle Informationen zum Thema Beauftragung von fr. Markus zum Akolythen 2024 und vieles mehr aus dem Konvent und der Pfarre Admont.","og_url":"https:\/\/stiftadmont.at\/es\/blog\/nombramiento-de-fr-markus-como-acolito-2024\/","og_site_name":"Stift Admont","article_published_time":"2024-01-05T10:19:59+00:00","article_modified_time":"2024-01-09T08:34:21+00:00","og_image":[{"width":1920,"height":2560,"url":"https:\/\/stiftadmont.at\/wp-content\/uploads\/Stift-Admont-Beauftragung-fr.-Markus-Akolythen-2024-2-scaled.jpg","type":"image\/jpeg"}],"author":"Sarah Lux","twitter_card":"summary_large_image","twitter_misc":{"Escrito por":"Sarah Lux"},"schema":{"@context":"https:\/\/schema.org","@graph":[{"@type":"Article","@id":"https:\/\/stiftadmont.at\/blog\/beauftragung-von-fr-markus-zum-akolythen-2024\/#article","isPartOf":{"@id":"https:\/\/stiftadmont.at\/blog\/beauftragung-von-fr-markus-zum-akolythen-2024\/"},"author":{"name":"Sarah Lux","@id":"https:\/\/stiftadmont.at\/#\/schema\/person\/618a2a3e6fea3fe795243c567372dbf3"},"headline":"Beauftragung von fr. Markus zum Akolythen 2024","datePublished":"2024-01-05T10:19:59+00:00","dateModified":"2024-01-09T08:34:21+00:00","mainEntityOfPage":{"@id":"https:\/\/stiftadmont.at\/blog\/beauftragung-von-fr-markus-zum-akolythen-2024\/"},"wordCount":6,"image":{"@id":"https:\/\/stiftadmont.at\/blog\/beauftragung-von-fr-markus-zum-akolythen-2024\/#primaryimage"},"thumbnailUrl":"https:\/\/stiftadmont.at\/wp-content\/uploads\/Stift-Admont-Beauftragung-fr.-Markus-Akolythen-2024-2-scaled.jpg","articleSection":["Kloster aktuell"],"inLanguage":"es"},{"@type":"WebPage","@id":"https:\/\/stiftadmont.at\/blog\/beauftragung-von-fr-markus-zum-akolythen-2024\/","url":"https:\/\/stiftadmont.at\/blog\/beauftragung-von-fr-markus-zum-akolythen-2024\/","name":"Nombramiento del P. Markus como ac\u00f3lito 2024 - Abad\u00eda de Admont","isPartOf":{"@id":"https:\/\/stiftadmont.at\/#website"},"primaryImageOfPage":{"@id":"https:\/\/stiftadmont.at\/blog\/beauftragung-von-fr-markus-zum-akolythen-2024\/#primaryimage"},"image":{"@id":"https:\/\/stiftadmont.at\/blog\/beauftragung-von-fr-markus-zum-akolythen-2024\/#primaryimage"},"thumbnailUrl":"https:\/\/stiftadmont.at\/wp-content\/uploads\/Stift-Admont-Beauftragung-fr.-Markus-Akolythen-2024-2-scaled.jpg","datePublished":"2024-01-05T10:19:59+00:00","dateModified":"2024-01-09T08:34:21+00:00","author":{"@id":"https:\/\/stiftadmont.at\/#\/schema\/person\/618a2a3e6fea3fe795243c567372dbf3"},"description":"Lea la \u00faltima informaci\u00f3n sobre el nombramiento del padre Markus como ac\u00f3lito 2024 y mucho m\u00e1s del convento y la parroquia de Admont.","breadcrumb":{"@id":"https:\/\/stiftadmont.at\/blog\/beauftragung-von-fr-markus-zum-akolythen-2024\/#breadcrumb"},"inLanguage":"es","potentialAction":[{"@type":"ReadAction","target":["https:\/\/stiftadmont.at\/blog\/beauftragung-von-fr-markus-zum-akolythen-2024\/"]}]},{"@type":"ImageObject","inLanguage":"es","@id":"https:\/\/stiftadmont.at\/blog\/beauftragung-von-fr-markus-zum-akolythen-2024\/#primaryimage","url":"https:\/\/stiftadmont.at\/wp-content\/uploads\/Stift-Admont-Beauftragung-fr.-Markus-Akolythen-2024-2-scaled.jpg","contentUrl":"https:\/\/stiftadmont.at\/wp-content\/uploads\/Stift-Admont-Beauftragung-fr.-Markus-Akolythen-2024-2-scaled.jpg","width":1920,"height":2560,"caption":"Stift Admont Beauftragung fr. Markus Akolythen 2024 2"},{"@type":"BreadcrumbList","@id":"https:\/\/stiftadmont.at\/blog\/beauftragung-von-fr-markus-zum-akolythen-2024\/#breadcrumb","itemListElement":[{"@type":"ListItem","position":1,"name":"Start","item":"https:\/\/stiftadmont.at\/"},{"@type":"ListItem","position":2,"name":"Beauftragung von fr. Markus zum Akolythen 2024"}]},{"@type":"WebSite","@id":"https:\/\/stiftadmont.at\/#website","url":"https:\/\/stiftadmont.at\/","name":"Abad\u00eda de Admont","description":"Monasterio benedictino y atracci\u00f3n tur\u00edstica en el Ges\u00e4use","potentialAction":[{"@type":"SearchAction","target":{"@type":"EntryPoint","urlTemplate":"https:\/\/stiftadmont.at\/?s={search_term_string}"},"query-input":{"@type":"PropertyValueSpecification","valueRequired":true,"valueName":"search_term_string"}}],"inLanguage":"es"},{"@type":"Person","@id":"https:\/\/stiftadmont.at\/#\/schema\/person\/618a2a3e6fea3fe795243c567372dbf3","name":"Sarah Lux"}]}},"_links":{"self":[{"href":"https:\/\/stiftadmont.at\/es\/wp-json\/wp\/v2\/posts\/25037","targetHints":{"allow":["GET"]}}],"collection":[{"href":"https:\/\/stiftadmont.at\/es\/wp-json\/wp\/v2\/posts"}],"about":[{"href":"https:\/\/stiftadmont.at\/es\/wp-json\/wp\/v2\/types\/post"}],"author":[{"embeddable":true,"href":"https:\/\/stiftadmont.at\/es\/wp-json\/wp\/v2\/users\/19"}],"replies":[{"embeddable":true,"href":"https:\/\/stiftadmont.at\/es\/wp-json\/wp\/v2\/comments?post=25037"}],"version-history":[{"count":23,"href":"https:\/\/stiftadmont.at\/es\/wp-json\/wp\/v2\/posts\/25037\/revisions"}],"predecessor-version":[{"id":25227,"href":"https:\/\/stiftadmont.at\/es\/wp-json\/wp\/v2\/posts\/25037\/revisions\/25227"}],"wp:featuredmedia":[{"embeddable":true,"href":"https:\/\/stiftadmont.at\/es\/wp-json\/wp\/v2\/media\/25076"}],"wp:attachment":[{"href":"https:\/\/stiftadmont.at\/es\/wp-json\/wp\/v2\/media?parent=25037"}],"wp:term":[{"taxonomy":"category","embeddable":true,"href":"https:\/\/stiftadmont.at\/es\/wp-json\/wp\/v2\/categories?post=25037"}],"curies":[{"name":"wp","href":"https:\/\/api.w.org\/{rel}","templated":true}]}}