{"id":26080,"date":"2024-02-13T14:00:44","date_gmt":"2024-02-13T12:00:44","guid":{"rendered":"https:\/\/stiftadmont.at\/?p=26080"},"modified":"2024-02-20T11:16:22","modified_gmt":"2024-02-20T09:16:22","slug":"13er-peregrinaje-el-13-de-febrero-de-2024","status":"publish","type":"post","link":"https:\/\/stiftadmont.at\/es\/blog\/13er-wallfahrt-am-13-februar-2024\/","title":{"rendered":"13er peregrinaje el 13 de febrero de 2024"},"content":{"rendered":"<section id='lightpress__section--block_85c73d633ce5eba2269f6fa1b943b807' class='lightpress__section--default-section-space lightpress__section lightpress__section--content'><div class=\"content__inner\"\n         x-init=\"initContentBlockAnim($el)\">\n        \n    <div class=\"content__grid content__grid\">\n                                            <div class=\"content__box content__box--one-hundred\"\n                 style=\"\">\n                                \n                \n                                            <div class=\"prose\"><\/div>\n                    \n                            <\/div>\n        \n            <\/div>\n<\/div>\n\n<\/section>\n\n<section id='lightpress__section--block_86182c7c50daa6c920b75be054c2b3b6' class='lightpress__section--default-section-space lightpress__section lightpress__section--content'><div class=\"content__inner\"\n         x-init=\"initContentBlockAnim($el)\">\n        \n    <div class=\"content__grid content__grid\">\n                                            <div class=\"content__box content__box--one-hundred\"\n                 style=\"\">\n                                \n                \n                                            <div class=\"prose\"><h1 class=\"line line--gold\">13er Wallfahrt am 13. Februar 2024<\/h1>\n<p class=\"paragraph-m\"><strong>Dienstag, 13.Februar.2024<\/strong><\/p>\n<p class=\"paragraph-m\">Heute Abend feierten wir wieder die 13er Wallfahrt, zu der dieses Monat Abt Petrus Pilsinger OSB aus dem Stift Seitenstetten gekommen war. In seiner Predigt ermutigte er uns unter anderem, die Gemeinschaft der Glaubenden immer wieder aufzusuchen, denn wir Christen k\u00f6nnen nicht alleine glauben. So wie auf der Hochzeit zu Kana sollen wir f\u00fcreinander da sein und einander st\u00e4rken.\u00a0<\/p>\n<\/div>\n                    \n                            <\/div>\n        \n            <\/div>\n<\/div>\n\n<\/section>\n\n<section id='lightpress__section--block_3d6f9c173cb86e2dee1c86f8ab53b770' class='lightpress__section--default-section-space lightpress__section lightpress__section--image-slider'>\n<div class=\"image-slider\"\n     x-data=\"{ gallery: null, shown: false }\"\n     x-init=\"gallery = initSliderGallery([{&quot;href&quot;:&quot;https:\\\/\\\/stiftadmont.at\\\/wp-content\\\/uploads\\\/13er-Wallfahrt-Februar-2024-\\u00a9-Tanja-Brunthaler-1--1920x1440.jpg&quot;,&quot;type&quot;:&quot;image&quot;},{&quot;href&quot;:&quot;https:\\\/\\\/stiftadmont.at\\\/wp-content\\\/uploads\\\/13er-Wallfahrt-Februar-2024-\\u00a9-Tanja-Brunthaler-2-1920x1440.jpg&quot;,&quot;type&quot;:&quot;image&quot;},{&quot;href&quot;:&quot;https:\\\/\\\/stiftadmont.at\\\/wp-content\\\/uploads\\\/13er-Wallfahrt-Februar-2024-\\u00a9-Tanja-Brunthaler-3-scaled-1920x1538.jpg&quot;,&quot;type&quot;:&quot;image&quot;},{&quot;href&quot;:&quot;https:\\\/\\\/stiftadmont.at\\\/wp-content\\\/uploads\\\/13er-Wallfahrt-Februar-2024-\\u00a9-Tanja-Brunthaler-4-1920x1440.jpg&quot;,&quot;type&quot;:&quot;image&quot;}]); initImageSliderBlockAnim($el);\">\n    <div class=\"image-slider__inner\">\n\n        <div class=\"swiper-container\" x-init=\"initImageSliderBlock($el, $refs.btnPrev, $refs.btnNext)\">\n            <div class=\"swiper-wrapper\">\n                                    <div class=\"swiper-slide\">\n                        <div class=\"image-slider__media\">\n                            <img decoding=\"async\" class=\"image-slider__image\"\n                                 src=\"https:\/\/stiftadmont.at\/wp-content\/uploads\/13er-Wallfahrt-Februar-2024-\u00a9-Tanja-Brunthaler-1--768x576.jpg\"\n                                 alt=\"13er Wallfahrt Februar 2024 \u00a9 Tanja Brunthaler  1\">\n                        <\/div>\n                    <\/div>\n                                    <div class=\"swiper-slide\">\n                        <div class=\"image-slider__media\">\n                            <img decoding=\"async\" class=\"image-slider__image\"\n                                 src=\"https:\/\/stiftadmont.at\/wp-content\/uploads\/13er-Wallfahrt-Februar-2024-\u00a9-Tanja-Brunthaler-2-768x576.jpg\"\n                                 alt=\"13er Wallfahrt Februar 2024 \u00a9 Tanja Brunthaler  2\">\n                        <\/div>\n                    <\/div>\n                                    <div class=\"swiper-slide\">\n                        <div class=\"image-slider__media\">\n                            <img decoding=\"async\" class=\"image-slider__image\"\n                                 src=\"https:\/\/stiftadmont.at\/wp-content\/uploads\/13er-Wallfahrt-Februar-2024-\u00a9-Tanja-Brunthaler-3-scaled-768x615.jpg\"\n                                 alt=\"13er Wallfahrt Februar 2024 \u00a9 Tanja Brunthaler  3\">\n                        <\/div>\n                    <\/div>\n                                    <div class=\"swiper-slide\">\n                        <div class=\"image-slider__media\">\n                            <img decoding=\"async\" class=\"image-slider__image\"\n                                 src=\"https:\/\/stiftadmont.at\/wp-content\/uploads\/13er-Wallfahrt-Februar-2024-\u00a9-Tanja-Brunthaler-4-768x576.jpg\"\n                                 alt=\"13er Wallfahrt Februar 2024 \u00a9 Tanja Brunthaler  4\">\n                        <\/div>\n                    <\/div>\n                            <\/div>\n\n            <div class=\"swiper-nav-wrapper\">\n                <button class=\"swiper-button-prev slider-button--prev\" x-ref=\"btnPrev\"\n                        aria-label=\"Vorige Bilder anzeigen\">\n                    <img decoding=\"async\" src=\"\/wp-content\/themes\/stift-admont\/src\/assets\/img\/arrow-left-big-new.svg\" alt=\"Pfeil nach Links\">\n                <\/button>\n\n\n                <a class=\"image-slider__gallery\" @click=\"openGallery(gallery)\"><i class=\"fa-thin fa-plus\"><\/i><\/a>\n                <button class=\"swiper-button-next slider-button--next\"\n                        x-ref=\"btnNext\"\n                        aria-label=\"N\u00e4chste Bilder anzeigen\">\n                    <img decoding=\"async\" src=\"\/wp-content\/themes\/stift-admont\/src\/assets\/img\/arrow-right-big-new.svg\" alt=\"Pfeil nach Rechts\">\n                <\/button>\n            <\/div>\n        <\/div>\n    <\/div>\n\n\n<\/div><\/section>","protected":false},"excerpt":{"rendered":"<p>Esta noche hemos celebrado la 13\u00aa peregrinaci\u00f3n con el Abad Petrus Pilsinger OSB de la Abad\u00eda de Seitenstetten.<\/p>","protected":false},"author":20,"featured_media":26087,"comment_status":"closed","ping_status":"closed","sticky":false,"template":"","format":"standard","meta":{"_acf_changed":false,"footnotes":""},"categories":[22],"class_list":["post-26080","post","type-post","status-publish","format-standard","has-post-thumbnail","hentry","category-kloster-aktuell"],"acf":[],"yoast_head":"<!-- This site is optimized with the Yoast SEO Premium plugin v26.0 (Yoast SEO v26.8) - https:\/\/yoast.com\/product\/yoast-seo-premium-wordpress\/ -->\n<title>13er Wallfahrt am 13. Februar 2024 - Stift Admont<\/title>\n<meta name=\"description\" content=\"Lesen Sie aktuelle Informationen zum Thema 13er Wallfahrt am 13. Februar 2024 und vieles mehr aus dem Konvent und der Pfarre Admont.\" \/>\n<meta name=\"robots\" content=\"index, follow, max-snippet:-1, max-image-preview:large, max-video-preview:-1\" \/>\n<link rel=\"canonical\" href=\"https:\/\/stiftadmont.at\/es\/blog\/13er-peregrinaje-el-13-de-febrero-de-2024\/\" \/>\n<meta property=\"og:locale\" content=\"es_ES\" \/>\n<meta property=\"og:type\" content=\"article\" \/>\n<meta property=\"og:title\" content=\"13er Wallfahrt am 13. Februar 2024\" \/>\n<meta property=\"og:description\" content=\"Lesen Sie aktuelle Informationen zum Thema 13er Wallfahrt am 13. Februar 2024 und vieles mehr aus dem Konvent und der Pfarre Admont.\" \/>\n<meta property=\"og:url\" content=\"https:\/\/stiftadmont.at\/es\/blog\/13er-peregrinaje-el-13-de-febrero-de-2024\/\" \/>\n<meta property=\"og:site_name\" content=\"Stift Admont\" \/>\n<meta property=\"article:published_time\" content=\"2024-02-13T12:00:44+00:00\" \/>\n<meta property=\"article:modified_time\" content=\"2024-02-20T09:16:22+00:00\" \/>\n<meta property=\"og:image\" content=\"https:\/\/stiftadmont.at\/wp-content\/uploads\/13er-Wallfahrt-Februar-2024-\u00a9-Tanja-Brunthaler-3-scaled.jpg\" \/>\n\t<meta property=\"og:image:width\" content=\"2560\" \/>\n\t<meta property=\"og:image:height\" content=\"2050\" \/>\n\t<meta property=\"og:image:type\" content=\"image\/jpeg\" \/>\n<meta name=\"author\" content=\"Sarah Stadlauer\" \/>\n<meta name=\"twitter:card\" content=\"summary_large_image\" \/>\n<meta name=\"twitter:label1\" content=\"Escrito por\" \/>\n\t<meta name=\"twitter:data1\" content=\"Sarah Stadlauer\" \/>\n\t<meta name=\"twitter:label2\" content=\"Tiempo de lectura\" \/>\n\t<meta name=\"twitter:data2\" content=\"1 minuto\" \/>\n<script type=\"application\/ld+json\" class=\"yoast-schema-graph\">{\"@context\":\"https:\/\/schema.org\",\"@graph\":[{\"@type\":\"Article\",\"@id\":\"https:\/\/stiftadmont.at\/blog\/13er-wallfahrt-am-13-februar-2024\/#article\",\"isPartOf\":{\"@id\":\"https:\/\/stiftadmont.at\/blog\/13er-wallfahrt-am-13-februar-2024\/\"},\"author\":{\"name\":\"Sarah Stadlauer\",\"@id\":\"https:\/\/stiftadmont.at\/#\/schema\/person\/b3a90b1a2f72566cf3c755db08bd829d\"},\"headline\":\"13er Wallfahrt am 13. Februar 2024\",\"datePublished\":\"2024-02-13T12:00:44+00:00\",\"dateModified\":\"2024-02-20T09:16:22+00:00\",\"mainEntityOfPage\":{\"@id\":\"https:\/\/stiftadmont.at\/blog\/13er-wallfahrt-am-13-februar-2024\/\"},\"wordCount\":4,\"image\":{\"@id\":\"https:\/\/stiftadmont.at\/blog\/13er-wallfahrt-am-13-februar-2024\/#primaryimage\"},\"thumbnailUrl\":\"https:\/\/stiftadmont.at\/wp-content\/uploads\/13er-Wallfahrt-Februar-2024-\u00a9-Tanja-Brunthaler-3-scaled.jpg\",\"articleSection\":[\"Kloster aktuell\"],\"inLanguage\":\"es\"},{\"@type\":\"WebPage\",\"@id\":\"https:\/\/stiftadmont.at\/blog\/13er-wallfahrt-am-13-februar-2024\/\",\"url\":\"https:\/\/stiftadmont.at\/blog\/13er-wallfahrt-am-13-februar-2024\/\",\"name\":\"13er Wallfahrt am 13. Februar 2024 - Stift Admont\",\"isPartOf\":{\"@id\":\"https:\/\/stiftadmont.at\/#website\"},\"primaryImageOfPage\":{\"@id\":\"https:\/\/stiftadmont.at\/blog\/13er-wallfahrt-am-13-februar-2024\/#primaryimage\"},\"image\":{\"@id\":\"https:\/\/stiftadmont.at\/blog\/13er-wallfahrt-am-13-februar-2024\/#primaryimage\"},\"thumbnailUrl\":\"https:\/\/stiftadmont.at\/wp-content\/uploads\/13er-Wallfahrt-Februar-2024-\u00a9-Tanja-Brunthaler-3-scaled.jpg\",\"datePublished\":\"2024-02-13T12:00:44+00:00\",\"dateModified\":\"2024-02-20T09:16:22+00:00\",\"author\":{\"@id\":\"https:\/\/stiftadmont.at\/#\/schema\/person\/b3a90b1a2f72566cf3c755db08bd829d\"},\"description\":\"Lesen Sie aktuelle Informationen zum Thema 13er Wallfahrt am 13. Februar 2024 und vieles mehr aus dem Konvent und der Pfarre Admont.\",\"breadcrumb\":{\"@id\":\"https:\/\/stiftadmont.at\/blog\/13er-wallfahrt-am-13-februar-2024\/#breadcrumb\"},\"inLanguage\":\"es\",\"potentialAction\":[{\"@type\":\"ReadAction\",\"target\":[\"https:\/\/stiftadmont.at\/blog\/13er-wallfahrt-am-13-februar-2024\/\"]}]},{\"@type\":\"ImageObject\",\"inLanguage\":\"es\",\"@id\":\"https:\/\/stiftadmont.at\/blog\/13er-wallfahrt-am-13-februar-2024\/#primaryimage\",\"url\":\"https:\/\/stiftadmont.at\/wp-content\/uploads\/13er-Wallfahrt-Februar-2024-\u00a9-Tanja-Brunthaler-3-scaled.jpg\",\"contentUrl\":\"https:\/\/stiftadmont.at\/wp-content\/uploads\/13er-Wallfahrt-Februar-2024-\u00a9-Tanja-Brunthaler-3-scaled.jpg\",\"width\":2560,\"height\":2050,\"caption\":\"13er Wallfahrt Februar 2024 \u00a9 Tanja Brunthaler 3\"},{\"@type\":\"BreadcrumbList\",\"@id\":\"https:\/\/stiftadmont.at\/blog\/13er-wallfahrt-am-13-februar-2024\/#breadcrumb\",\"itemListElement\":[{\"@type\":\"ListItem\",\"position\":1,\"name\":\"Start\",\"item\":\"https:\/\/stiftadmont.at\/\"},{\"@type\":\"ListItem\",\"position\":2,\"name\":\"13er Wallfahrt am 13. Februar 2024\"}]},{\"@type\":\"WebSite\",\"@id\":\"https:\/\/stiftadmont.at\/#website\",\"url\":\"https:\/\/stiftadmont.at\/\",\"name\":\"Stift Admont\",\"description\":\"Benediktinerkloster und Sehensw\u00fcrdigkeit im Ges\u00e4use\",\"potentialAction\":[{\"@type\":\"SearchAction\",\"target\":{\"@type\":\"EntryPoint\",\"urlTemplate\":\"https:\/\/stiftadmont.at\/?s={search_term_string}\"},\"query-input\":{\"@type\":\"PropertyValueSpecification\",\"valueRequired\":true,\"valueName\":\"search_term_string\"}}],\"inLanguage\":\"es\"},{\"@type\":\"Person\",\"@id\":\"https:\/\/stiftadmont.at\/#\/schema\/person\/b3a90b1a2f72566cf3c755db08bd829d\",\"name\":\"Sarah Stadlauer\"}]}<\/script>\n<!-- \/ Yoast SEO Premium plugin. -->","yoast_head_json":{"title":"Peregrinaci\u00f3n de los 13er el 13 de febrero de 2024 - Abad\u00eda de Admont","description":"Lea la informaci\u00f3n m\u00e1s reciente sobre la 13\u00aa peregrinaci\u00f3n, el 13 de febrero de 2024, y mucho m\u00e1s del convento y la parroquia de Admont.","robots":{"index":"index","follow":"follow","max-snippet":"max-snippet:-1","max-image-preview":"max-image-preview:large","max-video-preview":"max-video-preview:-1"},"canonical":"https:\/\/stiftadmont.at\/es\/blog\/13er-peregrinaje-el-13-de-febrero-de-2024\/","og_locale":"es_ES","og_type":"article","og_title":"13er Wallfahrt am 13. Februar 2024","og_description":"Lesen Sie aktuelle Informationen zum Thema 13er Wallfahrt am 13. Februar 2024 und vieles mehr aus dem Konvent und der Pfarre Admont.","og_url":"https:\/\/stiftadmont.at\/es\/blog\/13er-peregrinaje-el-13-de-febrero-de-2024\/","og_site_name":"Stift Admont","article_published_time":"2024-02-13T12:00:44+00:00","article_modified_time":"2024-02-20T09:16:22+00:00","og_image":[{"width":2560,"height":2050,"url":"https:\/\/stiftadmont.at\/wp-content\/uploads\/13er-Wallfahrt-Februar-2024-\u00a9-Tanja-Brunthaler-3-scaled.jpg","type":"image\/jpeg"}],"author":"Sarah Stadlauer","twitter_card":"summary_large_image","twitter_misc":{"Escrito por":"Sarah Stadlauer","Tiempo de lectura":"1 minuto"},"schema":{"@context":"https:\/\/schema.org","@graph":[{"@type":"Article","@id":"https:\/\/stiftadmont.at\/blog\/13er-wallfahrt-am-13-februar-2024\/#article","isPartOf":{"@id":"https:\/\/stiftadmont.at\/blog\/13er-wallfahrt-am-13-februar-2024\/"},"author":{"name":"Sarah Stadlauer","@id":"https:\/\/stiftadmont.at\/#\/schema\/person\/b3a90b1a2f72566cf3c755db08bd829d"},"headline":"13er Wallfahrt am 13. Februar 2024","datePublished":"2024-02-13T12:00:44+00:00","dateModified":"2024-02-20T09:16:22+00:00","mainEntityOfPage":{"@id":"https:\/\/stiftadmont.at\/blog\/13er-wallfahrt-am-13-februar-2024\/"},"wordCount":4,"image":{"@id":"https:\/\/stiftadmont.at\/blog\/13er-wallfahrt-am-13-februar-2024\/#primaryimage"},"thumbnailUrl":"https:\/\/stiftadmont.at\/wp-content\/uploads\/13er-Wallfahrt-Februar-2024-\u00a9-Tanja-Brunthaler-3-scaled.jpg","articleSection":["Kloster aktuell"],"inLanguage":"es"},{"@type":"WebPage","@id":"https:\/\/stiftadmont.at\/blog\/13er-wallfahrt-am-13-februar-2024\/","url":"https:\/\/stiftadmont.at\/blog\/13er-wallfahrt-am-13-februar-2024\/","name":"Peregrinaci\u00f3n de los 13er el 13 de febrero de 2024 - Abad\u00eda de Admont","isPartOf":{"@id":"https:\/\/stiftadmont.at\/#website"},"primaryImageOfPage":{"@id":"https:\/\/stiftadmont.at\/blog\/13er-wallfahrt-am-13-februar-2024\/#primaryimage"},"image":{"@id":"https:\/\/stiftadmont.at\/blog\/13er-wallfahrt-am-13-februar-2024\/#primaryimage"},"thumbnailUrl":"https:\/\/stiftadmont.at\/wp-content\/uploads\/13er-Wallfahrt-Februar-2024-\u00a9-Tanja-Brunthaler-3-scaled.jpg","datePublished":"2024-02-13T12:00:44+00:00","dateModified":"2024-02-20T09:16:22+00:00","author":{"@id":"https:\/\/stiftadmont.at\/#\/schema\/person\/b3a90b1a2f72566cf3c755db08bd829d"},"description":"Lea la informaci\u00f3n m\u00e1s reciente sobre la 13\u00aa peregrinaci\u00f3n, el 13 de febrero de 2024, y mucho m\u00e1s del convento y la parroquia de Admont.","breadcrumb":{"@id":"https:\/\/stiftadmont.at\/blog\/13er-wallfahrt-am-13-februar-2024\/#breadcrumb"},"inLanguage":"es","potentialAction":[{"@type":"ReadAction","target":["https:\/\/stiftadmont.at\/blog\/13er-wallfahrt-am-13-februar-2024\/"]}]},{"@type":"ImageObject","inLanguage":"es","@id":"https:\/\/stiftadmont.at\/blog\/13er-wallfahrt-am-13-februar-2024\/#primaryimage","url":"https:\/\/stiftadmont.at\/wp-content\/uploads\/13er-Wallfahrt-Februar-2024-\u00a9-Tanja-Brunthaler-3-scaled.jpg","contentUrl":"https:\/\/stiftadmont.at\/wp-content\/uploads\/13er-Wallfahrt-Februar-2024-\u00a9-Tanja-Brunthaler-3-scaled.jpg","width":2560,"height":2050,"caption":"13er Wallfahrt Februar 2024 \u00a9 Tanja Brunthaler 3"},{"@type":"BreadcrumbList","@id":"https:\/\/stiftadmont.at\/blog\/13er-wallfahrt-am-13-februar-2024\/#breadcrumb","itemListElement":[{"@type":"ListItem","position":1,"name":"Start","item":"https:\/\/stiftadmont.at\/"},{"@type":"ListItem","position":2,"name":"13er Wallfahrt am 13. Februar 2024"}]},{"@type":"WebSite","@id":"https:\/\/stiftadmont.at\/#website","url":"https:\/\/stiftadmont.at\/","name":"Abad\u00eda de Admont","description":"Monasterio benedictino y atracci\u00f3n tur\u00edstica en el Ges\u00e4use","potentialAction":[{"@type":"SearchAction","target":{"@type":"EntryPoint","urlTemplate":"https:\/\/stiftadmont.at\/?s={search_term_string}"},"query-input":{"@type":"PropertyValueSpecification","valueRequired":true,"valueName":"search_term_string"}}],"inLanguage":"es"},{"@type":"Person","@id":"https:\/\/stiftadmont.at\/#\/schema\/person\/b3a90b1a2f72566cf3c755db08bd829d","name":"Sarah Stadlauer"}]}},"_links":{"self":[{"href":"https:\/\/stiftadmont.at\/es\/wp-json\/wp\/v2\/posts\/26080","targetHints":{"allow":["GET"]}}],"collection":[{"href":"https:\/\/stiftadmont.at\/es\/wp-json\/wp\/v2\/posts"}],"about":[{"href":"https:\/\/stiftadmont.at\/es\/wp-json\/wp\/v2\/types\/post"}],"author":[{"embeddable":true,"href":"https:\/\/stiftadmont.at\/es\/wp-json\/wp\/v2\/users\/20"}],"replies":[{"embeddable":true,"href":"https:\/\/stiftadmont.at\/es\/wp-json\/wp\/v2\/comments?post=26080"}],"version-history":[{"count":3,"href":"https:\/\/stiftadmont.at\/es\/wp-json\/wp\/v2\/posts\/26080\/revisions"}],"predecessor-version":[{"id":26324,"href":"https:\/\/stiftadmont.at\/es\/wp-json\/wp\/v2\/posts\/26080\/revisions\/26324"}],"wp:featuredmedia":[{"embeddable":true,"href":"https:\/\/stiftadmont.at\/es\/wp-json\/wp\/v2\/media\/26087"}],"wp:attachment":[{"href":"https:\/\/stiftadmont.at\/es\/wp-json\/wp\/v2\/media?parent=26080"}],"wp:term":[{"taxonomy":"category","embeddable":true,"href":"https:\/\/stiftadmont.at\/es\/wp-json\/wp\/v2\/categories?post=26080"}],"curies":[{"name":"wp","href":"https:\/\/api.w.org\/{rel}","templated":true}]}}