{"id":28232,"date":"2024-05-07T14:47:16","date_gmt":"2024-05-07T12:47:16","guid":{"rendered":"https:\/\/stiftadmont.at\/?p=28232"},"modified":"2024-05-07T19:08:50","modified_gmt":"2024-05-07T17:08:50","slug":"abad-gerhard-hafner-administrador-interino-de-la-abadia-de-san-pablo","status":"publish","type":"post","link":"https:\/\/stiftadmont.at\/es\/blog\/abt-gerhard-hafner-interimistischer-administrator-des-stiftes-st-paul\/","title":{"rendered":"Abad Gerhard Hafner administrador interino de la Abad\u00eda de San Pablo"},"content":{"rendered":"<section id='lightpress__section--block_d3119acb4608c7e97c4b6c970787f3f3' class='lightpress__section--default-section-space lightpress__section lightpress__section--content'><div class=\"content__inner\"\n         x-init=\"initContentBlockAnim($el)\">\n        \n    <div class=\"content__grid content__grid--fifty-fifty\">\n                                            <div class=\"content__box content__box\"\n                 style=\"\">\n                                \n                \n                                            <div class=\"prose\"><h2 class=\"heading-xxl line line--gold\">Abad Gerhard Hafner administrador interino de la Abad\u00eda de San Pablo<\/h2>\n<p class=\"paragraph-m\"><strong>Martes, 7 de mayo de 2024<\/strong><\/p>\n<p class=\"paragraph-m\"><em>Comunicado de prensa de la Congregaci\u00f3n Benedictina Austriaca \/ Abad\u00eda Benedictina de San Pablo <\/em><em>St. Paul im Lavanttal (Carintia)\/Michaelbeuern (Salzburgo)\/Admont (Estiria), el 6 de mayo de 2024<\/em><\/p>\n<p class=\"paragraph-m\">Gerhard Hafner, abad de la abad\u00eda de Admont, nombrado tambi\u00e9n administrador provisional de la abad\u00eda de San Pablo.<\/p>\n<p class=\"paragraph-m\">Gerhard Hafner OSB, abad de la abad\u00eda benedictina de Admont, ha sido nombrado administrador interino de la abad\u00eda benedictina de San Pablo im Lavanttal el 6 de mayo de 2024. Su mandato se extiende hasta principios de 2026. El anterior administrador, P. Marian Kollmann OSB, ha dimitido de su cargo al frente del monasterio por motivos personales. El abad Johannes Perkmann OSB, en su calidad de abad presidente de la Congregaci\u00f3n benedictina austriaca, ha nombrado a un nuevo responsable de la abad\u00eda tras una decisi\u00f3n del pres\u00eddium de la Congregaci\u00f3n y ha confiado esta tarea al abad Gerhard Hafner OSB, de la abad\u00eda benedictina de Admont, hasta principios de 2026. El abad, de 59 a\u00f1os, ser\u00e1 apoyado en sus tareas de direcci\u00f3n y en su doble funci\u00f3n de abad de la abad\u00eda de Admont y administrador de la abad\u00eda de San Pablo por su prior, Mag Dr. P. Maximilian Schieferm\u00fcller OSB.<\/p>\n<p class=\"paragraph-m\">El abad presidente Johannes Perkmann: \"Quiero dar las gracias al abad Gerhard Hafner por asumir el cargo de administrador de la abad\u00eda benedictina de San Pablo. Sus tareas m\u00e1s importantes ser\u00e1n presidir a los cohermanos como su superior, acompa\u00f1arlos y buscar caminos para el futuro con todos los implicados.\"<\/p>\n<p class=\"paragraph-m\">Abad Gerhard Hafner: \"Veo la administraci\u00f3n interina de la abad\u00eda de San Pablo como un servicio a la comunidad de all\u00ed. Junto con mi prior, intentar\u00e9 aclarar en conversaciones con los monjes c\u00f3mo puede organizarse su futuro como comunidad mon\u00e1stica. Para evitar cualquier rumor: mi monasterio de Admont no se har\u00e1 cargo de la Abad\u00eda de San Pablo en modo alguno, ni en t\u00e9rminos de personal ni financieramente\".<\/p>\n<p class=\"paragraph-m\"><strong>Abad Gerhard Hafner<\/strong><br \/>El abad Gerhard Hafner naci\u00f3 en 1964 en Trieben, Estiria. Estudi\u00f3 Teolog\u00eda en Graz y se orden\u00f3 sacerdote en 1990. Ingres\u00f3 en la abad\u00eda benedictina de Admont en 1994 e hizo su profesi\u00f3n solemne en 1999. Es abad de la abad\u00eda de Admont desde enero de 2017.<\/p>\n<p class=\"paragraph-m\"><strong>Abad\u00eda benedictina de San Pablo<\/strong><br \/>El monasterio benedictino de San Pablo en Lavanttal fue fundado en 1091 y es el \u00fanico monasterio mon\u00e1stico de Carintia. El monasterio se ocupa de cuatro parroquias propias y proporciona capellanes a las parroquias y capellan\u00edas diocesanas. Unos 45 empleados se encargan de la escuela de gram\u00e1tica de la abad\u00eda de San Pablo, con m\u00e1s de 600 alumnos, de la silvicultura y la agricultura, as\u00ed como del museo de la abad\u00eda, conocido mucho m\u00e1s all\u00e1 de Carintia.<\/p>\n<p>\u00a0<\/p>\n<p class=\"paragraph-m\">\u00a0<\/p>\n<\/div>\n                    \n                            <\/div>\n        \n                                                    <div class=\"content__box content__box--2\"\n                     >\n                                        \n                    \n                                                <div class=\"content__media stickyTo\" x-init=\"imageSticky($el)\">\n\n                                                                                    <picture\n                                    class=\"content__image sticky\">\n                                <source srcset=\"https:\/\/stiftadmont.at\/wp-content\/uploads\/Abt-Gerhard-c-Stefan-Leitner-819x1024.webp\" type=\"image\/webp\">\n                                <source srcset=\"https:\/\/stiftadmont.at\/wp-content\/uploads\/Abt-Gerhard-c-Stefan-Leitner-819x1024.jpg\" type=\"image\/jpeg\">\n                                <img decoding=\"async\" class=\"sticky\" loading=\"lazy\" src=\"https:\/\/stiftadmont.at\/wp-content\/uploads\/Abt-Gerhard-c-Stefan-Leitner-819x1024.jpg\"\n                                     alt=\"Abad Gerhard c Stefan Leitner escalado\">\n\n                                                                                                                            <\/picture>\n\n                        <\/div>\n\n                                    <\/div>\n            \n            <\/div>\n<\/div>\n\n<\/section>\n\n<section id='lightpress__section--block_31758eaa19a86ebfb5ed049b3bb22cf6' class='lightpress__section--default-section-space lightpress__section lightpress__section--content'><div class=\"content__inner\"\n         x-init=\"initContentBlockAnim($el)\">\n        \n    <div class=\"content__grid content__grid\">\n                                            <div class=\"content__box content__box--one-hundred\"\n                 style=\"\">\n                                \n                \n                                            <div class=\"prose\"><p class=\"paragraph-m\"><strong>Contacto:<\/strong><br \/>Abad Presidente Johannes Perkmann OSB<br \/>Congregaci\u00f3n benedictina austriaca<\/p>\n<p><a class=\"phone\" href=\"tel:+43627481161000\"><span class=\"icon-outer\"><i class=\"fa-light fa-phone\"><\/i><\/span>+43 (0) 6274\/8116 1000<\/a><\/p>\n<p><a class=\"phone\" href=\"tel:+4367687466646\"><span class=\"icon-outer\"><i class=\"fa-light fa-phone\"><\/i><\/span>+43 (0) 676\/8746 6646<\/a><\/p>\n<p><a class=\"email\" href=\"mailto:abt.johannes@abtei-michaelbeuern.at\"><span class=\"icon-outer\"><i class=\"fa-light fa-envelope\"><\/i><\/span>abt.johannes@abtei-michaelbeuern.at<\/a><\/p>\n<\/div>\n                    \n                            <\/div>\n        \n            <\/div>\n<\/div>\n\n<\/section>","protected":false},"excerpt":{"rendered":"<p>Gerhard Hafner OSB, abad de la abad\u00eda benedictina de Admont, fue nombrado administrador interino de la abad\u00eda benedictina de San Pablo im Lavanttal el 6 de mayo de 2024.<\/p>","protected":false},"author":20,"featured_media":8412,"comment_status":"closed","ping_status":"closed","sticky":false,"template":"","format":"standard","meta":{"_acf_changed":false,"footnotes":""},"categories":[22],"class_list":["post-28232","post","type-post","status-publish","format-standard","has-post-thumbnail","hentry","category-kloster-aktuell"],"acf":[],"yoast_head":"<!-- This site is optimized with the Yoast SEO Premium plugin v26.0 (Yoast SEO v26.8) - https:\/\/yoast.com\/product\/yoast-seo-premium-wordpress\/ -->\n<title>Abt Gerhard Hafner interimistischer Administrator des Stiftes St. Paul - Stift Admont<\/title>\n<meta name=\"description\" content=\"Lesen Sie aktuelle Informationen zum Thema Abt Gerhard Hafner interimistischer Administrator des Stiftes St. Paul und vieles mehr aus dem Konvent und der Pfarre Admont.\" \/>\n<meta name=\"robots\" content=\"index, follow, max-snippet:-1, max-image-preview:large, max-video-preview:-1\" \/>\n<link rel=\"canonical\" href=\"https:\/\/stiftadmont.at\/es\/blog\/abad-gerhard-hafner-administrador-interino-de-la-abadia-de-san-pablo\/\" \/>\n<meta property=\"og:locale\" content=\"es_ES\" \/>\n<meta property=\"og:type\" content=\"article\" \/>\n<meta property=\"og:title\" content=\"Abt Gerhard Hafner interimistischer Administrator des Stiftes St. Paul\" \/>\n<meta property=\"og:description\" content=\"Lesen Sie aktuelle Informationen zum Thema Abt Gerhard Hafner interimistischer Administrator des Stiftes St. Paul und vieles mehr aus dem Konvent und der Pfarre Admont.\" \/>\n<meta property=\"og:url\" content=\"https:\/\/stiftadmont.at\/es\/blog\/abad-gerhard-hafner-administrador-interino-de-la-abadia-de-san-pablo\/\" \/>\n<meta property=\"og:site_name\" content=\"Stift Admont\" \/>\n<meta property=\"article:published_time\" content=\"2024-05-07T12:47:16+00:00\" \/>\n<meta property=\"article:modified_time\" content=\"2024-05-07T17:08:50+00:00\" \/>\n<meta property=\"og:image\" content=\"https:\/\/stiftadmont.at\/wp-content\/uploads\/Herr-Abt_cStefan-Leitner-e1648798681786.jpg\" \/>\n\t<meta property=\"og:image:width\" content=\"2048\" \/>\n\t<meta property=\"og:image:height\" content=\"1403\" \/>\n\t<meta property=\"og:image:type\" content=\"image\/jpeg\" \/>\n<meta name=\"author\" content=\"Sarah Stadlauer\" \/>\n<meta name=\"twitter:card\" content=\"summary_large_image\" \/>\n<meta name=\"twitter:label1\" content=\"Escrito por\" \/>\n\t<meta name=\"twitter:data1\" content=\"Sarah Stadlauer\" \/>\n\t<meta name=\"twitter:label2\" content=\"Tiempo de lectura\" \/>\n\t<meta name=\"twitter:data2\" content=\"1 minuto\" \/>\n<script type=\"application\/ld+json\" class=\"yoast-schema-graph\">{\"@context\":\"https:\/\/schema.org\",\"@graph\":[{\"@type\":\"Article\",\"@id\":\"https:\/\/stiftadmont.at\/blog\/abt-gerhard-hafner-interimistischer-administrator-des-stiftes-st-paul\/#article\",\"isPartOf\":{\"@id\":\"https:\/\/stiftadmont.at\/blog\/abt-gerhard-hafner-interimistischer-administrator-des-stiftes-st-paul\/\"},\"author\":{\"name\":\"Sarah Stadlauer\",\"@id\":\"https:\/\/stiftadmont.at\/#\/schema\/person\/b3a90b1a2f72566cf3c755db08bd829d\"},\"headline\":\"Abt Gerhard Hafner interimistischer Administrator des Stiftes St. Paul\",\"datePublished\":\"2024-05-07T12:47:16+00:00\",\"dateModified\":\"2024-05-07T17:08:50+00:00\",\"mainEntityOfPage\":{\"@id\":\"https:\/\/stiftadmont.at\/blog\/abt-gerhard-hafner-interimistischer-administrator-des-stiftes-st-paul\/\"},\"wordCount\":9,\"image\":{\"@id\":\"https:\/\/stiftadmont.at\/blog\/abt-gerhard-hafner-interimistischer-administrator-des-stiftes-st-paul\/#primaryimage\"},\"thumbnailUrl\":\"https:\/\/stiftadmont.at\/wp-content\/uploads\/Herr-Abt_cStefan-Leitner-e1648798681786-scaled.jpg\",\"articleSection\":[\"Kloster aktuell\"],\"inLanguage\":\"es\"},{\"@type\":\"WebPage\",\"@id\":\"https:\/\/stiftadmont.at\/blog\/abt-gerhard-hafner-interimistischer-administrator-des-stiftes-st-paul\/\",\"url\":\"https:\/\/stiftadmont.at\/blog\/abt-gerhard-hafner-interimistischer-administrator-des-stiftes-st-paul\/\",\"name\":\"Abt Gerhard Hafner interimistischer Administrator des Stiftes St. Paul - Stift Admont\",\"isPartOf\":{\"@id\":\"https:\/\/stiftadmont.at\/#website\"},\"primaryImageOfPage\":{\"@id\":\"https:\/\/stiftadmont.at\/blog\/abt-gerhard-hafner-interimistischer-administrator-des-stiftes-st-paul\/#primaryimage\"},\"image\":{\"@id\":\"https:\/\/stiftadmont.at\/blog\/abt-gerhard-hafner-interimistischer-administrator-des-stiftes-st-paul\/#primaryimage\"},\"thumbnailUrl\":\"https:\/\/stiftadmont.at\/wp-content\/uploads\/Herr-Abt_cStefan-Leitner-e1648798681786-scaled.jpg\",\"datePublished\":\"2024-05-07T12:47:16+00:00\",\"dateModified\":\"2024-05-07T17:08:50+00:00\",\"author\":{\"@id\":\"https:\/\/stiftadmont.at\/#\/schema\/person\/b3a90b1a2f72566cf3c755db08bd829d\"},\"description\":\"Lesen Sie aktuelle Informationen zum Thema Abt Gerhard Hafner interimistischer Administrator des Stiftes St. Paul und vieles mehr aus dem Konvent und der Pfarre Admont.\",\"breadcrumb\":{\"@id\":\"https:\/\/stiftadmont.at\/blog\/abt-gerhard-hafner-interimistischer-administrator-des-stiftes-st-paul\/#breadcrumb\"},\"inLanguage\":\"es\",\"potentialAction\":[{\"@type\":\"ReadAction\",\"target\":[\"https:\/\/stiftadmont.at\/blog\/abt-gerhard-hafner-interimistischer-administrator-des-stiftes-st-paul\/\"]}]},{\"@type\":\"ImageObject\",\"inLanguage\":\"es\",\"@id\":\"https:\/\/stiftadmont.at\/blog\/abt-gerhard-hafner-interimistischer-administrator-des-stiftes-st-paul\/#primaryimage\",\"url\":\"https:\/\/stiftadmont.at\/wp-content\/uploads\/Herr-Abt_cStefan-Leitner-e1648798681786-scaled.jpg\",\"contentUrl\":\"https:\/\/stiftadmont.at\/wp-content\/uploads\/Herr-Abt_cStefan-Leitner-e1648798681786-scaled.jpg\",\"width\":2560,\"height\":1753,\"caption\":\"Stift Admont - Abt Gerhard Hafner OSB \u00a9 Stefan Leitner\"},{\"@type\":\"BreadcrumbList\",\"@id\":\"https:\/\/stiftadmont.at\/blog\/abt-gerhard-hafner-interimistischer-administrator-des-stiftes-st-paul\/#breadcrumb\",\"itemListElement\":[{\"@type\":\"ListItem\",\"position\":1,\"name\":\"Start\",\"item\":\"https:\/\/stiftadmont.at\/\"},{\"@type\":\"ListItem\",\"position\":2,\"name\":\"Abt Gerhard Hafner interimistischer Administrator des Stiftes St. Paul\"}]},{\"@type\":\"WebSite\",\"@id\":\"https:\/\/stiftadmont.at\/#website\",\"url\":\"https:\/\/stiftadmont.at\/\",\"name\":\"Stift Admont\",\"description\":\"Benediktinerkloster und Sehensw\u00fcrdigkeit im Ges\u00e4use\",\"potentialAction\":[{\"@type\":\"SearchAction\",\"target\":{\"@type\":\"EntryPoint\",\"urlTemplate\":\"https:\/\/stiftadmont.at\/?s={search_term_string}\"},\"query-input\":{\"@type\":\"PropertyValueSpecification\",\"valueRequired\":true,\"valueName\":\"search_term_string\"}}],\"inLanguage\":\"es\"},{\"@type\":\"Person\",\"@id\":\"https:\/\/stiftadmont.at\/#\/schema\/person\/b3a90b1a2f72566cf3c755db08bd829d\",\"name\":\"Sarah Stadlauer\"}]}<\/script>\n<!-- \/ Yoast SEO Premium plugin. -->","yoast_head_json":{"title":"Abad Gerhard Hafner administrador interino de la Abad\u00eda de San Pablo - Abad\u00eda de Admont","description":"Lea la informaci\u00f3n m\u00e1s reciente sobre el abad Gerhard Hafner, administrador interino de la abad\u00eda de San Pablo, y mucho m\u00e1s sobre el convento y la parroquia de Admont.","robots":{"index":"index","follow":"follow","max-snippet":"max-snippet:-1","max-image-preview":"max-image-preview:large","max-video-preview":"max-video-preview:-1"},"canonical":"https:\/\/stiftadmont.at\/es\/blog\/abad-gerhard-hafner-administrador-interino-de-la-abadia-de-san-pablo\/","og_locale":"es_ES","og_type":"article","og_title":"Abt Gerhard Hafner interimistischer Administrator des Stiftes St. Paul","og_description":"Lesen Sie aktuelle Informationen zum Thema Abt Gerhard Hafner interimistischer Administrator des Stiftes St. Paul und vieles mehr aus dem Konvent und der Pfarre Admont.","og_url":"https:\/\/stiftadmont.at\/es\/blog\/abad-gerhard-hafner-administrador-interino-de-la-abadia-de-san-pablo\/","og_site_name":"Stift Admont","article_published_time":"2024-05-07T12:47:16+00:00","article_modified_time":"2024-05-07T17:08:50+00:00","og_image":[{"width":2048,"height":1403,"url":"https:\/\/stiftadmont.at\/wp-content\/uploads\/Herr-Abt_cStefan-Leitner-e1648798681786.jpg","type":"image\/jpeg"}],"author":"Sarah Stadlauer","twitter_card":"summary_large_image","twitter_misc":{"Escrito por":"Sarah Stadlauer","Tiempo de lectura":"1 minuto"},"schema":{"@context":"https:\/\/schema.org","@graph":[{"@type":"Article","@id":"https:\/\/stiftadmont.at\/blog\/abt-gerhard-hafner-interimistischer-administrator-des-stiftes-st-paul\/#article","isPartOf":{"@id":"https:\/\/stiftadmont.at\/blog\/abt-gerhard-hafner-interimistischer-administrator-des-stiftes-st-paul\/"},"author":{"name":"Sarah Stadlauer","@id":"https:\/\/stiftadmont.at\/#\/schema\/person\/b3a90b1a2f72566cf3c755db08bd829d"},"headline":"Abt Gerhard Hafner interimistischer Administrator des Stiftes St. Paul","datePublished":"2024-05-07T12:47:16+00:00","dateModified":"2024-05-07T17:08:50+00:00","mainEntityOfPage":{"@id":"https:\/\/stiftadmont.at\/blog\/abt-gerhard-hafner-interimistischer-administrator-des-stiftes-st-paul\/"},"wordCount":9,"image":{"@id":"https:\/\/stiftadmont.at\/blog\/abt-gerhard-hafner-interimistischer-administrator-des-stiftes-st-paul\/#primaryimage"},"thumbnailUrl":"https:\/\/stiftadmont.at\/wp-content\/uploads\/Herr-Abt_cStefan-Leitner-e1648798681786-scaled.jpg","articleSection":["Kloster aktuell"],"inLanguage":"es"},{"@type":"WebPage","@id":"https:\/\/stiftadmont.at\/blog\/abt-gerhard-hafner-interimistischer-administrator-des-stiftes-st-paul\/","url":"https:\/\/stiftadmont.at\/blog\/abt-gerhard-hafner-interimistischer-administrator-des-stiftes-st-paul\/","name":"Abad Gerhard Hafner administrador interino de la Abad\u00eda de San Pablo - Abad\u00eda de Admont","isPartOf":{"@id":"https:\/\/stiftadmont.at\/#website"},"primaryImageOfPage":{"@id":"https:\/\/stiftadmont.at\/blog\/abt-gerhard-hafner-interimistischer-administrator-des-stiftes-st-paul\/#primaryimage"},"image":{"@id":"https:\/\/stiftadmont.at\/blog\/abt-gerhard-hafner-interimistischer-administrator-des-stiftes-st-paul\/#primaryimage"},"thumbnailUrl":"https:\/\/stiftadmont.at\/wp-content\/uploads\/Herr-Abt_cStefan-Leitner-e1648798681786-scaled.jpg","datePublished":"2024-05-07T12:47:16+00:00","dateModified":"2024-05-07T17:08:50+00:00","author":{"@id":"https:\/\/stiftadmont.at\/#\/schema\/person\/b3a90b1a2f72566cf3c755db08bd829d"},"description":"Lea la informaci\u00f3n m\u00e1s reciente sobre el abad Gerhard Hafner, administrador interino de la abad\u00eda de San Pablo, y mucho m\u00e1s sobre el convento y la parroquia de Admont.","breadcrumb":{"@id":"https:\/\/stiftadmont.at\/blog\/abt-gerhard-hafner-interimistischer-administrator-des-stiftes-st-paul\/#breadcrumb"},"inLanguage":"es","potentialAction":[{"@type":"ReadAction","target":["https:\/\/stiftadmont.at\/blog\/abt-gerhard-hafner-interimistischer-administrator-des-stiftes-st-paul\/"]}]},{"@type":"ImageObject","inLanguage":"es","@id":"https:\/\/stiftadmont.at\/blog\/abt-gerhard-hafner-interimistischer-administrator-des-stiftes-st-paul\/#primaryimage","url":"https:\/\/stiftadmont.at\/wp-content\/uploads\/Herr-Abt_cStefan-Leitner-e1648798681786-scaled.jpg","contentUrl":"https:\/\/stiftadmont.at\/wp-content\/uploads\/Herr-Abt_cStefan-Leitner-e1648798681786-scaled.jpg","width":2560,"height":1753,"caption":"Stift Admont - Abt Gerhard Hafner OSB \u00a9 Stefan Leitner"},{"@type":"BreadcrumbList","@id":"https:\/\/stiftadmont.at\/blog\/abt-gerhard-hafner-interimistischer-administrator-des-stiftes-st-paul\/#breadcrumb","itemListElement":[{"@type":"ListItem","position":1,"name":"Start","item":"https:\/\/stiftadmont.at\/"},{"@type":"ListItem","position":2,"name":"Abt Gerhard Hafner interimistischer Administrator des Stiftes St. Paul"}]},{"@type":"WebSite","@id":"https:\/\/stiftadmont.at\/#website","url":"https:\/\/stiftadmont.at\/","name":"Abad\u00eda de Admont","description":"Monasterio benedictino y atracci\u00f3n tur\u00edstica en el Ges\u00e4use","potentialAction":[{"@type":"SearchAction","target":{"@type":"EntryPoint","urlTemplate":"https:\/\/stiftadmont.at\/?s={search_term_string}"},"query-input":{"@type":"PropertyValueSpecification","valueRequired":true,"valueName":"search_term_string"}}],"inLanguage":"es"},{"@type":"Person","@id":"https:\/\/stiftadmont.at\/#\/schema\/person\/b3a90b1a2f72566cf3c755db08bd829d","name":"Sarah Stadlauer"}]}},"_links":{"self":[{"href":"https:\/\/stiftadmont.at\/es\/wp-json\/wp\/v2\/posts\/28232","targetHints":{"allow":["GET"]}}],"collection":[{"href":"https:\/\/stiftadmont.at\/es\/wp-json\/wp\/v2\/posts"}],"about":[{"href":"https:\/\/stiftadmont.at\/es\/wp-json\/wp\/v2\/types\/post"}],"author":[{"embeddable":true,"href":"https:\/\/stiftadmont.at\/es\/wp-json\/wp\/v2\/users\/20"}],"replies":[{"embeddable":true,"href":"https:\/\/stiftadmont.at\/es\/wp-json\/wp\/v2\/comments?post=28232"}],"version-history":[{"count":12,"href":"https:\/\/stiftadmont.at\/es\/wp-json\/wp\/v2\/posts\/28232\/revisions"}],"predecessor-version":[{"id":28274,"href":"https:\/\/stiftadmont.at\/es\/wp-json\/wp\/v2\/posts\/28232\/revisions\/28274"}],"wp:featuredmedia":[{"embeddable":true,"href":"https:\/\/stiftadmont.at\/es\/wp-json\/wp\/v2\/media\/8412"}],"wp:attachment":[{"href":"https:\/\/stiftadmont.at\/es\/wp-json\/wp\/v2\/media?parent=28232"}],"wp:term":[{"taxonomy":"category","embeddable":true,"href":"https:\/\/stiftadmont.at\/es\/wp-json\/wp\/v2\/categories?post=28232"}],"curies":[{"name":"wp","href":"https:\/\/api.w.org\/{rel}","templated":true}]}}