{"id":28397,"date":"2024-05-22T11:28:00","date_gmt":"2024-05-22T09:28:00","guid":{"rendered":"https:\/\/stiftadmont.at\/?p=28397"},"modified":"2024-05-23T09:16:15","modified_gmt":"2024-05-23T07:16:15","slug":"concierto-imago-vom-traeumen-und-wachen-en-la-colegiata-admont","status":"publish","type":"post","link":"https:\/\/stiftadmont.at\/es\/blog\/konzert-imago-vom-traeumen-und-wachen-in-der-stiftskirche-admont\/","title":{"rendered":"Concierto \"IMAGO de sue\u00f1o y vigilia\" en la Iglesia de la Abad\u00eda de Admont"},"content":{"rendered":"<section id='lightpress__section--block_9da463b68c4b93bbe246bfbcdfc4883b' class='lightpress__section--default-section-space lightpress__section lightpress__section--content'><div class=\"content__inner\"\n         x-init=\"initContentBlockAnim($el)\">\n        \n    <div class=\"content__grid content__grid\">\n                                            <div class=\"content__box content__box--one-hundred\"\n                 style=\"\">\n                                \n                \n                                            <div class=\"prose\"><h1 class=\"heading-xxl line line--gold\">Konzert \u201eIMAGO vom Tr\u00e4umen und Wachen\u201c in der Stiftskirche Admont<\/h1>\n<p><strong> Samstag, 25. Mai 2024<\/strong><br \/>Das Ensemble PRO BASS und der CHOR AD LIBITUM unter der Leitung von Heinz Ferlesch vereinen sich im Programm \u201eIMAGO\u201c f\u00fcr ein unvergessliches Konzerterlebnis.<\/p>\n<p>Dieses Konzert kombiniert die kraftvolle Energie von Blasinstrumenten mit der harmonischen Klangvielfalt eines Chores und schafft so eine Atmosph\u00e4re, die die Sinne befl\u00fcgelt. Die Zuh\u00f6rerinnen und Zuh\u00f6rer begeben sich auf eine musikalische Reise, bei der sie in vielf\u00e4ltige Klangwelten eintauchen und darin ihren eigenen Gedanken und Bilder nachgehen k\u00f6nnen. Gerade in der heutigen Zeit sind Momente des Gl\u00fccks und der Unbeschwertheit Balsam f\u00fcr die Seele. Im Programm IMAGO soll die Kraft der Musik dazu beitragen, einen neuen Blickwinkel auf den Alltag zu bekommen und in den Harmonien und Kl\u00e4ngen der Ensembles aus diesem f\u00fcr den Konzertmoment herauszutreten.<\/p>\n<p><strong>Eintritt:<\/strong> freiwillige Spenden<br \/><strong>Beginn<\/strong> um 19:30 Uhr in der Stiftskirche Admont<\/p>\n<\/div>\n                    \n                            <\/div>\n        \n            <\/div>\n<\/div>\n\n<\/section>\n\n<section id='lightpress__section--block_770d8b5994c7054c7537be70354d43ee' class='lightpress__section--default-section-space lightpress__section lightpress__section--image-slider'>\n<div class=\"image-slider\"\n     x-data=\"{ gallery: null, shown: false }\"\n     x-init=\"gallery = initSliderGallery([{&quot;href&quot;:&quot;https:\\\/\\\/stiftadmont.at\\\/wp-content\\\/uploads\\\/Pressephoto-Pro-Brass_1.jpg&quot;,&quot;type&quot;:&quot;image&quot;},{&quot;href&quot;:&quot;https:\\\/\\\/stiftadmont.at\\\/wp-content\\\/uploads\\\/Pressephoto-Heinz-Ferlesch-C-Reinhard-Winkler-1920x1280.jpg&quot;,&quot;type&quot;:&quot;image&quot;}]); initImageSliderBlockAnim($el);\">\n    <div class=\"image-slider__inner\">\n\n        <div class=\"swiper-container\" x-init=\"initImageSliderBlock($el, $refs.btnPrev, $refs.btnNext)\">\n            <div class=\"swiper-wrapper\">\n                                    <div class=\"swiper-slide\">\n                        <div class=\"image-slider__media\">\n                            <img decoding=\"async\" class=\"image-slider__image\"\n                                 src=\"https:\/\/stiftadmont.at\/wp-content\/uploads\/Pressephoto-Pro-Brass_1-768x864.jpg\"\n                                 alt=\"Pressephoto Pro Brass 1\">\n                        <\/div>\n                    <\/div>\n                                    <div class=\"swiper-slide\">\n                        <div class=\"image-slider__media\">\n                            <img decoding=\"async\" class=\"image-slider__image\"\n                                 src=\"https:\/\/stiftadmont.at\/wp-content\/uploads\/Pressephoto-Heinz-Ferlesch-C-Reinhard-Winkler-768x512.jpg\"\n                                 alt=\"Pressephoto Heinz Ferlesch C Reinhard Winkler\">\n                        <\/div>\n                    <\/div>\n                            <\/div>\n\n            <div class=\"swiper-nav-wrapper\">\n                <button class=\"swiper-button-prev slider-button--prev\" x-ref=\"btnPrev\"\n                        aria-label=\"Vorige Bilder anzeigen\">\n                    <img decoding=\"async\" src=\"\/wp-content\/themes\/stift-admont\/src\/assets\/img\/arrow-left-big-new.svg\" alt=\"Pfeil nach Links\">\n                <\/button>\n\n\n                <a class=\"image-slider__gallery\" @click=\"openGallery(gallery)\"><i class=\"fa-thin fa-plus\"><\/i><\/a>\n                <button class=\"swiper-button-next slider-button--next\"\n                        x-ref=\"btnNext\"\n                        aria-label=\"N\u00e4chste Bilder anzeigen\">\n                    <img decoding=\"async\" src=\"\/wp-content\/themes\/stift-admont\/src\/assets\/img\/arrow-right-big-new.svg\" alt=\"Pfeil nach Rechts\">\n                <\/button>\n            <\/div>\n        <\/div>\n    <\/div>\n\n\n<\/div><\/section>","protected":false},"excerpt":{"rendered":"<p>El efecto de la m\u00fasica en nosotros y su capacidad para estimular nuestros sue\u00f1os, visiones e imaginaci\u00f3n es un poder infinito.<\/p>","protected":false},"author":13,"featured_media":28418,"comment_status":"closed","ping_status":"closed","sticky":false,"template":"","format":"standard","meta":{"_acf_changed":false,"footnotes":""},"categories":[67],"class_list":["post-28397","post","type-post","status-publish","format-standard","has-post-thumbnail","hentry","category-webung"],"acf":[],"yoast_head":"<!-- This site is optimized with the Yoast SEO Premium plugin v26.0 (Yoast SEO v26.8) - https:\/\/yoast.com\/product\/yoast-seo-premium-wordpress\/ -->\n<title>Konzert \u201eIMAGO vom Tr\u00e4umen und Wachen\u201c in der Stiftskirche Admont - Stift Admont<\/title>\n<meta name=\"description\" content=\"Lesen Sie aktuelle Informationen zum Thema Konzert \u201eIMAGO vom Tr\u00e4umen und Wachen\u201c in der Stiftskirche Admont und vieles mehr aus dem Konvent und der Pfarre Admont.\" \/>\n<meta name=\"robots\" content=\"index, follow, max-snippet:-1, max-image-preview:large, max-video-preview:-1\" \/>\n<link rel=\"canonical\" href=\"https:\/\/stiftadmont.at\/es\/blog\/concierto-imago-vom-traeumen-und-wachen-en-la-colegiata-admont\/\" \/>\n<meta property=\"og:locale\" content=\"es_ES\" \/>\n<meta property=\"og:type\" content=\"article\" \/>\n<meta property=\"og:title\" content=\"Konzert \u201eIMAGO vom Tr\u00e4umen und Wachen\u201c in der Stiftskirche Admont\" \/>\n<meta property=\"og:description\" content=\"Lesen Sie aktuelle Informationen zum Thema Konzert \u201eIMAGO vom Tr\u00e4umen und Wachen\u201c in der Stiftskirche Admont und vieles mehr aus dem Konvent und der Pfarre Admont.\" \/>\n<meta property=\"og:url\" content=\"https:\/\/stiftadmont.at\/es\/blog\/concierto-imago-vom-traeumen-und-wachen-en-la-colegiata-admont\/\" \/>\n<meta property=\"og:site_name\" content=\"Stift Admont\" \/>\n<meta property=\"article:published_time\" content=\"2024-05-22T09:28:00+00:00\" \/>\n<meta property=\"article:modified_time\" content=\"2024-05-23T07:16:15+00:00\" \/>\n<meta property=\"og:image\" content=\"https:\/\/stiftadmont.at\/wp-content\/uploads\/Pressephoto-Heinz-Ferlesch-C-Reinhard-Winkler_1.jpg\" \/>\n\t<meta property=\"og:image:width\" content=\"742\" \/>\n\t<meta property=\"og:image:height\" content=\"494\" \/>\n\t<meta property=\"og:image:type\" content=\"image\/jpeg\" \/>\n<meta name=\"author\" content=\"Helga Taschler\" \/>\n<meta name=\"twitter:card\" content=\"summary_large_image\" \/>\n<meta name=\"twitter:label1\" content=\"Escrito por\" \/>\n\t<meta name=\"twitter:data1\" content=\"Helga Taschler\" \/>\n\t<meta name=\"twitter:label2\" content=\"Tiempo de lectura\" \/>\n\t<meta name=\"twitter:data2\" content=\"1 minuto\" \/>\n<script type=\"application\/ld+json\" class=\"yoast-schema-graph\">{\"@context\":\"https:\/\/schema.org\",\"@graph\":[{\"@type\":\"Article\",\"@id\":\"https:\/\/stiftadmont.at\/blog\/konzert-imago-vom-traeumen-und-wachen-in-der-stiftskirche-admont\/#article\",\"isPartOf\":{\"@id\":\"https:\/\/stiftadmont.at\/blog\/konzert-imago-vom-traeumen-und-wachen-in-der-stiftskirche-admont\/\"},\"author\":{\"name\":\"Helga Taschler\",\"@id\":\"https:\/\/stiftadmont.at\/#\/schema\/person\/362ef980ca5461852cb1230c1d46ad47\"},\"headline\":\"Konzert \u201eIMAGO vom Tr\u00e4umen und Wachen\u201c in der Stiftskirche Admont\",\"datePublished\":\"2024-05-22T09:28:00+00:00\",\"dateModified\":\"2024-05-23T07:16:15+00:00\",\"mainEntityOfPage\":{\"@id\":\"https:\/\/stiftadmont.at\/blog\/konzert-imago-vom-traeumen-und-wachen-in-der-stiftskirche-admont\/\"},\"wordCount\":11,\"image\":{\"@id\":\"https:\/\/stiftadmont.at\/blog\/konzert-imago-vom-traeumen-und-wachen-in-der-stiftskirche-admont\/#primaryimage\"},\"thumbnailUrl\":\"https:\/\/stiftadmont.at\/wp-content\/uploads\/Pressephoto-Heinz-Ferlesch-C-Reinhard-Winkler_1.jpg\",\"articleSection\":[\"Werbung\"],\"inLanguage\":\"es\"},{\"@type\":\"WebPage\",\"@id\":\"https:\/\/stiftadmont.at\/blog\/konzert-imago-vom-traeumen-und-wachen-in-der-stiftskirche-admont\/\",\"url\":\"https:\/\/stiftadmont.at\/blog\/konzert-imago-vom-traeumen-und-wachen-in-der-stiftskirche-admont\/\",\"name\":\"Konzert \u201eIMAGO vom Tr\u00e4umen und Wachen\u201c in der Stiftskirche Admont - Stift Admont\",\"isPartOf\":{\"@id\":\"https:\/\/stiftadmont.at\/#website\"},\"primaryImageOfPage\":{\"@id\":\"https:\/\/stiftadmont.at\/blog\/konzert-imago-vom-traeumen-und-wachen-in-der-stiftskirche-admont\/#primaryimage\"},\"image\":{\"@id\":\"https:\/\/stiftadmont.at\/blog\/konzert-imago-vom-traeumen-und-wachen-in-der-stiftskirche-admont\/#primaryimage\"},\"thumbnailUrl\":\"https:\/\/stiftadmont.at\/wp-content\/uploads\/Pressephoto-Heinz-Ferlesch-C-Reinhard-Winkler_1.jpg\",\"datePublished\":\"2024-05-22T09:28:00+00:00\",\"dateModified\":\"2024-05-23T07:16:15+00:00\",\"author\":{\"@id\":\"https:\/\/stiftadmont.at\/#\/schema\/person\/362ef980ca5461852cb1230c1d46ad47\"},\"description\":\"Lesen Sie aktuelle Informationen zum Thema Konzert \u201eIMAGO vom Tr\u00e4umen und Wachen\u201c in der Stiftskirche Admont und vieles mehr aus dem Konvent und der Pfarre Admont.\",\"breadcrumb\":{\"@id\":\"https:\/\/stiftadmont.at\/blog\/konzert-imago-vom-traeumen-und-wachen-in-der-stiftskirche-admont\/#breadcrumb\"},\"inLanguage\":\"es\",\"potentialAction\":[{\"@type\":\"ReadAction\",\"target\":[\"https:\/\/stiftadmont.at\/blog\/konzert-imago-vom-traeumen-und-wachen-in-der-stiftskirche-admont\/\"]}]},{\"@type\":\"ImageObject\",\"inLanguage\":\"es\",\"@id\":\"https:\/\/stiftadmont.at\/blog\/konzert-imago-vom-traeumen-und-wachen-in-der-stiftskirche-admont\/#primaryimage\",\"url\":\"https:\/\/stiftadmont.at\/wp-content\/uploads\/Pressephoto-Heinz-Ferlesch-C-Reinhard-Winkler_1.jpg\",\"contentUrl\":\"https:\/\/stiftadmont.at\/wp-content\/uploads\/Pressephoto-Heinz-Ferlesch-C-Reinhard-Winkler_1.jpg\",\"width\":742,\"height\":494,\"caption\":\"Pressephoto Heinz Ferlesch C Reinhard Winkler 1\"},{\"@type\":\"BreadcrumbList\",\"@id\":\"https:\/\/stiftadmont.at\/blog\/konzert-imago-vom-traeumen-und-wachen-in-der-stiftskirche-admont\/#breadcrumb\",\"itemListElement\":[{\"@type\":\"ListItem\",\"position\":1,\"name\":\"Start\",\"item\":\"https:\/\/stiftadmont.at\/\"},{\"@type\":\"ListItem\",\"position\":2,\"name\":\"Konzert \u201eIMAGO vom Tr\u00e4umen und Wachen\u201c in der Stiftskirche Admont\"}]},{\"@type\":\"WebSite\",\"@id\":\"https:\/\/stiftadmont.at\/#website\",\"url\":\"https:\/\/stiftadmont.at\/\",\"name\":\"Stift Admont\",\"description\":\"Benediktinerkloster und Sehensw\u00fcrdigkeit im Ges\u00e4use\",\"potentialAction\":[{\"@type\":\"SearchAction\",\"target\":{\"@type\":\"EntryPoint\",\"urlTemplate\":\"https:\/\/stiftadmont.at\/?s={search_term_string}\"},\"query-input\":{\"@type\":\"PropertyValueSpecification\",\"valueRequired\":true,\"valueName\":\"search_term_string\"}}],\"inLanguage\":\"es\"},{\"@type\":\"Person\",\"@id\":\"https:\/\/stiftadmont.at\/#\/schema\/person\/362ef980ca5461852cb1230c1d46ad47\",\"name\":\"Helga Taschler\"}]}<\/script>\n<!-- \/ Yoast SEO Premium plugin. -->","yoast_head_json":{"title":"Concierto \"IMAGO de sue\u00f1o y vigilia\" en la Iglesia de la Abad\u00eda de Admont - Abad\u00eda de Admont","description":"Lea la informaci\u00f3n m\u00e1s reciente sobre el concierto \"IMAGO vom Tr\u00e4umen und Wachen\" en la iglesia abacial de Admont y mucho m\u00e1s sobre el convento y la parroquia de Admont.","robots":{"index":"index","follow":"follow","max-snippet":"max-snippet:-1","max-image-preview":"max-image-preview:large","max-video-preview":"max-video-preview:-1"},"canonical":"https:\/\/stiftadmont.at\/es\/blog\/concierto-imago-vom-traeumen-und-wachen-en-la-colegiata-admont\/","og_locale":"es_ES","og_type":"article","og_title":"Konzert \u201eIMAGO vom Tr\u00e4umen und Wachen\u201c in der Stiftskirche Admont","og_description":"Lesen Sie aktuelle Informationen zum Thema Konzert \u201eIMAGO vom Tr\u00e4umen und Wachen\u201c in der Stiftskirche Admont und vieles mehr aus dem Konvent und der Pfarre Admont.","og_url":"https:\/\/stiftadmont.at\/es\/blog\/concierto-imago-vom-traeumen-und-wachen-en-la-colegiata-admont\/","og_site_name":"Stift Admont","article_published_time":"2024-05-22T09:28:00+00:00","article_modified_time":"2024-05-23T07:16:15+00:00","og_image":[{"width":742,"height":494,"url":"https:\/\/stiftadmont.at\/wp-content\/uploads\/Pressephoto-Heinz-Ferlesch-C-Reinhard-Winkler_1.jpg","type":"image\/jpeg"}],"author":"Helga Taschler","twitter_card":"summary_large_image","twitter_misc":{"Escrito por":"Helga Taschler","Tiempo de lectura":"1 minuto"},"schema":{"@context":"https:\/\/schema.org","@graph":[{"@type":"Article","@id":"https:\/\/stiftadmont.at\/blog\/konzert-imago-vom-traeumen-und-wachen-in-der-stiftskirche-admont\/#article","isPartOf":{"@id":"https:\/\/stiftadmont.at\/blog\/konzert-imago-vom-traeumen-und-wachen-in-der-stiftskirche-admont\/"},"author":{"name":"Helga Taschler","@id":"https:\/\/stiftadmont.at\/#\/schema\/person\/362ef980ca5461852cb1230c1d46ad47"},"headline":"Konzert \u201eIMAGO vom Tr\u00e4umen und Wachen\u201c in der Stiftskirche Admont","datePublished":"2024-05-22T09:28:00+00:00","dateModified":"2024-05-23T07:16:15+00:00","mainEntityOfPage":{"@id":"https:\/\/stiftadmont.at\/blog\/konzert-imago-vom-traeumen-und-wachen-in-der-stiftskirche-admont\/"},"wordCount":11,"image":{"@id":"https:\/\/stiftadmont.at\/blog\/konzert-imago-vom-traeumen-und-wachen-in-der-stiftskirche-admont\/#primaryimage"},"thumbnailUrl":"https:\/\/stiftadmont.at\/wp-content\/uploads\/Pressephoto-Heinz-Ferlesch-C-Reinhard-Winkler_1.jpg","articleSection":["Werbung"],"inLanguage":"es"},{"@type":"WebPage","@id":"https:\/\/stiftadmont.at\/blog\/konzert-imago-vom-traeumen-und-wachen-in-der-stiftskirche-admont\/","url":"https:\/\/stiftadmont.at\/blog\/konzert-imago-vom-traeumen-und-wachen-in-der-stiftskirche-admont\/","name":"Concierto \"IMAGO de sue\u00f1o y vigilia\" en la Iglesia de la Abad\u00eda de Admont - Abad\u00eda de Admont","isPartOf":{"@id":"https:\/\/stiftadmont.at\/#website"},"primaryImageOfPage":{"@id":"https:\/\/stiftadmont.at\/blog\/konzert-imago-vom-traeumen-und-wachen-in-der-stiftskirche-admont\/#primaryimage"},"image":{"@id":"https:\/\/stiftadmont.at\/blog\/konzert-imago-vom-traeumen-und-wachen-in-der-stiftskirche-admont\/#primaryimage"},"thumbnailUrl":"https:\/\/stiftadmont.at\/wp-content\/uploads\/Pressephoto-Heinz-Ferlesch-C-Reinhard-Winkler_1.jpg","datePublished":"2024-05-22T09:28:00+00:00","dateModified":"2024-05-23T07:16:15+00:00","author":{"@id":"https:\/\/stiftadmont.at\/#\/schema\/person\/362ef980ca5461852cb1230c1d46ad47"},"description":"Lea la informaci\u00f3n m\u00e1s reciente sobre el concierto \"IMAGO vom Tr\u00e4umen und Wachen\" en la iglesia abacial de Admont y mucho m\u00e1s sobre el convento y la parroquia de Admont.","breadcrumb":{"@id":"https:\/\/stiftadmont.at\/blog\/konzert-imago-vom-traeumen-und-wachen-in-der-stiftskirche-admont\/#breadcrumb"},"inLanguage":"es","potentialAction":[{"@type":"ReadAction","target":["https:\/\/stiftadmont.at\/blog\/konzert-imago-vom-traeumen-und-wachen-in-der-stiftskirche-admont\/"]}]},{"@type":"ImageObject","inLanguage":"es","@id":"https:\/\/stiftadmont.at\/blog\/konzert-imago-vom-traeumen-und-wachen-in-der-stiftskirche-admont\/#primaryimage","url":"https:\/\/stiftadmont.at\/wp-content\/uploads\/Pressephoto-Heinz-Ferlesch-C-Reinhard-Winkler_1.jpg","contentUrl":"https:\/\/stiftadmont.at\/wp-content\/uploads\/Pressephoto-Heinz-Ferlesch-C-Reinhard-Winkler_1.jpg","width":742,"height":494,"caption":"Pressephoto Heinz Ferlesch C Reinhard Winkler 1"},{"@type":"BreadcrumbList","@id":"https:\/\/stiftadmont.at\/blog\/konzert-imago-vom-traeumen-und-wachen-in-der-stiftskirche-admont\/#breadcrumb","itemListElement":[{"@type":"ListItem","position":1,"name":"Start","item":"https:\/\/stiftadmont.at\/"},{"@type":"ListItem","position":2,"name":"Konzert \u201eIMAGO vom Tr\u00e4umen und Wachen\u201c in der Stiftskirche Admont"}]},{"@type":"WebSite","@id":"https:\/\/stiftadmont.at\/#website","url":"https:\/\/stiftadmont.at\/","name":"Abad\u00eda de Admont","description":"Monasterio benedictino y atracci\u00f3n tur\u00edstica en el Ges\u00e4use","potentialAction":[{"@type":"SearchAction","target":{"@type":"EntryPoint","urlTemplate":"https:\/\/stiftadmont.at\/?s={search_term_string}"},"query-input":{"@type":"PropertyValueSpecification","valueRequired":true,"valueName":"search_term_string"}}],"inLanguage":"es"},{"@type":"Person","@id":"https:\/\/stiftadmont.at\/#\/schema\/person\/362ef980ca5461852cb1230c1d46ad47","name":"Helga Taschler"}]}},"_links":{"self":[{"href":"https:\/\/stiftadmont.at\/es\/wp-json\/wp\/v2\/posts\/28397","targetHints":{"allow":["GET"]}}],"collection":[{"href":"https:\/\/stiftadmont.at\/es\/wp-json\/wp\/v2\/posts"}],"about":[{"href":"https:\/\/stiftadmont.at\/es\/wp-json\/wp\/v2\/types\/post"}],"author":[{"embeddable":true,"href":"https:\/\/stiftadmont.at\/es\/wp-json\/wp\/v2\/users\/13"}],"replies":[{"embeddable":true,"href":"https:\/\/stiftadmont.at\/es\/wp-json\/wp\/v2\/comments?post=28397"}],"version-history":[{"count":19,"href":"https:\/\/stiftadmont.at\/es\/wp-json\/wp\/v2\/posts\/28397\/revisions"}],"predecessor-version":[{"id":28436,"href":"https:\/\/stiftadmont.at\/es\/wp-json\/wp\/v2\/posts\/28397\/revisions\/28436"}],"wp:featuredmedia":[{"embeddable":true,"href":"https:\/\/stiftadmont.at\/es\/wp-json\/wp\/v2\/media\/28418"}],"wp:attachment":[{"href":"https:\/\/stiftadmont.at\/es\/wp-json\/wp\/v2\/media?parent=28397"}],"wp:term":[{"taxonomy":"category","embeddable":true,"href":"https:\/\/stiftadmont.at\/es\/wp-json\/wp\/v2\/categories?post=28397"}],"curies":[{"name":"wp","href":"https:\/\/api.w.org\/{rel}","templated":true}]}}