{"id":28443,"date":"2024-05-23T21:58:26","date_gmt":"2024-05-23T19:58:26","guid":{"rendered":"https:\/\/stiftadmont.at\/?p=28443"},"modified":"2024-05-23T22:06:25","modified_gmt":"2024-05-23T20:06:25","slug":"la-fundacion-admont-invita-a-un-simposio-cientifico","status":"publish","type":"post","link":"https:\/\/stiftadmont.at\/es\/blog\/stift-admont-laedt-zu-wissenschaftlicher-fachtagung\/","title":{"rendered":"La Abad\u00eda de Admont acoge un simposio cient\u00edfico"},"content":{"rendered":"<section id='lightpress__section--block_c76314318b350ac07d364abe5d50c20c' class='lightpress__section--default-section-space lightpress__section lightpress__section--content'><div class=\"content__inner\"\n         x-init=\"initContentBlockAnim($el)\">\n        \n    <div class=\"content__grid content__grid--sixty-forty\">\n                                            <div class=\"content__box content__box\"\n                 style=\"\">\n                                \n                \n                                            <div class=\"prose\"><h2 class=\"heading-xxl line line--gold\">La Abad\u00eda de Admont acoge un simposio cient\u00edfico<\/h2>\n<p>Fundada en 1074, la abad\u00eda benedictina de Admont, en Alta Estiria, celebra este a\u00f1o su 950 aniversario. La abad\u00eda fue fundada por el arzobispo Gebhard de Salzburgo, que mand\u00f3 construir un monasterio por orden de Santa Hemma de Gurk. Eligi\u00f3 Admont como emplazamiento para su construcci\u00f3n. Una decisi\u00f3n estrat\u00e9gica, como sabe el padre Maximilian Schieferm\u00fcller, prior de la abad\u00eda de Admont: \"Admont formaba parte de la di\u00f3cesis de Salzburgo. Ya exist\u00eda una parroquia y cerca se extra\u00eda sal en Hall. En aquella \u00e9poca, \u00e9sta era una base econ\u00f3mica importante para la fundaci\u00f3n de ciudades y monasterios\". La \u00faltima morada del arzobispo Gebhard se encuentra tambi\u00e9n en Admont. \"Las fuentes indican que los restos mortales del fundador del monasterio fueron sacados de la tumba y enterrados en el altar mayor de la colegiata\", dice el prior Schieferm\u00fcller, \"pero quer\u00edamos saber con seguridad si esto es realmente as\u00ed\". As\u00ed pues, la comunidad mon\u00e1stica de Admont retir\u00f3 el sarc\u00f3fago del altar mayor. Despu\u00e9s lo abrieron en presencia de los monjes y de un restaurador. Lo que sali\u00f3 a la luz fue un esqueleto totalmente conservado, que fue montado por la antrop\u00f3loga de Graz Silvia Renhart. \"El esqueleto fue examinado m\u00e9dica y antropol\u00f3gicamente para determinar si se trataba realmente de los huesos del arzobispo Gebhard\", explica el prior de Admont. Los resultados de las muestras hablan por s\u00ed solos: el esqueleto corresponde a un hombre del siglo XI de unos 75 a\u00f1os, una rareza para la \u00e9poca. Esto significa que \"todo apunta a que es efectivamente el arzobispo Gebhard quien descansa aqu\u00ed, en Admont\", afirma feliz el prior Schieferm\u00fcller.<\/p>\n<\/div>\n                    \n                            <\/div>\n        \n                                                    <div class=\"content__box content__box--2\"\n                     >\n                                        \n                    \n                                                <div class=\"content__media stickyTo\" x-init=\"imageSticky($el)\">\n\n                                                                                    <picture\n                                    class=\"content__image sticky\">\n                                <source srcset=\"https:\/\/stiftadmont.at\/wp-content\/uploads\/Sonderausstellung_Stift-Admont_c-Thomas_Sattler_5_2-1024x768.webp\" type=\"image\/webp\">\n                                <source srcset=\"https:\/\/stiftadmont.at\/wp-content\/uploads\/Sonderausstellung_Stift-Admont_c-Thomas_Sattler_5_2-1024x768.jpg\" type=\"image\/jpeg\">\n                                <img decoding=\"async\" class=\"sticky\" loading=\"lazy\" src=\"https:\/\/stiftadmont.at\/wp-content\/uploads\/Sonderausstellung_Stift-Admont_c-Thomas_Sattler_5_2-1024x768.jpg\"\n                                     alt=\"Exposici\u00f3n especial Admont Abbey c Thomas Sattler\">\n\n                                                                                                                            <\/picture>\n\n                        <\/div>\n\n                                    <\/div>\n            \n            <\/div>\n<\/div>\n\n<\/section>\n\n<section id='lightpress__section--block_c2a2726d62ca4cc35d0724ad9be49c48' class='lightpress__section--default-section-space lightpress__section lightpress__section--content'><div class=\"content__inner\"\n         x-init=\"initContentBlockAnim($el)\">\n        \n    <div class=\"content__grid content__grid\">\n                                            <div class=\"content__box content__box--one-hundred\"\n                 style=\"\">\n                                \n                \n                                            <div class=\"prose\"><h4 class=\"heading-l\">Expertos de renombre hablan en Admont<\/h4>\n<p>Los resultados de las investigaciones tambi\u00e9n dieron lugar a una reconstrucci\u00f3n facial. Esto \"nos dio por primera vez una imagen concreta del fundador de nuestro monasterio\", dice el prior. Desde la inauguraci\u00f3n de la exposici\u00f3n especial de este a\u00f1o con motivo del 950 aniversario del monasterio, se exhibe en el Museo de la Abad\u00eda un retrato a tama\u00f1o natural del arzobispo Gebhard. Como uno de los muchos acontecimientos destacados de este a\u00f1o de aniversario, los d\u00edas 14 y 15 de junio se celebrar\u00e1 en la abad\u00eda benedictina de Admont una conferencia cient\u00edfica sobre el arzobispo Gebhard de Salzburgo. \"A trav\u00e9s de la investigaci\u00f3n cient\u00edfica, hemos reabierto la persona y la \u00e9poca en que vivi\u00f3 el arzobispo Gebhard, as\u00ed como la fundaci\u00f3n del monasterio\", afirma el prior Schieferm\u00fcller. Numerosos historiadores de renombre de Austria y Europa han sido invitados a la conferencia. El p\u00fablico puede esperar un programa de alto calibre que incluye apasionantes conferencias sobre la \u00e9poca del arzobispo Gebhard, su obra, la apertura de la tumba, la reconstrucci\u00f3n facial y la fundaci\u00f3n del monasterio. Se invita a todos los interesados a asistir a la conferencia cient\u00edfica, que es gratuita. <strong>La inscripci\u00f3n est\u00e1 abierta hasta el 7 de junio en<\/strong> <a class=\"email\" href=\"mailto:archiv@stiftadmont.at\"><span class=\"icon-outer\"><i class=\"fa-light fa-envelope\"><\/i><\/span>archiv@stiftadmont.at<\/a>.<\/p>\n<\/div>\n                    \n                            <\/div>\n        \n            <\/div>\n<\/div>\n\n<\/section>\n\n<section id='lightpress__section--block_ea8142547be0da750be53da4d19b27ec' class='bg--beige lightpress__section--colored-bg lightpress__section--default-section-space lightpress__section lightpress__section--content'><div class=\"content__inner\"\n         x-init=\"initContentBlockAnim($el)\">\n        \n    <div class=\"content__grid content__grid\">\n                                            <div class=\"content__box content__box--one-hundred\"\n                 style=\"\">\n                                \n                \n                                            <div class=\"prose\"><p>- Viernes, 14 de junio de 2024 de 14:00 a 18:00 <br \/>- S\u00e1bado, 15 de junio de 2024 de 09:00 a 18:00 <\/p>\n<p>Peque\u00f1o sal\u00f3n de baile, Abad\u00eda de Admont<\/p>\n<p>Inscripci\u00f3n: <a class=\"email\" href=\"mailto:archiv@stiftadmont.at\"><span class=\"icon-outer\"><i class=\"fa-light fa-envelope\"><\/i><\/span>archiv@stiftadmont.at<\/a><\/p>\n<p>Fecha l\u00edmite de inscripci\u00f3n: 07 de junio de 2024<\/p>\n<p><a class=\"admont-button admont-button--secondary\" title=\"Conferencia cient\u00edfica Arzobispo Gebhard de Salzburgo\" href=\"https:\/\/stiftadmont.at\/es\/eventos\/conferencia-cientifica-arzobispo-gebhard-de-salzburgo-fundador-de-admont\/\" target=\"_blank\" rel=\"noopener\">Al evento<\/a><\/p>\n<\/div>\n                    \n                            <\/div>\n        \n            <\/div>\n<\/div>\n\n    <div class=\"background__container background__container--beige\">\n    <\/div>\n\n<\/section>","protected":false},"excerpt":{"rendered":"<p>El fundador de la abad\u00eda benedictina de Admont, el arzobispo Gebhard de Salzburgo, es el tema central de la conferencia acad\u00e9mica que tendr\u00e1 lugar los d\u00edas 14 y 15 de junio en la abad\u00eda de la Alta Estiria. Todos los interesados est\u00e1n invitados a asistir gratuitamente.<\/p>","protected":false},"author":7,"featured_media":28445,"comment_status":"closed","ping_status":"closed","sticky":false,"template":"","format":"standard","meta":{"_acf_changed":false,"footnotes":""},"categories":[25],"class_list":["post-28443","post","type-post","status-publish","format-standard","has-post-thumbnail","hentry","category-stiftsarchiv-aktuell"],"acf":[],"yoast_head":"<!-- This site is optimized with the Yoast SEO Premium plugin v26.0 (Yoast SEO v26.8) - https:\/\/yoast.com\/product\/yoast-seo-premium-wordpress\/ -->\n<title>Stift Admont l\u00e4dt zu wissenschaftlicher Fachtagung - Stift Admont<\/title>\n<meta name=\"description\" content=\"Lesen Sie aktuelle Informationen zum Thema Stift Admont l\u00e4dt zu wissenschaftlicher Fachtagung und vieles mehr aus dem Konvent und der Pfarre Admont.\" \/>\n<meta name=\"robots\" content=\"index, follow, max-snippet:-1, max-image-preview:large, max-video-preview:-1\" \/>\n<link rel=\"canonical\" href=\"https:\/\/stiftadmont.at\/es\/blog\/la-fundacion-admont-invita-a-un-simposio-cientifico\/\" \/>\n<meta property=\"og:locale\" content=\"es_ES\" \/>\n<meta property=\"og:type\" content=\"article\" \/>\n<meta property=\"og:title\" content=\"Stift Admont l\u00e4dt zu wissenschaftlicher Fachtagung\" \/>\n<meta property=\"og:description\" content=\"Lesen Sie aktuelle Informationen zum Thema Stift Admont l\u00e4dt zu wissenschaftlicher Fachtagung und vieles mehr aus dem Konvent und der Pfarre Admont.\" \/>\n<meta property=\"og:url\" content=\"https:\/\/stiftadmont.at\/es\/blog\/la-fundacion-admont-invita-a-un-simposio-cientifico\/\" \/>\n<meta property=\"og:site_name\" content=\"Stift Admont\" \/>\n<meta property=\"article:published_time\" content=\"2024-05-23T19:58:26+00:00\" \/>\n<meta property=\"article:modified_time\" content=\"2024-05-23T20:06:25+00:00\" \/>\n<meta property=\"og:image\" content=\"https:\/\/stiftadmont.at\/wp-content\/uploads\/Sog.-Gruendungsbild-des-Stiftes-Admont-um-1700-c-Marcel-Peda_www-scaled.jpg\" \/>\n\t<meta property=\"og:image:width\" content=\"2149\" \/>\n\t<meta property=\"og:image:height\" content=\"2560\" \/>\n\t<meta property=\"og:image:type\" content=\"image\/jpeg\" \/>\n<meta name=\"author\" content=\"Mario Brandm\u00fcller\" \/>\n<meta name=\"twitter:card\" content=\"summary_large_image\" \/>\n<meta name=\"twitter:label1\" content=\"Escrito por\" \/>\n\t<meta name=\"twitter:data1\" content=\"Mario Brandm\u00fcller\" \/>\n\t<meta name=\"twitter:label2\" content=\"Tiempo de lectura\" \/>\n\t<meta name=\"twitter:data2\" content=\"1 minuto\" \/>\n<script type=\"application\/ld+json\" class=\"yoast-schema-graph\">{\"@context\":\"https:\/\/schema.org\",\"@graph\":[{\"@type\":\"Article\",\"@id\":\"https:\/\/stiftadmont.at\/blog\/stift-admont-laedt-zu-wissenschaftlicher-fachtagung\/#article\",\"isPartOf\":{\"@id\":\"https:\/\/stiftadmont.at\/blog\/stift-admont-laedt-zu-wissenschaftlicher-fachtagung\/\"},\"author\":{\"name\":\"Mario Brandm\u00fcller\",\"@id\":\"https:\/\/stiftadmont.at\/#\/schema\/person\/30535548b241d5f33a2e8b839db11869\"},\"headline\":\"Stift Admont l\u00e4dt zu wissenschaftlicher Fachtagung\",\"datePublished\":\"2024-05-23T19:58:26+00:00\",\"dateModified\":\"2024-05-23T20:06:25+00:00\",\"mainEntityOfPage\":{\"@id\":\"https:\/\/stiftadmont.at\/blog\/stift-admont-laedt-zu-wissenschaftlicher-fachtagung\/\"},\"wordCount\":7,\"image\":{\"@id\":\"https:\/\/stiftadmont.at\/blog\/stift-admont-laedt-zu-wissenschaftlicher-fachtagung\/#primaryimage\"},\"thumbnailUrl\":\"https:\/\/stiftadmont.at\/wp-content\/uploads\/Sog.-Gruendungsbild-des-Stiftes-Admont-um-1700-c-Marcel-Peda_www-scaled.jpg\",\"articleSection\":[\"Stiftsarchiv aktuell\"],\"inLanguage\":\"es\"},{\"@type\":\"WebPage\",\"@id\":\"https:\/\/stiftadmont.at\/blog\/stift-admont-laedt-zu-wissenschaftlicher-fachtagung\/\",\"url\":\"https:\/\/stiftadmont.at\/blog\/stift-admont-laedt-zu-wissenschaftlicher-fachtagung\/\",\"name\":\"Stift Admont l\u00e4dt zu wissenschaftlicher Fachtagung - Stift Admont\",\"isPartOf\":{\"@id\":\"https:\/\/stiftadmont.at\/#website\"},\"primaryImageOfPage\":{\"@id\":\"https:\/\/stiftadmont.at\/blog\/stift-admont-laedt-zu-wissenschaftlicher-fachtagung\/#primaryimage\"},\"image\":{\"@id\":\"https:\/\/stiftadmont.at\/blog\/stift-admont-laedt-zu-wissenschaftlicher-fachtagung\/#primaryimage\"},\"thumbnailUrl\":\"https:\/\/stiftadmont.at\/wp-content\/uploads\/Sog.-Gruendungsbild-des-Stiftes-Admont-um-1700-c-Marcel-Peda_www-scaled.jpg\",\"datePublished\":\"2024-05-23T19:58:26+00:00\",\"dateModified\":\"2024-05-23T20:06:25+00:00\",\"author\":{\"@id\":\"https:\/\/stiftadmont.at\/#\/schema\/person\/30535548b241d5f33a2e8b839db11869\"},\"description\":\"Lesen Sie aktuelle Informationen zum Thema Stift Admont l\u00e4dt zu wissenschaftlicher Fachtagung und vieles mehr aus dem Konvent und der Pfarre Admont.\",\"breadcrumb\":{\"@id\":\"https:\/\/stiftadmont.at\/blog\/stift-admont-laedt-zu-wissenschaftlicher-fachtagung\/#breadcrumb\"},\"inLanguage\":\"es\",\"potentialAction\":[{\"@type\":\"ReadAction\",\"target\":[\"https:\/\/stiftadmont.at\/blog\/stift-admont-laedt-zu-wissenschaftlicher-fachtagung\/\"]}]},{\"@type\":\"ImageObject\",\"inLanguage\":\"es\",\"@id\":\"https:\/\/stiftadmont.at\/blog\/stift-admont-laedt-zu-wissenschaftlicher-fachtagung\/#primaryimage\",\"url\":\"https:\/\/stiftadmont.at\/wp-content\/uploads\/Sog.-Gruendungsbild-des-Stiftes-Admont-um-1700-c-Marcel-Peda_www-scaled.jpg\",\"contentUrl\":\"https:\/\/stiftadmont.at\/wp-content\/uploads\/Sog.-Gruendungsbild-des-Stiftes-Admont-um-1700-c-Marcel-Peda_www-scaled.jpg\",\"width\":2149,\"height\":2560,\"caption\":\"Sog. Gr\u00fcndungsbild des Stiftes Admont um 1700 (c) Marcel Peda www\"},{\"@type\":\"BreadcrumbList\",\"@id\":\"https:\/\/stiftadmont.at\/blog\/stift-admont-laedt-zu-wissenschaftlicher-fachtagung\/#breadcrumb\",\"itemListElement\":[{\"@type\":\"ListItem\",\"position\":1,\"name\":\"Start\",\"item\":\"https:\/\/stiftadmont.at\/\"},{\"@type\":\"ListItem\",\"position\":2,\"name\":\"Stift Admont l\u00e4dt zu wissenschaftlicher Fachtagung\"}]},{\"@type\":\"WebSite\",\"@id\":\"https:\/\/stiftadmont.at\/#website\",\"url\":\"https:\/\/stiftadmont.at\/\",\"name\":\"Stift Admont\",\"description\":\"Benediktinerkloster und Sehensw\u00fcrdigkeit im Ges\u00e4use\",\"potentialAction\":[{\"@type\":\"SearchAction\",\"target\":{\"@type\":\"EntryPoint\",\"urlTemplate\":\"https:\/\/stiftadmont.at\/?s={search_term_string}\"},\"query-input\":{\"@type\":\"PropertyValueSpecification\",\"valueRequired\":true,\"valueName\":\"search_term_string\"}}],\"inLanguage\":\"es\"},{\"@type\":\"Person\",\"@id\":\"https:\/\/stiftadmont.at\/#\/schema\/person\/30535548b241d5f33a2e8b839db11869\",\"name\":\"Mario Brandm\u00fcller\"}]}<\/script>\n<!-- \/ Yoast SEO Premium plugin. -->","yoast_head_json":{"title":"La Abad\u00eda de Admont acoge un simposio cient\u00edfico - Abad\u00eda de Admont","description":"Lea la informaci\u00f3n m\u00e1s reciente sobre La abad\u00eda de Admont le invita a un simposio cient\u00edfico y mucho m\u00e1s del convento y la parroquia de Admont.","robots":{"index":"index","follow":"follow","max-snippet":"max-snippet:-1","max-image-preview":"max-image-preview:large","max-video-preview":"max-video-preview:-1"},"canonical":"https:\/\/stiftadmont.at\/es\/blog\/la-fundacion-admont-invita-a-un-simposio-cientifico\/","og_locale":"es_ES","og_type":"article","og_title":"Stift Admont l\u00e4dt zu wissenschaftlicher Fachtagung","og_description":"Lesen Sie aktuelle Informationen zum Thema Stift Admont l\u00e4dt zu wissenschaftlicher Fachtagung und vieles mehr aus dem Konvent und der Pfarre Admont.","og_url":"https:\/\/stiftadmont.at\/es\/blog\/la-fundacion-admont-invita-a-un-simposio-cientifico\/","og_site_name":"Stift Admont","article_published_time":"2024-05-23T19:58:26+00:00","article_modified_time":"2024-05-23T20:06:25+00:00","og_image":[{"width":2149,"height":2560,"url":"https:\/\/stiftadmont.at\/wp-content\/uploads\/Sog.-Gruendungsbild-des-Stiftes-Admont-um-1700-c-Marcel-Peda_www-scaled.jpg","type":"image\/jpeg"}],"author":"Mario Brandm\u00fcller","twitter_card":"summary_large_image","twitter_misc":{"Escrito por":"Mario Brandm\u00fcller","Tiempo de lectura":"1 minuto"},"schema":{"@context":"https:\/\/schema.org","@graph":[{"@type":"Article","@id":"https:\/\/stiftadmont.at\/blog\/stift-admont-laedt-zu-wissenschaftlicher-fachtagung\/#article","isPartOf":{"@id":"https:\/\/stiftadmont.at\/blog\/stift-admont-laedt-zu-wissenschaftlicher-fachtagung\/"},"author":{"name":"Mario Brandm\u00fcller","@id":"https:\/\/stiftadmont.at\/#\/schema\/person\/30535548b241d5f33a2e8b839db11869"},"headline":"Stift Admont l\u00e4dt zu wissenschaftlicher Fachtagung","datePublished":"2024-05-23T19:58:26+00:00","dateModified":"2024-05-23T20:06:25+00:00","mainEntityOfPage":{"@id":"https:\/\/stiftadmont.at\/blog\/stift-admont-laedt-zu-wissenschaftlicher-fachtagung\/"},"wordCount":7,"image":{"@id":"https:\/\/stiftadmont.at\/blog\/stift-admont-laedt-zu-wissenschaftlicher-fachtagung\/#primaryimage"},"thumbnailUrl":"https:\/\/stiftadmont.at\/wp-content\/uploads\/Sog.-Gruendungsbild-des-Stiftes-Admont-um-1700-c-Marcel-Peda_www-scaled.jpg","articleSection":["Stiftsarchiv aktuell"],"inLanguage":"es"},{"@type":"WebPage","@id":"https:\/\/stiftadmont.at\/blog\/stift-admont-laedt-zu-wissenschaftlicher-fachtagung\/","url":"https:\/\/stiftadmont.at\/blog\/stift-admont-laedt-zu-wissenschaftlicher-fachtagung\/","name":"La Abad\u00eda de Admont acoge un simposio cient\u00edfico - Abad\u00eda de Admont","isPartOf":{"@id":"https:\/\/stiftadmont.at\/#website"},"primaryImageOfPage":{"@id":"https:\/\/stiftadmont.at\/blog\/stift-admont-laedt-zu-wissenschaftlicher-fachtagung\/#primaryimage"},"image":{"@id":"https:\/\/stiftadmont.at\/blog\/stift-admont-laedt-zu-wissenschaftlicher-fachtagung\/#primaryimage"},"thumbnailUrl":"https:\/\/stiftadmont.at\/wp-content\/uploads\/Sog.-Gruendungsbild-des-Stiftes-Admont-um-1700-c-Marcel-Peda_www-scaled.jpg","datePublished":"2024-05-23T19:58:26+00:00","dateModified":"2024-05-23T20:06:25+00:00","author":{"@id":"https:\/\/stiftadmont.at\/#\/schema\/person\/30535548b241d5f33a2e8b839db11869"},"description":"Lea la informaci\u00f3n m\u00e1s reciente sobre La abad\u00eda de Admont le invita a un simposio cient\u00edfico y mucho m\u00e1s del convento y la parroquia de Admont.","breadcrumb":{"@id":"https:\/\/stiftadmont.at\/blog\/stift-admont-laedt-zu-wissenschaftlicher-fachtagung\/#breadcrumb"},"inLanguage":"es","potentialAction":[{"@type":"ReadAction","target":["https:\/\/stiftadmont.at\/blog\/stift-admont-laedt-zu-wissenschaftlicher-fachtagung\/"]}]},{"@type":"ImageObject","inLanguage":"es","@id":"https:\/\/stiftadmont.at\/blog\/stift-admont-laedt-zu-wissenschaftlicher-fachtagung\/#primaryimage","url":"https:\/\/stiftadmont.at\/wp-content\/uploads\/Sog.-Gruendungsbild-des-Stiftes-Admont-um-1700-c-Marcel-Peda_www-scaled.jpg","contentUrl":"https:\/\/stiftadmont.at\/wp-content\/uploads\/Sog.-Gruendungsbild-des-Stiftes-Admont-um-1700-c-Marcel-Peda_www-scaled.jpg","width":2149,"height":2560,"caption":"Sog. Gr\u00fcndungsbild des Stiftes Admont um 1700 (c) Marcel Peda www"},{"@type":"BreadcrumbList","@id":"https:\/\/stiftadmont.at\/blog\/stift-admont-laedt-zu-wissenschaftlicher-fachtagung\/#breadcrumb","itemListElement":[{"@type":"ListItem","position":1,"name":"Start","item":"https:\/\/stiftadmont.at\/"},{"@type":"ListItem","position":2,"name":"Stift Admont l\u00e4dt zu wissenschaftlicher Fachtagung"}]},{"@type":"WebSite","@id":"https:\/\/stiftadmont.at\/#website","url":"https:\/\/stiftadmont.at\/","name":"Abad\u00eda de Admont","description":"Monasterio benedictino y atracci\u00f3n tur\u00edstica en el Ges\u00e4use","potentialAction":[{"@type":"SearchAction","target":{"@type":"EntryPoint","urlTemplate":"https:\/\/stiftadmont.at\/?s={search_term_string}"},"query-input":{"@type":"PropertyValueSpecification","valueRequired":true,"valueName":"search_term_string"}}],"inLanguage":"es"},{"@type":"Person","@id":"https:\/\/stiftadmont.at\/#\/schema\/person\/30535548b241d5f33a2e8b839db11869","name":"Mario Brandm\u00fcller"}]}},"_links":{"self":[{"href":"https:\/\/stiftadmont.at\/es\/wp-json\/wp\/v2\/posts\/28443","targetHints":{"allow":["GET"]}}],"collection":[{"href":"https:\/\/stiftadmont.at\/es\/wp-json\/wp\/v2\/posts"}],"about":[{"href":"https:\/\/stiftadmont.at\/es\/wp-json\/wp\/v2\/types\/post"}],"author":[{"embeddable":true,"href":"https:\/\/stiftadmont.at\/es\/wp-json\/wp\/v2\/users\/7"}],"replies":[{"embeddable":true,"href":"https:\/\/stiftadmont.at\/es\/wp-json\/wp\/v2\/comments?post=28443"}],"version-history":[{"count":10,"href":"https:\/\/stiftadmont.at\/es\/wp-json\/wp\/v2\/posts\/28443\/revisions"}],"predecessor-version":[{"id":28552,"href":"https:\/\/stiftadmont.at\/es\/wp-json\/wp\/v2\/posts\/28443\/revisions\/28552"}],"wp:featuredmedia":[{"embeddable":true,"href":"https:\/\/stiftadmont.at\/es\/wp-json\/wp\/v2\/media\/28445"}],"wp:attachment":[{"href":"https:\/\/stiftadmont.at\/es\/wp-json\/wp\/v2\/media?parent=28443"}],"wp:term":[{"taxonomy":"category","embeddable":true,"href":"https:\/\/stiftadmont.at\/es\/wp-json\/wp\/v2\/categories?post=28443"}],"curies":[{"name":"wp","href":"https:\/\/api.w.org\/{rel}","templated":true}]}}