{"id":28502,"date":"2024-05-19T11:00:00","date_gmt":"2024-05-19T09:00:00","guid":{"rendered":"https:\/\/stiftadmont.at\/?p=28502"},"modified":"2024-05-31T08:04:10","modified_gmt":"2024-05-31T06:04:10","slug":"confirmacion-2024","status":"publish","type":"post","link":"https:\/\/stiftadmont.at\/es\/blog\/firmung-2024\/","title":{"rendered":"Confirmaci\u00f3n 2024"},"content":{"rendered":"<section id='lightpress__section--block_d8fc220833f0c7754917c2de476bc287' class='lightpress__section--default-section-space lightpress__section lightpress__section--content'><div class=\"content__inner\"\n         x-init=\"initContentBlockAnim($el)\">\n        \n    <div class=\"content__grid content__grid\">\n                                            <div class=\"content__box content__box--one-hundred\"\n                 style=\"\">\n                                \n                \n                                            <div class=\"prose\"><h1 class=\"line line--gold\">Confirmaci\u00f3n 2024<\/h1>\n<p><strong>Domingo de Pentecost\u00e9s, 19 de mayo de 2024<\/strong><\/p>\n<p>El sacramento de la Confirmaci\u00f3n: arder por Cristo.<br \/>El abad Gerhard confiri\u00f3 este sacramento a muchos j\u00f3venes el domingo de Pentecost\u00e9s.<\/p>\n<\/div>\n                    \n                            <\/div>\n        \n            <\/div>\n<\/div>\n\n<\/section>\n\n<section id='lightpress__section--block_4a6ec9c5c1a50d7e9a6851cb3753a4aa' class='lightpress__section lightpress__section--image lightpress__section-- lightpress__section--'>                        <img decoding=\"async\" src=\"https:\/\/stiftadmont.at\/wp-content\/uploads\/Firmung24\u00a9andreas_zechner_photography_print-05259-scaled.jpg\" alt=\"Confirmaci\u00f3n24\u00a9andreas zechner photography print 05259\" \/>\n<\/section>","protected":false},"excerpt":{"rendered":"<p>Confirmaci\u00f3n en Pentecost\u00e9s en Admont<\/p>","protected":false},"author":18,"featured_media":28503,"comment_status":"closed","ping_status":"closed","sticky":false,"template":"","format":"standard","meta":{"_acf_changed":false,"footnotes":""},"categories":[22],"class_list":["post-28502","post","type-post","status-publish","format-standard","has-post-thumbnail","hentry","category-kloster-aktuell"],"acf":[],"yoast_head":"<!-- This site is optimized with the Yoast SEO Premium plugin v26.0 (Yoast SEO v26.8) - https:\/\/yoast.com\/product\/yoast-seo-premium-wordpress\/ -->\n<title>Firmung 2024 - Stift Admont<\/title>\n<meta name=\"description\" content=\"Lesen Sie aktuelle Informationen zum Thema Firmung 2024 und vieles mehr aus dem Konvent und der Pfarre Admont.\" \/>\n<meta name=\"robots\" content=\"index, follow, max-snippet:-1, max-image-preview:large, max-video-preview:-1\" \/>\n<link rel=\"canonical\" href=\"https:\/\/stiftadmont.at\/es\/blog\/confirmacion-2024\/\" \/>\n<meta property=\"og:locale\" content=\"es_ES\" \/>\n<meta property=\"og:type\" content=\"article\" \/>\n<meta property=\"og:title\" content=\"Firmung 2024\" \/>\n<meta property=\"og:description\" content=\"Lesen Sie aktuelle Informationen zum Thema Firmung 2024 und vieles mehr aus dem Konvent und der Pfarre Admont.\" \/>\n<meta property=\"og:url\" content=\"https:\/\/stiftadmont.at\/es\/blog\/confirmacion-2024\/\" \/>\n<meta property=\"og:site_name\" content=\"Stift Admont\" \/>\n<meta property=\"article:published_time\" content=\"2024-05-19T09:00:00+00:00\" \/>\n<meta property=\"article:modified_time\" content=\"2024-05-31T06:04:10+00:00\" \/>\n<meta property=\"og:image\" content=\"https:\/\/stiftadmont.at\/wp-content\/uploads\/Firmung24\u00a9andreas_zechner_fotografie_druck-05259-scaled.jpg\" \/>\n\t<meta property=\"og:image:width\" content=\"2560\" \/>\n\t<meta property=\"og:image:height\" content=\"1707\" \/>\n\t<meta property=\"og:image:type\" content=\"image\/jpeg\" \/>\n<meta name=\"author\" content=\"Barbara Kettner\" \/>\n<meta name=\"twitter:card\" content=\"summary_large_image\" \/>\n<meta name=\"twitter:label1\" content=\"Escrito por\" \/>\n\t<meta name=\"twitter:data1\" content=\"Barbara Kettner\" \/>\n\t<meta name=\"twitter:label2\" content=\"Tiempo de lectura\" \/>\n\t<meta name=\"twitter:data2\" content=\"1 minuto\" \/>\n<script type=\"application\/ld+json\" class=\"yoast-schema-graph\">{\"@context\":\"https:\/\/schema.org\",\"@graph\":[{\"@type\":\"Article\",\"@id\":\"https:\/\/stiftadmont.at\/blog\/firmung-2024\/#article\",\"isPartOf\":{\"@id\":\"https:\/\/stiftadmont.at\/blog\/firmung-2024\/\"},\"author\":{\"name\":\"Barbara Kettner\",\"@id\":\"https:\/\/stiftadmont.at\/#\/schema\/person\/499d15d46340b87669776151e6037f5b\"},\"headline\":\"Firmung 2024\",\"datePublished\":\"2024-05-19T09:00:00+00:00\",\"dateModified\":\"2024-05-31T06:04:10+00:00\",\"mainEntityOfPage\":{\"@id\":\"https:\/\/stiftadmont.at\/blog\/firmung-2024\/\"},\"wordCount\":1,\"image\":{\"@id\":\"https:\/\/stiftadmont.at\/blog\/firmung-2024\/#primaryimage\"},\"thumbnailUrl\":\"https:\/\/stiftadmont.at\/wp-content\/uploads\/Firmung24\u00a9andreas_zechner_fotografie_druck-05259-scaled.jpg\",\"articleSection\":[\"Kloster aktuell\"],\"inLanguage\":\"es\"},{\"@type\":\"WebPage\",\"@id\":\"https:\/\/stiftadmont.at\/blog\/firmung-2024\/\",\"url\":\"https:\/\/stiftadmont.at\/blog\/firmung-2024\/\",\"name\":\"Firmung 2024 - Stift Admont\",\"isPartOf\":{\"@id\":\"https:\/\/stiftadmont.at\/#website\"},\"primaryImageOfPage\":{\"@id\":\"https:\/\/stiftadmont.at\/blog\/firmung-2024\/#primaryimage\"},\"image\":{\"@id\":\"https:\/\/stiftadmont.at\/blog\/firmung-2024\/#primaryimage\"},\"thumbnailUrl\":\"https:\/\/stiftadmont.at\/wp-content\/uploads\/Firmung24\u00a9andreas_zechner_fotografie_druck-05259-scaled.jpg\",\"datePublished\":\"2024-05-19T09:00:00+00:00\",\"dateModified\":\"2024-05-31T06:04:10+00:00\",\"author\":{\"@id\":\"https:\/\/stiftadmont.at\/#\/schema\/person\/499d15d46340b87669776151e6037f5b\"},\"description\":\"Lesen Sie aktuelle Informationen zum Thema Firmung 2024 und vieles mehr aus dem Konvent und der Pfarre Admont.\",\"breadcrumb\":{\"@id\":\"https:\/\/stiftadmont.at\/blog\/firmung-2024\/#breadcrumb\"},\"inLanguage\":\"es\",\"potentialAction\":[{\"@type\":\"ReadAction\",\"target\":[\"https:\/\/stiftadmont.at\/blog\/firmung-2024\/\"]}]},{\"@type\":\"ImageObject\",\"inLanguage\":\"es\",\"@id\":\"https:\/\/stiftadmont.at\/blog\/firmung-2024\/#primaryimage\",\"url\":\"https:\/\/stiftadmont.at\/wp-content\/uploads\/Firmung24\u00a9andreas_zechner_fotografie_druck-05259-scaled.jpg\",\"contentUrl\":\"https:\/\/stiftadmont.at\/wp-content\/uploads\/Firmung24\u00a9andreas_zechner_fotografie_druck-05259-scaled.jpg\",\"width\":2560,\"height\":1707,\"caption\":\"Firmung24\u00a9andreas zechner fotografie druck 05259\"},{\"@type\":\"BreadcrumbList\",\"@id\":\"https:\/\/stiftadmont.at\/blog\/firmung-2024\/#breadcrumb\",\"itemListElement\":[{\"@type\":\"ListItem\",\"position\":1,\"name\":\"Start\",\"item\":\"https:\/\/stiftadmont.at\/\"},{\"@type\":\"ListItem\",\"position\":2,\"name\":\"Firmung 2024\"}]},{\"@type\":\"WebSite\",\"@id\":\"https:\/\/stiftadmont.at\/#website\",\"url\":\"https:\/\/stiftadmont.at\/\",\"name\":\"Stift Admont\",\"description\":\"Benediktinerkloster und Sehensw\u00fcrdigkeit im Ges\u00e4use\",\"potentialAction\":[{\"@type\":\"SearchAction\",\"target\":{\"@type\":\"EntryPoint\",\"urlTemplate\":\"https:\/\/stiftadmont.at\/?s={search_term_string}\"},\"query-input\":{\"@type\":\"PropertyValueSpecification\",\"valueRequired\":true,\"valueName\":\"search_term_string\"}}],\"inLanguage\":\"es\"},{\"@type\":\"Person\",\"@id\":\"https:\/\/stiftadmont.at\/#\/schema\/person\/499d15d46340b87669776151e6037f5b\",\"name\":\"Barbara Kettner\"}]}<\/script>\n<!-- \/ Yoast SEO Premium plugin. -->","yoast_head_json":{"title":"Confirmaci\u00f3n 2024 - Abad\u00eda de Admont","description":"Lea la informaci\u00f3n m\u00e1s reciente sobre la Confirmaci\u00f3n 2024 y mucho m\u00e1s del convento y la parroquia de Admont.","robots":{"index":"index","follow":"follow","max-snippet":"max-snippet:-1","max-image-preview":"max-image-preview:large","max-video-preview":"max-video-preview:-1"},"canonical":"https:\/\/stiftadmont.at\/es\/blog\/confirmacion-2024\/","og_locale":"es_ES","og_type":"article","og_title":"Firmung 2024","og_description":"Lesen Sie aktuelle Informationen zum Thema Firmung 2024 und vieles mehr aus dem Konvent und der Pfarre Admont.","og_url":"https:\/\/stiftadmont.at\/es\/blog\/confirmacion-2024\/","og_site_name":"Stift Admont","article_published_time":"2024-05-19T09:00:00+00:00","article_modified_time":"2024-05-31T06:04:10+00:00","og_image":[{"width":2560,"height":1707,"url":"https:\/\/stiftadmont.at\/wp-content\/uploads\/Firmung24\u00a9andreas_zechner_fotografie_druck-05259-scaled.jpg","type":"image\/jpeg"}],"author":"Barbara Kettner","twitter_card":"summary_large_image","twitter_misc":{"Escrito por":"Barbara Kettner","Tiempo de lectura":"1 minuto"},"schema":{"@context":"https:\/\/schema.org","@graph":[{"@type":"Article","@id":"https:\/\/stiftadmont.at\/blog\/firmung-2024\/#article","isPartOf":{"@id":"https:\/\/stiftadmont.at\/blog\/firmung-2024\/"},"author":{"name":"Barbara Kettner","@id":"https:\/\/stiftadmont.at\/#\/schema\/person\/499d15d46340b87669776151e6037f5b"},"headline":"Firmung 2024","datePublished":"2024-05-19T09:00:00+00:00","dateModified":"2024-05-31T06:04:10+00:00","mainEntityOfPage":{"@id":"https:\/\/stiftadmont.at\/blog\/firmung-2024\/"},"wordCount":1,"image":{"@id":"https:\/\/stiftadmont.at\/blog\/firmung-2024\/#primaryimage"},"thumbnailUrl":"https:\/\/stiftadmont.at\/wp-content\/uploads\/Firmung24\u00a9andreas_zechner_fotografie_druck-05259-scaled.jpg","articleSection":["Kloster aktuell"],"inLanguage":"es"},{"@type":"WebPage","@id":"https:\/\/stiftadmont.at\/blog\/firmung-2024\/","url":"https:\/\/stiftadmont.at\/blog\/firmung-2024\/","name":"Confirmaci\u00f3n 2024 - Abad\u00eda de Admont","isPartOf":{"@id":"https:\/\/stiftadmont.at\/#website"},"primaryImageOfPage":{"@id":"https:\/\/stiftadmont.at\/blog\/firmung-2024\/#primaryimage"},"image":{"@id":"https:\/\/stiftadmont.at\/blog\/firmung-2024\/#primaryimage"},"thumbnailUrl":"https:\/\/stiftadmont.at\/wp-content\/uploads\/Firmung24\u00a9andreas_zechner_fotografie_druck-05259-scaled.jpg","datePublished":"2024-05-19T09:00:00+00:00","dateModified":"2024-05-31T06:04:10+00:00","author":{"@id":"https:\/\/stiftadmont.at\/#\/schema\/person\/499d15d46340b87669776151e6037f5b"},"description":"Lea la informaci\u00f3n m\u00e1s reciente sobre la Confirmaci\u00f3n 2024 y mucho m\u00e1s del convento y la parroquia de Admont.","breadcrumb":{"@id":"https:\/\/stiftadmont.at\/blog\/firmung-2024\/#breadcrumb"},"inLanguage":"es","potentialAction":[{"@type":"ReadAction","target":["https:\/\/stiftadmont.at\/blog\/firmung-2024\/"]}]},{"@type":"ImageObject","inLanguage":"es","@id":"https:\/\/stiftadmont.at\/blog\/firmung-2024\/#primaryimage","url":"https:\/\/stiftadmont.at\/wp-content\/uploads\/Firmung24\u00a9andreas_zechner_fotografie_druck-05259-scaled.jpg","contentUrl":"https:\/\/stiftadmont.at\/wp-content\/uploads\/Firmung24\u00a9andreas_zechner_fotografie_druck-05259-scaled.jpg","width":2560,"height":1707,"caption":"Firmung24\u00a9andreas zechner fotografie druck 05259"},{"@type":"BreadcrumbList","@id":"https:\/\/stiftadmont.at\/blog\/firmung-2024\/#breadcrumb","itemListElement":[{"@type":"ListItem","position":1,"name":"Start","item":"https:\/\/stiftadmont.at\/"},{"@type":"ListItem","position":2,"name":"Firmung 2024"}]},{"@type":"WebSite","@id":"https:\/\/stiftadmont.at\/#website","url":"https:\/\/stiftadmont.at\/","name":"Abad\u00eda de Admont","description":"Monasterio benedictino y atracci\u00f3n tur\u00edstica en el Ges\u00e4use","potentialAction":[{"@type":"SearchAction","target":{"@type":"EntryPoint","urlTemplate":"https:\/\/stiftadmont.at\/?s={search_term_string}"},"query-input":{"@type":"PropertyValueSpecification","valueRequired":true,"valueName":"search_term_string"}}],"inLanguage":"es"},{"@type":"Person","@id":"https:\/\/stiftadmont.at\/#\/schema\/person\/499d15d46340b87669776151e6037f5b","name":"Barbara Kettner"}]}},"_links":{"self":[{"href":"https:\/\/stiftadmont.at\/es\/wp-json\/wp\/v2\/posts\/28502","targetHints":{"allow":["GET"]}}],"collection":[{"href":"https:\/\/stiftadmont.at\/es\/wp-json\/wp\/v2\/posts"}],"about":[{"href":"https:\/\/stiftadmont.at\/es\/wp-json\/wp\/v2\/types\/post"}],"author":[{"embeddable":true,"href":"https:\/\/stiftadmont.at\/es\/wp-json\/wp\/v2\/users\/18"}],"replies":[{"embeddable":true,"href":"https:\/\/stiftadmont.at\/es\/wp-json\/wp\/v2\/comments?post=28502"}],"version-history":[{"count":1,"href":"https:\/\/stiftadmont.at\/es\/wp-json\/wp\/v2\/posts\/28502\/revisions"}],"predecessor-version":[{"id":28504,"href":"https:\/\/stiftadmont.at\/es\/wp-json\/wp\/v2\/posts\/28502\/revisions\/28504"}],"wp:featuredmedia":[{"embeddable":true,"href":"https:\/\/stiftadmont.at\/es\/wp-json\/wp\/v2\/media\/28503"}],"wp:attachment":[{"href":"https:\/\/stiftadmont.at\/es\/wp-json\/wp\/v2\/media?parent=28502"}],"wp:term":[{"taxonomy":"category","embeddable":true,"href":"https:\/\/stiftadmont.at\/es\/wp-json\/wp\/v2\/categories?post=28502"}],"curies":[{"name":"wp","href":"https:\/\/api.w.org\/{rel}","templated":true}]}}