{"id":29445,"date":"2024-07-15T15:42:17","date_gmt":"2024-07-15T13:42:17","guid":{"rendered":"https:\/\/stiftadmont.at\/?p=29445"},"modified":"2024-10-10T08:17:44","modified_gmt":"2024-10-10T06:17:44","slug":"13er-peregrinaje-el-13-de-julio-de-2024","status":"publish","type":"post","link":"https:\/\/stiftadmont.at\/es\/blog\/13er-wallfahrt-am-13-juli-2024\/","title":{"rendered":"13er peregrinaje el 13 de julio de 2024"},"content":{"rendered":"<section id='lightpress__section--block_90c1555809887b9047c9797cfe2c85bb' class='lightpress__section--default-section-space lightpress__section lightpress__section--content'><div class=\"content__inner\"\n         x-init=\"initContentBlockAnim($el)\">\n        \n    <div class=\"content__grid content__grid\">\n                                            <div class=\"content__box content__box--one-hundred\"\n                 style=\"\">\n                                \n                \n                                            <div class=\"prose\"><\/div>\n                    \n                            <\/div>\n        \n            <\/div>\n<\/div>\n\n<\/section>\n\n<section id='lightpress__section--block_3b530b06305dfab9452c4762cc3ce236' class='lightpress__section--default-section-space lightpress__section lightpress__section--content'><div class=\"content__inner\"\n         x-init=\"initContentBlockAnim($el)\">\n        \n    <div class=\"content__grid content__grid\">\n                                            <div class=\"content__box content__box--one-hundred\"\n                 style=\"\">\n                                \n                \n                                            <div class=\"prose\"><h1 class=\"line line--gold\">13er-Wallfahrt am 13.Juli 2024<\/h1>\n<p class=\"paragraph-m\"><strong>Montag, 15. Juli 2024<\/strong><\/p>\n<p class=\"MsoNormal paragraph-m\"><span style=\"mso-fareast-font-family: 'Times New Roman';\">Die Marienwallfahrt am vergangenen Samstag feierte mit uns Abt Philipp Helm OCist vom Stift Rein. In seiner Predigt legte er das Evangelium von der Hochzeit zu Kana auf eindrucksvolle, ignatianische Weise aus. Eine Besonderheit bei diesem Gottesdienst war, dass fr. Petrus und fr. Josef ihre \u201eProfessio fidei\u201c ablegten (\u00f6ffentliches Glaubensbekenntnis vor dem Empfang der Weihen). Dank gilt der Marktmusikkapelle Gaishorn-Treglwang sowie der Harfenistin und dem Harmonikaspieler f\u00fcr die festliche Mitgestaltung der Hl. Messe.<\/span><\/p>\n<\/div>\n                    \n                            <\/div>\n        \n            <\/div>\n<\/div>\n\n<\/section>\n\n<section id='lightpress__section--block_9ecd99b3701f29333ac569a118aa8a0e' class='lightpress__section--default-section-space lightpress__section lightpress__section--image-slider'>\n<div class=\"image-slider\"\n     x-data=\"{ gallery: null, shown: false }\"\n     x-init=\"gallery = initSliderGallery([{&quot;href&quot;:&quot;https:\\\/\\\/stiftadmont.at\\\/wp-content\\\/uploads\\\/13er-Wallfahrt-Juli-2024-\\u00a9-Stift-Admont-1-scaled-1920x1440.jpg&quot;,&quot;type&quot;:&quot;image&quot;},{&quot;href&quot;:&quot;https:\\\/\\\/stiftadmont.at\\\/wp-content\\\/uploads\\\/13er-Wallfahrt-Juli-2024-\\u00a9-Stift-Admont-2-1920x1440.jpg&quot;,&quot;type&quot;:&quot;image&quot;},{&quot;href&quot;:&quot;https:\\\/\\\/stiftadmont.at\\\/wp-content\\\/uploads\\\/13er-Wallfahrt-Juli-2024-\\u00a9-Stift-Admont-3-1920x1440.jpg&quot;,&quot;type&quot;:&quot;image&quot;},{&quot;href&quot;:&quot;https:\\\/\\\/stiftadmont.at\\\/wp-content\\\/uploads\\\/13er-Wallfahrt-Juli-2024-\\u00a9-Stift-Admont-4-1920x1440.jpg&quot;,&quot;type&quot;:&quot;image&quot;},{&quot;href&quot;:&quot;https:\\\/\\\/stiftadmont.at\\\/wp-content\\\/uploads\\\/13er-Wallfahrt-Juli-2024-\\u00a9-Stift-Admont-5-1920x1440.jpg&quot;,&quot;type&quot;:&quot;image&quot;},{&quot;href&quot;:&quot;https:\\\/\\\/stiftadmont.at\\\/wp-content\\\/uploads\\\/13er-Wallfahrt-Juli-2024-\\u00a9-Stift-Admont-6-1920x1440.jpg&quot;,&quot;type&quot;:&quot;image&quot;},{&quot;href&quot;:&quot;https:\\\/\\\/stiftadmont.at\\\/wp-content\\\/uploads\\\/13er-Wallfahrt-Juli-2024-\\u00a9-Stift-Admont-7-1920x2560.jpg&quot;,&quot;type&quot;:&quot;image&quot;},{&quot;href&quot;:&quot;https:\\\/\\\/stiftadmont.at\\\/wp-content\\\/uploads\\\/13er-Wallfahrt-Juli-2024-\\u00a9-Stift-Admont-8-1920x1440.jpg&quot;,&quot;type&quot;:&quot;image&quot;}]); initImageSliderBlockAnim($el);\">\n    <div class=\"image-slider__inner\">\n\n        <div class=\"swiper-container\" x-init=\"initImageSliderBlock($el, $refs.btnPrev, $refs.btnNext)\">\n            <div class=\"swiper-wrapper\">\n                                    <div class=\"swiper-slide\">\n                        <div class=\"image-slider__media\">\n                            <img decoding=\"async\" class=\"image-slider__image\"\n                                 src=\"https:\/\/stiftadmont.at\/wp-content\/uploads\/13er-Wallfahrt-Juli-2024-\u00a9-Stift-Admont-1-scaled-768x576.jpg\"\n                                 alt=\"13er Wallfahrt Juli 2024 \u00a9 Stift Admont (1)\">\n                        <\/div>\n                    <\/div>\n                                    <div class=\"swiper-slide\">\n                        <div class=\"image-slider__media\">\n                            <img decoding=\"async\" class=\"image-slider__image\"\n                                 src=\"https:\/\/stiftadmont.at\/wp-content\/uploads\/13er-Wallfahrt-Juli-2024-\u00a9-Stift-Admont-2-768x576.jpg\"\n                                 alt=\"13er Wallfahrt Juli 2024 \u00a9 Stift Admont (2)\">\n                        <\/div>\n                    <\/div>\n                                    <div class=\"swiper-slide\">\n                        <div class=\"image-slider__media\">\n                            <img decoding=\"async\" class=\"image-slider__image\"\n                                 src=\"https:\/\/stiftadmont.at\/wp-content\/uploads\/13er-Wallfahrt-Juli-2024-\u00a9-Stift-Admont-3-768x576.jpg\"\n                                 alt=\"13er Wallfahrt Juli 2024 \u00a9 Stift Admont (3)\">\n                        <\/div>\n                    <\/div>\n                                    <div class=\"swiper-slide\">\n                        <div class=\"image-slider__media\">\n                            <img decoding=\"async\" class=\"image-slider__image\"\n                                 src=\"https:\/\/stiftadmont.at\/wp-content\/uploads\/13er-Wallfahrt-Juli-2024-\u00a9-Stift-Admont-4-768x576.jpg\"\n                                 alt=\"13er Wallfahrt Juli 2024 \u00a9 Stift Admont (4)\">\n                        <\/div>\n                    <\/div>\n                                    <div class=\"swiper-slide\">\n                        <div class=\"image-slider__media\">\n                            <img decoding=\"async\" class=\"image-slider__image\"\n                                 src=\"https:\/\/stiftadmont.at\/wp-content\/uploads\/13er-Wallfahrt-Juli-2024-\u00a9-Stift-Admont-5-768x576.jpg\"\n                                 alt=\"13er Wallfahrt Juli 2024 \u00a9 Stift Admont (5)\">\n                        <\/div>\n                    <\/div>\n                                    <div class=\"swiper-slide\">\n                        <div class=\"image-slider__media\">\n                            <img decoding=\"async\" class=\"image-slider__image\"\n                                 src=\"https:\/\/stiftadmont.at\/wp-content\/uploads\/13er-Wallfahrt-Juli-2024-\u00a9-Stift-Admont-6-768x576.jpg\"\n                                 alt=\"13er Wallfahrt Juli 2024 \u00a9 Stift Admont (6)\">\n                        <\/div>\n                    <\/div>\n                                    <div class=\"swiper-slide\">\n                        <div class=\"image-slider__media\">\n                            <img decoding=\"async\" class=\"image-slider__image\"\n                                 src=\"https:\/\/stiftadmont.at\/wp-content\/uploads\/13er-Wallfahrt-Juli-2024-\u00a9-Stift-Admont-7-768x1024.jpg\"\n                                 alt=\"13er Wallfahrt Juli 2024 \u00a9 Stift Admont (7)\">\n                        <\/div>\n                    <\/div>\n                                    <div class=\"swiper-slide\">\n                        <div class=\"image-slider__media\">\n                            <img decoding=\"async\" class=\"image-slider__image\"\n                                 src=\"https:\/\/stiftadmont.at\/wp-content\/uploads\/13er-Wallfahrt-Juli-2024-\u00a9-Stift-Admont-8-768x576.jpg\"\n                                 alt=\"13er Wallfahrt Juli 2024 \u00a9 Stift Admont (8)\">\n                        <\/div>\n                    <\/div>\n                            <\/div>\n\n            <div class=\"swiper-nav-wrapper\">\n                <button class=\"swiper-button-prev slider-button--prev\" x-ref=\"btnPrev\"\n                        aria-label=\"Vorige Bilder anzeigen\">\n                    <img decoding=\"async\" src=\"\/wp-content\/themes\/stift-admont\/src\/assets\/img\/arrow-left-big-new.svg\" alt=\"Pfeil nach Links\">\n                <\/button>\n\n\n                <a class=\"image-slider__gallery\" @click=\"openGallery(gallery)\"><i class=\"fa-thin fa-plus\"><\/i><\/a>\n                <button class=\"swiper-button-next slider-button--next\"\n                        x-ref=\"btnNext\"\n                        aria-label=\"N\u00e4chste Bilder anzeigen\">\n                    <img decoding=\"async\" src=\"\/wp-content\/themes\/stift-admont\/src\/assets\/img\/arrow-right-big-new.svg\" alt=\"Pfeil nach Rechts\">\n                <\/button>\n            <\/div>\n        <\/div>\n    <\/div>\n\n\n<\/div><\/section>","protected":false},"excerpt":{"rendered":"<p>El Abad Philipp Helm OCist de la Abad\u00eda de Rein celebr\u00f3 con nosotros la peregrinaci\u00f3n mariana el pasado s\u00e1bado<\/p>","protected":false},"author":20,"featured_media":29456,"comment_status":"closed","ping_status":"closed","sticky":false,"template":"","format":"standard","meta":{"_acf_changed":false,"footnotes":""},"categories":[22],"class_list":["post-29445","post","type-post","status-publish","format-standard","has-post-thumbnail","hentry","category-kloster-aktuell"],"acf":[],"yoast_head":"<!-- This site is optimized with the Yoast SEO Premium plugin v26.0 (Yoast SEO v26.8) - https:\/\/yoast.com\/product\/yoast-seo-premium-wordpress\/ -->\n<title>13er Wallfahrt am 13. Juli 2024 - Stift Admont<\/title>\n<meta name=\"description\" content=\"Lesen Sie aktuelle Informationen zum Thema 13er Wallfahrt am 13. Juli 2024 und vieles mehr aus dem Konvent und der Pfarre Admont.\" \/>\n<meta name=\"robots\" content=\"index, follow, max-snippet:-1, max-image-preview:large, max-video-preview:-1\" \/>\n<link rel=\"canonical\" href=\"https:\/\/stiftadmont.at\/es\/blog\/13er-peregrinaje-el-13-de-julio-de-2024\/\" \/>\n<meta property=\"og:locale\" content=\"es_ES\" \/>\n<meta property=\"og:type\" content=\"article\" \/>\n<meta property=\"og:title\" content=\"13er Wallfahrt am 13. Juli 2024\" \/>\n<meta property=\"og:description\" content=\"Lesen Sie aktuelle Informationen zum Thema 13er Wallfahrt am 13. Juli 2024 und vieles mehr aus dem Konvent und der Pfarre Admont.\" \/>\n<meta property=\"og:url\" content=\"https:\/\/stiftadmont.at\/es\/blog\/13er-peregrinaje-el-13-de-julio-de-2024\/\" \/>\n<meta property=\"og:site_name\" content=\"Stift Admont\" \/>\n<meta property=\"article:published_time\" content=\"2024-07-15T13:42:17+00:00\" \/>\n<meta property=\"article:modified_time\" content=\"2024-10-10T06:17:44+00:00\" \/>\n<meta property=\"og:image\" content=\"https:\/\/stiftadmont.at\/wp-content\/uploads\/13er-Wallfahrt-Juli-2024-\u00a9-Stift-Admont-1-scaled.jpg\" \/>\n\t<meta property=\"og:image:width\" content=\"2560\" \/>\n\t<meta property=\"og:image:height\" content=\"1920\" \/>\n\t<meta property=\"og:image:type\" content=\"image\/jpeg\" \/>\n<meta name=\"author\" content=\"Sarah Stadlauer\" \/>\n<meta name=\"twitter:card\" content=\"summary_large_image\" \/>\n<meta name=\"twitter:label1\" content=\"Escrito por\" \/>\n\t<meta name=\"twitter:data1\" content=\"Sarah Stadlauer\" \/>\n<script type=\"application\/ld+json\" class=\"yoast-schema-graph\">{\"@context\":\"https:\/\/schema.org\",\"@graph\":[{\"@type\":\"Article\",\"@id\":\"https:\/\/stiftadmont.at\/blog\/13er-wallfahrt-am-13-juli-2024\/#article\",\"isPartOf\":{\"@id\":\"https:\/\/stiftadmont.at\/blog\/13er-wallfahrt-am-13-juli-2024\/\"},\"author\":{\"name\":\"Sarah Stadlauer\",\"@id\":\"https:\/\/stiftadmont.at\/#\/schema\/person\/b3a90b1a2f72566cf3c755db08bd829d\"},\"headline\":\"13er Wallfahrt am 13. Juli 2024\",\"datePublished\":\"2024-07-15T13:42:17+00:00\",\"dateModified\":\"2024-10-10T06:17:44+00:00\",\"mainEntityOfPage\":{\"@id\":\"https:\/\/stiftadmont.at\/blog\/13er-wallfahrt-am-13-juli-2024\/\"},\"wordCount\":4,\"image\":{\"@id\":\"https:\/\/stiftadmont.at\/blog\/13er-wallfahrt-am-13-juli-2024\/#primaryimage\"},\"thumbnailUrl\":\"https:\/\/stiftadmont.at\/wp-content\/uploads\/13er-Wallfahrt-Juli-2024-\u00a9-Stift-Admont-1-scaled.jpg\",\"articleSection\":[\"Kloster aktuell\"],\"inLanguage\":\"es\"},{\"@type\":\"WebPage\",\"@id\":\"https:\/\/stiftadmont.at\/blog\/13er-wallfahrt-am-13-juli-2024\/\",\"url\":\"https:\/\/stiftadmont.at\/blog\/13er-wallfahrt-am-13-juli-2024\/\",\"name\":\"13er Wallfahrt am 13. Juli 2024 - Stift Admont\",\"isPartOf\":{\"@id\":\"https:\/\/stiftadmont.at\/#website\"},\"primaryImageOfPage\":{\"@id\":\"https:\/\/stiftadmont.at\/blog\/13er-wallfahrt-am-13-juli-2024\/#primaryimage\"},\"image\":{\"@id\":\"https:\/\/stiftadmont.at\/blog\/13er-wallfahrt-am-13-juli-2024\/#primaryimage\"},\"thumbnailUrl\":\"https:\/\/stiftadmont.at\/wp-content\/uploads\/13er-Wallfahrt-Juli-2024-\u00a9-Stift-Admont-1-scaled.jpg\",\"datePublished\":\"2024-07-15T13:42:17+00:00\",\"dateModified\":\"2024-10-10T06:17:44+00:00\",\"author\":{\"@id\":\"https:\/\/stiftadmont.at\/#\/schema\/person\/b3a90b1a2f72566cf3c755db08bd829d\"},\"description\":\"Lesen Sie aktuelle Informationen zum Thema 13er Wallfahrt am 13. Juli 2024 und vieles mehr aus dem Konvent und der Pfarre Admont.\",\"breadcrumb\":{\"@id\":\"https:\/\/stiftadmont.at\/blog\/13er-wallfahrt-am-13-juli-2024\/#breadcrumb\"},\"inLanguage\":\"es\",\"potentialAction\":[{\"@type\":\"ReadAction\",\"target\":[\"https:\/\/stiftadmont.at\/blog\/13er-wallfahrt-am-13-juli-2024\/\"]}]},{\"@type\":\"ImageObject\",\"inLanguage\":\"es\",\"@id\":\"https:\/\/stiftadmont.at\/blog\/13er-wallfahrt-am-13-juli-2024\/#primaryimage\",\"url\":\"https:\/\/stiftadmont.at\/wp-content\/uploads\/13er-Wallfahrt-Juli-2024-\u00a9-Stift-Admont-1-scaled.jpg\",\"contentUrl\":\"https:\/\/stiftadmont.at\/wp-content\/uploads\/13er-Wallfahrt-Juli-2024-\u00a9-Stift-Admont-1-scaled.jpg\",\"width\":2560,\"height\":1920,\"caption\":\"13er Wallfahrt Juli 2024 \u00a9 Stift Admont (1)\"},{\"@type\":\"BreadcrumbList\",\"@id\":\"https:\/\/stiftadmont.at\/blog\/13er-wallfahrt-am-13-juli-2024\/#breadcrumb\",\"itemListElement\":[{\"@type\":\"ListItem\",\"position\":1,\"name\":\"Start\",\"item\":\"https:\/\/stiftadmont.at\/\"},{\"@type\":\"ListItem\",\"position\":2,\"name\":\"13er Wallfahrt am 13. Juli 2024\"}]},{\"@type\":\"WebSite\",\"@id\":\"https:\/\/stiftadmont.at\/#website\",\"url\":\"https:\/\/stiftadmont.at\/\",\"name\":\"Stift Admont\",\"description\":\"Benediktinerkloster und Sehensw\u00fcrdigkeit im Ges\u00e4use\",\"potentialAction\":[{\"@type\":\"SearchAction\",\"target\":{\"@type\":\"EntryPoint\",\"urlTemplate\":\"https:\/\/stiftadmont.at\/?s={search_term_string}\"},\"query-input\":{\"@type\":\"PropertyValueSpecification\",\"valueRequired\":true,\"valueName\":\"search_term_string\"}}],\"inLanguage\":\"es\"},{\"@type\":\"Person\",\"@id\":\"https:\/\/stiftadmont.at\/#\/schema\/person\/b3a90b1a2f72566cf3c755db08bd829d\",\"name\":\"Sarah Stadlauer\"}]}<\/script>\n<!-- \/ Yoast SEO Premium plugin. -->","yoast_head_json":{"title":"Peregrinaci\u00f3n de los 13er el 13 de julio de 2024 - Abad\u00eda de Admont","description":"Lea la informaci\u00f3n m\u00e1s reciente sobre la 13\u00aa peregrinaci\u00f3n, el 13 de julio de 2024, y mucho m\u00e1s del convento y la parroquia de Admont.","robots":{"index":"index","follow":"follow","max-snippet":"max-snippet:-1","max-image-preview":"max-image-preview:large","max-video-preview":"max-video-preview:-1"},"canonical":"https:\/\/stiftadmont.at\/es\/blog\/13er-peregrinaje-el-13-de-julio-de-2024\/","og_locale":"es_ES","og_type":"article","og_title":"13er Wallfahrt am 13. Juli 2024","og_description":"Lesen Sie aktuelle Informationen zum Thema 13er Wallfahrt am 13. Juli 2024 und vieles mehr aus dem Konvent und der Pfarre Admont.","og_url":"https:\/\/stiftadmont.at\/es\/blog\/13er-peregrinaje-el-13-de-julio-de-2024\/","og_site_name":"Stift Admont","article_published_time":"2024-07-15T13:42:17+00:00","article_modified_time":"2024-10-10T06:17:44+00:00","og_image":[{"width":2560,"height":1920,"url":"https:\/\/stiftadmont.at\/wp-content\/uploads\/13er-Wallfahrt-Juli-2024-\u00a9-Stift-Admont-1-scaled.jpg","type":"image\/jpeg"}],"author":"Sarah Stadlauer","twitter_card":"summary_large_image","twitter_misc":{"Escrito por":"Sarah Stadlauer"},"schema":{"@context":"https:\/\/schema.org","@graph":[{"@type":"Article","@id":"https:\/\/stiftadmont.at\/blog\/13er-wallfahrt-am-13-juli-2024\/#article","isPartOf":{"@id":"https:\/\/stiftadmont.at\/blog\/13er-wallfahrt-am-13-juli-2024\/"},"author":{"name":"Sarah Stadlauer","@id":"https:\/\/stiftadmont.at\/#\/schema\/person\/b3a90b1a2f72566cf3c755db08bd829d"},"headline":"13er Wallfahrt am 13. Juli 2024","datePublished":"2024-07-15T13:42:17+00:00","dateModified":"2024-10-10T06:17:44+00:00","mainEntityOfPage":{"@id":"https:\/\/stiftadmont.at\/blog\/13er-wallfahrt-am-13-juli-2024\/"},"wordCount":4,"image":{"@id":"https:\/\/stiftadmont.at\/blog\/13er-wallfahrt-am-13-juli-2024\/#primaryimage"},"thumbnailUrl":"https:\/\/stiftadmont.at\/wp-content\/uploads\/13er-Wallfahrt-Juli-2024-\u00a9-Stift-Admont-1-scaled.jpg","articleSection":["Kloster aktuell"],"inLanguage":"es"},{"@type":"WebPage","@id":"https:\/\/stiftadmont.at\/blog\/13er-wallfahrt-am-13-juli-2024\/","url":"https:\/\/stiftadmont.at\/blog\/13er-wallfahrt-am-13-juli-2024\/","name":"Peregrinaci\u00f3n de los 13er el 13 de julio de 2024 - Abad\u00eda de Admont","isPartOf":{"@id":"https:\/\/stiftadmont.at\/#website"},"primaryImageOfPage":{"@id":"https:\/\/stiftadmont.at\/blog\/13er-wallfahrt-am-13-juli-2024\/#primaryimage"},"image":{"@id":"https:\/\/stiftadmont.at\/blog\/13er-wallfahrt-am-13-juli-2024\/#primaryimage"},"thumbnailUrl":"https:\/\/stiftadmont.at\/wp-content\/uploads\/13er-Wallfahrt-Juli-2024-\u00a9-Stift-Admont-1-scaled.jpg","datePublished":"2024-07-15T13:42:17+00:00","dateModified":"2024-10-10T06:17:44+00:00","author":{"@id":"https:\/\/stiftadmont.at\/#\/schema\/person\/b3a90b1a2f72566cf3c755db08bd829d"},"description":"Lea la informaci\u00f3n m\u00e1s reciente sobre la 13\u00aa peregrinaci\u00f3n, el 13 de julio de 2024, y mucho m\u00e1s del convento y la parroquia de Admont.","breadcrumb":{"@id":"https:\/\/stiftadmont.at\/blog\/13er-wallfahrt-am-13-juli-2024\/#breadcrumb"},"inLanguage":"es","potentialAction":[{"@type":"ReadAction","target":["https:\/\/stiftadmont.at\/blog\/13er-wallfahrt-am-13-juli-2024\/"]}]},{"@type":"ImageObject","inLanguage":"es","@id":"https:\/\/stiftadmont.at\/blog\/13er-wallfahrt-am-13-juli-2024\/#primaryimage","url":"https:\/\/stiftadmont.at\/wp-content\/uploads\/13er-Wallfahrt-Juli-2024-\u00a9-Stift-Admont-1-scaled.jpg","contentUrl":"https:\/\/stiftadmont.at\/wp-content\/uploads\/13er-Wallfahrt-Juli-2024-\u00a9-Stift-Admont-1-scaled.jpg","width":2560,"height":1920,"caption":"13er Wallfahrt Juli 2024 \u00a9 Stift Admont (1)"},{"@type":"BreadcrumbList","@id":"https:\/\/stiftadmont.at\/blog\/13er-wallfahrt-am-13-juli-2024\/#breadcrumb","itemListElement":[{"@type":"ListItem","position":1,"name":"Start","item":"https:\/\/stiftadmont.at\/"},{"@type":"ListItem","position":2,"name":"13er Wallfahrt am 13. Juli 2024"}]},{"@type":"WebSite","@id":"https:\/\/stiftadmont.at\/#website","url":"https:\/\/stiftadmont.at\/","name":"Abad\u00eda de Admont","description":"Monasterio benedictino y atracci\u00f3n tur\u00edstica en el Ges\u00e4use","potentialAction":[{"@type":"SearchAction","target":{"@type":"EntryPoint","urlTemplate":"https:\/\/stiftadmont.at\/?s={search_term_string}"},"query-input":{"@type":"PropertyValueSpecification","valueRequired":true,"valueName":"search_term_string"}}],"inLanguage":"es"},{"@type":"Person","@id":"https:\/\/stiftadmont.at\/#\/schema\/person\/b3a90b1a2f72566cf3c755db08bd829d","name":"Sarah Stadlauer"}]}},"_links":{"self":[{"href":"https:\/\/stiftadmont.at\/es\/wp-json\/wp\/v2\/posts\/29445","targetHints":{"allow":["GET"]}}],"collection":[{"href":"https:\/\/stiftadmont.at\/es\/wp-json\/wp\/v2\/posts"}],"about":[{"href":"https:\/\/stiftadmont.at\/es\/wp-json\/wp\/v2\/types\/post"}],"author":[{"embeddable":true,"href":"https:\/\/stiftadmont.at\/es\/wp-json\/wp\/v2\/users\/20"}],"replies":[{"embeddable":true,"href":"https:\/\/stiftadmont.at\/es\/wp-json\/wp\/v2\/comments?post=29445"}],"version-history":[{"count":5,"href":"https:\/\/stiftadmont.at\/es\/wp-json\/wp\/v2\/posts\/29445\/revisions"}],"predecessor-version":[{"id":29483,"href":"https:\/\/stiftadmont.at\/es\/wp-json\/wp\/v2\/posts\/29445\/revisions\/29483"}],"wp:featuredmedia":[{"embeddable":true,"href":"https:\/\/stiftadmont.at\/es\/wp-json\/wp\/v2\/media\/29456"}],"wp:attachment":[{"href":"https:\/\/stiftadmont.at\/es\/wp-json\/wp\/v2\/media?parent=29445"}],"wp:term":[{"taxonomy":"category","embeddable":true,"href":"https:\/\/stiftadmont.at\/es\/wp-json\/wp\/v2\/categories?post=29445"}],"curies":[{"name":"wp","href":"https:\/\/api.w.org\/{rel}","templated":true}]}}