{"id":34676,"date":"2025-04-29T11:16:48","date_gmt":"2025-04-29T09:16:48","guid":{"rendered":"https:\/\/stiftadmont.at\/?p=34676"},"modified":"2025-04-29T15:03:59","modified_gmt":"2025-04-29T13:03:59","slug":"mercado-de-especialidades","status":"publish","type":"post","link":"https:\/\/stiftadmont.at\/es\/blog\/spezialitatenmarkt\/","title":{"rendered":"Mercado de especialidades Ges\u00e4use en la Abad\u00eda de Admont"},"content":{"rendered":"<section id='lightpress__section--block_30890f3b08f2b302b35c286b18f29c02' class='lightpress__section--default-section-space lightpress__section lightpress__section--content'><div class=\"content__inner\"\n         x-init=\"initContentBlockAnim($el)\">\n        \n    <div class=\"content__grid content__grid\">\n                                            <div class=\"content__box content__box--one-hundred\"\n                 style=\"\">\n                                \n                \n                                            <div class=\"prose\"><h5 class=\"heading-m line line-above line--gold\"><span data-mce-type=\"bookmark\" style=\"display: inline-block; width: 0px; overflow: hidden; line-height: 0;\" class=\"mce_SELRES_start\"><\/span>Mercado de especialidades en la Abad\u00eda de Admont<\/h5>\n<p>\u00a0<\/p>\n<p class=\"paragraph-m\">Como sucesor de los D\u00edas de Mercado del Monasterio, la Abad\u00eda de Admont ha puesto en marcha el Mercado de Especialidades de Ges\u00e4use en colaboraci\u00f3n con la Bodega de la Abad\u00eda. La principal diferencia con el anterior gran evento es que los productos que se ofrecen proceden exclusivamente de la regi\u00f3n de Ges\u00e4use.<\/p>\n<p>\u00a0<\/p>\n<p>Desde vinos de manzana galardonados y caza noble de Xeis hasta pan de cerveza y marzizoni: adem\u00e1s de la naturaleza virgen del \u00fanico parque nacional de Estiria y el patrimonio cultural del monasterio benedictino de Admont, el Ges\u00e4use tambi\u00e9n tiene mucho que ofrecer en t\u00e9rminos culinarios. En el futuro, las delicias t\u00edpicas de la regi\u00f3n y los alimentos locales no s\u00f3lo estar\u00e1n disponibles en granjas y tiendas selectas, sino tambi\u00e9n en el mercado de especialidades del Ges\u00e4use. La ventaja: \"Si desea comprar productos regionales, ya no tendr\u00e1 que desplazarse de un productor a otro, pues el mercado de especialidades de Ges\u00e4use ofrecer\u00e1 toda la diversidad de la regi\u00f3n en un solo lugar\", afirma Mario Brandm\u00fcller, responsable de Cultura, Turismo y Relaciones P\u00fablicas de la abad\u00eda de Admont.<\/p>\n<p>\u00a0<\/p>\n<\/div>\n                    \n                            <\/div>\n        \n            <\/div>\n<\/div>\n\n<\/section>\n\n<section id='lightpress__section--block_dbad5e74b11dab9eac50b4a974bcc307' class='bg--beige lightpress__section--colored-bg lightpress__section--default-section-space lightpress__section lightpress__section--content'><div class=\"content__inner\"\n         x-init=\"initContentBlockAnim($el)\">\n        \n    <div class=\"content__grid content__grid\">\n                                            <div class=\"content__box content__box--one-hundred\"\n                 style=\"\">\n                                \n                \n                                            <div class=\"prose\"><h5 class=\"heading-m line line-above line--gold\"><strong>Apoyo a los productores locales<\/strong><\/h5>\n<p>\u00a0<\/p>\n<p>El Mercado de Especialidades de Ges\u00e4use es el sucesor directo de los tradicionales D\u00edas de Mercado del Monasterio, que se celebraron por \u00faltima vez el a\u00f1o pasado. A pesar del \u00e9xito del gran acontecimiento anual, la decisi\u00f3n de lanzar un nuevo formato fue muy consciente, afirma Brandm\u00fcller: \"Con el Mercado de Especialidades de Ges\u00e4use, creamos por primera vez la oportunidad de apoyar exclusivamente a los productores locales en su comercializaci\u00f3n directa\". Esto significa tambi\u00e9n que \"las especialidades de Ges\u00e4use son cada vez m\u00e1s conocidas, tanto en este pa\u00eds como fuera de \u00e9l\", como subraya Ulrich Matlschweiger, del Stiftskeller.<\/p>\n<\/div>\n                    \n                            <\/div>\n        \n            <\/div>\n<\/div>\n\n    <div class=\"background__container background__container--beige\">\n    <\/div>\n\n<\/section>\n\n<section id='lightpress__section--block_b27423e4d3b9336b1b5c5de244ac04eb' class='lightpress__section--default-section-space lightpress__section lightpress__section--content'><div class=\"content__inner\"\n         x-init=\"initContentBlockAnim($el)\">\n        \n    <div class=\"content__grid content__grid\">\n                                            <div class=\"content__box content__box--one-hundred\"\n                 style=\"\">\n                                \n                \n                                            <div class=\"prose\"><h5 class=\"heading-m line line-above line--gold\">Forjar un futuro sostenible<\/h5>\n<p>\u00a0<\/p>\n<p>Para Ulrich Matlschweiger, es esencial \"poder forjar un futuro sostenible si crece la conciencia de la comida local\", afirma el arrendatario del Stiftskeller y coorganizador del nuevo mercado de especialidades Ges\u00e4use. Al fin y al cabo, subraya Matlschweiger, esto no s\u00f3lo contribuye a preservar el paisaje cultural local, sino tambi\u00e9n a salvaguardar la artesan\u00eda tradicional y la producci\u00f3n de alimentos de alta calidad.<\/p>\n<p>\u00a0<\/p>\n<p><strong>Fechas del mercado de especialidades Ges\u00e4use: de mayo a septiembre, el primer s\u00e1bado de cada mes, de 10:00 a 16:00, en la entrada del Rosario de la Abad\u00eda benedictina de Admont.\u00a0<\/strong><\/p>\n<p>\u00a0<\/p>\n<\/div>\n                    \n                            <\/div>\n        \n            <\/div>\n<\/div>\n\n<\/section>","protected":false},"excerpt":{"rendered":"","protected":false},"author":7,"featured_media":29902,"comment_status":"closed","ping_status":"closed","sticky":false,"template":"","format":"standard","meta":{"_acf_changed":false,"footnotes":""},"categories":[23],"class_list":["post-34676","post","type-post","status-publish","format-standard","has-post-thumbnail","hentry","category-einrichtungen-aktuell"],"acf":[],"yoast_head":"<!-- This site is optimized with the Yoast SEO Premium plugin v26.0 (Yoast SEO v26.8) - https:\/\/yoast.com\/product\/yoast-seo-premium-wordpress\/ -->\n<title>Ges\u00e4use Spezialit\u00e4tenmarkt im Stift Admont - Stift Admont<\/title>\n<meta name=\"description\" content=\"Lesen Sie aktuelle Informationen zum Thema Ges\u00e4use Spezialit\u00e4tenmarkt im Stift Admont und vieles mehr aus dem Konvent und der Pfarre Admont.\" \/>\n<meta name=\"robots\" content=\"index, follow, max-snippet:-1, max-image-preview:large, max-video-preview:-1\" \/>\n<link rel=\"canonical\" href=\"https:\/\/stiftadmont.at\/es\/blog\/mercado-de-especialidades\/\" \/>\n<meta property=\"og:locale\" content=\"es_ES\" \/>\n<meta property=\"og:type\" content=\"article\" \/>\n<meta property=\"og:title\" content=\"Ges\u00e4use Spezialit\u00e4tenmarkt im Stift Admont\" \/>\n<meta property=\"og:description\" content=\"Lesen Sie aktuelle Informationen zum Thema Ges\u00e4use Spezialit\u00e4tenmarkt im Stift Admont und vieles mehr aus dem Konvent und der Pfarre Admont.\" \/>\n<meta property=\"og:url\" content=\"https:\/\/stiftadmont.at\/es\/blog\/mercado-de-especialidades\/\" \/>\n<meta property=\"og:site_name\" content=\"Stift Admont\" \/>\n<meta property=\"article:published_time\" content=\"2025-04-29T09:16:48+00:00\" \/>\n<meta property=\"article:modified_time\" content=\"2025-04-29T13:03:59+00:00\" \/>\n<meta property=\"og:image\" content=\"https:\/\/stiftadmont.at\/wp-content\/uploads\/Klostermarkt-2024-cBrunthaler-Tanja_Stift-Admont-25-www-scaled.jpg\" \/>\n\t<meta property=\"og:image:width\" content=\"2560\" \/>\n\t<meta property=\"og:image:height\" content=\"1706\" \/>\n\t<meta property=\"og:image:type\" content=\"image\/jpeg\" \/>\n<meta name=\"author\" content=\"Mario Brandm\u00fcller\" \/>\n<meta name=\"twitter:card\" content=\"summary_large_image\" \/>\n<meta name=\"twitter:label1\" content=\"Escrito por\" \/>\n\t<meta name=\"twitter:data1\" content=\"Mario Brandm\u00fcller\" \/>\n\t<meta name=\"twitter:label2\" content=\"Tiempo de lectura\" \/>\n\t<meta name=\"twitter:data2\" content=\"1 minuto\" \/>\n<script type=\"application\/ld+json\" class=\"yoast-schema-graph\">{\"@context\":\"https:\/\/schema.org\",\"@graph\":[{\"@type\":\"Article\",\"@id\":\"https:\/\/stiftadmont.at\/blog\/spezialitatenmarkt\/#article\",\"isPartOf\":{\"@id\":\"https:\/\/stiftadmont.at\/blog\/spezialitatenmarkt\/\"},\"author\":{\"name\":\"Mario Brandm\u00fcller\",\"@id\":\"https:\/\/stiftadmont.at\/#\/schema\/person\/30535548b241d5f33a2e8b839db11869\"},\"headline\":\"Ges\u00e4use Spezialit\u00e4tenmarkt im Stift Admont\",\"datePublished\":\"2025-04-29T09:16:48+00:00\",\"dateModified\":\"2025-04-29T13:03:59+00:00\",\"mainEntityOfPage\":{\"@id\":\"https:\/\/stiftadmont.at\/blog\/spezialitatenmarkt\/\"},\"wordCount\":7,\"image\":{\"@id\":\"https:\/\/stiftadmont.at\/blog\/spezialitatenmarkt\/#primaryimage\"},\"thumbnailUrl\":\"https:\/\/stiftadmont.at\/wp-content\/uploads\/Klostermarkt-2024-cBrunthaler-Tanja_Stift-Admont-25-www-scaled.jpg\",\"articleSection\":[\"Einrichtungen aktuell\"],\"inLanguage\":\"es\"},{\"@type\":\"WebPage\",\"@id\":\"https:\/\/stiftadmont.at\/blog\/spezialitatenmarkt\/\",\"url\":\"https:\/\/stiftadmont.at\/blog\/spezialitatenmarkt\/\",\"name\":\"Ges\u00e4use Spezialit\u00e4tenmarkt im Stift Admont - Stift Admont\",\"isPartOf\":{\"@id\":\"https:\/\/stiftadmont.at\/#website\"},\"primaryImageOfPage\":{\"@id\":\"https:\/\/stiftadmont.at\/blog\/spezialitatenmarkt\/#primaryimage\"},\"image\":{\"@id\":\"https:\/\/stiftadmont.at\/blog\/spezialitatenmarkt\/#primaryimage\"},\"thumbnailUrl\":\"https:\/\/stiftadmont.at\/wp-content\/uploads\/Klostermarkt-2024-cBrunthaler-Tanja_Stift-Admont-25-www-scaled.jpg\",\"datePublished\":\"2025-04-29T09:16:48+00:00\",\"dateModified\":\"2025-04-29T13:03:59+00:00\",\"author\":{\"@id\":\"https:\/\/stiftadmont.at\/#\/schema\/person\/30535548b241d5f33a2e8b839db11869\"},\"description\":\"Lesen Sie aktuelle Informationen zum Thema Ges\u00e4use Spezialit\u00e4tenmarkt im Stift Admont und vieles mehr aus dem Konvent und der Pfarre Admont.\",\"breadcrumb\":{\"@id\":\"https:\/\/stiftadmont.at\/blog\/spezialitatenmarkt\/#breadcrumb\"},\"inLanguage\":\"es\",\"potentialAction\":[{\"@type\":\"ReadAction\",\"target\":[\"https:\/\/stiftadmont.at\/blog\/spezialitatenmarkt\/\"]}]},{\"@type\":\"ImageObject\",\"inLanguage\":\"es\",\"@id\":\"https:\/\/stiftadmont.at\/blog\/spezialitatenmarkt\/#primaryimage\",\"url\":\"https:\/\/stiftadmont.at\/wp-content\/uploads\/Klostermarkt-2024-cBrunthaler-Tanja_Stift-Admont-25-www-scaled.jpg\",\"contentUrl\":\"https:\/\/stiftadmont.at\/wp-content\/uploads\/Klostermarkt-2024-cBrunthaler-Tanja_Stift-Admont-25-www-scaled.jpg\",\"width\":2560,\"height\":1706,\"caption\":\"Klostermarkt 2024 (c)Brunthaler Tanja Stift Admont (25) www\"},{\"@type\":\"BreadcrumbList\",\"@id\":\"https:\/\/stiftadmont.at\/blog\/spezialitatenmarkt\/#breadcrumb\",\"itemListElement\":[{\"@type\":\"ListItem\",\"position\":1,\"name\":\"Start\",\"item\":\"https:\/\/stiftadmont.at\/\"},{\"@type\":\"ListItem\",\"position\":2,\"name\":\"Ges\u00e4use Spezialit\u00e4tenmarkt im Stift Admont\"}]},{\"@type\":\"WebSite\",\"@id\":\"https:\/\/stiftadmont.at\/#website\",\"url\":\"https:\/\/stiftadmont.at\/\",\"name\":\"Stift Admont\",\"description\":\"Benediktinerkloster und Sehensw\u00fcrdigkeit im Ges\u00e4use\",\"potentialAction\":[{\"@type\":\"SearchAction\",\"target\":{\"@type\":\"EntryPoint\",\"urlTemplate\":\"https:\/\/stiftadmont.at\/?s={search_term_string}\"},\"query-input\":{\"@type\":\"PropertyValueSpecification\",\"valueRequired\":true,\"valueName\":\"search_term_string\"}}],\"inLanguage\":\"es\"},{\"@type\":\"Person\",\"@id\":\"https:\/\/stiftadmont.at\/#\/schema\/person\/30535548b241d5f33a2e8b839db11869\",\"name\":\"Mario Brandm\u00fcller\"}]}<\/script>\n<!-- \/ Yoast SEO Premium plugin. -->","yoast_head_json":{"title":"Mercado de especialidades Ges\u00e4use en la Abad\u00eda de Admont - Abad\u00eda de Admont","description":"Lea la informaci\u00f3n m\u00e1s reciente sobre el mercado de especialidades Ges\u00e4use de la Abad\u00eda de Admont y mucho m\u00e1s sobre el convento y la parroquia de Admont.","robots":{"index":"index","follow":"follow","max-snippet":"max-snippet:-1","max-image-preview":"max-image-preview:large","max-video-preview":"max-video-preview:-1"},"canonical":"https:\/\/stiftadmont.at\/es\/blog\/mercado-de-especialidades\/","og_locale":"es_ES","og_type":"article","og_title":"Ges\u00e4use Spezialit\u00e4tenmarkt im Stift Admont","og_description":"Lesen Sie aktuelle Informationen zum Thema Ges\u00e4use Spezialit\u00e4tenmarkt im Stift Admont und vieles mehr aus dem Konvent und der Pfarre Admont.","og_url":"https:\/\/stiftadmont.at\/es\/blog\/mercado-de-especialidades\/","og_site_name":"Stift Admont","article_published_time":"2025-04-29T09:16:48+00:00","article_modified_time":"2025-04-29T13:03:59+00:00","og_image":[{"width":2560,"height":1706,"url":"https:\/\/stiftadmont.at\/wp-content\/uploads\/Klostermarkt-2024-cBrunthaler-Tanja_Stift-Admont-25-www-scaled.jpg","type":"image\/jpeg"}],"author":"Mario Brandm\u00fcller","twitter_card":"summary_large_image","twitter_misc":{"Escrito por":"Mario Brandm\u00fcller","Tiempo de lectura":"1 minuto"},"schema":{"@context":"https:\/\/schema.org","@graph":[{"@type":"Article","@id":"https:\/\/stiftadmont.at\/blog\/spezialitatenmarkt\/#article","isPartOf":{"@id":"https:\/\/stiftadmont.at\/blog\/spezialitatenmarkt\/"},"author":{"name":"Mario Brandm\u00fcller","@id":"https:\/\/stiftadmont.at\/#\/schema\/person\/30535548b241d5f33a2e8b839db11869"},"headline":"Ges\u00e4use Spezialit\u00e4tenmarkt im Stift Admont","datePublished":"2025-04-29T09:16:48+00:00","dateModified":"2025-04-29T13:03:59+00:00","mainEntityOfPage":{"@id":"https:\/\/stiftadmont.at\/blog\/spezialitatenmarkt\/"},"wordCount":7,"image":{"@id":"https:\/\/stiftadmont.at\/blog\/spezialitatenmarkt\/#primaryimage"},"thumbnailUrl":"https:\/\/stiftadmont.at\/wp-content\/uploads\/Klostermarkt-2024-cBrunthaler-Tanja_Stift-Admont-25-www-scaled.jpg","articleSection":["Einrichtungen aktuell"],"inLanguage":"es"},{"@type":"WebPage","@id":"https:\/\/stiftadmont.at\/blog\/spezialitatenmarkt\/","url":"https:\/\/stiftadmont.at\/blog\/spezialitatenmarkt\/","name":"Mercado de especialidades Ges\u00e4use en la Abad\u00eda de Admont - Abad\u00eda de Admont","isPartOf":{"@id":"https:\/\/stiftadmont.at\/#website"},"primaryImageOfPage":{"@id":"https:\/\/stiftadmont.at\/blog\/spezialitatenmarkt\/#primaryimage"},"image":{"@id":"https:\/\/stiftadmont.at\/blog\/spezialitatenmarkt\/#primaryimage"},"thumbnailUrl":"https:\/\/stiftadmont.at\/wp-content\/uploads\/Klostermarkt-2024-cBrunthaler-Tanja_Stift-Admont-25-www-scaled.jpg","datePublished":"2025-04-29T09:16:48+00:00","dateModified":"2025-04-29T13:03:59+00:00","author":{"@id":"https:\/\/stiftadmont.at\/#\/schema\/person\/30535548b241d5f33a2e8b839db11869"},"description":"Lea la informaci\u00f3n m\u00e1s reciente sobre el mercado de especialidades Ges\u00e4use de la Abad\u00eda de Admont y mucho m\u00e1s sobre el convento y la parroquia de Admont.","breadcrumb":{"@id":"https:\/\/stiftadmont.at\/blog\/spezialitatenmarkt\/#breadcrumb"},"inLanguage":"es","potentialAction":[{"@type":"ReadAction","target":["https:\/\/stiftadmont.at\/blog\/spezialitatenmarkt\/"]}]},{"@type":"ImageObject","inLanguage":"es","@id":"https:\/\/stiftadmont.at\/blog\/spezialitatenmarkt\/#primaryimage","url":"https:\/\/stiftadmont.at\/wp-content\/uploads\/Klostermarkt-2024-cBrunthaler-Tanja_Stift-Admont-25-www-scaled.jpg","contentUrl":"https:\/\/stiftadmont.at\/wp-content\/uploads\/Klostermarkt-2024-cBrunthaler-Tanja_Stift-Admont-25-www-scaled.jpg","width":2560,"height":1706,"caption":"Klostermarkt 2024 (c)Brunthaler Tanja Stift Admont (25) www"},{"@type":"BreadcrumbList","@id":"https:\/\/stiftadmont.at\/blog\/spezialitatenmarkt\/#breadcrumb","itemListElement":[{"@type":"ListItem","position":1,"name":"Start","item":"https:\/\/stiftadmont.at\/"},{"@type":"ListItem","position":2,"name":"Ges\u00e4use Spezialit\u00e4tenmarkt im Stift Admont"}]},{"@type":"WebSite","@id":"https:\/\/stiftadmont.at\/#website","url":"https:\/\/stiftadmont.at\/","name":"Abad\u00eda de Admont","description":"Monasterio benedictino y atracci\u00f3n tur\u00edstica en el Ges\u00e4use","potentialAction":[{"@type":"SearchAction","target":{"@type":"EntryPoint","urlTemplate":"https:\/\/stiftadmont.at\/?s={search_term_string}"},"query-input":{"@type":"PropertyValueSpecification","valueRequired":true,"valueName":"search_term_string"}}],"inLanguage":"es"},{"@type":"Person","@id":"https:\/\/stiftadmont.at\/#\/schema\/person\/30535548b241d5f33a2e8b839db11869","name":"Mario Brandm\u00fcller"}]}},"_links":{"self":[{"href":"https:\/\/stiftadmont.at\/es\/wp-json\/wp\/v2\/posts\/34676","targetHints":{"allow":["GET"]}}],"collection":[{"href":"https:\/\/stiftadmont.at\/es\/wp-json\/wp\/v2\/posts"}],"about":[{"href":"https:\/\/stiftadmont.at\/es\/wp-json\/wp\/v2\/types\/post"}],"author":[{"embeddable":true,"href":"https:\/\/stiftadmont.at\/es\/wp-json\/wp\/v2\/users\/7"}],"replies":[{"embeddable":true,"href":"https:\/\/stiftadmont.at\/es\/wp-json\/wp\/v2\/comments?post=34676"}],"version-history":[{"count":14,"href":"https:\/\/stiftadmont.at\/es\/wp-json\/wp\/v2\/posts\/34676\/revisions"}],"predecessor-version":[{"id":34693,"href":"https:\/\/stiftadmont.at\/es\/wp-json\/wp\/v2\/posts\/34676\/revisions\/34693"}],"wp:featuredmedia":[{"embeddable":true,"href":"https:\/\/stiftadmont.at\/es\/wp-json\/wp\/v2\/media\/29902"}],"wp:attachment":[{"href":"https:\/\/stiftadmont.at\/es\/wp-json\/wp\/v2\/media?parent=34676"}],"wp:term":[{"taxonomy":"category","embeddable":true,"href":"https:\/\/stiftadmont.at\/es\/wp-json\/wp\/v2\/categories?post=34676"}],"curies":[{"name":"wp","href":"https:\/\/api.w.org\/{rel}","templated":true}]}}