{"id":35521,"date":"2025-06-11T11:29:53","date_gmt":"2025-06-11T09:29:53","guid":{"rendered":"https:\/\/stiftadmont.at\/?p=35521"},"modified":"2025-06-11T12:01:47","modified_gmt":"2025-06-11T10:01:47","slug":"mercado-de-especialidades-junio-2025","status":"publish","type":"post","link":"https:\/\/stiftadmont.at\/es\/blog\/spezialitaetenmarkt-juni-2025\/","title":{"rendered":"Experimente la regionalidad: \u00a1disfrute de la calidad!"},"content":{"rendered":"<section id='lightpress__section--block_98ab67d7f1b5c3d19ad73b314d09aaf4' class='lightpress__section--default-section-space lightpress__section lightpress__section--content'><div class=\"content__inner\"\n         x-init=\"initContentBlockAnim($el)\">\n        \n    <div class=\"content__grid content__grid--fifty-fifty\">\n                                            <div class=\"content__box content__box\"\n                 style=\"\">\n                                \n                \n                                            <div class=\"prose\"><p>El s\u00e1bado 7 de junio de 2025 lleg\u00f3 de nuevo la hora: \u00a1el mercado de especialidades Ges\u00e4use trajo los tesoros culinarios de nuestra tierra directamente a la plaza del mercado!<\/p>\n<p>\u00a0<\/p>\n<p>Junto con la Abad\u00eda de Admont y la Stiftskeller, los siguientes expositores presentaron una variada selecci\u00f3n de delicias regionales:<\/p>\n<p>\u00a0<\/p>\n<p>-<span style=\"white-space: pre;\"> <\/span>sidra fresca y zumo de manzana de Veitlbauer<\/p>\n<p>-<span style=\"white-space: pre;\"> <\/span>Cerveza arom\u00e1tica de Gebr\u00fcder Hopfen<\/p>\n<p>-<span style=\"white-space: pre;\"> <\/span>Miel, productos derivados, prop\u00f3leos y la famosa perla Ges\u00e4use de Gerry Kettner<\/p>\n<p>-<span style=\"white-space: pre;\"> <\/span>cer\u00e1mica hecha a mano por Michaela Weissensteiner\u00a0<\/p>\n<p>-<span style=\"white-space: pre;\"> <\/span>sales finas de Marion Feuchter\u00a0<\/p>\n<p>-<span style=\"white-space: pre;\"> <\/span>Productos de fieltro de Doris Remschak<\/p>\n<p>-<span style=\"white-space: pre;\"> <\/span>pescado fresco de Daniel Braunsteiner<\/p>\n<p>-<span style=\"white-space: pre;\"> <\/span>Productos c\u00e1rnicos y embutidos de la carnicer\u00eda Pfeiler<\/p>\n<p>-<span style=\"white-space: pre;\"> <\/span>Huevos y pasta de Markus Riemelmoser<\/p>\n<p>-<span style=\"white-space: pre;\"> <\/span>Especias de Matthias M\u00fcndler<\/p>\n<p>-<span style=\"white-space: pre;\"> <\/span>Productos l\u00e1cteos de Striezelberger<\/p>\n<p>-<span style=\"white-space: pre;\"> <\/span>Productos c\u00e1rnicos de Steinhauser Hof<\/p>\n<p>\u00a0<\/p>\n<p><strong>Saboree la diversidad de nuestra regi\u00f3n y descubra la calidad de los productos locales.<\/strong><\/p>\n<p>\u00a0<\/p>\n<p>\ud83d\uddd3\ufe0f Otras fechas: 5 de julio | 2 de agosto | 6 de septiembre<\/p>\n<p>\ud83d\udd59 Hora: de 10:00 a 16:00 en cada caso<\/p>\n<p>\u00a0<\/p>\n<p><em>Fotos y v\u00eddeo (c) Tanja Brunthaler<\/em><\/p>\n<\/div>\n                    \n                            <\/div>\n        \n                                                    <div class=\"content__box content__box--2\"\n                     >\n                                        \n                                            \n                                                    <a href=\"https:\/\/stiftadmont.at\/wp-content\/uploads\/Spezialitaetenmarkt-.mp4\" class=\"content__video content__media\"\n                               x-data\n x-init=\"initContentLightBox('#lightpress__section--block_98ab67d7f1b5c3d19ad73b314d09aaf4 .content__video')\">\n                                                                                                                                <picture class=\"content__image\">\n                                    <source srcset=\"https:\/\/stiftadmont.at\/wp-content\/uploads\/Foto-Spezialitaetenmarkt-2025-1024x753.webp\" type=\"image\/webp\">\n                                    <source srcset=\"https:\/\/stiftadmont.at\/wp-content\/uploads\/Foto-Spezialitaetenmarkt-2025-1024x753.jpg\" type=\"image\/jpeg\">\n                                    <img decoding=\"async\" class=\"content__image\" loading=\"lazy\" src=\"https:\/\/stiftadmont.at\/wp-content\/uploads\/Foto-Spezialitaetenmarkt-2025-1024x753.png\" alt=\"Mercado de especialidades fotogr\u00e1ficas 2025\" width=\"600\" height=\"450\" \/>\n                                <\/picture>\n\n                                <span class=\"overlay-dark\"><\/span>\n                                <span class=\"content-overlay\"><\/span>\n                                <div class=\"content__plaque\">\n                                    <div class=\"content__plaque-inner\">\n                                        <span><i class=\"fas fa-play content__icon\"><\/i><\/span>\n                                        <p class=\"paragraph-m\">Jugar<\/p>\n                                    <\/div>\n                                <\/div>\n                            <\/a>\n                        \n                                    <\/div>\n            \n            <\/div>\n<\/div>\n\n<\/section>","protected":false},"excerpt":{"rendered":"<p>El s\u00e1bado 7 de junio de 2025 lleg\u00f3 de nuevo la hora: \u00a1el mercado de especialidades Ges\u00e4use trajo los tesoros culinarios de nuestra tierra directamente a la plaza del mercado!<\/p>","protected":false},"author":7,"featured_media":35522,"comment_status":"closed","ping_status":"closed","sticky":false,"template":"","format":"standard","meta":{"_acf_changed":false,"footnotes":""},"categories":[22],"class_list":["post-35521","post","type-post","status-publish","format-standard","has-post-thumbnail","hentry","category-kloster-aktuell"],"acf":[],"yoast_head":"<!-- This site is optimized with the Yoast SEO Premium plugin v26.0 (Yoast SEO v26.8) - https:\/\/yoast.com\/product\/yoast-seo-premium-wordpress\/ -->\n<title>Regionalit\u00e4t erleben \u2013 Qualit\u00e4t genie\u00dfen! - Stift Admont<\/title>\n<meta name=\"description\" content=\"Lesen Sie aktuelle Informationen zum Thema Regionalit\u00e4t erleben \u2013 Qualit\u00e4t genie\u00dfen! und vieles mehr aus dem Konvent und der Pfarre Admont.\" \/>\n<meta name=\"robots\" content=\"index, follow, max-snippet:-1, max-image-preview:large, max-video-preview:-1\" \/>\n<link rel=\"canonical\" href=\"https:\/\/stiftadmont.at\/es\/blog\/mercado-de-especialidades-junio-2025\/\" \/>\n<meta property=\"og:locale\" content=\"es_ES\" \/>\n<meta property=\"og:type\" content=\"article\" \/>\n<meta property=\"og:title\" content=\"Regionalit\u00e4t erleben \u2013 Qualit\u00e4t genie\u00dfen!\" \/>\n<meta property=\"og:description\" content=\"Lesen Sie aktuelle Informationen zum Thema Regionalit\u00e4t erleben \u2013 Qualit\u00e4t genie\u00dfen! und vieles mehr aus dem Konvent und der Pfarre Admont.\" \/>\n<meta property=\"og:url\" content=\"https:\/\/stiftadmont.at\/es\/blog\/mercado-de-especialidades-junio-2025\/\" \/>\n<meta property=\"og:site_name\" content=\"Stift Admont\" \/>\n<meta property=\"article:published_time\" content=\"2025-06-11T09:29:53+00:00\" \/>\n<meta property=\"article:modified_time\" content=\"2025-06-11T10:01:47+00:00\" \/>\n<meta property=\"og:image\" content=\"https:\/\/stiftadmont.at\/wp-content\/uploads\/Foto-Spezialitaetenmarkt-2025-1024x753.png\" \/>\n\t<meta property=\"og:image:width\" content=\"1024\" \/>\n\t<meta property=\"og:image:height\" content=\"753\" \/>\n\t<meta property=\"og:image:type\" content=\"image\/png\" \/>\n<meta name=\"author\" content=\"Mario Brandm\u00fcller\" \/>\n<meta name=\"twitter:card\" content=\"summary_large_image\" \/>\n<meta name=\"twitter:label1\" content=\"Escrito por\" \/>\n\t<meta name=\"twitter:data1\" content=\"Mario Brandm\u00fcller\" \/>\n\t<meta name=\"twitter:label2\" content=\"Tiempo de lectura\" \/>\n\t<meta name=\"twitter:data2\" content=\"1 minuto\" \/>\n<script type=\"application\/ld+json\" class=\"yoast-schema-graph\">{\"@context\":\"https:\/\/schema.org\",\"@graph\":[{\"@type\":\"Article\",\"@id\":\"https:\/\/stiftadmont.at\/blog\/spezialitaetenmarkt-juni-2025\/#article\",\"isPartOf\":{\"@id\":\"https:\/\/stiftadmont.at\/blog\/spezialitaetenmarkt-juni-2025\/\"},\"author\":{\"name\":\"Mario Brandm\u00fcller\",\"@id\":\"https:\/\/stiftadmont.at\/#\/schema\/person\/30535548b241d5f33a2e8b839db11869\"},\"headline\":\"Regionalit\u00e4t erleben \u2013 Qualit\u00e4t genie\u00dfen!\",\"datePublished\":\"2025-06-11T09:29:53+00:00\",\"dateModified\":\"2025-06-11T10:01:47+00:00\",\"mainEntityOfPage\":{\"@id\":\"https:\/\/stiftadmont.at\/blog\/spezialitaetenmarkt-juni-2025\/\"},\"wordCount\":7,\"image\":{\"@id\":\"https:\/\/stiftadmont.at\/blog\/spezialitaetenmarkt-juni-2025\/#primaryimage\"},\"thumbnailUrl\":\"https:\/\/stiftadmont.at\/wp-content\/uploads\/Foto-Spezialitaetenmarkt-2025.png\",\"articleSection\":[\"Kloster aktuell\"],\"inLanguage\":\"es\"},{\"@type\":\"WebPage\",\"@id\":\"https:\/\/stiftadmont.at\/blog\/spezialitaetenmarkt-juni-2025\/\",\"url\":\"https:\/\/stiftadmont.at\/blog\/spezialitaetenmarkt-juni-2025\/\",\"name\":\"Regionalit\u00e4t erleben \u2013 Qualit\u00e4t genie\u00dfen! - Stift Admont\",\"isPartOf\":{\"@id\":\"https:\/\/stiftadmont.at\/#website\"},\"primaryImageOfPage\":{\"@id\":\"https:\/\/stiftadmont.at\/blog\/spezialitaetenmarkt-juni-2025\/#primaryimage\"},\"image\":{\"@id\":\"https:\/\/stiftadmont.at\/blog\/spezialitaetenmarkt-juni-2025\/#primaryimage\"},\"thumbnailUrl\":\"https:\/\/stiftadmont.at\/wp-content\/uploads\/Foto-Spezialitaetenmarkt-2025.png\",\"datePublished\":\"2025-06-11T09:29:53+00:00\",\"dateModified\":\"2025-06-11T10:01:47+00:00\",\"author\":{\"@id\":\"https:\/\/stiftadmont.at\/#\/schema\/person\/30535548b241d5f33a2e8b839db11869\"},\"description\":\"Lesen Sie aktuelle Informationen zum Thema Regionalit\u00e4t erleben \u2013 Qualit\u00e4t genie\u00dfen! und vieles mehr aus dem Konvent und der Pfarre Admont.\",\"breadcrumb\":{\"@id\":\"https:\/\/stiftadmont.at\/blog\/spezialitaetenmarkt-juni-2025\/#breadcrumb\"},\"inLanguage\":\"es\",\"potentialAction\":[{\"@type\":\"ReadAction\",\"target\":[\"https:\/\/stiftadmont.at\/blog\/spezialitaetenmarkt-juni-2025\/\"]}]},{\"@type\":\"ImageObject\",\"inLanguage\":\"es\",\"@id\":\"https:\/\/stiftadmont.at\/blog\/spezialitaetenmarkt-juni-2025\/#primaryimage\",\"url\":\"https:\/\/stiftadmont.at\/wp-content\/uploads\/Foto-Spezialitaetenmarkt-2025.png\",\"contentUrl\":\"https:\/\/stiftadmont.at\/wp-content\/uploads\/Foto-Spezialitaetenmarkt-2025.png\",\"width\":1215,\"height\":894,\"caption\":\"Foto Spezialit\u00e4tenmarkt 2025\"},{\"@type\":\"BreadcrumbList\",\"@id\":\"https:\/\/stiftadmont.at\/blog\/spezialitaetenmarkt-juni-2025\/#breadcrumb\",\"itemListElement\":[{\"@type\":\"ListItem\",\"position\":1,\"name\":\"Start\",\"item\":\"https:\/\/stiftadmont.at\/\"},{\"@type\":\"ListItem\",\"position\":2,\"name\":\"Regionalit\u00e4t erleben \u2013 Qualit\u00e4t genie\u00dfen!\"}]},{\"@type\":\"WebSite\",\"@id\":\"https:\/\/stiftadmont.at\/#website\",\"url\":\"https:\/\/stiftadmont.at\/\",\"name\":\"Stift Admont\",\"description\":\"Benediktinerkloster und Sehensw\u00fcrdigkeit im Ges\u00e4use\",\"potentialAction\":[{\"@type\":\"SearchAction\",\"target\":{\"@type\":\"EntryPoint\",\"urlTemplate\":\"https:\/\/stiftadmont.at\/?s={search_term_string}\"},\"query-input\":{\"@type\":\"PropertyValueSpecification\",\"valueRequired\":true,\"valueName\":\"search_term_string\"}}],\"inLanguage\":\"es\"},{\"@type\":\"Person\",\"@id\":\"https:\/\/stiftadmont.at\/#\/schema\/person\/30535548b241d5f33a2e8b839db11869\",\"name\":\"Mario Brandm\u00fcller\"}]}<\/script>\n<!-- \/ Yoast SEO Premium plugin. -->","yoast_head_json":{"title":"Experimente la regionalidad: \u00a1disfrute de la calidad! - Abad\u00eda de Admont","description":"Lea la informaci\u00f3n m\u00e1s reciente sobre el tema \"Experimente la regionalidad - \u00a1disfrute de la calidad!\" y mucho m\u00e1s del convento y la parroquia de Admont.","robots":{"index":"index","follow":"follow","max-snippet":"max-snippet:-1","max-image-preview":"max-image-preview:large","max-video-preview":"max-video-preview:-1"},"canonical":"https:\/\/stiftadmont.at\/es\/blog\/mercado-de-especialidades-junio-2025\/","og_locale":"es_ES","og_type":"article","og_title":"Regionalit\u00e4t erleben \u2013 Qualit\u00e4t genie\u00dfen!","og_description":"Lesen Sie aktuelle Informationen zum Thema Regionalit\u00e4t erleben \u2013 Qualit\u00e4t genie\u00dfen! und vieles mehr aus dem Konvent und der Pfarre Admont.","og_url":"https:\/\/stiftadmont.at\/es\/blog\/mercado-de-especialidades-junio-2025\/","og_site_name":"Stift Admont","article_published_time":"2025-06-11T09:29:53+00:00","article_modified_time":"2025-06-11T10:01:47+00:00","og_image":[{"width":1024,"height":753,"url":"https:\/\/stiftadmont.at\/wp-content\/uploads\/Foto-Spezialitaetenmarkt-2025-1024x753.png","type":"image\/png"}],"author":"Mario Brandm\u00fcller","twitter_card":"summary_large_image","twitter_misc":{"Escrito por":"Mario Brandm\u00fcller","Tiempo de lectura":"1 minuto"},"schema":{"@context":"https:\/\/schema.org","@graph":[{"@type":"Article","@id":"https:\/\/stiftadmont.at\/blog\/spezialitaetenmarkt-juni-2025\/#article","isPartOf":{"@id":"https:\/\/stiftadmont.at\/blog\/spezialitaetenmarkt-juni-2025\/"},"author":{"name":"Mario Brandm\u00fcller","@id":"https:\/\/stiftadmont.at\/#\/schema\/person\/30535548b241d5f33a2e8b839db11869"},"headline":"Regionalit\u00e4t erleben \u2013 Qualit\u00e4t genie\u00dfen!","datePublished":"2025-06-11T09:29:53+00:00","dateModified":"2025-06-11T10:01:47+00:00","mainEntityOfPage":{"@id":"https:\/\/stiftadmont.at\/blog\/spezialitaetenmarkt-juni-2025\/"},"wordCount":7,"image":{"@id":"https:\/\/stiftadmont.at\/blog\/spezialitaetenmarkt-juni-2025\/#primaryimage"},"thumbnailUrl":"https:\/\/stiftadmont.at\/wp-content\/uploads\/Foto-Spezialitaetenmarkt-2025.png","articleSection":["Kloster aktuell"],"inLanguage":"es"},{"@type":"WebPage","@id":"https:\/\/stiftadmont.at\/blog\/spezialitaetenmarkt-juni-2025\/","url":"https:\/\/stiftadmont.at\/blog\/spezialitaetenmarkt-juni-2025\/","name":"Experimente la regionalidad: \u00a1disfrute de la calidad! - Abad\u00eda de Admont","isPartOf":{"@id":"https:\/\/stiftadmont.at\/#website"},"primaryImageOfPage":{"@id":"https:\/\/stiftadmont.at\/blog\/spezialitaetenmarkt-juni-2025\/#primaryimage"},"image":{"@id":"https:\/\/stiftadmont.at\/blog\/spezialitaetenmarkt-juni-2025\/#primaryimage"},"thumbnailUrl":"https:\/\/stiftadmont.at\/wp-content\/uploads\/Foto-Spezialitaetenmarkt-2025.png","datePublished":"2025-06-11T09:29:53+00:00","dateModified":"2025-06-11T10:01:47+00:00","author":{"@id":"https:\/\/stiftadmont.at\/#\/schema\/person\/30535548b241d5f33a2e8b839db11869"},"description":"Lea la informaci\u00f3n m\u00e1s reciente sobre el tema \"Experimente la regionalidad - \u00a1disfrute de la calidad!\" y mucho m\u00e1s del convento y la parroquia de Admont.","breadcrumb":{"@id":"https:\/\/stiftadmont.at\/blog\/spezialitaetenmarkt-juni-2025\/#breadcrumb"},"inLanguage":"es","potentialAction":[{"@type":"ReadAction","target":["https:\/\/stiftadmont.at\/blog\/spezialitaetenmarkt-juni-2025\/"]}]},{"@type":"ImageObject","inLanguage":"es","@id":"https:\/\/stiftadmont.at\/blog\/spezialitaetenmarkt-juni-2025\/#primaryimage","url":"https:\/\/stiftadmont.at\/wp-content\/uploads\/Foto-Spezialitaetenmarkt-2025.png","contentUrl":"https:\/\/stiftadmont.at\/wp-content\/uploads\/Foto-Spezialitaetenmarkt-2025.png","width":1215,"height":894,"caption":"Foto Spezialit\u00e4tenmarkt 2025"},{"@type":"BreadcrumbList","@id":"https:\/\/stiftadmont.at\/blog\/spezialitaetenmarkt-juni-2025\/#breadcrumb","itemListElement":[{"@type":"ListItem","position":1,"name":"Start","item":"https:\/\/stiftadmont.at\/"},{"@type":"ListItem","position":2,"name":"Regionalit\u00e4t erleben \u2013 Qualit\u00e4t genie\u00dfen!"}]},{"@type":"WebSite","@id":"https:\/\/stiftadmont.at\/#website","url":"https:\/\/stiftadmont.at\/","name":"Abad\u00eda de Admont","description":"Monasterio benedictino y atracci\u00f3n tur\u00edstica en el Ges\u00e4use","potentialAction":[{"@type":"SearchAction","target":{"@type":"EntryPoint","urlTemplate":"https:\/\/stiftadmont.at\/?s={search_term_string}"},"query-input":{"@type":"PropertyValueSpecification","valueRequired":true,"valueName":"search_term_string"}}],"inLanguage":"es"},{"@type":"Person","@id":"https:\/\/stiftadmont.at\/#\/schema\/person\/30535548b241d5f33a2e8b839db11869","name":"Mario Brandm\u00fcller"}]}},"_links":{"self":[{"href":"https:\/\/stiftadmont.at\/es\/wp-json\/wp\/v2\/posts\/35521","targetHints":{"allow":["GET"]}}],"collection":[{"href":"https:\/\/stiftadmont.at\/es\/wp-json\/wp\/v2\/posts"}],"about":[{"href":"https:\/\/stiftadmont.at\/es\/wp-json\/wp\/v2\/types\/post"}],"author":[{"embeddable":true,"href":"https:\/\/stiftadmont.at\/es\/wp-json\/wp\/v2\/users\/7"}],"replies":[{"embeddable":true,"href":"https:\/\/stiftadmont.at\/es\/wp-json\/wp\/v2\/comments?post=35521"}],"version-history":[{"count":12,"href":"https:\/\/stiftadmont.at\/es\/wp-json\/wp\/v2\/posts\/35521\/revisions"}],"predecessor-version":[{"id":35553,"href":"https:\/\/stiftadmont.at\/es\/wp-json\/wp\/v2\/posts\/35521\/revisions\/35553"}],"wp:featuredmedia":[{"embeddable":true,"href":"https:\/\/stiftadmont.at\/es\/wp-json\/wp\/v2\/media\/35522"}],"wp:attachment":[{"href":"https:\/\/stiftadmont.at\/es\/wp-json\/wp\/v2\/media?parent=35521"}],"wp:term":[{"taxonomy":"category","embeddable":true,"href":"https:\/\/stiftadmont.at\/es\/wp-json\/wp\/v2\/categories?post=35521"}],"curies":[{"name":"wp","href":"https:\/\/api.w.org\/{rel}","templated":true}]}}