{"id":39755,"date":"2026-02-20T09:35:12","date_gmt":"2026-02-20T07:35:12","guid":{"rendered":"https:\/\/stiftadmont.at\/?p=39755"},"modified":"2026-02-20T11:04:05","modified_gmt":"2026-02-20T09:04:05","slug":"ya-esta-en-linea-el-nuevo-programa-anual-2026","status":"publish","type":"post","link":"https:\/\/stiftadmont.at\/es\/blog\/neues-jahresprogramm-2026-ist-online\/","title":{"rendered":"Ya est\u00e1 en l\u00ednea el nuevo programa anual 2026"},"content":{"rendered":"<section id='lightpress__section--block_3f31c2b57985eb602e480adf7465b985' class='lightpress__section--default-section-space lightpress__section lightpress__section--content'><div class=\"content__inner\"\n         x-init=\"initContentBlockAnim($el)\">\n        \n    <div class=\"content__grid content__grid--fifty-fifty\">\n                                            <div class=\"content__box content__box\"\n                 style=\"\">\n                                \n                \n                                            <div class=\"prose\"><h5 class=\"heading-m line line-above line--gold\">Juntos hasta el a\u00f1o 2026: festivo, animado, inspirador<\/h5>\n<p>\u00a0<\/p>\n<p>Nos complace presentarle nuestro programa anual 2026, ya disponible en l\u00ednea.<\/p>\n<p>\u00a0<\/p>\n<p>Le espera un a\u00f1o variado y animado, con numerosos oficios religiosos y celebraciones festivas que reforzar\u00e1n nuestra fe com\u00fan y permitir\u00e1n momentos especiales de reflexi\u00f3n. Tambi\u00e9n le espera un variado programa de actos con conferencias, conciertos, encuentros y eventos culturales.<\/p>\n<p>\u00a0<\/p>\n<p>En 2026 se avecina un acontecimiento muy especial: \u00a1la biblioteca de nuestro monasterio celebra su 250 aniversario! Durante un cuarto de milenio, ha sido un lugar de conocimiento, espiritualidad e historia.\u00a0<\/p>\n<\/div>\n                    \n                            <\/div>\n        \n                                                    <div class=\"content__box content__box--2\"\n                     >\n                                        \n                    \n                                                    <div class=\"prose\"><p>Nuestros museos tambi\u00e9n le invitan a descubrir y maravillarse con nuevas exposiciones especiales. Las presentaciones, cuidadosamente comisariadas, ofrecen una visi\u00f3n apasionante del arte, la historia y la vida mon\u00e1stica.<\/p>\n<p>\u00a0<\/p>\n<p>Tambi\u00e9n hemos preparado un magn\u00edfico programa para nuestros visitantes m\u00e1s j\u00f3venes: Un variado programa infantil en el museo con talleres, actividades pr\u00e1cticas y emocionantes visitas guiadas garantiza experiencias creativas y divertidas.<\/p>\n<p>\u00a0<\/p>\n<p>Eche un vistazo a nuestro nuevo programa anual 2026 y d\u00e9jese inspirar.<\/p>\n<p>\u00a0<\/p>\n<p>Esperamos poder darle la bienvenida a nuestros eventos.<\/p>\n<p>\u00a0<\/p>\n<p><strong>\u00a1Divi\u00e9rtase descubriendo!<\/strong><\/p>\n<\/div>\n                        \n                                    <\/div>\n            \n            <\/div>\n<\/div>\n\n<\/section>\n\n<section id='lightpress__section--block_2e57ea3648e25124b3864bb5093ba082' class='lightpress__section--default-section-space lightpress__section lightpress__section--content'><div class=\"content__inner\"\n         x-init=\"initContentBlockAnim($el)\">\n        \n    <div class=\"content__grid content__grid\">\n                                            <div class=\"content__box content__box--one-hundred\"\n                 style=\"\">\n                                \n                \n                                            <div class=\"prose\"><p><span style=\"color: #555555; font-family: Nunito, sans-serif; font-size: 13px; background-color: rgba(153, 153, 153, 0.1);\"><div class=\"_df_book df-lite\" id=\"df_39749\"  _slug=\"jahresprogramm-2026-museum\" data-title=\"jahresprogramm-2026-museum\" wpoptions=\"true\" thumbtype=\"\" ><\/div><script class=\"df-shortcode-script\" nowprocket type=\"application\/javascript\">window.option_df_39749 = {\"outline\":[],\"autoEnableOutline\":\"false\",\"autoEnableThumbnail\":\"false\",\"overwritePDFOutline\":\"false\",\"direction\":\"1\",\"pageSize\":\"0\",\"source\":\"https:\\\/\\\/stiftadmont.at\\\/wp-content\\\/uploads\\\/STIFT_Jahresprogramm-2026_A5quer_prevFin.pdf\",\"wpOptions\":\"true\"}; if(window.DFLIP && window.DFLIP.parseBooks){window.DFLIP.parseBooks();}<\/script><\/span><\/p>\n<\/div>\n                    \n                            <\/div>\n        \n            <\/div>\n<\/div>\n\n<\/section>","protected":false},"excerpt":{"rendered":"<p>Nos complace presentarle nuestro programa anual 2026, ya disponible en l\u00ednea.<\/p>","protected":false},"author":7,"featured_media":15141,"comment_status":"closed","ping_status":"closed","sticky":false,"template":"","format":"standard","meta":{"_acf_changed":false,"footnotes":""},"categories":[23],"class_list":["post-39755","post","type-post","status-publish","format-standard","has-post-thumbnail","hentry","category-einrichtungen-aktuell"],"acf":[],"yoast_head":"<!-- This site is optimized with the Yoast SEO Premium plugin v26.0 (Yoast SEO v26.8) - https:\/\/yoast.com\/product\/yoast-seo-premium-wordpress\/ -->\n<title>Neues Jahresprogramm 2026 ist online! - Stift Admont<\/title>\n<meta name=\"description\" content=\"Lesen Sie aktuelle Informationen zum Thema Neues Jahresprogramm 2026 ist online! und vieles mehr aus dem Konvent und der Pfarre Admont.\" \/>\n<meta name=\"robots\" content=\"index, follow, max-snippet:-1, max-image-preview:large, max-video-preview:-1\" \/>\n<link rel=\"canonical\" href=\"https:\/\/stiftadmont.at\/es\/blog\/ya-esta-en-linea-el-nuevo-programa-anual-2026\/\" \/>\n<meta property=\"og:locale\" content=\"es_ES\" \/>\n<meta property=\"og:type\" content=\"article\" \/>\n<meta property=\"og:title\" content=\"Neues Jahresprogramm 2026 ist online!\" \/>\n<meta property=\"og:description\" content=\"Lesen Sie aktuelle Informationen zum Thema Neues Jahresprogramm 2026 ist online! und vieles mehr aus dem Konvent und der Pfarre Admont.\" \/>\n<meta property=\"og:url\" content=\"https:\/\/stiftadmont.at\/es\/blog\/ya-esta-en-linea-el-nuevo-programa-anual-2026\/\" \/>\n<meta property=\"og:site_name\" content=\"Stift Admont\" \/>\n<meta property=\"article:published_time\" content=\"2026-02-20T07:35:12+00:00\" \/>\n<meta property=\"article:modified_time\" content=\"2026-02-20T09:04:05+00:00\" \/>\n<meta property=\"og:image\" content=\"https:\/\/stiftadmont.at\/wp-content\/uploads\/\u00a9Thomas-Sattler_Kinder-Bibliothek-1024x682.jpg\" \/>\n\t<meta property=\"og:image:width\" content=\"1024\" \/>\n\t<meta property=\"og:image:height\" content=\"682\" \/>\n\t<meta property=\"og:image:type\" content=\"image\/jpeg\" \/>\n<meta name=\"author\" content=\"Mario Brandm\u00fcller\" \/>\n<meta name=\"twitter:card\" content=\"summary_large_image\" \/>\n<meta name=\"twitter:label1\" content=\"Escrito por\" \/>\n\t<meta name=\"twitter:data1\" content=\"Mario Brandm\u00fcller\" \/>\n\t<meta name=\"twitter:label2\" content=\"Tiempo de lectura\" \/>\n\t<meta name=\"twitter:data2\" content=\"1 minuto\" \/>\n<script type=\"application\/ld+json\" class=\"yoast-schema-graph\">{\"@context\":\"https:\/\/schema.org\",\"@graph\":[{\"@type\":\"Article\",\"@id\":\"https:\/\/stiftadmont.at\/blog\/neues-jahresprogramm-2026-ist-online\/#article\",\"isPartOf\":{\"@id\":\"https:\/\/stiftadmont.at\/blog\/neues-jahresprogramm-2026-ist-online\/\"},\"author\":{\"name\":\"Mario Brandm\u00fcller\",\"@id\":\"https:\/\/stiftadmont.at\/#\/schema\/person\/30535548b241d5f33a2e8b839db11869\"},\"headline\":\"Neues Jahresprogramm 2026 ist online!\",\"datePublished\":\"2026-02-20T07:35:12+00:00\",\"dateModified\":\"2026-02-20T09:04:05+00:00\",\"mainEntityOfPage\":{\"@id\":\"https:\/\/stiftadmont.at\/blog\/neues-jahresprogramm-2026-ist-online\/\"},\"wordCount\":4,\"image\":{\"@id\":\"https:\/\/stiftadmont.at\/blog\/neues-jahresprogramm-2026-ist-online\/#primaryimage\"},\"thumbnailUrl\":\"https:\/\/stiftadmont.at\/wp-content\/uploads\/\u00a9Thomas-Sattler_Kinder-Bibliothek.jpg\",\"articleSection\":[\"Einrichtungen aktuell\"],\"inLanguage\":\"es\"},{\"@type\":\"WebPage\",\"@id\":\"https:\/\/stiftadmont.at\/blog\/neues-jahresprogramm-2026-ist-online\/\",\"url\":\"https:\/\/stiftadmont.at\/blog\/neues-jahresprogramm-2026-ist-online\/\",\"name\":\"Neues Jahresprogramm 2026 ist online! - Stift Admont\",\"isPartOf\":{\"@id\":\"https:\/\/stiftadmont.at\/#website\"},\"primaryImageOfPage\":{\"@id\":\"https:\/\/stiftadmont.at\/blog\/neues-jahresprogramm-2026-ist-online\/#primaryimage\"},\"image\":{\"@id\":\"https:\/\/stiftadmont.at\/blog\/neues-jahresprogramm-2026-ist-online\/#primaryimage\"},\"thumbnailUrl\":\"https:\/\/stiftadmont.at\/wp-content\/uploads\/\u00a9Thomas-Sattler_Kinder-Bibliothek.jpg\",\"datePublished\":\"2026-02-20T07:35:12+00:00\",\"dateModified\":\"2026-02-20T09:04:05+00:00\",\"author\":{\"@id\":\"https:\/\/stiftadmont.at\/#\/schema\/person\/30535548b241d5f33a2e8b839db11869\"},\"description\":\"Lesen Sie aktuelle Informationen zum Thema Neues Jahresprogramm 2026 ist online! und vieles mehr aus dem Konvent und der Pfarre Admont.\",\"breadcrumb\":{\"@id\":\"https:\/\/stiftadmont.at\/blog\/neues-jahresprogramm-2026-ist-online\/#breadcrumb\"},\"inLanguage\":\"es\",\"potentialAction\":[{\"@type\":\"ReadAction\",\"target\":[\"https:\/\/stiftadmont.at\/blog\/neues-jahresprogramm-2026-ist-online\/\"]}]},{\"@type\":\"ImageObject\",\"inLanguage\":\"es\",\"@id\":\"https:\/\/stiftadmont.at\/blog\/neues-jahresprogramm-2026-ist-online\/#primaryimage\",\"url\":\"https:\/\/stiftadmont.at\/wp-content\/uploads\/\u00a9Thomas-Sattler_Kinder-Bibliothek.jpg\",\"contentUrl\":\"https:\/\/stiftadmont.at\/wp-content\/uploads\/\u00a9Thomas-Sattler_Kinder-Bibliothek.jpg\",\"width\":1732,\"height\":1154,\"caption\":\"\u00a9Thomas Sattler Kinder Bibliothek\"},{\"@type\":\"BreadcrumbList\",\"@id\":\"https:\/\/stiftadmont.at\/blog\/neues-jahresprogramm-2026-ist-online\/#breadcrumb\",\"itemListElement\":[{\"@type\":\"ListItem\",\"position\":1,\"name\":\"Start\",\"item\":\"https:\/\/stiftadmont.at\/\"},{\"@type\":\"ListItem\",\"position\":2,\"name\":\"Neues Jahresprogramm 2026 ist online!\"}]},{\"@type\":\"WebSite\",\"@id\":\"https:\/\/stiftadmont.at\/#website\",\"url\":\"https:\/\/stiftadmont.at\/\",\"name\":\"Stift Admont\",\"description\":\"Benediktinerkloster und Sehensw\u00fcrdigkeit im Ges\u00e4use\",\"potentialAction\":[{\"@type\":\"SearchAction\",\"target\":{\"@type\":\"EntryPoint\",\"urlTemplate\":\"https:\/\/stiftadmont.at\/?s={search_term_string}\"},\"query-input\":{\"@type\":\"PropertyValueSpecification\",\"valueRequired\":true,\"valueName\":\"search_term_string\"}}],\"inLanguage\":\"es\"},{\"@type\":\"Person\",\"@id\":\"https:\/\/stiftadmont.at\/#\/schema\/person\/30535548b241d5f33a2e8b839db11869\",\"name\":\"Mario Brandm\u00fcller\"}]}<\/script>\n<!-- \/ Yoast SEO Premium plugin. -->","yoast_head_json":{"title":"Ya est\u00e1 en l\u00ednea el nuevo programa anual 2026 - Abad\u00eda de Admont","description":"Lea la informaci\u00f3n m\u00e1s reciente sobre \u00a1Nuevo programa anual 2026 est\u00e1 en l\u00ednea! y mucho m\u00e1s sobre el convento y la parroquia de Admont.","robots":{"index":"index","follow":"follow","max-snippet":"max-snippet:-1","max-image-preview":"max-image-preview:large","max-video-preview":"max-video-preview:-1"},"canonical":"https:\/\/stiftadmont.at\/es\/blog\/ya-esta-en-linea-el-nuevo-programa-anual-2026\/","og_locale":"es_ES","og_type":"article","og_title":"Neues Jahresprogramm 2026 ist online!","og_description":"Lesen Sie aktuelle Informationen zum Thema Neues Jahresprogramm 2026 ist online! und vieles mehr aus dem Konvent und der Pfarre Admont.","og_url":"https:\/\/stiftadmont.at\/es\/blog\/ya-esta-en-linea-el-nuevo-programa-anual-2026\/","og_site_name":"Stift Admont","article_published_time":"2026-02-20T07:35:12+00:00","article_modified_time":"2026-02-20T09:04:05+00:00","og_image":[{"width":1024,"height":682,"url":"https:\/\/stiftadmont.at\/wp-content\/uploads\/\u00a9Thomas-Sattler_Kinder-Bibliothek-1024x682.jpg","type":"image\/jpeg"}],"author":"Mario Brandm\u00fcller","twitter_card":"summary_large_image","twitter_misc":{"Escrito por":"Mario Brandm\u00fcller","Tiempo de lectura":"1 minuto"},"schema":{"@context":"https:\/\/schema.org","@graph":[{"@type":"Article","@id":"https:\/\/stiftadmont.at\/blog\/neues-jahresprogramm-2026-ist-online\/#article","isPartOf":{"@id":"https:\/\/stiftadmont.at\/blog\/neues-jahresprogramm-2026-ist-online\/"},"author":{"name":"Mario Brandm\u00fcller","@id":"https:\/\/stiftadmont.at\/#\/schema\/person\/30535548b241d5f33a2e8b839db11869"},"headline":"Neues Jahresprogramm 2026 ist online!","datePublished":"2026-02-20T07:35:12+00:00","dateModified":"2026-02-20T09:04:05+00:00","mainEntityOfPage":{"@id":"https:\/\/stiftadmont.at\/blog\/neues-jahresprogramm-2026-ist-online\/"},"wordCount":4,"image":{"@id":"https:\/\/stiftadmont.at\/blog\/neues-jahresprogramm-2026-ist-online\/#primaryimage"},"thumbnailUrl":"https:\/\/stiftadmont.at\/wp-content\/uploads\/\u00a9Thomas-Sattler_Kinder-Bibliothek.jpg","articleSection":["Einrichtungen aktuell"],"inLanguage":"es"},{"@type":"WebPage","@id":"https:\/\/stiftadmont.at\/blog\/neues-jahresprogramm-2026-ist-online\/","url":"https:\/\/stiftadmont.at\/blog\/neues-jahresprogramm-2026-ist-online\/","name":"Ya est\u00e1 en l\u00ednea el nuevo programa anual 2026 - Abad\u00eda de Admont","isPartOf":{"@id":"https:\/\/stiftadmont.at\/#website"},"primaryImageOfPage":{"@id":"https:\/\/stiftadmont.at\/blog\/neues-jahresprogramm-2026-ist-online\/#primaryimage"},"image":{"@id":"https:\/\/stiftadmont.at\/blog\/neues-jahresprogramm-2026-ist-online\/#primaryimage"},"thumbnailUrl":"https:\/\/stiftadmont.at\/wp-content\/uploads\/\u00a9Thomas-Sattler_Kinder-Bibliothek.jpg","datePublished":"2026-02-20T07:35:12+00:00","dateModified":"2026-02-20T09:04:05+00:00","author":{"@id":"https:\/\/stiftadmont.at\/#\/schema\/person\/30535548b241d5f33a2e8b839db11869"},"description":"Lea la informaci\u00f3n m\u00e1s reciente sobre \u00a1Nuevo programa anual 2026 est\u00e1 en l\u00ednea! y mucho m\u00e1s sobre el convento y la parroquia de Admont.","breadcrumb":{"@id":"https:\/\/stiftadmont.at\/blog\/neues-jahresprogramm-2026-ist-online\/#breadcrumb"},"inLanguage":"es","potentialAction":[{"@type":"ReadAction","target":["https:\/\/stiftadmont.at\/blog\/neues-jahresprogramm-2026-ist-online\/"]}]},{"@type":"ImageObject","inLanguage":"es","@id":"https:\/\/stiftadmont.at\/blog\/neues-jahresprogramm-2026-ist-online\/#primaryimage","url":"https:\/\/stiftadmont.at\/wp-content\/uploads\/\u00a9Thomas-Sattler_Kinder-Bibliothek.jpg","contentUrl":"https:\/\/stiftadmont.at\/wp-content\/uploads\/\u00a9Thomas-Sattler_Kinder-Bibliothek.jpg","width":1732,"height":1154,"caption":"\u00a9Thomas Sattler Kinder Bibliothek"},{"@type":"BreadcrumbList","@id":"https:\/\/stiftadmont.at\/blog\/neues-jahresprogramm-2026-ist-online\/#breadcrumb","itemListElement":[{"@type":"ListItem","position":1,"name":"Start","item":"https:\/\/stiftadmont.at\/"},{"@type":"ListItem","position":2,"name":"Neues Jahresprogramm 2026 ist online!"}]},{"@type":"WebSite","@id":"https:\/\/stiftadmont.at\/#website","url":"https:\/\/stiftadmont.at\/","name":"Abad\u00eda de Admont","description":"Monasterio benedictino y atracci\u00f3n tur\u00edstica en el Ges\u00e4use","potentialAction":[{"@type":"SearchAction","target":{"@type":"EntryPoint","urlTemplate":"https:\/\/stiftadmont.at\/?s={search_term_string}"},"query-input":{"@type":"PropertyValueSpecification","valueRequired":true,"valueName":"search_term_string"}}],"inLanguage":"es"},{"@type":"Person","@id":"https:\/\/stiftadmont.at\/#\/schema\/person\/30535548b241d5f33a2e8b839db11869","name":"Mario Brandm\u00fcller"}]}},"_links":{"self":[{"href":"https:\/\/stiftadmont.at\/es\/wp-json\/wp\/v2\/posts\/39755","targetHints":{"allow":["GET"]}}],"collection":[{"href":"https:\/\/stiftadmont.at\/es\/wp-json\/wp\/v2\/posts"}],"about":[{"href":"https:\/\/stiftadmont.at\/es\/wp-json\/wp\/v2\/types\/post"}],"author":[{"embeddable":true,"href":"https:\/\/stiftadmont.at\/es\/wp-json\/wp\/v2\/users\/7"}],"replies":[{"embeddable":true,"href":"https:\/\/stiftadmont.at\/es\/wp-json\/wp\/v2\/comments?post=39755"}],"version-history":[{"count":5,"href":"https:\/\/stiftadmont.at\/es\/wp-json\/wp\/v2\/posts\/39755\/revisions"}],"predecessor-version":[{"id":39760,"href":"https:\/\/stiftadmont.at\/es\/wp-json\/wp\/v2\/posts\/39755\/revisions\/39760"}],"wp:featuredmedia":[{"embeddable":true,"href":"https:\/\/stiftadmont.at\/es\/wp-json\/wp\/v2\/media\/15141"}],"wp:attachment":[{"href":"https:\/\/stiftadmont.at\/es\/wp-json\/wp\/v2\/media?parent=39755"}],"wp:term":[{"taxonomy":"category","embeddable":true,"href":"https:\/\/stiftadmont.at\/es\/wp-json\/wp\/v2\/categories?post=39755"}],"curies":[{"name":"wp","href":"https:\/\/api.w.org\/{rel}","templated":true}]}}