{"id":39764,"date":"2026-02-18T19:30:00","date_gmt":"2026-02-18T17:30:00","guid":{"rendered":"https:\/\/stiftadmont.at\/?p=39764"},"modified":"2026-02-20T13:31:27","modified_gmt":"2026-02-20T11:31:27","slug":"miercoles-de-ceniza-2026","status":"publish","type":"post","link":"https:\/\/stiftadmont.at\/es\/blog\/aschermittwoch-2026\/","title":{"rendered":"Mi\u00e9rcoles de Ceniza de 2026"},"content":{"rendered":"<section id='lightpress__section--block_046132b583225ef135b3d1693f1773da' class='lightpress__section--default-section-space lightpress__section lightpress__section--content'><div class=\"content__inner\"\n         x-init=\"initContentBlockAnim($el)\">\n        \n    <div class=\"content__grid content__grid\">\n                                            <div class=\"content__box content__box--one-hundred\"\n                 style=\"\">\n                                \n                \n                                            <div class=\"prose\"><h5 class=\"heading-m line line-above line--gold\">Aschermittwoch 2026<\/h5>\n<p>\u00a0<\/p>\n<p><strong>Mittwoch, 18. Februar 2026<\/strong><\/p>\n<p>\u00a0<\/p>\n<p>Der <strong>Aschermittwoch <\/strong>ist ein wichtiger Tag im christlichen Kirchenjahr und markiert den Beginn der 40-t\u00e4gigen Fastenzeit vor Ostern. Er folgt auf den Fasching. In Gottesdiensten erhalten die Gl\u00e4ubigen ein Aschekreuz auf die Stirn, meist mit den Worten: \u201eBedenke, Mensch, dass du Staub bist und zum Staub zur\u00fcckkehrst.\u201c oder &#8222;Kehre um und glaube an das Evangelium.&#8220;<\/p>\n<p>\u00a0<\/p>\n<p>Die Asche symbolisiert Verg\u00e4nglichkeit, Besinnung und Neuanfang. Viele Menschen nutzen diese Zeit, um bewusst zu fasten, Gewohnheiten zu \u00fcberdenken oder sich st\u00e4rker auf ihren Glauben zu konzentrieren. Der Aschermittwoch steht somit f\u00fcr Umkehr, innerliche Reinigung und Vorbereitung auf das Osterfest.<\/p>\n<p>\u00a0<\/p>\n<p><span style=\"text-decoration: underline;\"><strong>Aus der Predigt des Abtes:<\/strong><\/span><br \/><strong>Lebe das Evangelium Jesu Christi, was du verstanden hast und sei es noch so wenig, aber lebe es.<\/strong><\/p>\n<\/div>\n                    \n                            <\/div>\n        \n            <\/div>\n<\/div>\n\n<\/section>\n\n<section id='lightpress__section--block_dc92d818cb07fb82c1405d3fa422f211' class='lightpress__section--default-section-space lightpress__section lightpress__section--image-slider'>\n<div class=\"image-slider\"\n     x-data=\"{ gallery: null, shown: false }\"\n     x-init=\"gallery = initSliderGallery([{&quot;href&quot;:&quot;https:\\\/\\\/stiftadmont.at\\\/wp-content\\\/uploads\\\/StiftAdmont_Aschermittwoch_IMG_8063fr.Benedikt-1920x1440.jpg&quot;,&quot;type&quot;:&quot;image&quot;},{&quot;href&quot;:&quot;https:\\\/\\\/stiftadmont.at\\\/wp-content\\\/uploads\\\/Aschermittwoch-5.jpg&quot;,&quot;type&quot;:&quot;image&quot;},{&quot;href&quot;:&quot;https:\\\/\\\/stiftadmont.at\\\/wp-content\\\/uploads\\\/Aschermittwoch-1.jpg&quot;,&quot;type&quot;:&quot;image&quot;},{&quot;href&quot;:&quot;https:\\\/\\\/stiftadmont.at\\\/wp-content\\\/uploads\\\/Aschermittwoch-3.jpg&quot;,&quot;type&quot;:&quot;image&quot;},{&quot;href&quot;:&quot;https:\\\/\\\/stiftadmont.at\\\/wp-content\\\/uploads\\\/Aschermittwoch-4.jpg&quot;,&quot;type&quot;:&quot;image&quot;}]); initImageSliderBlockAnim($el);\">\n    <div class=\"image-slider__inner\">\n\n        <div class=\"swiper-container\" x-init=\"initImageSliderBlock($el, $refs.btnPrev, $refs.btnNext)\">\n            <div class=\"swiper-wrapper\">\n                                    <div class=\"swiper-slide\">\n                        <div class=\"image-slider__media\">\n                            <img decoding=\"async\" class=\"image-slider__image\"\n                                 src=\"https:\/\/stiftadmont.at\/wp-content\/uploads\/StiftAdmont_Aschermittwoch_IMG_8063fr.Benedikt-768x576.jpg\"\n                                 alt=\"StiftAdmont Aschermittwoch IMG (fr Benedikt)\">\n                        <\/div>\n                    <\/div>\n                                    <div class=\"swiper-slide\">\n                        <div class=\"image-slider__media\">\n                            <img decoding=\"async\" class=\"image-slider__image\"\n                                 src=\"https:\/\/stiftadmont.at\/wp-content\/uploads\/Aschermittwoch-5-768x971.jpg\"\n                                 alt=\"Aschermittwoch\">\n                        <\/div>\n                    <\/div>\n                                    <div class=\"swiper-slide\">\n                        <div class=\"image-slider__media\">\n                            <img decoding=\"async\" class=\"image-slider__image\"\n                                 src=\"https:\/\/stiftadmont.at\/wp-content\/uploads\/Aschermittwoch-1-768x578.jpg\"\n                                 alt=\"Aschermittwoch\">\n                        <\/div>\n                    <\/div>\n                                    <div class=\"swiper-slide\">\n                        <div class=\"image-slider__media\">\n                            <img decoding=\"async\" class=\"image-slider__image\"\n                                 src=\"https:\/\/stiftadmont.at\/wp-content\/uploads\/Aschermittwoch-3-768x565.jpg\"\n                                 alt=\"Aschermittwoch\">\n                        <\/div>\n                    <\/div>\n                                    <div class=\"swiper-slide\">\n                        <div class=\"image-slider__media\">\n                            <img decoding=\"async\" class=\"image-slider__image\"\n                                 src=\"https:\/\/stiftadmont.at\/wp-content\/uploads\/Aschermittwoch-4-768x505.jpg\"\n                                 alt=\"Aschermittwoch\">\n                        <\/div>\n                    <\/div>\n                            <\/div>\n\n            <div class=\"swiper-nav-wrapper\">\n                <button class=\"swiper-button-prev slider-button--prev\" x-ref=\"btnPrev\"\n                        aria-label=\"Vorige Bilder anzeigen\">\n                    <img decoding=\"async\" src=\"\/wp-content\/themes\/stift-admont\/src\/assets\/img\/arrow-left-big-new.svg\" alt=\"Pfeil nach Links\">\n                <\/button>\n\n\n                <a class=\"image-slider__gallery\" @click=\"openGallery(gallery)\"><i class=\"fa-thin fa-plus\"><\/i><\/a>\n                <button class=\"swiper-button-next slider-button--next\"\n                        x-ref=\"btnNext\"\n                        aria-label=\"N\u00e4chste Bilder anzeigen\">\n                    <img decoding=\"async\" src=\"\/wp-content\/themes\/stift-admont\/src\/assets\/img\/arrow-right-big-new.svg\" alt=\"Pfeil nach Rechts\">\n                <\/button>\n            <\/div>\n        <\/div>\n    <\/div>\n\n\n<\/div><\/section>","protected":false},"excerpt":{"rendered":"<p>El Mi\u00e9rcoles de Ceniza es un d\u00eda importante en el a\u00f1o eclesi\u00e1stico cristiano y marca el comienzo del periodo de 40 d\u00edas de ayuno antes de Pascua. Sigue al Carnaval y pone fin a la exuberante temporada festiva. <\/p>","protected":false},"author":18,"featured_media":39770,"comment_status":"closed","ping_status":"closed","sticky":false,"template":"","format":"standard","meta":{"_acf_changed":false,"footnotes":""},"categories":[22],"class_list":["post-39764","post","type-post","status-publish","format-standard","has-post-thumbnail","hentry","category-kloster-aktuell"],"acf":[],"yoast_head":"<!-- This site is optimized with the Yoast SEO Premium plugin v26.0 (Yoast SEO v26.8) - https:\/\/yoast.com\/product\/yoast-seo-premium-wordpress\/ -->\n<title>Aschermittwoch 2026 - Stift Admont<\/title>\n<meta name=\"description\" content=\"Lesen Sie aktuelle Informationen zum Thema Aschermittwoch 2026 und vieles mehr aus dem Konvent und der Pfarre Admont.\" \/>\n<meta name=\"robots\" content=\"index, follow, max-snippet:-1, max-image-preview:large, max-video-preview:-1\" \/>\n<link rel=\"canonical\" href=\"https:\/\/stiftadmont.at\/es\/blog\/miercoles-de-ceniza-2026\/\" \/>\n<meta property=\"og:locale\" content=\"es_ES\" \/>\n<meta property=\"og:type\" content=\"article\" \/>\n<meta property=\"og:title\" content=\"Aschermittwoch 2026\" \/>\n<meta property=\"og:description\" content=\"Lesen Sie aktuelle Informationen zum Thema Aschermittwoch 2026 und vieles mehr aus dem Konvent und der Pfarre Admont.\" \/>\n<meta property=\"og:url\" content=\"https:\/\/stiftadmont.at\/es\/blog\/miercoles-de-ceniza-2026\/\" \/>\n<meta property=\"og:site_name\" content=\"Stift Admont\" \/>\n<meta property=\"article:published_time\" content=\"2026-02-18T17:30:00+00:00\" \/>\n<meta property=\"article:modified_time\" content=\"2026-02-20T11:31:27+00:00\" \/>\n<meta property=\"og:image\" content=\"https:\/\/stiftadmont.at\/wp-content\/uploads\/Aschermittwoch-2.jpg\" \/>\n\t<meta property=\"og:image:width\" content=\"1641\" \/>\n\t<meta property=\"og:image:height\" content=\"1209\" \/>\n\t<meta property=\"og:image:type\" content=\"image\/jpeg\" \/>\n<meta name=\"author\" content=\"Barbara Kettner\" \/>\n<meta name=\"twitter:card\" content=\"summary_large_image\" \/>\n<meta name=\"twitter:label1\" content=\"Escrito por\" \/>\n\t<meta name=\"twitter:data1\" content=\"Barbara Kettner\" \/>\n\t<meta name=\"twitter:label2\" content=\"Tiempo de lectura\" \/>\n\t<meta name=\"twitter:data2\" content=\"1 minuto\" \/>\n<script type=\"application\/ld+json\" class=\"yoast-schema-graph\">{\"@context\":\"https:\/\/schema.org\",\"@graph\":[{\"@type\":\"Article\",\"@id\":\"https:\/\/stiftadmont.at\/blog\/aschermittwoch-2026\/#article\",\"isPartOf\":{\"@id\":\"https:\/\/stiftadmont.at\/blog\/aschermittwoch-2026\/\"},\"author\":{\"name\":\"Barbara Kettner\",\"@id\":\"https:\/\/stiftadmont.at\/#\/schema\/person\/499d15d46340b87669776151e6037f5b\"},\"headline\":\"Aschermittwoch 2026\",\"datePublished\":\"2026-02-18T17:30:00+00:00\",\"dateModified\":\"2026-02-20T11:31:27+00:00\",\"mainEntityOfPage\":{\"@id\":\"https:\/\/stiftadmont.at\/blog\/aschermittwoch-2026\/\"},\"wordCount\":1,\"image\":{\"@id\":\"https:\/\/stiftadmont.at\/blog\/aschermittwoch-2026\/#primaryimage\"},\"thumbnailUrl\":\"https:\/\/stiftadmont.at\/wp-content\/uploads\/Aschermittwoch-2.jpg\",\"articleSection\":[\"Kloster aktuell\"],\"inLanguage\":\"es\"},{\"@type\":\"WebPage\",\"@id\":\"https:\/\/stiftadmont.at\/blog\/aschermittwoch-2026\/\",\"url\":\"https:\/\/stiftadmont.at\/blog\/aschermittwoch-2026\/\",\"name\":\"Aschermittwoch 2026 - Stift Admont\",\"isPartOf\":{\"@id\":\"https:\/\/stiftadmont.at\/#website\"},\"primaryImageOfPage\":{\"@id\":\"https:\/\/stiftadmont.at\/blog\/aschermittwoch-2026\/#primaryimage\"},\"image\":{\"@id\":\"https:\/\/stiftadmont.at\/blog\/aschermittwoch-2026\/#primaryimage\"},\"thumbnailUrl\":\"https:\/\/stiftadmont.at\/wp-content\/uploads\/Aschermittwoch-2.jpg\",\"datePublished\":\"2026-02-18T17:30:00+00:00\",\"dateModified\":\"2026-02-20T11:31:27+00:00\",\"author\":{\"@id\":\"https:\/\/stiftadmont.at\/#\/schema\/person\/499d15d46340b87669776151e6037f5b\"},\"description\":\"Lesen Sie aktuelle Informationen zum Thema Aschermittwoch 2026 und vieles mehr aus dem Konvent und der Pfarre Admont.\",\"breadcrumb\":{\"@id\":\"https:\/\/stiftadmont.at\/blog\/aschermittwoch-2026\/#breadcrumb\"},\"inLanguage\":\"es\",\"potentialAction\":[{\"@type\":\"ReadAction\",\"target\":[\"https:\/\/stiftadmont.at\/blog\/aschermittwoch-2026\/\"]}]},{\"@type\":\"ImageObject\",\"inLanguage\":\"es\",\"@id\":\"https:\/\/stiftadmont.at\/blog\/aschermittwoch-2026\/#primaryimage\",\"url\":\"https:\/\/stiftadmont.at\/wp-content\/uploads\/Aschermittwoch-2.jpg\",\"contentUrl\":\"https:\/\/stiftadmont.at\/wp-content\/uploads\/Aschermittwoch-2.jpg\",\"width\":1641,\"height\":1209,\"caption\":\"Aschermittwoch\"},{\"@type\":\"BreadcrumbList\",\"@id\":\"https:\/\/stiftadmont.at\/blog\/aschermittwoch-2026\/#breadcrumb\",\"itemListElement\":[{\"@type\":\"ListItem\",\"position\":1,\"name\":\"Start\",\"item\":\"https:\/\/stiftadmont.at\/\"},{\"@type\":\"ListItem\",\"position\":2,\"name\":\"Aschermittwoch 2026\"}]},{\"@type\":\"WebSite\",\"@id\":\"https:\/\/stiftadmont.at\/#website\",\"url\":\"https:\/\/stiftadmont.at\/\",\"name\":\"Stift Admont\",\"description\":\"Benediktinerkloster und Sehensw\u00fcrdigkeit im Ges\u00e4use\",\"potentialAction\":[{\"@type\":\"SearchAction\",\"target\":{\"@type\":\"EntryPoint\",\"urlTemplate\":\"https:\/\/stiftadmont.at\/?s={search_term_string}\"},\"query-input\":{\"@type\":\"PropertyValueSpecification\",\"valueRequired\":true,\"valueName\":\"search_term_string\"}}],\"inLanguage\":\"es\"},{\"@type\":\"Person\",\"@id\":\"https:\/\/stiftadmont.at\/#\/schema\/person\/499d15d46340b87669776151e6037f5b\",\"name\":\"Barbara Kettner\"}]}<\/script>\n<!-- \/ Yoast SEO Premium plugin. -->","yoast_head_json":{"title":"Mi\u00e9rcoles de Ceniza 2026 - Abad\u00eda de Admont","description":"Lea la informaci\u00f3n m\u00e1s reciente sobre el Mi\u00e9rcoles de Ceniza de 2026 y mucho m\u00e1s del convento y la parroquia de Admont.","robots":{"index":"index","follow":"follow","max-snippet":"max-snippet:-1","max-image-preview":"max-image-preview:large","max-video-preview":"max-video-preview:-1"},"canonical":"https:\/\/stiftadmont.at\/es\/blog\/miercoles-de-ceniza-2026\/","og_locale":"es_ES","og_type":"article","og_title":"Aschermittwoch 2026","og_description":"Lesen Sie aktuelle Informationen zum Thema Aschermittwoch 2026 und vieles mehr aus dem Konvent und der Pfarre Admont.","og_url":"https:\/\/stiftadmont.at\/es\/blog\/miercoles-de-ceniza-2026\/","og_site_name":"Stift Admont","article_published_time":"2026-02-18T17:30:00+00:00","article_modified_time":"2026-02-20T11:31:27+00:00","og_image":[{"width":1641,"height":1209,"url":"https:\/\/stiftadmont.at\/wp-content\/uploads\/Aschermittwoch-2.jpg","type":"image\/jpeg"}],"author":"Barbara Kettner","twitter_card":"summary_large_image","twitter_misc":{"Escrito por":"Barbara Kettner","Tiempo de lectura":"1 minuto"},"schema":{"@context":"https:\/\/schema.org","@graph":[{"@type":"Article","@id":"https:\/\/stiftadmont.at\/blog\/aschermittwoch-2026\/#article","isPartOf":{"@id":"https:\/\/stiftadmont.at\/blog\/aschermittwoch-2026\/"},"author":{"name":"Barbara Kettner","@id":"https:\/\/stiftadmont.at\/#\/schema\/person\/499d15d46340b87669776151e6037f5b"},"headline":"Aschermittwoch 2026","datePublished":"2026-02-18T17:30:00+00:00","dateModified":"2026-02-20T11:31:27+00:00","mainEntityOfPage":{"@id":"https:\/\/stiftadmont.at\/blog\/aschermittwoch-2026\/"},"wordCount":1,"image":{"@id":"https:\/\/stiftadmont.at\/blog\/aschermittwoch-2026\/#primaryimage"},"thumbnailUrl":"https:\/\/stiftadmont.at\/wp-content\/uploads\/Aschermittwoch-2.jpg","articleSection":["Kloster aktuell"],"inLanguage":"es"},{"@type":"WebPage","@id":"https:\/\/stiftadmont.at\/blog\/aschermittwoch-2026\/","url":"https:\/\/stiftadmont.at\/blog\/aschermittwoch-2026\/","name":"Mi\u00e9rcoles de Ceniza 2026 - Abad\u00eda de Admont","isPartOf":{"@id":"https:\/\/stiftadmont.at\/#website"},"primaryImageOfPage":{"@id":"https:\/\/stiftadmont.at\/blog\/aschermittwoch-2026\/#primaryimage"},"image":{"@id":"https:\/\/stiftadmont.at\/blog\/aschermittwoch-2026\/#primaryimage"},"thumbnailUrl":"https:\/\/stiftadmont.at\/wp-content\/uploads\/Aschermittwoch-2.jpg","datePublished":"2026-02-18T17:30:00+00:00","dateModified":"2026-02-20T11:31:27+00:00","author":{"@id":"https:\/\/stiftadmont.at\/#\/schema\/person\/499d15d46340b87669776151e6037f5b"},"description":"Lea la informaci\u00f3n m\u00e1s reciente sobre el Mi\u00e9rcoles de Ceniza de 2026 y mucho m\u00e1s del convento y la parroquia de Admont.","breadcrumb":{"@id":"https:\/\/stiftadmont.at\/blog\/aschermittwoch-2026\/#breadcrumb"},"inLanguage":"es","potentialAction":[{"@type":"ReadAction","target":["https:\/\/stiftadmont.at\/blog\/aschermittwoch-2026\/"]}]},{"@type":"ImageObject","inLanguage":"es","@id":"https:\/\/stiftadmont.at\/blog\/aschermittwoch-2026\/#primaryimage","url":"https:\/\/stiftadmont.at\/wp-content\/uploads\/Aschermittwoch-2.jpg","contentUrl":"https:\/\/stiftadmont.at\/wp-content\/uploads\/Aschermittwoch-2.jpg","width":1641,"height":1209,"caption":"Aschermittwoch"},{"@type":"BreadcrumbList","@id":"https:\/\/stiftadmont.at\/blog\/aschermittwoch-2026\/#breadcrumb","itemListElement":[{"@type":"ListItem","position":1,"name":"Start","item":"https:\/\/stiftadmont.at\/"},{"@type":"ListItem","position":2,"name":"Aschermittwoch 2026"}]},{"@type":"WebSite","@id":"https:\/\/stiftadmont.at\/#website","url":"https:\/\/stiftadmont.at\/","name":"Abad\u00eda de Admont","description":"Monasterio benedictino y atracci\u00f3n tur\u00edstica en el Ges\u00e4use","potentialAction":[{"@type":"SearchAction","target":{"@type":"EntryPoint","urlTemplate":"https:\/\/stiftadmont.at\/?s={search_term_string}"},"query-input":{"@type":"PropertyValueSpecification","valueRequired":true,"valueName":"search_term_string"}}],"inLanguage":"es"},{"@type":"Person","@id":"https:\/\/stiftadmont.at\/#\/schema\/person\/499d15d46340b87669776151e6037f5b","name":"Barbara Kettner"}]}},"_links":{"self":[{"href":"https:\/\/stiftadmont.at\/es\/wp-json\/wp\/v2\/posts\/39764","targetHints":{"allow":["GET"]}}],"collection":[{"href":"https:\/\/stiftadmont.at\/es\/wp-json\/wp\/v2\/posts"}],"about":[{"href":"https:\/\/stiftadmont.at\/es\/wp-json\/wp\/v2\/types\/post"}],"author":[{"embeddable":true,"href":"https:\/\/stiftadmont.at\/es\/wp-json\/wp\/v2\/users\/18"}],"replies":[{"embeddable":true,"href":"https:\/\/stiftadmont.at\/es\/wp-json\/wp\/v2\/comments?post=39764"}],"version-history":[{"count":5,"href":"https:\/\/stiftadmont.at\/es\/wp-json\/wp\/v2\/posts\/39764\/revisions"}],"predecessor-version":[{"id":39777,"href":"https:\/\/stiftadmont.at\/es\/wp-json\/wp\/v2\/posts\/39764\/revisions\/39777"}],"wp:featuredmedia":[{"embeddable":true,"href":"https:\/\/stiftadmont.at\/es\/wp-json\/wp\/v2\/media\/39770"}],"wp:attachment":[{"href":"https:\/\/stiftadmont.at\/es\/wp-json\/wp\/v2\/media?parent=39764"}],"wp:term":[{"taxonomy":"category","embeddable":true,"href":"https:\/\/stiftadmont.at\/es\/wp-json\/wp\/v2\/categories?post=39764"}],"curies":[{"name":"wp","href":"https:\/\/api.w.org\/{rel}","templated":true}]}}