{"id":42602,"date":"2026-08-12T19:01:15","date_gmt":"2026-08-12T17:01:15","guid":{"rendered":"https:\/\/stiftadmont.at\/?p=42602"},"modified":"2026-08-13T09:47:51","modified_gmt":"2026-08-13T07:47:51","slug":"dia-de-lluvia-dia-de-la-biblioteca","status":"publish","type":"post","link":"https:\/\/stiftadmont.at\/es\/blog\/regentag-bibliothekstag\/","title":{"rendered":"\u00bfUn d\u00eda de lluvia? \u00a1Un d\u00eda de biblioteca!"},"content":{"rendered":"<section id='lightpress__section--block_30e56707e8b2072357a82c71ad64552a' class='lightpress__section--default-section-space lightpress__section lightpress__section--content'><div class=\"content__inner\"\n         x-init=\"initContentBlockAnim($el)\">\n        \n    <div class=\"content__grid content__grid--fifty-fifty\">\n                                            <div class=\"content__box content__box\"\n                 style=\"\">\n                                \n                \n                                            <div class=\"prose\"><p>En realidad, el pr\u00f3ximo lunes (17 de agosto de 2026) ser\u00eda d\u00eda de cierre. Sin embargo, como, precisamente despu\u00e9s de tantos d\u00edas maravillosos de verano, se prev\u00e9 lluvia, hemos decidido abrir nuestras puertas sin pensarlo dos veces y convertir ese d\u00eda de cierre en una jornada con visitas guiadas especiales por la biblioteca.<\/p>\n<p>\u00a0<\/p>\n<p>Tras nuestra actividad sobre el calor, llega ahora la dedicada a la lluvia: para todos aquellos que, tras innumerables d\u00edas de senderismo, sol y ba\u00f1o, tengan ganas de disfrutar de una visita guiada especial por nuestra biblioteca mon\u00e1stica, la m\u00e1s grande del mundo\u2026\u00a0<\/p>\n<p>\u00a0<\/p>\n<p><strong>Nuestra oferta especial del lunes (17 de agosto de 2026):<\/strong><\/p>\n<p>\u00a0<\/p>\n<ul>\n<li><strong>Entrada + vino: 24,90 \u20ac<\/strong><\/li>\n<li><strong>Entrada + vino + paraguas: 34,90 \u20ac<\/strong><\/li>\n<\/ul>\n<p>\u00a0<\/p>\n<p><strong>Las visitas guiadas especiales tienen lugar a las siguientes horas: 09:30, 11:30 y 13:30 (visita guiada en ingl\u00e9s).<\/strong><\/p>\n<p>\u00a0<\/p>\n<p><strong>ATENCI\u00d3N<\/strong>: Es necesario inscribirse en:<\/p>\n<p>\u00a0<\/p>\n<p><a class=\"email\" href=\"mailto:museum@stiftadmont.at\"><span class=\"icon-outer\"><i class=\"fa-light fa-envelope\"><\/i><\/span>museum@stiftadmont.at <\/a>\u00a0o\u00a0\u00a0<a class=\"phone\" href=\"tel:+43 (0) 3613 \/ 2312604\"><span class=\"icon-outer\"><i class=\"fa-light fa-phone\"><\/i><\/span>+43 (0) 3613 \/ 2312-604<\/a><\/p>\n<p>\u00a0<\/p>\n<p>Aprovecha este d\u00eda lluvioso para hacer un recorrido por la biblioteca mon\u00e1stica m\u00e1s grande del mundo, disfruta de una copa de vino y pasa un d\u00eda especial con nosotros.<\/p>\n<p>\u00a0<\/p>\n<p><strong>Esperamos su visita.<\/strong><\/p>\n<\/div>\n                    \n                            <\/div>\n        \n                                                    <div class=\"content__box content__box--2\"\n                     >\n                                        \n                                            \n                                                    <a href=\"https:\/\/stiftadmont.at\/wp-content\/uploads\/Regentage-im-stift-Admont_Museum-2026.mp4\" class=\"content__video content__media\"\n                               x-data\n x-init=\"initContentLightBox('#lightpress__section--block_30e56707e8b2072357a82c71ad64552a .content__video')\">\n                                                                                                                                <picture class=\"content__image\">\n                                    <source srcset=\"https:\/\/stiftadmont.at\/wp-content\/uploads\/Regenschirm_500px.webp\" type=\"image\/webp\">\n                                    <source srcset=\"https:\/\/stiftadmont.at\/wp-content\/uploads\/Regenschirm_500px.jpg\" type=\"image\/jpeg\">\n                                    <img decoding=\"async\" class=\"content__image\" loading=\"lazy\" src=\"https:\/\/stiftadmont.at\/wp-content\/uploads\/Regenschirm_500px.jpg\" alt=\"Paraguas px\" width=\"600\" height=\"450\" \/>\n                                <\/picture>\n\n                                <span class=\"overlay-dark\"><\/span>\n                                <span class=\"content-overlay\"><\/span>\n                                <div class=\"content__plaque\">\n                                    <div class=\"content__plaque-inner\">\n                                        <span><i class=\"fas fa-play content__icon\"><\/i><\/span>\n                                        <p class=\"paragraph-m\">Jugar<\/p>\n                                    <\/div>\n                                <\/div>\n                            <\/a>\n                        \n                                    <\/div>\n            \n            <\/div>\n<\/div>\n\n<\/section>","protected":false},"excerpt":{"rendered":"<p>En realidad, el pr\u00f3ximo lunes ser\u00eda d\u00eda de cierre. Pero como, tras tantos d\u00edas maravillosos de verano, se anuncia lluvia precisamente ese d\u00eda, hemos decidido abrir nuestras puertas sin pensarlo dos veces y convertir el d\u00eda de cierre en una jornada de visitas guiadas a la biblioteca\u2026<\/p>","protected":false},"author":7,"featured_media":42035,"comment_status":"closed","ping_status":"closed","sticky":false,"template":"","format":"standard","meta":{"_acf_changed":false,"footnotes":""},"categories":[23],"class_list":["post-42602","post","type-post","status-publish","format-standard","has-post-thumbnail","hentry","category-einrichtungen-aktuell"],"acf":[],"yoast_head":"<!-- This site is optimized with the Yoast SEO Premium plugin v28.0 (Yoast SEO v28.4) - https:\/\/yoast.com\/product\/yoast-seo-premium-wordpress\/ -->\n<title>Regentag? Bibliothekstag! - Stift Admont<\/title>\n<meta name=\"description\" content=\"Lesen Sie aktuelle Informationen zum Thema Regentag? Bibliothekstag! und vieles mehr aus dem Konvent und der Pfarre Admont.\" \/>\n<meta name=\"robots\" content=\"index, follow, max-snippet:-1, max-image-preview:large, max-video-preview:-1\" \/>\n<link rel=\"canonical\" href=\"https:\/\/stiftadmont.at\/es\/blog\/dia-de-lluvia-dia-de-la-biblioteca\/\" \/>\n<meta property=\"og:locale\" content=\"es_ES\" \/>\n<meta property=\"og:type\" content=\"article\" \/>\n<meta property=\"og:title\" content=\"Regentag? Bibliothekstag!\" \/>\n<meta property=\"og:description\" content=\"Lesen Sie aktuelle Informationen zum Thema Regentag? Bibliothekstag! und vieles mehr aus dem Konvent und der Pfarre Admont.\" \/>\n<meta property=\"og:url\" content=\"https:\/\/stiftadmont.at\/es\/blog\/dia-de-lluvia-dia-de-la-biblioteca\/\" \/>\n<meta property=\"og:site_name\" content=\"Stift Admont\" \/>\n<meta property=\"article:published_time\" content=\"2026-08-12T17:01:15+00:00\" \/>\n<meta property=\"article:modified_time\" content=\"2026-08-13T07:47:51+00:00\" \/>\n<meta property=\"og:image\" content=\"https:\/\/stiftadmont.at\/wp-content\/uploads\/Bibliothek-details-7_Christoph-Draxl-scaled.jpg\" \/>\n\t<meta property=\"og:image:width\" content=\"2560\" \/>\n\t<meta property=\"og:image:height\" content=\"1707\" \/>\n\t<meta property=\"og:image:type\" content=\"image\/jpeg\" \/>\n<meta name=\"author\" content=\"Mario Brandm\u00fcller\" \/>\n<meta name=\"twitter:card\" content=\"summary_large_image\" \/>\n<meta name=\"twitter:label1\" content=\"Escrito por\" \/>\n\t<meta name=\"twitter:data1\" content=\"Mario Brandm\u00fcller\" \/>\n\t<meta name=\"twitter:label2\" content=\"Tiempo de lectura\" \/>\n\t<meta name=\"twitter:data2\" content=\"1 minuto\" \/>\n<script type=\"application\/ld+json\" class=\"yoast-schema-graph\">{\"@context\":\"https:\\\/\\\/schema.org\",\"@graph\":[{\"@type\":\"Article\",\"@id\":\"https:\\\/\\\/stiftadmont.at\\\/blog\\\/regentag-bibliothekstag\\\/#article\",\"isPartOf\":{\"@id\":\"https:\\\/\\\/stiftadmont.at\\\/blog\\\/regentag-bibliothekstag\\\/\"},\"author\":{\"name\":\"Mario Brandm\u00fcller\",\"@id\":\"https:\\\/\\\/stiftadmont.at\\\/#\\\/schema\\\/person\\\/30535548b241d5f33a2e8b839db11869\"},\"headline\":\"Regentag? Bibliothekstag!\",\"datePublished\":\"2026-08-12T17:01:15+00:00\",\"dateModified\":\"2026-08-13T07:47:51+00:00\",\"mainEntityOfPage\":{\"@id\":\"https:\\\/\\\/stiftadmont.at\\\/blog\\\/regentag-bibliothekstag\\\/\"},\"wordCount\":2,\"image\":{\"@id\":\"https:\\\/\\\/stiftadmont.at\\\/blog\\\/regentag-bibliothekstag\\\/#primaryimage\"},\"thumbnailUrl\":\"https:\\\/\\\/stiftadmont.at\\\/wp-content\\\/uploads\\\/Bibliothek-details-7_Christoph-Draxl-scaled.jpg\",\"articleSection\":[\"Einrichtungen aktuell\"],\"inLanguage\":\"es\"},{\"@type\":\"WebPage\",\"@id\":\"https:\\\/\\\/stiftadmont.at\\\/blog\\\/regentag-bibliothekstag\\\/\",\"url\":\"https:\\\/\\\/stiftadmont.at\\\/blog\\\/regentag-bibliothekstag\\\/\",\"name\":\"Regentag? Bibliothekstag! - Stift Admont\",\"isPartOf\":{\"@id\":\"https:\\\/\\\/stiftadmont.at\\\/#website\"},\"primaryImageOfPage\":{\"@id\":\"https:\\\/\\\/stiftadmont.at\\\/blog\\\/regentag-bibliothekstag\\\/#primaryimage\"},\"image\":{\"@id\":\"https:\\\/\\\/stiftadmont.at\\\/blog\\\/regentag-bibliothekstag\\\/#primaryimage\"},\"thumbnailUrl\":\"https:\\\/\\\/stiftadmont.at\\\/wp-content\\\/uploads\\\/Bibliothek-details-7_Christoph-Draxl-scaled.jpg\",\"datePublished\":\"2026-08-12T17:01:15+00:00\",\"dateModified\":\"2026-08-13T07:47:51+00:00\",\"author\":{\"@id\":\"https:\\\/\\\/stiftadmont.at\\\/#\\\/schema\\\/person\\\/30535548b241d5f33a2e8b839db11869\"},\"description\":\"Lesen Sie aktuelle Informationen zum Thema Regentag? Bibliothekstag! und vieles mehr aus dem Konvent und der Pfarre Admont.\",\"breadcrumb\":{\"@id\":\"https:\\\/\\\/stiftadmont.at\\\/blog\\\/regentag-bibliothekstag\\\/#breadcrumb\"},\"inLanguage\":\"es\",\"potentialAction\":[{\"@type\":\"ReadAction\",\"target\":[\"https:\\\/\\\/stiftadmont.at\\\/blog\\\/regentag-bibliothekstag\\\/\"]}]},{\"@type\":\"ImageObject\",\"inLanguage\":\"es\",\"@id\":\"https:\\\/\\\/stiftadmont.at\\\/blog\\\/regentag-bibliothekstag\\\/#primaryimage\",\"url\":\"https:\\\/\\\/stiftadmont.at\\\/wp-content\\\/uploads\\\/Bibliothek-details-7_Christoph-Draxl-scaled.jpg\",\"contentUrl\":\"https:\\\/\\\/stiftadmont.at\\\/wp-content\\\/uploads\\\/Bibliothek-details-7_Christoph-Draxl-scaled.jpg\",\"width\":2560,\"height\":1707,\"caption\":\"Bibliothek details Christoph Draxl\"},{\"@type\":\"BreadcrumbList\",\"@id\":\"https:\\\/\\\/stiftadmont.at\\\/blog\\\/regentag-bibliothekstag\\\/#breadcrumb\",\"itemListElement\":[{\"@type\":\"ListItem\",\"position\":1,\"name\":\"Start\",\"item\":\"https:\\\/\\\/stiftadmont.at\\\/\"},{\"@type\":\"ListItem\",\"position\":2,\"name\":\"Regentag? Bibliothekstag!\"}]},{\"@type\":\"WebSite\",\"@id\":\"https:\\\/\\\/stiftadmont.at\\\/#website\",\"url\":\"https:\\\/\\\/stiftadmont.at\\\/\",\"name\":\"Stift Admont\",\"description\":\"Benediktinerkloster und Sehensw\u00fcrdigkeit im Ges\u00e4use\",\"potentialAction\":[{\"@type\":\"SearchAction\",\"target\":{\"@type\":\"EntryPoint\",\"urlTemplate\":\"https:\\\/\\\/stiftadmont.at\\\/?s={search_term_string}\"},\"query-input\":{\"@type\":\"PropertyValueSpecification\",\"valueRequired\":true,\"valueName\":\"search_term_string\"}}],\"inLanguage\":\"es\"},{\"@type\":\"Person\",\"@id\":\"https:\\\/\\\/stiftadmont.at\\\/#\\\/schema\\\/person\\\/30535548b241d5f33a2e8b839db11869\",\"name\":\"Mario Brandm\u00fcller\"}]}<\/script>\n<!-- \/ Yoast SEO Premium plugin. -->","yoast_head_json":{"title":"\u00bfUn d\u00eda de lluvia? \u00a1Un d\u00eda para ir a la biblioteca! - Abad\u00eda de Admont","description":"Consulte la informaci\u00f3n m\u00e1s reciente sobre el tema \u00ab\u00bfD\u00eda de lluvia? \u00a1D\u00eda de la biblioteca!\u00bb y mucho m\u00e1s sobre la abad\u00eda y la parroquia de Admont.","robots":{"index":"index","follow":"follow","max-snippet":"max-snippet:-1","max-image-preview":"max-image-preview:large","max-video-preview":"max-video-preview:-1"},"canonical":"https:\/\/stiftadmont.at\/es\/blog\/dia-de-lluvia-dia-de-la-biblioteca\/","og_locale":"es_ES","og_type":"article","og_title":"Regentag? Bibliothekstag!","og_description":"Lesen Sie aktuelle Informationen zum Thema Regentag? Bibliothekstag! und vieles mehr aus dem Konvent und der Pfarre Admont.","og_url":"https:\/\/stiftadmont.at\/es\/blog\/dia-de-lluvia-dia-de-la-biblioteca\/","og_site_name":"Stift Admont","article_published_time":"2026-08-12T17:01:15+00:00","article_modified_time":"2026-08-13T07:47:51+00:00","og_image":[{"width":2560,"height":1707,"url":"https:\/\/stiftadmont.at\/wp-content\/uploads\/Bibliothek-details-7_Christoph-Draxl-scaled.jpg","type":"image\/jpeg"}],"author":"Mario Brandm\u00fcller","twitter_card":"summary_large_image","twitter_misc":{"Escrito por":"Mario Brandm\u00fcller","Tiempo de lectura":"1 minuto"},"schema":{"@context":"https:\/\/schema.org","@graph":[{"@type":"Article","@id":"https:\/\/stiftadmont.at\/blog\/regentag-bibliothekstag\/#article","isPartOf":{"@id":"https:\/\/stiftadmont.at\/blog\/regentag-bibliothekstag\/"},"author":{"name":"Mario Brandm\u00fcller","@id":"https:\/\/stiftadmont.at\/#\/schema\/person\/30535548b241d5f33a2e8b839db11869"},"headline":"Regentag? Bibliothekstag!","datePublished":"2026-08-12T17:01:15+00:00","dateModified":"2026-08-13T07:47:51+00:00","mainEntityOfPage":{"@id":"https:\/\/stiftadmont.at\/blog\/regentag-bibliothekstag\/"},"wordCount":2,"image":{"@id":"https:\/\/stiftadmont.at\/blog\/regentag-bibliothekstag\/#primaryimage"},"thumbnailUrl":"https:\/\/stiftadmont.at\/wp-content\/uploads\/Bibliothek-details-7_Christoph-Draxl-scaled.jpg","articleSection":["Einrichtungen aktuell"],"inLanguage":"es"},{"@type":"WebPage","@id":"https:\/\/stiftadmont.at\/blog\/regentag-bibliothekstag\/","url":"https:\/\/stiftadmont.at\/blog\/regentag-bibliothekstag\/","name":"\u00bfUn d\u00eda de lluvia? \u00a1Un d\u00eda para ir a la biblioteca! - Abad\u00eda de Admont","isPartOf":{"@id":"https:\/\/stiftadmont.at\/#website"},"primaryImageOfPage":{"@id":"https:\/\/stiftadmont.at\/blog\/regentag-bibliothekstag\/#primaryimage"},"image":{"@id":"https:\/\/stiftadmont.at\/blog\/regentag-bibliothekstag\/#primaryimage"},"thumbnailUrl":"https:\/\/stiftadmont.at\/wp-content\/uploads\/Bibliothek-details-7_Christoph-Draxl-scaled.jpg","datePublished":"2026-08-12T17:01:15+00:00","dateModified":"2026-08-13T07:47:51+00:00","author":{"@id":"https:\/\/stiftadmont.at\/#\/schema\/person\/30535548b241d5f33a2e8b839db11869"},"description":"Consulte la informaci\u00f3n m\u00e1s reciente sobre el tema \u00ab\u00bfD\u00eda de lluvia? \u00a1D\u00eda de la biblioteca!\u00bb y mucho m\u00e1s sobre la abad\u00eda y la parroquia de Admont.","breadcrumb":{"@id":"https:\/\/stiftadmont.at\/blog\/regentag-bibliothekstag\/#breadcrumb"},"inLanguage":"es","potentialAction":[{"@type":"ReadAction","target":["https:\/\/stiftadmont.at\/blog\/regentag-bibliothekstag\/"]}]},{"@type":"ImageObject","inLanguage":"es","@id":"https:\/\/stiftadmont.at\/blog\/regentag-bibliothekstag\/#primaryimage","url":"https:\/\/stiftadmont.at\/wp-content\/uploads\/Bibliothek-details-7_Christoph-Draxl-scaled.jpg","contentUrl":"https:\/\/stiftadmont.at\/wp-content\/uploads\/Bibliothek-details-7_Christoph-Draxl-scaled.jpg","width":2560,"height":1707,"caption":"Bibliothek details Christoph Draxl"},{"@type":"BreadcrumbList","@id":"https:\/\/stiftadmont.at\/blog\/regentag-bibliothekstag\/#breadcrumb","itemListElement":[{"@type":"ListItem","position":1,"name":"Start","item":"https:\/\/stiftadmont.at\/"},{"@type":"ListItem","position":2,"name":"Regentag? Bibliothekstag!"}]},{"@type":"WebSite","@id":"https:\/\/stiftadmont.at\/#website","url":"https:\/\/stiftadmont.at\/","name":"Abad\u00eda de Admont","description":"Monasterio benedictino y atracci\u00f3n tur\u00edstica en el Ges\u00e4use","potentialAction":[{"@type":"SearchAction","target":{"@type":"EntryPoint","urlTemplate":"https:\/\/stiftadmont.at\/?s={search_term_string}"},"query-input":{"@type":"PropertyValueSpecification","valueRequired":true,"valueName":"search_term_string"}}],"inLanguage":"es"},{"@type":"Person","@id":"https:\/\/stiftadmont.at\/#\/schema\/person\/30535548b241d5f33a2e8b839db11869","name":"Mario Brandm\u00fcller"}]}},"_links":{"self":[{"href":"https:\/\/stiftadmont.at\/es\/wp-json\/wp\/v2\/posts\/42602","targetHints":{"allow":["GET"]}}],"collection":[{"href":"https:\/\/stiftadmont.at\/es\/wp-json\/wp\/v2\/posts"}],"about":[{"href":"https:\/\/stiftadmont.at\/es\/wp-json\/wp\/v2\/types\/post"}],"author":[{"embeddable":true,"href":"https:\/\/stiftadmont.at\/es\/wp-json\/wp\/v2\/users\/7"}],"replies":[{"embeddable":true,"href":"https:\/\/stiftadmont.at\/es\/wp-json\/wp\/v2\/comments?post=42602"}],"version-history":[{"count":13,"href":"https:\/\/stiftadmont.at\/es\/wp-json\/wp\/v2\/posts\/42602\/revisions"}],"predecessor-version":[{"id":42619,"href":"https:\/\/stiftadmont.at\/es\/wp-json\/wp\/v2\/posts\/42602\/revisions\/42619"}],"wp:featuredmedia":[{"embeddable":true,"href":"https:\/\/stiftadmont.at\/es\/wp-json\/wp\/v2\/media\/42035"}],"wp:attachment":[{"href":"https:\/\/stiftadmont.at\/es\/wp-json\/wp\/v2\/media?parent=42602"}],"wp:term":[{"taxonomy":"category","embeddable":true,"href":"https:\/\/stiftadmont.at\/es\/wp-json\/wp\/v2\/categories?post=42602"}],"curies":[{"name":"wp","href":"https:\/\/api.w.org\/{rel}","templated":true}]}}