{"id":42847,"date":"2026-09-01T15:21:06","date_gmt":"2026-09-01T13:21:06","guid":{"rendered":"https:\/\/stiftadmont.at\/?p=42847"},"modified":"2026-09-01T15:25:54","modified_gmt":"2026-09-01T13:25:54","slug":"la-universidad-de-admont-y-la-universidad-de-leoben-despiertan-el-interes-por-la-tecnologia","status":"publish","type":"post","link":"https:\/\/stiftadmont.at\/es\/blog\/admonter-und-montanuniversitaet-leoben-begeistern-fuer-technik\/","title":{"rendered":"Admonter y la Universidad de Leoben (Montan-Uni) entusiasman\u2026"},"content":{"rendered":"<section id='lightpress__section--block_22380d86691581781e55746e8ec05de8' class='lightpress__section--default-section-space lightpress__section lightpress__section--content'><div class=\"content__inner\"\n         x-init=\"initContentBlockAnim($el)\">\n        \n    <div class=\"content__grid content__grid--fifty-fifty\">\n                                            <div class=\"content__box content__box\"\n                 style=\"\">\n                                \n                \n                                            <div class=\"prose\"><h5 class=\"heading-m line line-above line--gold\">Construir el futuro juntos<\/h5>\n<p>\u00a0<\/p>\n<p>La industria maderera de Admont ser\u00e1, durante el pr\u00f3ximo curso escolar, una de las pocas empresas del distrito de Liezen que colaborar\u00e1 en la asignatura optativa obligatoria \u201eTecnolog\u00eda e innovaci\u00f3n en la regi\u00f3n\u201c (TIR). Se trata de una innovadora colaboraci\u00f3n entre el instituto Stiftsgymnasium Admont, la Universidad de Leoben y el sector industrial. Con ello, la empresa env\u00eda una clara se\u00f1al a favor de la formaci\u00f3n de personal t\u00e9cnico cualificado y del futuro de la Alta Estiria como centro econ\u00f3mico.<\/p>\n<p>Esta asignatura optativa obligatoria est\u00e1 dirigida a alumnos y alumnas de los cursos 6.\u00ba a 8.\u00ba de la AHS (cursos 10.\u00ba a 12.\u00ba) y combina, de octubre a abril, la escuela, la universidad y el mundo empresarial. Tras una sesi\u00f3n inaugural en la Universidad de Leoben, se realizan visitas a empresas, as\u00ed como sesiones lectivas preparatorias y de profundizaci\u00f3n. Los j\u00f3venes dedican aproximadamente un tercio del tiempo lectivo al colegio, otro tercio a la universidad y otro tercio a las empresas colaboradoras.<\/p>\n<\/div>\n                    \n                            <\/div>\n        \n                                                    <div class=\"content__box content__box--2\"\n                     >\n                                        \n                    \n                                                <div class=\"content__media stickyTo\" x-init=\"imageSticky($el)\">\n\n                                                                                    <picture\n                                    class=\"content__image sticky\">\n                                <source srcset=\"https:\/\/stiftadmont.at\/wp-content\/uploads\/Admonter-und-Montanuniversitaet-Leoben_Technik-1024x675.webp\" type=\"image\/webp\">\n                                <source srcset=\"https:\/\/stiftadmont.at\/wp-content\/uploads\/Admonter-und-Montanuniversitaet-Leoben_Technik-1024x675.jpg\" type=\"image\/jpeg\">\n                                <img decoding=\"async\" class=\"sticky\" loading=\"lazy\" src=\"https:\/\/stiftadmont.at\/wp-content\/uploads\/Admonter-und-Montanuniversitaet-Leoben_Technik-1024x675.png\" alt=\"Admonter y la Universidad T\u00e9cnica de Leoben\" \/>\n\n                                                                                                                            <\/picture>\n\n                        <\/div>\n\n                                    <\/div>\n            \n            <\/div>\n<\/div>\n\n<\/section>\n\n<section id='lightpress__section--block_868467092d4f7f8457db866ac2537d2f' class='bg--beige lightpress__section--colored-bg lightpress__section--default-section-space lightpress__section lightpress__section--content'><div class=\"content__inner\"\n         x-init=\"initContentBlockAnim($el)\">\n        \n    <div class=\"content__grid content__grid\">\n                                            <div class=\"content__box content__box--one-hundred\"\n                 style=\"\">\n                                \n                \n                                            <div class=\"prose\"><p class=\"text-center\">La industria maderera de Admont utiliza esta plataforma para presentarse como una empresa innovadora y, en particular, para despertar el inter\u00e9s de las alumnas y las estudiantes de bachillerato por las profesiones t\u00e9cnicas. Al mismo tiempo, se presentan diversas v\u00edas de formaci\u00f3n y carrera profesional, como, por ejemplo, desde los estudios universitarios hasta la Academia Dual. El proyecto ayuda a los j\u00f3venes a descubrir sus intereses y puntos fuertes, les abre posibilidades educativas y profesionales tras el bachillerato y les muestra v\u00edas de formaci\u00f3n alternativas, incluso para aquellos con trayectorias educativas diversas.<\/p>\n<p>\u00a0<\/p>\n<p><strong>Admonter fomenta el apego a la regi\u00f3n y presenta atractivas oportunidades profesionales en la Alta Estiria.<\/strong><\/p>\n<\/div>\n                    \n                            <\/div>\n        \n            <\/div>\n<\/div>\n\n    <div class=\"background__container background__container--beige\">\n    <\/div>\n\n<\/section>","protected":false},"excerpt":{"rendered":"<p>La empresa Admonter Holzindustrie ser\u00e1, durante el pr\u00f3ximo curso escolar, una de las pocas empresas del distrito de Liezen que participar\u00e1 en la asignatura optativa obligatoria \u201eTecnolog\u00eda e innovaci\u00f3n en la regi\u00f3n\u201c (TIR).<\/p>","protected":false},"author":7,"featured_media":42848,"comment_status":"closed","ping_status":"closed","sticky":false,"template":"","format":"standard","meta":{"_acf_changed":false,"footnotes":""},"categories":[23],"class_list":["post-42847","post","type-post","status-publish","format-standard","has-post-thumbnail","hentry","category-einrichtungen-aktuell"],"acf":[],"yoast_head":"<!-- This site is optimized with the Yoast SEO Premium plugin v28.0 (Yoast SEO v28.3) - https:\/\/yoast.com\/product\/yoast-seo-premium-wordpress\/ -->\n<title>Admonter und Montan-Uni Leoben begeistern \u2026 - Stift Admont<\/title>\n<meta name=\"description\" content=\"Lesen Sie aktuelle Informationen zum Thema Admonter und Montan-Uni Leoben begeistern \u2026 und vieles mehr aus dem Konvent und der Pfarre Admont.\" \/>\n<meta name=\"robots\" content=\"index, follow, max-snippet:-1, max-image-preview:large, max-video-preview:-1\" \/>\n<link rel=\"canonical\" href=\"https:\/\/stiftadmont.at\/es\/blog\/la-universidad-de-admont-y-la-universidad-de-leoben-despiertan-el-interes-por-la-tecnologia\/\" \/>\n<meta property=\"og:locale\" content=\"es_ES\" \/>\n<meta property=\"og:type\" content=\"article\" \/>\n<meta property=\"og:title\" content=\"Admonter und Montan-Uni Leoben begeistern \u2026\" \/>\n<meta property=\"og:description\" content=\"Lesen Sie aktuelle Informationen zum Thema Admonter und Montan-Uni Leoben begeistern \u2026 und vieles mehr aus dem Konvent und der Pfarre Admont.\" \/>\n<meta property=\"og:url\" content=\"https:\/\/stiftadmont.at\/es\/blog\/la-universidad-de-admont-y-la-universidad-de-leoben-despiertan-el-interes-por-la-tecnologia\/\" \/>\n<meta property=\"og:site_name\" content=\"Stift Admont\" \/>\n<meta property=\"article:published_time\" content=\"2026-09-01T13:21:06+00:00\" \/>\n<meta property=\"article:modified_time\" content=\"2026-09-01T13:25:54+00:00\" \/>\n<meta property=\"og:image\" content=\"https:\/\/stiftadmont.at\/wp-content\/uploads\/Admonter-und-Montanuniversitaet-Leoben_Technik-1024x675.png\" \/>\n\t<meta property=\"og:image:width\" content=\"1024\" \/>\n\t<meta property=\"og:image:height\" content=\"675\" \/>\n\t<meta property=\"og:image:type\" content=\"image\/png\" \/>\n<meta name=\"author\" content=\"Mario Brandm\u00fcller\" \/>\n<meta name=\"twitter:card\" content=\"summary_large_image\" \/>\n<meta name=\"twitter:label1\" content=\"Escrito por\" \/>\n\t<meta name=\"twitter:data1\" content=\"Mario Brandm\u00fcller\" \/>\n\t<meta name=\"twitter:label2\" content=\"Tiempo de lectura\" \/>\n\t<meta name=\"twitter:data2\" content=\"1 minuto\" \/>\n<script type=\"application\/ld+json\" class=\"yoast-schema-graph\">{\"@context\":\"https:\\\/\\\/schema.org\",\"@graph\":[{\"@type\":\"Article\",\"@id\":\"https:\\\/\\\/stiftadmont.at\\\/blog\\\/admonter-und-montanuniversitaet-leoben-begeistern-fuer-technik\\\/#article\",\"isPartOf\":{\"@id\":\"https:\\\/\\\/stiftadmont.at\\\/blog\\\/admonter-und-montanuniversitaet-leoben-begeistern-fuer-technik\\\/\"},\"author\":{\"name\":\"Mario Brandm\u00fcller\",\"@id\":\"https:\\\/\\\/stiftadmont.at\\\/#\\\/schema\\\/person\\\/30535548b241d5f33a2e8b839db11869\"},\"headline\":\"Admonter und Montan-Uni Leoben begeistern \u2026\",\"datePublished\":\"2026-09-01T13:21:06+00:00\",\"dateModified\":\"2026-09-01T13:25:54+00:00\",\"mainEntityOfPage\":{\"@id\":\"https:\\\/\\\/stiftadmont.at\\\/blog\\\/admonter-und-montanuniversitaet-leoben-begeistern-fuer-technik\\\/\"},\"wordCount\":5,\"image\":{\"@id\":\"https:\\\/\\\/stiftadmont.at\\\/blog\\\/admonter-und-montanuniversitaet-leoben-begeistern-fuer-technik\\\/#primaryimage\"},\"thumbnailUrl\":\"https:\\\/\\\/stiftadmont.at\\\/wp-content\\\/uploads\\\/Admonter-und-Montanuniversitaet-Leoben_Technik.png\",\"articleSection\":[\"Einrichtungen aktuell\"],\"inLanguage\":\"es\"},{\"@type\":\"WebPage\",\"@id\":\"https:\\\/\\\/stiftadmont.at\\\/blog\\\/admonter-und-montanuniversitaet-leoben-begeistern-fuer-technik\\\/\",\"url\":\"https:\\\/\\\/stiftadmont.at\\\/blog\\\/admonter-und-montanuniversitaet-leoben-begeistern-fuer-technik\\\/\",\"name\":\"Admonter und Montan-Uni Leoben begeistern \u2026 - Stift Admont\",\"isPartOf\":{\"@id\":\"https:\\\/\\\/stiftadmont.at\\\/#website\"},\"primaryImageOfPage\":{\"@id\":\"https:\\\/\\\/stiftadmont.at\\\/blog\\\/admonter-und-montanuniversitaet-leoben-begeistern-fuer-technik\\\/#primaryimage\"},\"image\":{\"@id\":\"https:\\\/\\\/stiftadmont.at\\\/blog\\\/admonter-und-montanuniversitaet-leoben-begeistern-fuer-technik\\\/#primaryimage\"},\"thumbnailUrl\":\"https:\\\/\\\/stiftadmont.at\\\/wp-content\\\/uploads\\\/Admonter-und-Montanuniversitaet-Leoben_Technik.png\",\"datePublished\":\"2026-09-01T13:21:06+00:00\",\"dateModified\":\"2026-09-01T13:25:54+00:00\",\"author\":{\"@id\":\"https:\\\/\\\/stiftadmont.at\\\/#\\\/schema\\\/person\\\/30535548b241d5f33a2e8b839db11869\"},\"description\":\"Lesen Sie aktuelle Informationen zum Thema Admonter und Montan-Uni Leoben begeistern \u2026 und vieles mehr aus dem Konvent und der Pfarre Admont.\",\"breadcrumb\":{\"@id\":\"https:\\\/\\\/stiftadmont.at\\\/blog\\\/admonter-und-montanuniversitaet-leoben-begeistern-fuer-technik\\\/#breadcrumb\"},\"inLanguage\":\"es\",\"potentialAction\":[{\"@type\":\"ReadAction\",\"target\":[\"https:\\\/\\\/stiftadmont.at\\\/blog\\\/admonter-und-montanuniversitaet-leoben-begeistern-fuer-technik\\\/\"]}]},{\"@type\":\"ImageObject\",\"inLanguage\":\"es\",\"@id\":\"https:\\\/\\\/stiftadmont.at\\\/blog\\\/admonter-und-montanuniversitaet-leoben-begeistern-fuer-technik\\\/#primaryimage\",\"url\":\"https:\\\/\\\/stiftadmont.at\\\/wp-content\\\/uploads\\\/Admonter-und-Montanuniversitaet-Leoben_Technik.png\",\"contentUrl\":\"https:\\\/\\\/stiftadmont.at\\\/wp-content\\\/uploads\\\/Admonter-und-Montanuniversitaet-Leoben_Technik.png\",\"width\":1372,\"height\":905,\"caption\":\"Admonter und Montanuniversit\u00e4t Leoben Technik\"},{\"@type\":\"BreadcrumbList\",\"@id\":\"https:\\\/\\\/stiftadmont.at\\\/blog\\\/admonter-und-montanuniversitaet-leoben-begeistern-fuer-technik\\\/#breadcrumb\",\"itemListElement\":[{\"@type\":\"ListItem\",\"position\":1,\"name\":\"Start\",\"item\":\"https:\\\/\\\/stiftadmont.at\\\/\"},{\"@type\":\"ListItem\",\"position\":2,\"name\":\"Admonter und Montan-Uni Leoben begeistern \u2026\"}]},{\"@type\":\"WebSite\",\"@id\":\"https:\\\/\\\/stiftadmont.at\\\/#website\",\"url\":\"https:\\\/\\\/stiftadmont.at\\\/\",\"name\":\"Stift Admont\",\"description\":\"Benediktinerkloster und Sehensw\u00fcrdigkeit im Ges\u00e4use\",\"potentialAction\":[{\"@type\":\"SearchAction\",\"target\":{\"@type\":\"EntryPoint\",\"urlTemplate\":\"https:\\\/\\\/stiftadmont.at\\\/?s={search_term_string}\"},\"query-input\":{\"@type\":\"PropertyValueSpecification\",\"valueRequired\":true,\"valueName\":\"search_term_string\"}}],\"inLanguage\":\"es\"},{\"@type\":\"Person\",\"@id\":\"https:\\\/\\\/stiftadmont.at\\\/#\\\/schema\\\/person\\\/30535548b241d5f33a2e8b839db11869\",\"name\":\"Mario Brandm\u00fcller\"}]}<\/script>\n<!-- \/ Yoast SEO Premium plugin. -->","yoast_head_json":{"title":"Admont y la Universidad de Leoben entusiasman\u2026 - Abad\u00eda de Admont","description":"Lea las \u00faltimas noticias sobre el tema \u00abAdmonter y la Universidad Montan de Leoben entusiasman\u2026\u00bb y mucho m\u00e1s sobre el convento y la parroquia de Admont.","robots":{"index":"index","follow":"follow","max-snippet":"max-snippet:-1","max-image-preview":"max-image-preview:large","max-video-preview":"max-video-preview:-1"},"canonical":"https:\/\/stiftadmont.at\/es\/blog\/la-universidad-de-admont-y-la-universidad-de-leoben-despiertan-el-interes-por-la-tecnologia\/","og_locale":"es_ES","og_type":"article","og_title":"Admonter und Montan-Uni Leoben begeistern \u2026","og_description":"Lesen Sie aktuelle Informationen zum Thema Admonter und Montan-Uni Leoben begeistern \u2026 und vieles mehr aus dem Konvent und der Pfarre Admont.","og_url":"https:\/\/stiftadmont.at\/es\/blog\/la-universidad-de-admont-y-la-universidad-de-leoben-despiertan-el-interes-por-la-tecnologia\/","og_site_name":"Stift Admont","article_published_time":"2026-09-01T13:21:06+00:00","article_modified_time":"2026-09-01T13:25:54+00:00","og_image":[{"width":1024,"height":675,"url":"https:\/\/stiftadmont.at\/wp-content\/uploads\/Admonter-und-Montanuniversitaet-Leoben_Technik-1024x675.png","type":"image\/png"}],"author":"Mario Brandm\u00fcller","twitter_card":"summary_large_image","twitter_misc":{"Escrito por":"Mario Brandm\u00fcller","Tiempo de lectura":"1 minuto"},"schema":{"@context":"https:\/\/schema.org","@graph":[{"@type":"Article","@id":"https:\/\/stiftadmont.at\/blog\/admonter-und-montanuniversitaet-leoben-begeistern-fuer-technik\/#article","isPartOf":{"@id":"https:\/\/stiftadmont.at\/blog\/admonter-und-montanuniversitaet-leoben-begeistern-fuer-technik\/"},"author":{"name":"Mario Brandm\u00fcller","@id":"https:\/\/stiftadmont.at\/#\/schema\/person\/30535548b241d5f33a2e8b839db11869"},"headline":"Admonter und Montan-Uni Leoben begeistern \u2026","datePublished":"2026-09-01T13:21:06+00:00","dateModified":"2026-09-01T13:25:54+00:00","mainEntityOfPage":{"@id":"https:\/\/stiftadmont.at\/blog\/admonter-und-montanuniversitaet-leoben-begeistern-fuer-technik\/"},"wordCount":5,"image":{"@id":"https:\/\/stiftadmont.at\/blog\/admonter-und-montanuniversitaet-leoben-begeistern-fuer-technik\/#primaryimage"},"thumbnailUrl":"https:\/\/stiftadmont.at\/wp-content\/uploads\/Admonter-und-Montanuniversitaet-Leoben_Technik.png","articleSection":["Einrichtungen aktuell"],"inLanguage":"es"},{"@type":"WebPage","@id":"https:\/\/stiftadmont.at\/blog\/admonter-und-montanuniversitaet-leoben-begeistern-fuer-technik\/","url":"https:\/\/stiftadmont.at\/blog\/admonter-und-montanuniversitaet-leoben-begeistern-fuer-technik\/","name":"Admont y la Universidad de Leoben entusiasman\u2026 - Abad\u00eda de Admont","isPartOf":{"@id":"https:\/\/stiftadmont.at\/#website"},"primaryImageOfPage":{"@id":"https:\/\/stiftadmont.at\/blog\/admonter-und-montanuniversitaet-leoben-begeistern-fuer-technik\/#primaryimage"},"image":{"@id":"https:\/\/stiftadmont.at\/blog\/admonter-und-montanuniversitaet-leoben-begeistern-fuer-technik\/#primaryimage"},"thumbnailUrl":"https:\/\/stiftadmont.at\/wp-content\/uploads\/Admonter-und-Montanuniversitaet-Leoben_Technik.png","datePublished":"2026-09-01T13:21:06+00:00","dateModified":"2026-09-01T13:25:54+00:00","author":{"@id":"https:\/\/stiftadmont.at\/#\/schema\/person\/30535548b241d5f33a2e8b839db11869"},"description":"Lea las \u00faltimas noticias sobre el tema \u00abAdmonter y la Universidad Montan de Leoben entusiasman\u2026\u00bb y mucho m\u00e1s sobre el convento y la parroquia de Admont.","breadcrumb":{"@id":"https:\/\/stiftadmont.at\/blog\/admonter-und-montanuniversitaet-leoben-begeistern-fuer-technik\/#breadcrumb"},"inLanguage":"es","potentialAction":[{"@type":"ReadAction","target":["https:\/\/stiftadmont.at\/blog\/admonter-und-montanuniversitaet-leoben-begeistern-fuer-technik\/"]}]},{"@type":"ImageObject","inLanguage":"es","@id":"https:\/\/stiftadmont.at\/blog\/admonter-und-montanuniversitaet-leoben-begeistern-fuer-technik\/#primaryimage","url":"https:\/\/stiftadmont.at\/wp-content\/uploads\/Admonter-und-Montanuniversitaet-Leoben_Technik.png","contentUrl":"https:\/\/stiftadmont.at\/wp-content\/uploads\/Admonter-und-Montanuniversitaet-Leoben_Technik.png","width":1372,"height":905,"caption":"Admonter und Montanuniversit\u00e4t Leoben Technik"},{"@type":"BreadcrumbList","@id":"https:\/\/stiftadmont.at\/blog\/admonter-und-montanuniversitaet-leoben-begeistern-fuer-technik\/#breadcrumb","itemListElement":[{"@type":"ListItem","position":1,"name":"Start","item":"https:\/\/stiftadmont.at\/"},{"@type":"ListItem","position":2,"name":"Admonter und Montan-Uni Leoben begeistern \u2026"}]},{"@type":"WebSite","@id":"https:\/\/stiftadmont.at\/#website","url":"https:\/\/stiftadmont.at\/","name":"Abad\u00eda de Admont","description":"Monasterio benedictino y atracci\u00f3n tur\u00edstica en el Ges\u00e4use","potentialAction":[{"@type":"SearchAction","target":{"@type":"EntryPoint","urlTemplate":"https:\/\/stiftadmont.at\/?s={search_term_string}"},"query-input":{"@type":"PropertyValueSpecification","valueRequired":true,"valueName":"search_term_string"}}],"inLanguage":"es"},{"@type":"Person","@id":"https:\/\/stiftadmont.at\/#\/schema\/person\/30535548b241d5f33a2e8b839db11869","name":"Mario Brandm\u00fcller"}]}},"_links":{"self":[{"href":"https:\/\/stiftadmont.at\/es\/wp-json\/wp\/v2\/posts\/42847","targetHints":{"allow":["GET"]}}],"collection":[{"href":"https:\/\/stiftadmont.at\/es\/wp-json\/wp\/v2\/posts"}],"about":[{"href":"https:\/\/stiftadmont.at\/es\/wp-json\/wp\/v2\/types\/post"}],"author":[{"embeddable":true,"href":"https:\/\/stiftadmont.at\/es\/wp-json\/wp\/v2\/users\/7"}],"replies":[{"embeddable":true,"href":"https:\/\/stiftadmont.at\/es\/wp-json\/wp\/v2\/comments?post=42847"}],"version-history":[{"count":6,"href":"https:\/\/stiftadmont.at\/es\/wp-json\/wp\/v2\/posts\/42847\/revisions"}],"predecessor-version":[{"id":42854,"href":"https:\/\/stiftadmont.at\/es\/wp-json\/wp\/v2\/posts\/42847\/revisions\/42854"}],"wp:featuredmedia":[{"embeddable":true,"href":"https:\/\/stiftadmont.at\/es\/wp-json\/wp\/v2\/media\/42848"}],"wp:attachment":[{"href":"https:\/\/stiftadmont.at\/es\/wp-json\/wp\/v2\/media?parent=42847"}],"wp:term":[{"taxonomy":"category","embeddable":true,"href":"https:\/\/stiftadmont.at\/es\/wp-json\/wp\/v2\/categories?post=42847"}],"curies":[{"name":"wp","href":"https:\/\/api.w.org\/{rel}","templated":true}]}}