{"id":42856,"date":"2026-09-03T10:48:51","date_gmt":"2026-09-03T08:48:51","guid":{"rendered":"https:\/\/stiftadmont.at\/?p=42856"},"modified":"2026-09-03T11:09:41","modified_gmt":"2026-09-03T09:09:41","slug":"el-conocimiento-crea-espacio-slam-de-poesia-y-concurso-de-escritura","status":"publish","type":"post","link":"https:\/\/stiftadmont.at\/es\/blog\/wissen-macht-raum-poetry-slam-und-schreibwettbewerb\/","title":{"rendered":"Concurso de poes\u00eda slam y de redacci\u00f3n"},"content":{"rendered":"<section id='lightpress__section--block_489bc5865c3ca41e749b3eb1eb474a42' class='lightpress__section--default-section-space lightpress__section lightpress__section--content'><div class=\"content__inner\"\n         x-init=\"initContentBlockAnim($el)\">\n        \n    <div class=\"content__grid content__grid--fifty-fifty\">\n                                            <div class=\"content__box content__box\"\n                 style=\"\">\n                                \n                \n                                            <div class=\"prose\"><h5 class=\"heading-m line line-above line--gold\">El valor del conocimiento est\u00e1 en el aire. Y se convierte en tema de debate.<\/h5>\n<p>\u00a0<\/p>\n<p>Desde hace siglos, el conocimiento humano est\u00e1 sujeto a una actualizaci\u00f3n constante gracias a nuevos descubrimientos y, sin embargo, hoy en d\u00eda parece m\u00e1s fr\u00e1gil y vol\u00e1til que nunca. Los l\u00edmites de su disponibilidad se est\u00e1n rompiendo, y su validez se cuestiona segundo a segundo. \u00bfSigue siendo v\u00e1lida aqu\u00ed la ecuaci\u00f3n \u201econocimiento = poder\u201c?<\/p>\n<p>\u00a0<\/p>\n<p>Visitar una biblioteca es como viajar en el tiempo. Aqu\u00ed, el conocimiento se materializa en el espacio. Los libros sirven para poner en escena la educaci\u00f3n, la sabidur\u00eda y\u2026 el poder. La biblioteca del monasterio de Admont simboliza esto como casi ning\u00fan otro lugar. Se cre\u00f3 hace 250 a\u00f1os para exhibir el tesoro de conocimientos del monasterio y, con ello, su riqueza (espiritual).\u00a0<\/p>\n<\/div>\n                    \n                            <\/div>\n        \n                                                    <div class=\"content__box content__box--2\"\n                     >\n                                        \n                    \n                                                <div class=\"content__media stickyTo\" x-init=\"imageSticky($el)\">\n\n                                                                                    <picture\n                                    class=\"content__image sticky\">\n                                <source srcset=\"https:\/\/stiftadmont.at\/wp-content\/uploads\/Bibliothek-details_CHristoph-Draxl-1024x683.webp\" type=\"image\/webp\">\n                                <source srcset=\"https:\/\/stiftadmont.at\/wp-content\/uploads\/Bibliothek-details_CHristoph-Draxl-1024x683.jpg\" type=\"image\/jpeg\">\n                                <img decoding=\"async\" class=\"sticky\" loading=\"lazy\" src=\"https:\/\/stiftadmont.at\/wp-content\/uploads\/Bibliothek-details_CHristoph-Draxl-1024x683.jpg\"\n                                     alt=\"Detalles de la biblioteca: Christoph Draxl\">\n\n                                                                                                                            <\/picture>\n\n                        <\/div>\n\n                                    <\/div>\n            \n            <\/div>\n<\/div>\n\n<\/section>\n\n<section id='lightpress__section--block_1e212c55aef8068f84e5d09ec92d8b74' class='bg--beige lightpress__section--colored-bg lightpress__section--default-section-space lightpress__section lightpress__section--content'><div class=\"content__inner\"\n         x-init=\"initContentBlockAnim($el)\">\n        \n    <div class=\"content__grid content__grid--fifty-fifty\">\n                                            <div class=\"content__box content__box\"\n                 style=\"\">\n                                \n                \n                                        <div class=\"content__media stickyTo\" x-init=\"imageSticky($el)\">\n\n                                                                                                <picture\n                                class=\"content__image sticky\">\n                            <source srcset=\"https:\/\/stiftadmont.at\/wp-content\/uploads\/Bibliothek-details-7_Christoph-Draxl-1024x683.jpg\"\n                                    type=\"image\/webp\">\n                            <source srcset=\"https:\/\/stiftadmont.at\/wp-content\/uploads\/Bibliothek-details-7_Christoph-Draxl-1024x683.jpg\"\n                                    type=\"image\/jpeg\">\n                            <img decoding=\"async\" loading=\"lazy\"\n                                 src=\"https:\/\/stiftadmont.at\/wp-content\/uploads\/Bibliothek-details-7_Christoph-Draxl-1024x683.jpg\"\n                                 alt=\"Detalles de la biblioteca: Christoph Draxl\" width=\"600\" height=\"450\">\n                                                                                                            <\/picture>\n\n                    <\/div>\n\n                            <\/div>\n        \n                                                    <div class=\"content__box content__box--2\"\n                     >\n                                        \n                    \n                                                    <div class=\"prose\"><p>Quien entra en ella percibe la b\u00fasqueda de la iluminaci\u00f3n, pero tambi\u00e9n se ve transportado a una \u00e9poca en la que el acceso al conocimiento era un privilegio que depend\u00eda del estatus social, el origen y el g\u00e9nero.<\/p>\n<p>\u00a0<\/p>\n<p>La infinitud del conocimiento actual, por el contrario, propicia la democratizaci\u00f3n\u2026 \u00bfy la desorientaci\u00f3n? \u00bfQu\u00e9 debemos, qu\u00e9 podemos saber a\u00fan? \u00bfY qu\u00e9 papel siguen desempe\u00f1ando los libros en todo esto? \u00bfEst\u00e1 la estanter\u00eda perdiendo su funci\u00f3n como<\/p>\n<p>\u00bfEs un s\u00edmbolo de estatus o se est\u00e1 convirtiendo en un espacio nost\u00e1lgico que despierta anhelos? \u00bfQu\u00e9 preguntas hay que plantearse precisamente ante un lugar como la Biblioteca del Monasterio, que plasma en un espacio gigantesco la ecuaci\u00f3n, anta\u00f1o indiscutible, de \u201econocimiento = poder\u201c?<\/p>\n<p>\u00a0<\/p>\n<p><strong>\u00bfTienes algo que decir? \u00bfTe gusta escribir, manejas con destreza el lenguaje o simplemente te gusta filosofar para ti mismo?\u00a0<\/strong><strong>\u00a1Pues demuestra al p\u00fablico tu elocuencia en el Poetry Slam o participa con tu texto en el concurso de escritura!<\/strong><\/p>\n<\/div>\n                        \n                                    <\/div>\n            \n            <\/div>\n<\/div>\n\n    <div class=\"background__container background__container--beige\">\n    <\/div>\n\n<\/section>\n\n<section id='lightpress__section--block_407a150c5e7f1e94696d5ad38aa82bfd' class='align-center lightpress__section--default-section-space lightpress__section lightpress__section--headline'><div class=\"headline__container\">\n            <h2 class=\"headline text--40 text-medium line line--gold line-above line-middle\">Folleto del evento <\/h2>\n        <p class=\"text-center text-gold text--20 text-medium text--uppercase\">En el folleto que figura a continuaci\u00f3n encontrar\u00e1 toda la informaci\u00f3n sobre el Poetry Slam y el concurso de escritura.<\/p>\n        <div class=\"spacer--40\"><\/div>\n<\/div>\n\n<\/section>\n\n<section id='lightpress__section--block_3e4379c4911c12bea035ca4d1cc58fa3' class='lightpress__section--default-section-space lightpress__section lightpress__section--content'><div class=\"content__inner\"\n         x-init=\"initContentBlockAnim($el)\">\n        \n    <div class=\"content__grid content__grid\">\n                                            <div class=\"content__box content__box--one-hundred\"\n                 style=\"\">\n                                \n                \n                                            <div class=\"prose\"><p><span style=\"color: #555555; font-family: Nunito, sans-serif; font-size: 13px; background-color: #ffffff;\"><div class=\"_df_book df-lite\" id=\"df_42861\"  _slug=\"42861\" data-title=\"\" wpoptions=\"true\" thumbtype=\"\" ><\/div><script class=\"df-shortcode-script\" nowprocket type=\"application\/javascript\">window.option_df_42861 = {\"outline\":[],\"autoEnableOutline\":\"false\",\"autoEnableThumbnail\":\"false\",\"overwritePDFOutline\":\"false\",\"direction\":\"1\",\"pageSize\":\"0\",\"source\":\"https:\\\/\\\/stiftadmont.at\\\/wp-content\\\/uploads\\\/Admont-Schreibwettbewerb-und-Slam.pdf\",\"wpOptions\":\"true\"}; if(window.DFLIP && window.DFLIP.parseBooks){window.DFLIP.parseBooks();}<\/script><\/span><\/p>\n<\/div>\n                    \n                            <\/div>\n        \n            <\/div>\n<\/div>\n\n<\/section>","protected":false},"excerpt":{"rendered":"<p>Seit Jahrhunderten ist menschliches Wissen einer st\u00e4ndigen Aktualisierung durch neue Erkenntnisse unterworfen und doch erscheint es heute fragiler und volatiler denn je. Die Grenzen seiner Verf\u00fcgbarkeit werden zerschlagen, seine G\u00fcltigkeit von Sekunde zu Sekunde hinterfragt. Kann hier die Gleichung \u201eWissen = Macht\u201c noch aufgehen?<\/p>","protected":false},"author":7,"featured_media":42041,"comment_status":"closed","ping_status":"closed","sticky":false,"template":"","format":"standard","meta":{"_acf_changed":false,"footnotes":""},"categories":[23],"class_list":["post-42856","post","type-post","status-publish","format-standard","has-post-thumbnail","hentry","category-einrichtungen-aktuell"],"acf":[],"yoast_head":"<!-- This site is optimized with the Yoast SEO Premium plugin v28.0 (Yoast SEO v28.4) - https:\/\/yoast.com\/product\/yoast-seo-premium-wordpress\/ -->\n<title>Poetry Slam und Schreibwettbewerb - Stift Admont<\/title>\n<meta name=\"description\" content=\"Lesen Sie aktuelle Informationen zum Thema Poetry Slam und Schreibwettbewerb und vieles mehr aus dem Konvent und der Pfarre Admont.\" \/>\n<meta name=\"robots\" content=\"index, follow, max-snippet:-1, max-image-preview:large, max-video-preview:-1\" \/>\n<link rel=\"canonical\" href=\"https:\/\/stiftadmont.at\/es\/blog\/el-conocimiento-crea-espacio-slam-de-poesia-y-concurso-de-escritura\/\" \/>\n<meta property=\"og:locale\" content=\"es_ES\" \/>\n<meta property=\"og:type\" content=\"article\" \/>\n<meta property=\"og:title\" content=\"Poetry Slam und Schreibwettbewerb\" \/>\n<meta property=\"og:description\" content=\"Lesen Sie aktuelle Informationen zum Thema Poetry Slam und Schreibwettbewerb und vieles mehr aus dem Konvent und der Pfarre Admont.\" \/>\n<meta property=\"og:url\" content=\"https:\/\/stiftadmont.at\/es\/blog\/el-conocimiento-crea-espacio-slam-de-poesia-y-concurso-de-escritura\/\" \/>\n<meta property=\"og:site_name\" content=\"Stift Admont\" \/>\n<meta property=\"article:published_time\" content=\"2026-09-03T08:48:51+00:00\" \/>\n<meta property=\"article:modified_time\" content=\"2026-09-03T09:09:41+00:00\" \/>\n<meta property=\"og:image\" content=\"https:\/\/stiftadmont.at\/wp-content\/uploads\/Bibliothek-details-8_Christoph-Draxl-scaled.jpg\" \/>\n\t<meta property=\"og:image:width\" content=\"2560\" \/>\n\t<meta property=\"og:image:height\" content=\"1707\" \/>\n\t<meta property=\"og:image:type\" content=\"image\/jpeg\" \/>\n<meta name=\"author\" content=\"Mario Brandm\u00fcller\" \/>\n<meta name=\"twitter:card\" content=\"summary_large_image\" \/>\n<meta name=\"twitter:label1\" content=\"Escrito por\" \/>\n\t<meta name=\"twitter:data1\" content=\"Mario Brandm\u00fcller\" \/>\n\t<meta name=\"twitter:label2\" content=\"Tiempo de lectura\" \/>\n\t<meta name=\"twitter:data2\" content=\"1 minuto\" \/>\n<script type=\"application\/ld+json\" class=\"yoast-schema-graph\">{\"@context\":\"https:\\\/\\\/schema.org\",\"@graph\":[{\"@type\":\"Article\",\"@id\":\"https:\\\/\\\/stiftadmont.at\\\/blog\\\/wissen-macht-raum-poetry-slam-und-schreibwettbewerb\\\/#article\",\"isPartOf\":{\"@id\":\"https:\\\/\\\/stiftadmont.at\\\/blog\\\/wissen-macht-raum-poetry-slam-und-schreibwettbewerb\\\/\"},\"author\":{\"name\":\"Mario Brandm\u00fcller\",\"@id\":\"https:\\\/\\\/stiftadmont.at\\\/#\\\/schema\\\/person\\\/30535548b241d5f33a2e8b839db11869\"},\"headline\":\"Poetry Slam und Schreibwettbewerb\",\"datePublished\":\"2026-09-03T08:48:51+00:00\",\"dateModified\":\"2026-09-03T09:09:41+00:00\",\"mainEntityOfPage\":{\"@id\":\"https:\\\/\\\/stiftadmont.at\\\/blog\\\/wissen-macht-raum-poetry-slam-und-schreibwettbewerb\\\/\"},\"wordCount\":4,\"image\":{\"@id\":\"https:\\\/\\\/stiftadmont.at\\\/blog\\\/wissen-macht-raum-poetry-slam-und-schreibwettbewerb\\\/#primaryimage\"},\"thumbnailUrl\":\"https:\\\/\\\/stiftadmont.at\\\/wp-content\\\/uploads\\\/Bibliothek-details-8_Christoph-Draxl-scaled.jpg\",\"articleSection\":[\"Einrichtungen aktuell\"],\"inLanguage\":\"es\"},{\"@type\":\"WebPage\",\"@id\":\"https:\\\/\\\/stiftadmont.at\\\/blog\\\/wissen-macht-raum-poetry-slam-und-schreibwettbewerb\\\/\",\"url\":\"https:\\\/\\\/stiftadmont.at\\\/blog\\\/wissen-macht-raum-poetry-slam-und-schreibwettbewerb\\\/\",\"name\":\"Poetry Slam und Schreibwettbewerb - Stift Admont\",\"isPartOf\":{\"@id\":\"https:\\\/\\\/stiftadmont.at\\\/#website\"},\"primaryImageOfPage\":{\"@id\":\"https:\\\/\\\/stiftadmont.at\\\/blog\\\/wissen-macht-raum-poetry-slam-und-schreibwettbewerb\\\/#primaryimage\"},\"image\":{\"@id\":\"https:\\\/\\\/stiftadmont.at\\\/blog\\\/wissen-macht-raum-poetry-slam-und-schreibwettbewerb\\\/#primaryimage\"},\"thumbnailUrl\":\"https:\\\/\\\/stiftadmont.at\\\/wp-content\\\/uploads\\\/Bibliothek-details-8_Christoph-Draxl-scaled.jpg\",\"datePublished\":\"2026-09-03T08:48:51+00:00\",\"dateModified\":\"2026-09-03T09:09:41+00:00\",\"author\":{\"@id\":\"https:\\\/\\\/stiftadmont.at\\\/#\\\/schema\\\/person\\\/30535548b241d5f33a2e8b839db11869\"},\"description\":\"Lesen Sie aktuelle Informationen zum Thema Poetry Slam und Schreibwettbewerb und vieles mehr aus dem Konvent und der Pfarre Admont.\",\"breadcrumb\":{\"@id\":\"https:\\\/\\\/stiftadmont.at\\\/blog\\\/wissen-macht-raum-poetry-slam-und-schreibwettbewerb\\\/#breadcrumb\"},\"inLanguage\":\"es\",\"potentialAction\":[{\"@type\":\"ReadAction\",\"target\":[\"https:\\\/\\\/stiftadmont.at\\\/blog\\\/wissen-macht-raum-poetry-slam-und-schreibwettbewerb\\\/\"]}]},{\"@type\":\"ImageObject\",\"inLanguage\":\"es\",\"@id\":\"https:\\\/\\\/stiftadmont.at\\\/blog\\\/wissen-macht-raum-poetry-slam-und-schreibwettbewerb\\\/#primaryimage\",\"url\":\"https:\\\/\\\/stiftadmont.at\\\/wp-content\\\/uploads\\\/Bibliothek-details-8_Christoph-Draxl-scaled.jpg\",\"contentUrl\":\"https:\\\/\\\/stiftadmont.at\\\/wp-content\\\/uploads\\\/Bibliothek-details-8_Christoph-Draxl-scaled.jpg\",\"width\":2560,\"height\":1707,\"caption\":\"Bibliothek details Christoph Draxl\"},{\"@type\":\"BreadcrumbList\",\"@id\":\"https:\\\/\\\/stiftadmont.at\\\/blog\\\/wissen-macht-raum-poetry-slam-und-schreibwettbewerb\\\/#breadcrumb\",\"itemListElement\":[{\"@type\":\"ListItem\",\"position\":1,\"name\":\"Start\",\"item\":\"https:\\\/\\\/stiftadmont.at\\\/\"},{\"@type\":\"ListItem\",\"position\":2,\"name\":\"Poetry Slam und Schreibwettbewerb\"}]},{\"@type\":\"WebSite\",\"@id\":\"https:\\\/\\\/stiftadmont.at\\\/#website\",\"url\":\"https:\\\/\\\/stiftadmont.at\\\/\",\"name\":\"Stift Admont\",\"description\":\"Benediktinerkloster und Sehensw\u00fcrdigkeit im Ges\u00e4use\",\"potentialAction\":[{\"@type\":\"SearchAction\",\"target\":{\"@type\":\"EntryPoint\",\"urlTemplate\":\"https:\\\/\\\/stiftadmont.at\\\/?s={search_term_string}\"},\"query-input\":{\"@type\":\"PropertyValueSpecification\",\"valueRequired\":true,\"valueName\":\"search_term_string\"}}],\"inLanguage\":\"es\"},{\"@type\":\"Person\",\"@id\":\"https:\\\/\\\/stiftadmont.at\\\/#\\\/schema\\\/person\\\/30535548b241d5f33a2e8b839db11869\",\"name\":\"Mario Brandm\u00fcller\"}]}<\/script>\n<!-- \/ Yoast SEO Premium plugin. -->","yoast_head_json":{"title":"Concurso de poes\u00eda slam y de escritura - Stift Admont","description":"Consulte la informaci\u00f3n m\u00e1s reciente sobre el Poetry Slam y el concurso de escritura, as\u00ed como muchas otras noticias de la abad\u00eda y la parroquia de Admont.","robots":{"index":"index","follow":"follow","max-snippet":"max-snippet:-1","max-image-preview":"max-image-preview:large","max-video-preview":"max-video-preview:-1"},"canonical":"https:\/\/stiftadmont.at\/es\/blog\/el-conocimiento-crea-espacio-slam-de-poesia-y-concurso-de-escritura\/","og_locale":"es_ES","og_type":"article","og_title":"Poetry Slam und Schreibwettbewerb","og_description":"Lesen Sie aktuelle Informationen zum Thema Poetry Slam und Schreibwettbewerb und vieles mehr aus dem Konvent und der Pfarre Admont.","og_url":"https:\/\/stiftadmont.at\/es\/blog\/el-conocimiento-crea-espacio-slam-de-poesia-y-concurso-de-escritura\/","og_site_name":"Stift Admont","article_published_time":"2026-09-03T08:48:51+00:00","article_modified_time":"2026-09-03T09:09:41+00:00","og_image":[{"width":2560,"height":1707,"url":"https:\/\/stiftadmont.at\/wp-content\/uploads\/Bibliothek-details-8_Christoph-Draxl-scaled.jpg","type":"image\/jpeg"}],"author":"Mario Brandm\u00fcller","twitter_card":"summary_large_image","twitter_misc":{"Escrito por":"Mario Brandm\u00fcller","Tiempo de lectura":"1 minuto"},"schema":{"@context":"https:\/\/schema.org","@graph":[{"@type":"Article","@id":"https:\/\/stiftadmont.at\/blog\/wissen-macht-raum-poetry-slam-und-schreibwettbewerb\/#article","isPartOf":{"@id":"https:\/\/stiftadmont.at\/blog\/wissen-macht-raum-poetry-slam-und-schreibwettbewerb\/"},"author":{"name":"Mario Brandm\u00fcller","@id":"https:\/\/stiftadmont.at\/#\/schema\/person\/30535548b241d5f33a2e8b839db11869"},"headline":"Poetry Slam und Schreibwettbewerb","datePublished":"2026-09-03T08:48:51+00:00","dateModified":"2026-09-03T09:09:41+00:00","mainEntityOfPage":{"@id":"https:\/\/stiftadmont.at\/blog\/wissen-macht-raum-poetry-slam-und-schreibwettbewerb\/"},"wordCount":4,"image":{"@id":"https:\/\/stiftadmont.at\/blog\/wissen-macht-raum-poetry-slam-und-schreibwettbewerb\/#primaryimage"},"thumbnailUrl":"https:\/\/stiftadmont.at\/wp-content\/uploads\/Bibliothek-details-8_Christoph-Draxl-scaled.jpg","articleSection":["Einrichtungen aktuell"],"inLanguage":"es"},{"@type":"WebPage","@id":"https:\/\/stiftadmont.at\/blog\/wissen-macht-raum-poetry-slam-und-schreibwettbewerb\/","url":"https:\/\/stiftadmont.at\/blog\/wissen-macht-raum-poetry-slam-und-schreibwettbewerb\/","name":"Concurso de poes\u00eda slam y de escritura - Stift Admont","isPartOf":{"@id":"https:\/\/stiftadmont.at\/#website"},"primaryImageOfPage":{"@id":"https:\/\/stiftadmont.at\/blog\/wissen-macht-raum-poetry-slam-und-schreibwettbewerb\/#primaryimage"},"image":{"@id":"https:\/\/stiftadmont.at\/blog\/wissen-macht-raum-poetry-slam-und-schreibwettbewerb\/#primaryimage"},"thumbnailUrl":"https:\/\/stiftadmont.at\/wp-content\/uploads\/Bibliothek-details-8_Christoph-Draxl-scaled.jpg","datePublished":"2026-09-03T08:48:51+00:00","dateModified":"2026-09-03T09:09:41+00:00","author":{"@id":"https:\/\/stiftadmont.at\/#\/schema\/person\/30535548b241d5f33a2e8b839db11869"},"description":"Consulte la informaci\u00f3n m\u00e1s reciente sobre el Poetry Slam y el concurso de escritura, as\u00ed como muchas otras noticias de la abad\u00eda y la parroquia de Admont.","breadcrumb":{"@id":"https:\/\/stiftadmont.at\/blog\/wissen-macht-raum-poetry-slam-und-schreibwettbewerb\/#breadcrumb"},"inLanguage":"es","potentialAction":[{"@type":"ReadAction","target":["https:\/\/stiftadmont.at\/blog\/wissen-macht-raum-poetry-slam-und-schreibwettbewerb\/"]}]},{"@type":"ImageObject","inLanguage":"es","@id":"https:\/\/stiftadmont.at\/blog\/wissen-macht-raum-poetry-slam-und-schreibwettbewerb\/#primaryimage","url":"https:\/\/stiftadmont.at\/wp-content\/uploads\/Bibliothek-details-8_Christoph-Draxl-scaled.jpg","contentUrl":"https:\/\/stiftadmont.at\/wp-content\/uploads\/Bibliothek-details-8_Christoph-Draxl-scaled.jpg","width":2560,"height":1707,"caption":"Bibliothek details Christoph Draxl"},{"@type":"BreadcrumbList","@id":"https:\/\/stiftadmont.at\/blog\/wissen-macht-raum-poetry-slam-und-schreibwettbewerb\/#breadcrumb","itemListElement":[{"@type":"ListItem","position":1,"name":"Start","item":"https:\/\/stiftadmont.at\/"},{"@type":"ListItem","position":2,"name":"Poetry Slam und Schreibwettbewerb"}]},{"@type":"WebSite","@id":"https:\/\/stiftadmont.at\/#website","url":"https:\/\/stiftadmont.at\/","name":"Abad\u00eda de Admont","description":"Monasterio benedictino y atracci\u00f3n tur\u00edstica en el Ges\u00e4use","potentialAction":[{"@type":"SearchAction","target":{"@type":"EntryPoint","urlTemplate":"https:\/\/stiftadmont.at\/?s={search_term_string}"},"query-input":{"@type":"PropertyValueSpecification","valueRequired":true,"valueName":"search_term_string"}}],"inLanguage":"es"},{"@type":"Person","@id":"https:\/\/stiftadmont.at\/#\/schema\/person\/30535548b241d5f33a2e8b839db11869","name":"Mario Brandm\u00fcller"}]}},"_links":{"self":[{"href":"https:\/\/stiftadmont.at\/es\/wp-json\/wp\/v2\/posts\/42856","targetHints":{"allow":["GET"]}}],"collection":[{"href":"https:\/\/stiftadmont.at\/es\/wp-json\/wp\/v2\/posts"}],"about":[{"href":"https:\/\/stiftadmont.at\/es\/wp-json\/wp\/v2\/types\/post"}],"author":[{"embeddable":true,"href":"https:\/\/stiftadmont.at\/es\/wp-json\/wp\/v2\/users\/7"}],"replies":[{"embeddable":true,"href":"https:\/\/stiftadmont.at\/es\/wp-json\/wp\/v2\/comments?post=42856"}],"version-history":[{"count":6,"href":"https:\/\/stiftadmont.at\/es\/wp-json\/wp\/v2\/posts\/42856\/revisions"}],"predecessor-version":[{"id":42867,"href":"https:\/\/stiftadmont.at\/es\/wp-json\/wp\/v2\/posts\/42856\/revisions\/42867"}],"wp:featuredmedia":[{"embeddable":true,"href":"https:\/\/stiftadmont.at\/es\/wp-json\/wp\/v2\/media\/42041"}],"wp:attachment":[{"href":"https:\/\/stiftadmont.at\/es\/wp-json\/wp\/v2\/media?parent=42856"}],"wp:term":[{"taxonomy":"category","embeddable":true,"href":"https:\/\/stiftadmont.at\/es\/wp-json\/wp\/v2\/categories?post=42856"}],"curies":[{"name":"wp","href":"https:\/\/api.w.org\/{rel}","templated":true}]}}