{"id":4347,"date":"2021-06-27T14:22:00","date_gmt":"2021-06-27T12:22:00","guid":{"rendered":"https:\/\/stiftadmont.at\/?p=4347"},"modified":"2023-04-27T08:52:27","modified_gmt":"2023-04-27T06:52:27","slug":"jubileo-sacerdotal","status":"publish","type":"post","link":"https:\/\/stiftadmont.at\/es\/blog\/priesterjubilaeum\/","title":{"rendered":"Bodas de oro de un sacerdote"},"content":{"rendered":"<section id='lightpress__section--block_60fffa36a81d1' class='lightpress__section--default-section-space lightpress__section lightpress__section--content'><div class=\"content__inner\"\n         x-init=\"initContentBlockAnim($el)\">\n        \n    <div class=\"content__grid content__grid\">\n                                            <div class=\"content__box content__box--one-hundred\"\n                 style=\"\">\n                                \n                \n                                            <div class=\"prose\"><h2 class=\"heading-xxl line line--gold\">Goldenes Priesterjubil\u00e4um von Abt em. Bruno &#8211; Hochfest unserer Hl. Stifterin Hemma von Gurk<\/h2>\n<p class=\"paragraph-m\">Auf den Tag genau vor 50 Jahren &#8211; am Hochfest der Hl. Hemma von Gurk &#8211; empfing unser Altabt Bruno in der Stiftskirche Admont durch Bischof Johann Weber das Sakrament der Priesterweihe. Beim heutigen Pontifikalamt dankte Abt Bruno Gott f\u00fcr 50 Jahre priesterlichen Dienst.<\/p>\n<p class=\"paragraph-m\">In seiner Predigt beleuchtete Abt Gerhard die einzelnen Stationen im Leben von Abt em. Bruno und dankte ihm f\u00fcr seinen Dienst an unserer Gemeinschaft und den Menschen in der Region. Der Admonter Kirchenchor und eine Abordnung der Musikkapelle Admont-Hall gestalteten den Festgottesdient mit.<\/p>\n<\/div>\n                    \n                            <\/div>\n        \n            <\/div>\n<\/div>\n\n<\/section>\n\n<section id='lightpress__section--block_60fffa5ea81d2' class='lightpress__section--default-section-space lightpress__section lightpress__section--image-slider'>\n<div class=\"image-slider\"\n     x-data=\"{ gallery: null, shown: false }\"\n     x-init=\"gallery = initSliderGallery([{&quot;href&quot;:&quot;https:\\\/\\\/stiftadmont.at\\\/wp-content\\\/uploads\\\/c24c8e98-78d9-487e-8f7b-7482a5745fe9.jpg&quot;,&quot;type&quot;:&quot;image&quot;},{&quot;href&quot;:&quot;https:\\\/\\\/stiftadmont.at\\\/wp-content\\\/uploads\\\/WhatsApp-Image-2021-06-27-at-18.36.22.jpg&quot;,&quot;type&quot;:&quot;image&quot;},{&quot;href&quot;:&quot;https:\\\/\\\/stiftadmont.at\\\/wp-content\\\/uploads\\\/WhatsApp-Image-2021-06-27-at-18.36.20.jpg&quot;,&quot;type&quot;:&quot;image&quot;},{&quot;href&quot;:&quot;https:\\\/\\\/stiftadmont.at\\\/wp-content\\\/uploads\\\/44df8514-83f8-41b5-b9d2-31dea874ec14.jpg&quot;,&quot;type&quot;:&quot;image&quot;}]); initImageSliderBlockAnim($el);\">\n    <div class=\"image-slider__inner\">\n\n        <div class=\"swiper-container\" x-init=\"initImageSliderBlock($el, $refs.btnPrev, $refs.btnNext)\">\n            <div class=\"swiper-wrapper\">\n                                    <div class=\"swiper-slide\">\n                        <div class=\"image-slider__media\">\n                            <img decoding=\"async\" class=\"image-slider__image\"\n                                 src=\"https:\/\/stiftadmont.at\/wp-content\/uploads\/c24c8e98-78d9-487e-8f7b-7482a5745fe9-768x576.jpg\"\n                                 alt=\"Goldenes Priesterjubil\u00e4um 2021\">\n                        <\/div>\n                    <\/div>\n                                    <div class=\"swiper-slide\">\n                        <div class=\"image-slider__media\">\n                            <img decoding=\"async\" class=\"image-slider__image\"\n                                 src=\"https:\/\/stiftadmont.at\/wp-content\/uploads\/WhatsApp-Image-2021-06-27-at-18.36.22-768x576.jpg\"\n                                 alt=\"Goldenes Priesterjubil\u00e4um 2021\">\n                        <\/div>\n                    <\/div>\n                                    <div class=\"swiper-slide\">\n                        <div class=\"image-slider__media\">\n                            <img decoding=\"async\" class=\"image-slider__image\"\n                                 src=\"https:\/\/stiftadmont.at\/wp-content\/uploads\/WhatsApp-Image-2021-06-27-at-18.36.20-768x576.jpg\"\n                                 alt=\"Goldenes Priesterjubil\u00e4um 2021\">\n                        <\/div>\n                    <\/div>\n                                    <div class=\"swiper-slide\">\n                        <div class=\"image-slider__media\">\n                            <img decoding=\"async\" class=\"image-slider__image\"\n                                 src=\"https:\/\/stiftadmont.at\/wp-content\/uploads\/44df8514-83f8-41b5-b9d2-31dea874ec14-768x576.jpg\"\n                                 alt=\"Goldenes Priesterjubil\u00e4um 2021\">\n                        <\/div>\n                    <\/div>\n                            <\/div>\n\n            <div class=\"swiper-nav-wrapper\">\n                <button class=\"swiper-button-prev slider-button--prev\" x-ref=\"btnPrev\"\n                        aria-label=\"Vorige Bilder anzeigen\">\n                    <img decoding=\"async\" src=\"\/wp-content\/themes\/stift-admont\/src\/assets\/img\/arrow-left-big-new.svg\" alt=\"Pfeil nach Links\">\n                <\/button>\n\n\n                <a class=\"image-slider__gallery\" @click=\"openGallery(gallery)\"><i class=\"fa-thin fa-plus\"><\/i><\/a>\n                <button class=\"swiper-button-next slider-button--next\"\n                        x-ref=\"btnNext\"\n                        aria-label=\"N\u00e4chste Bilder anzeigen\">\n                    <img decoding=\"async\" src=\"\/wp-content\/themes\/stift-admont\/src\/assets\/img\/arrow-right-big-new.svg\" alt=\"Pfeil nach Rechts\">\n                <\/button>\n            <\/div>\n        <\/div>\n    <\/div>\n\n\n<\/div><\/section>","protected":false},"excerpt":{"rendered":"<p>Bodas de oro del Abad em. Bruno - Solemnidad de nuestra Santa Fundadora Hemma de Gurk.<\/p>","protected":false},"author":7,"featured_media":4348,"comment_status":"closed","ping_status":"closed","sticky":false,"template":"","format":"standard","meta":{"_acf_changed":false,"footnotes":""},"categories":[22],"class_list":["post-4347","post","type-post","status-publish","format-standard","has-post-thumbnail","hentry","category-kloster-aktuell"],"acf":[],"yoast_head":"<!-- This site is optimized with the Yoast SEO Premium plugin v26.0 (Yoast SEO v26.8) - https:\/\/yoast.com\/product\/yoast-seo-premium-wordpress\/ -->\n<title>Goldenes Priesterjubil\u00e4um - Stift Admont<\/title>\n<meta name=\"description\" content=\"Lesen Sie aktuelle Informationen zum Thema Goldenes Priesterjubil\u00e4um und vieles mehr aus dem Konvent und der Pfarre Admont.\" \/>\n<meta name=\"robots\" content=\"index, follow, max-snippet:-1, max-image-preview:large, max-video-preview:-1\" \/>\n<link rel=\"canonical\" href=\"https:\/\/stiftadmont.at\/es\/blog\/jubileo-sacerdotal\/\" \/>\n<meta property=\"og:locale\" content=\"es_ES\" \/>\n<meta property=\"og:type\" content=\"article\" \/>\n<meta property=\"og:title\" content=\"Goldenes Priesterjubil\u00e4um\" \/>\n<meta property=\"og:description\" content=\"Lesen Sie aktuelle Informationen zum Thema Goldenes Priesterjubil\u00e4um und vieles mehr aus dem Konvent und der Pfarre Admont.\" \/>\n<meta property=\"og:url\" content=\"https:\/\/stiftadmont.at\/es\/blog\/jubileo-sacerdotal\/\" \/>\n<meta property=\"og:site_name\" content=\"Stift Admont\" \/>\n<meta property=\"article:published_time\" content=\"2021-06-27T12:22:00+00:00\" \/>\n<meta property=\"article:modified_time\" content=\"2023-04-27T06:52:27+00:00\" \/>\n<meta property=\"og:image\" content=\"https:\/\/stiftadmont.at\/wp-content\/uploads\/44df8514-83f8-41b5-b9d2-31dea874ec14.jpg\" \/>\n\t<meta property=\"og:image:width\" content=\"1024\" \/>\n\t<meta property=\"og:image:height\" content=\"768\" \/>\n\t<meta property=\"og:image:type\" content=\"image\/jpeg\" \/>\n<meta name=\"author\" content=\"Mario Brandm\u00fcller\" \/>\n<meta name=\"twitter:card\" content=\"summary_large_image\" \/>\n<meta name=\"twitter:label1\" content=\"Escrito por\" \/>\n\t<meta name=\"twitter:data1\" content=\"Mario Brandm\u00fcller\" \/>\n<script type=\"application\/ld+json\" class=\"yoast-schema-graph\">{\"@context\":\"https:\/\/schema.org\",\"@graph\":[{\"@type\":\"Article\",\"@id\":\"https:\/\/stiftadmont.at\/blog\/priesterjubilaeum\/#article\",\"isPartOf\":{\"@id\":\"https:\/\/stiftadmont.at\/blog\/priesterjubilaeum\/\"},\"author\":{\"name\":\"Mario Brandm\u00fcller\",\"@id\":\"https:\/\/stiftadmont.at\/#\/schema\/person\/30535548b241d5f33a2e8b839db11869\"},\"headline\":\"Goldenes Priesterjubil\u00e4um\",\"datePublished\":\"2021-06-27T12:22:00+00:00\",\"dateModified\":\"2023-04-27T06:52:27+00:00\",\"mainEntityOfPage\":{\"@id\":\"https:\/\/stiftadmont.at\/blog\/priesterjubilaeum\/\"},\"wordCount\":3,\"image\":{\"@id\":\"https:\/\/stiftadmont.at\/blog\/priesterjubilaeum\/#primaryimage\"},\"thumbnailUrl\":\"https:\/\/stiftadmont.at\/wp-content\/uploads\/44df8514-83f8-41b5-b9d2-31dea874ec14.jpg\",\"articleSection\":[\"Kloster aktuell\"],\"inLanguage\":\"es\"},{\"@type\":\"WebPage\",\"@id\":\"https:\/\/stiftadmont.at\/blog\/priesterjubilaeum\/\",\"url\":\"https:\/\/stiftadmont.at\/blog\/priesterjubilaeum\/\",\"name\":\"Goldenes Priesterjubil\u00e4um - Stift Admont\",\"isPartOf\":{\"@id\":\"https:\/\/stiftadmont.at\/#website\"},\"primaryImageOfPage\":{\"@id\":\"https:\/\/stiftadmont.at\/blog\/priesterjubilaeum\/#primaryimage\"},\"image\":{\"@id\":\"https:\/\/stiftadmont.at\/blog\/priesterjubilaeum\/#primaryimage\"},\"thumbnailUrl\":\"https:\/\/stiftadmont.at\/wp-content\/uploads\/44df8514-83f8-41b5-b9d2-31dea874ec14.jpg\",\"datePublished\":\"2021-06-27T12:22:00+00:00\",\"dateModified\":\"2023-04-27T06:52:27+00:00\",\"author\":{\"@id\":\"https:\/\/stiftadmont.at\/#\/schema\/person\/30535548b241d5f33a2e8b839db11869\"},\"description\":\"Lesen Sie aktuelle Informationen zum Thema Goldenes Priesterjubil\u00e4um und vieles mehr aus dem Konvent und der Pfarre Admont.\",\"breadcrumb\":{\"@id\":\"https:\/\/stiftadmont.at\/blog\/priesterjubilaeum\/#breadcrumb\"},\"inLanguage\":\"es\",\"potentialAction\":[{\"@type\":\"ReadAction\",\"target\":[\"https:\/\/stiftadmont.at\/blog\/priesterjubilaeum\/\"]}]},{\"@type\":\"ImageObject\",\"inLanguage\":\"es\",\"@id\":\"https:\/\/stiftadmont.at\/blog\/priesterjubilaeum\/#primaryimage\",\"url\":\"https:\/\/stiftadmont.at\/wp-content\/uploads\/44df8514-83f8-41b5-b9d2-31dea874ec14.jpg\",\"contentUrl\":\"https:\/\/stiftadmont.at\/wp-content\/uploads\/44df8514-83f8-41b5-b9d2-31dea874ec14.jpg\",\"width\":1024,\"height\":768,\"caption\":\"Goldenes Priesterjubil\u00e4um 2021\"},{\"@type\":\"BreadcrumbList\",\"@id\":\"https:\/\/stiftadmont.at\/blog\/priesterjubilaeum\/#breadcrumb\",\"itemListElement\":[{\"@type\":\"ListItem\",\"position\":1,\"name\":\"Start\",\"item\":\"https:\/\/stiftadmont.at\/\"},{\"@type\":\"ListItem\",\"position\":2,\"name\":\"Goldenes Priesterjubil\u00e4um\"}]},{\"@type\":\"WebSite\",\"@id\":\"https:\/\/stiftadmont.at\/#website\",\"url\":\"https:\/\/stiftadmont.at\/\",\"name\":\"Stift Admont\",\"description\":\"Benediktinerkloster und Sehensw\u00fcrdigkeit im Ges\u00e4use\",\"potentialAction\":[{\"@type\":\"SearchAction\",\"target\":{\"@type\":\"EntryPoint\",\"urlTemplate\":\"https:\/\/stiftadmont.at\/?s={search_term_string}\"},\"query-input\":{\"@type\":\"PropertyValueSpecification\",\"valueRequired\":true,\"valueName\":\"search_term_string\"}}],\"inLanguage\":\"es\"},{\"@type\":\"Person\",\"@id\":\"https:\/\/stiftadmont.at\/#\/schema\/person\/30535548b241d5f33a2e8b839db11869\",\"name\":\"Mario Brandm\u00fcller\"}]}<\/script>\n<!-- \/ Yoast SEO Premium plugin. -->","yoast_head_json":{"title":"Bodas de oro sacerdotales - Abad\u00eda de Admont","description":"Lea la informaci\u00f3n m\u00e1s reciente sobre las bodas de oro sacerdotales y mucho m\u00e1s del convento y la parroquia de Admont.","robots":{"index":"index","follow":"follow","max-snippet":"max-snippet:-1","max-image-preview":"max-image-preview:large","max-video-preview":"max-video-preview:-1"},"canonical":"https:\/\/stiftadmont.at\/es\/blog\/jubileo-sacerdotal\/","og_locale":"es_ES","og_type":"article","og_title":"Goldenes Priesterjubil\u00e4um","og_description":"Lesen Sie aktuelle Informationen zum Thema Goldenes Priesterjubil\u00e4um und vieles mehr aus dem Konvent und der Pfarre Admont.","og_url":"https:\/\/stiftadmont.at\/es\/blog\/jubileo-sacerdotal\/","og_site_name":"Stift Admont","article_published_time":"2021-06-27T12:22:00+00:00","article_modified_time":"2023-04-27T06:52:27+00:00","og_image":[{"width":1024,"height":768,"url":"https:\/\/stiftadmont.at\/wp-content\/uploads\/44df8514-83f8-41b5-b9d2-31dea874ec14.jpg","type":"image\/jpeg"}],"author":"Mario Brandm\u00fcller","twitter_card":"summary_large_image","twitter_misc":{"Escrito por":"Mario Brandm\u00fcller"},"schema":{"@context":"https:\/\/schema.org","@graph":[{"@type":"Article","@id":"https:\/\/stiftadmont.at\/blog\/priesterjubilaeum\/#article","isPartOf":{"@id":"https:\/\/stiftadmont.at\/blog\/priesterjubilaeum\/"},"author":{"name":"Mario Brandm\u00fcller","@id":"https:\/\/stiftadmont.at\/#\/schema\/person\/30535548b241d5f33a2e8b839db11869"},"headline":"Goldenes Priesterjubil\u00e4um","datePublished":"2021-06-27T12:22:00+00:00","dateModified":"2023-04-27T06:52:27+00:00","mainEntityOfPage":{"@id":"https:\/\/stiftadmont.at\/blog\/priesterjubilaeum\/"},"wordCount":3,"image":{"@id":"https:\/\/stiftadmont.at\/blog\/priesterjubilaeum\/#primaryimage"},"thumbnailUrl":"https:\/\/stiftadmont.at\/wp-content\/uploads\/44df8514-83f8-41b5-b9d2-31dea874ec14.jpg","articleSection":["Kloster aktuell"],"inLanguage":"es"},{"@type":"WebPage","@id":"https:\/\/stiftadmont.at\/blog\/priesterjubilaeum\/","url":"https:\/\/stiftadmont.at\/blog\/priesterjubilaeum\/","name":"Bodas de oro sacerdotales - Abad\u00eda de Admont","isPartOf":{"@id":"https:\/\/stiftadmont.at\/#website"},"primaryImageOfPage":{"@id":"https:\/\/stiftadmont.at\/blog\/priesterjubilaeum\/#primaryimage"},"image":{"@id":"https:\/\/stiftadmont.at\/blog\/priesterjubilaeum\/#primaryimage"},"thumbnailUrl":"https:\/\/stiftadmont.at\/wp-content\/uploads\/44df8514-83f8-41b5-b9d2-31dea874ec14.jpg","datePublished":"2021-06-27T12:22:00+00:00","dateModified":"2023-04-27T06:52:27+00:00","author":{"@id":"https:\/\/stiftadmont.at\/#\/schema\/person\/30535548b241d5f33a2e8b839db11869"},"description":"Lea la informaci\u00f3n m\u00e1s reciente sobre las bodas de oro sacerdotales y mucho m\u00e1s del convento y la parroquia de Admont.","breadcrumb":{"@id":"https:\/\/stiftadmont.at\/blog\/priesterjubilaeum\/#breadcrumb"},"inLanguage":"es","potentialAction":[{"@type":"ReadAction","target":["https:\/\/stiftadmont.at\/blog\/priesterjubilaeum\/"]}]},{"@type":"ImageObject","inLanguage":"es","@id":"https:\/\/stiftadmont.at\/blog\/priesterjubilaeum\/#primaryimage","url":"https:\/\/stiftadmont.at\/wp-content\/uploads\/44df8514-83f8-41b5-b9d2-31dea874ec14.jpg","contentUrl":"https:\/\/stiftadmont.at\/wp-content\/uploads\/44df8514-83f8-41b5-b9d2-31dea874ec14.jpg","width":1024,"height":768,"caption":"Goldenes Priesterjubil\u00e4um 2021"},{"@type":"BreadcrumbList","@id":"https:\/\/stiftadmont.at\/blog\/priesterjubilaeum\/#breadcrumb","itemListElement":[{"@type":"ListItem","position":1,"name":"Start","item":"https:\/\/stiftadmont.at\/"},{"@type":"ListItem","position":2,"name":"Goldenes Priesterjubil\u00e4um"}]},{"@type":"WebSite","@id":"https:\/\/stiftadmont.at\/#website","url":"https:\/\/stiftadmont.at\/","name":"Abad\u00eda de Admont","description":"Monasterio benedictino y atracci\u00f3n tur\u00edstica en el Ges\u00e4use","potentialAction":[{"@type":"SearchAction","target":{"@type":"EntryPoint","urlTemplate":"https:\/\/stiftadmont.at\/?s={search_term_string}"},"query-input":{"@type":"PropertyValueSpecification","valueRequired":true,"valueName":"search_term_string"}}],"inLanguage":"es"},{"@type":"Person","@id":"https:\/\/stiftadmont.at\/#\/schema\/person\/30535548b241d5f33a2e8b839db11869","name":"Mario Brandm\u00fcller"}]}},"_links":{"self":[{"href":"https:\/\/stiftadmont.at\/es\/wp-json\/wp\/v2\/posts\/4347","targetHints":{"allow":["GET"]}}],"collection":[{"href":"https:\/\/stiftadmont.at\/es\/wp-json\/wp\/v2\/posts"}],"about":[{"href":"https:\/\/stiftadmont.at\/es\/wp-json\/wp\/v2\/types\/post"}],"author":[{"embeddable":true,"href":"https:\/\/stiftadmont.at\/es\/wp-json\/wp\/v2\/users\/7"}],"replies":[{"embeddable":true,"href":"https:\/\/stiftadmont.at\/es\/wp-json\/wp\/v2\/comments?post=4347"}],"version-history":[{"count":5,"href":"https:\/\/stiftadmont.at\/es\/wp-json\/wp\/v2\/posts\/4347\/revisions"}],"predecessor-version":[{"id":17855,"href":"https:\/\/stiftadmont.at\/es\/wp-json\/wp\/v2\/posts\/4347\/revisions\/17855"}],"wp:featuredmedia":[{"embeddable":true,"href":"https:\/\/stiftadmont.at\/es\/wp-json\/wp\/v2\/media\/4348"}],"wp:attachment":[{"href":"https:\/\/stiftadmont.at\/es\/wp-json\/wp\/v2\/media?parent=4347"}],"wp:term":[{"taxonomy":"category","embeddable":true,"href":"https:\/\/stiftadmont.at\/es\/wp-json\/wp\/v2\/categories?post=4347"}],"curies":[{"name":"wp","href":"https:\/\/api.w.org\/{rel}","templated":true}]}}