{"id":6829,"date":"2021-08-06T17:16:05","date_gmt":"2021-08-06T15:16:05","guid":{"rendered":"https:\/\/stiftadmont.at\/?p=6829"},"modified":"2023-04-27T08:53:43","modified_gmt":"2023-04-27T06:53:43","slug":"profesor-rupert-schwarz","status":"publish","type":"post","link":"https:\/\/stiftadmont.at\/es\/blog\/profess-rupert-schwarz\/","title":{"rendered":"Profesi\u00f3n del P. Rupert Schwarz OSB"},"content":{"rendered":"<section id='lightpress__section--block_6155d472fbc07' class='lightpress__section--default-section-space lightpress__section lightpress__section--content'><div class=\"content__inner\"\n         x-init=\"initContentBlockAnim($el)\">\n        \n    <div class=\"content__grid content__grid\">\n                                            <div class=\"content__box content__box--one-hundred\"\n                 style=\"\">\n                                \n                \n                                            <div class=\"prose\"><h2 class=\"heading-xxl line line--gold\">fr Rupert Schwarz OSB<\/h2>\n<p class=\"paragraph-m\">fr Rupert Schwarz OSB naci\u00f3 en Salzburgo en 1982 y fue bautizado como Martin. Adem\u00e1s de otros programas de formaci\u00f3n, nuestro cohermano estudi\u00f3 m\u00fasica eclesi\u00e1stica en el Mozarteum de Salzburgo y en el conservatorio de Linz, y despu\u00e9s fue contratado como m\u00fasico eclesi\u00e1stico en la bas\u00edlica de Maria Taferl, en Baja Austria. Martin Schwarz sigui\u00f3 la llamada de Dios en oto\u00f1o de 2017 y comenz\u00f3 su noviciado en nuestra comunidad el 2 de octubre. Tras su profesi\u00f3n temporal el 22 de septiembre de 2018, comenz\u00f3 sus estudios de teolog\u00eda cat\u00f3lica en la Universidad de Ciencias Aplicadas Benedicto XVI de Heiligenkreuz, que actualmente reclaman su atenci\u00f3n. \"Cuando entr\u00e9 en la Abad\u00eda de Admont hace cuatro a\u00f1os como Martin Schwarz y recib\u00ed el nombre religioso de Frater Rupert, ya conoc\u00eda el monasterio y la ciudad mercado de Admont desde hac\u00eda tiempo. Ahora este conocimiento se ha convertido en familiaridad y estoy muy contento de estar aqu\u00ed\", dijo el P. Rupert en v\u00edsperas de su profesi\u00f3n solemne. Con su profesi\u00f3n solemne, el P. Rupert se compromete de por vida con nuestra comunidad. En oto\u00f1o volver\u00e1 a Heiligenkreuz para continuar sus estudios. Tras finalizar con \u00e9xito sus estudios, el P. Rupert ser\u00e1 ordenado sacerdote y trabajar\u00e1 como p\u00e1rroco en las parroquias de nuestra casa.<\/p>\n<p class=\"paragraph-m\">Profesi\u00f3n solemne (perpetua) del P. Rupert Schwarz OSB <br \/>29 de agosto de 2021 <br \/>14:00 Iglesia de la Abad\u00eda de Admont<\/p>\n<p class=\"paragraph-m\">La participaci\u00f3n en la ceremonia s\u00f3lo es posible con un certificado 3G v\u00e1lido.<\/p>\n<\/div>\n                    \n                            <\/div>\n        \n            <\/div>\n<\/div>\n\n<\/section>","protected":false},"excerpt":{"rendered":"<p>Profesi\u00f3n solemne (perpetua) del P. Rupert Schwarz OSB el 29 de agosto de 2021<\/p>","protected":false},"author":7,"featured_media":6830,"comment_status":"closed","ping_status":"closed","sticky":false,"template":"","format":"standard","meta":{"_acf_changed":false,"footnotes":""},"categories":[22],"class_list":["post-6829","post","type-post","status-publish","format-standard","has-post-thumbnail","hentry","category-kloster-aktuell"],"acf":[],"yoast_head":"<!-- This site is optimized with the Yoast SEO Premium plugin v26.0 (Yoast SEO v26.8) - https:\/\/yoast.com\/product\/yoast-seo-premium-wordpress\/ -->\n<title>Profess von fr. Rupert Schwarz OSB - Stift Admont<\/title>\n<meta name=\"description\" content=\"Lesen Sie aktuelle Informationen zum Thema Profess von fr. Rupert Schwarz OSB und vieles mehr aus dem Konvent und der Pfarre Admont.\" \/>\n<meta name=\"robots\" content=\"index, follow, max-snippet:-1, max-image-preview:large, max-video-preview:-1\" \/>\n<link rel=\"canonical\" href=\"https:\/\/stiftadmont.at\/es\/blog\/profesor-rupert-schwarz\/\" \/>\n<meta property=\"og:locale\" content=\"es_ES\" \/>\n<meta property=\"og:type\" content=\"article\" \/>\n<meta property=\"og:title\" content=\"Profess von fr. Rupert Schwarz OSB\" \/>\n<meta property=\"og:description\" content=\"Lesen Sie aktuelle Informationen zum Thema Profess von fr. Rupert Schwarz OSB und vieles mehr aus dem Konvent und der Pfarre Admont.\" \/>\n<meta property=\"og:url\" content=\"https:\/\/stiftadmont.at\/es\/blog\/profesor-rupert-schwarz\/\" \/>\n<meta property=\"og:site_name\" content=\"Stift Admont\" \/>\n<meta property=\"article:published_time\" content=\"2021-08-06T15:16:05+00:00\" \/>\n<meta property=\"article:modified_time\" content=\"2023-04-27T06:53:43+00:00\" \/>\n<meta property=\"og:image\" content=\"https:\/\/stiftadmont.at\/wp-content\/uploads\/foto_header.jpg\" \/>\n\t<meta property=\"og:image:width\" content=\"857\" \/>\n\t<meta property=\"og:image:height\" content=\"650\" \/>\n\t<meta property=\"og:image:type\" content=\"image\/jpeg\" \/>\n<meta name=\"author\" content=\"Mario Brandm\u00fcller\" \/>\n<meta name=\"twitter:card\" content=\"summary_large_image\" \/>\n<meta name=\"twitter:label1\" content=\"Escrito por\" \/>\n\t<meta name=\"twitter:data1\" content=\"Mario Brandm\u00fcller\" \/>\n<script type=\"application\/ld+json\" class=\"yoast-schema-graph\">{\"@context\":\"https:\/\/schema.org\",\"@graph\":[{\"@type\":\"Article\",\"@id\":\"https:\/\/stiftadmont.at\/blog\/profess-rupert-schwarz\/#article\",\"isPartOf\":{\"@id\":\"https:\/\/stiftadmont.at\/blog\/profess-rupert-schwarz\/\"},\"author\":{\"name\":\"Mario Brandm\u00fcller\",\"@id\":\"https:\/\/stiftadmont.at\/#\/schema\/person\/30535548b241d5f33a2e8b839db11869\"},\"headline\":\"Profess von fr. Rupert Schwarz OSB\",\"datePublished\":\"2021-08-06T15:16:05+00:00\",\"dateModified\":\"2023-04-27T06:53:43+00:00\",\"mainEntityOfPage\":{\"@id\":\"https:\/\/stiftadmont.at\/blog\/profess-rupert-schwarz\/\"},\"wordCount\":6,\"image\":{\"@id\":\"https:\/\/stiftadmont.at\/blog\/profess-rupert-schwarz\/#primaryimage\"},\"thumbnailUrl\":\"https:\/\/stiftadmont.at\/wp-content\/uploads\/foto_header.jpg\",\"articleSection\":[\"Kloster aktuell\"],\"inLanguage\":\"es\"},{\"@type\":\"WebPage\",\"@id\":\"https:\/\/stiftadmont.at\/blog\/profess-rupert-schwarz\/\",\"url\":\"https:\/\/stiftadmont.at\/blog\/profess-rupert-schwarz\/\",\"name\":\"Profess von fr. Rupert Schwarz OSB - Stift Admont\",\"isPartOf\":{\"@id\":\"https:\/\/stiftadmont.at\/#website\"},\"primaryImageOfPage\":{\"@id\":\"https:\/\/stiftadmont.at\/blog\/profess-rupert-schwarz\/#primaryimage\"},\"image\":{\"@id\":\"https:\/\/stiftadmont.at\/blog\/profess-rupert-schwarz\/#primaryimage\"},\"thumbnailUrl\":\"https:\/\/stiftadmont.at\/wp-content\/uploads\/foto_header.jpg\",\"datePublished\":\"2021-08-06T15:16:05+00:00\",\"dateModified\":\"2023-04-27T06:53:43+00:00\",\"author\":{\"@id\":\"https:\/\/stiftadmont.at\/#\/schema\/person\/30535548b241d5f33a2e8b839db11869\"},\"description\":\"Lesen Sie aktuelle Informationen zum Thema Profess von fr. Rupert Schwarz OSB und vieles mehr aus dem Konvent und der Pfarre Admont.\",\"breadcrumb\":{\"@id\":\"https:\/\/stiftadmont.at\/blog\/profess-rupert-schwarz\/#breadcrumb\"},\"inLanguage\":\"es\",\"potentialAction\":[{\"@type\":\"ReadAction\",\"target\":[\"https:\/\/stiftadmont.at\/blog\/profess-rupert-schwarz\/\"]}]},{\"@type\":\"ImageObject\",\"inLanguage\":\"es\",\"@id\":\"https:\/\/stiftadmont.at\/blog\/profess-rupert-schwarz\/#primaryimage\",\"url\":\"https:\/\/stiftadmont.at\/wp-content\/uploads\/foto_header.jpg\",\"contentUrl\":\"https:\/\/stiftadmont.at\/wp-content\/uploads\/foto_header.jpg\",\"width\":857,\"height\":650,\"caption\":\"foto header\"},{\"@type\":\"BreadcrumbList\",\"@id\":\"https:\/\/stiftadmont.at\/blog\/profess-rupert-schwarz\/#breadcrumb\",\"itemListElement\":[{\"@type\":\"ListItem\",\"position\":1,\"name\":\"Start\",\"item\":\"https:\/\/stiftadmont.at\/\"},{\"@type\":\"ListItem\",\"position\":2,\"name\":\"Profess von fr. Rupert Schwarz OSB\"}]},{\"@type\":\"WebSite\",\"@id\":\"https:\/\/stiftadmont.at\/#website\",\"url\":\"https:\/\/stiftadmont.at\/\",\"name\":\"Stift Admont\",\"description\":\"Benediktinerkloster und Sehensw\u00fcrdigkeit im Ges\u00e4use\",\"potentialAction\":[{\"@type\":\"SearchAction\",\"target\":{\"@type\":\"EntryPoint\",\"urlTemplate\":\"https:\/\/stiftadmont.at\/?s={search_term_string}\"},\"query-input\":{\"@type\":\"PropertyValueSpecification\",\"valueRequired\":true,\"valueName\":\"search_term_string\"}}],\"inLanguage\":\"es\"},{\"@type\":\"Person\",\"@id\":\"https:\/\/stiftadmont.at\/#\/schema\/person\/30535548b241d5f33a2e8b839db11869\",\"name\":\"Mario Brandm\u00fcller\"}]}<\/script>\n<!-- \/ Yoast SEO Premium plugin. -->","yoast_head_json":{"title":"Profesi\u00f3n del P. Rupert Schwarz OSB - Abad\u00eda de Admont","description":"Lea la informaci\u00f3n m\u00e1s reciente sobre la profesi\u00f3n del P. Rupert Schwarz OSB y mucho m\u00e1s sobre el convento y la parroquia de Admont.","robots":{"index":"index","follow":"follow","max-snippet":"max-snippet:-1","max-image-preview":"max-image-preview:large","max-video-preview":"max-video-preview:-1"},"canonical":"https:\/\/stiftadmont.at\/es\/blog\/profesor-rupert-schwarz\/","og_locale":"es_ES","og_type":"article","og_title":"Profess von fr. Rupert Schwarz OSB","og_description":"Lesen Sie aktuelle Informationen zum Thema Profess von fr. Rupert Schwarz OSB und vieles mehr aus dem Konvent und der Pfarre Admont.","og_url":"https:\/\/stiftadmont.at\/es\/blog\/profesor-rupert-schwarz\/","og_site_name":"Stift Admont","article_published_time":"2021-08-06T15:16:05+00:00","article_modified_time":"2023-04-27T06:53:43+00:00","og_image":[{"width":857,"height":650,"url":"https:\/\/stiftadmont.at\/wp-content\/uploads\/foto_header.jpg","type":"image\/jpeg"}],"author":"Mario Brandm\u00fcller","twitter_card":"summary_large_image","twitter_misc":{"Escrito por":"Mario Brandm\u00fcller"},"schema":{"@context":"https:\/\/schema.org","@graph":[{"@type":"Article","@id":"https:\/\/stiftadmont.at\/blog\/profess-rupert-schwarz\/#article","isPartOf":{"@id":"https:\/\/stiftadmont.at\/blog\/profess-rupert-schwarz\/"},"author":{"name":"Mario Brandm\u00fcller","@id":"https:\/\/stiftadmont.at\/#\/schema\/person\/30535548b241d5f33a2e8b839db11869"},"headline":"Profess von fr. Rupert Schwarz OSB","datePublished":"2021-08-06T15:16:05+00:00","dateModified":"2023-04-27T06:53:43+00:00","mainEntityOfPage":{"@id":"https:\/\/stiftadmont.at\/blog\/profess-rupert-schwarz\/"},"wordCount":6,"image":{"@id":"https:\/\/stiftadmont.at\/blog\/profess-rupert-schwarz\/#primaryimage"},"thumbnailUrl":"https:\/\/stiftadmont.at\/wp-content\/uploads\/foto_header.jpg","articleSection":["Kloster aktuell"],"inLanguage":"es"},{"@type":"WebPage","@id":"https:\/\/stiftadmont.at\/blog\/profess-rupert-schwarz\/","url":"https:\/\/stiftadmont.at\/blog\/profess-rupert-schwarz\/","name":"Profesi\u00f3n del P. Rupert Schwarz OSB - Abad\u00eda de Admont","isPartOf":{"@id":"https:\/\/stiftadmont.at\/#website"},"primaryImageOfPage":{"@id":"https:\/\/stiftadmont.at\/blog\/profess-rupert-schwarz\/#primaryimage"},"image":{"@id":"https:\/\/stiftadmont.at\/blog\/profess-rupert-schwarz\/#primaryimage"},"thumbnailUrl":"https:\/\/stiftadmont.at\/wp-content\/uploads\/foto_header.jpg","datePublished":"2021-08-06T15:16:05+00:00","dateModified":"2023-04-27T06:53:43+00:00","author":{"@id":"https:\/\/stiftadmont.at\/#\/schema\/person\/30535548b241d5f33a2e8b839db11869"},"description":"Lea la informaci\u00f3n m\u00e1s reciente sobre la profesi\u00f3n del P. Rupert Schwarz OSB y mucho m\u00e1s sobre el convento y la parroquia de Admont.","breadcrumb":{"@id":"https:\/\/stiftadmont.at\/blog\/profess-rupert-schwarz\/#breadcrumb"},"inLanguage":"es","potentialAction":[{"@type":"ReadAction","target":["https:\/\/stiftadmont.at\/blog\/profess-rupert-schwarz\/"]}]},{"@type":"ImageObject","inLanguage":"es","@id":"https:\/\/stiftadmont.at\/blog\/profess-rupert-schwarz\/#primaryimage","url":"https:\/\/stiftadmont.at\/wp-content\/uploads\/foto_header.jpg","contentUrl":"https:\/\/stiftadmont.at\/wp-content\/uploads\/foto_header.jpg","width":857,"height":650,"caption":"foto header"},{"@type":"BreadcrumbList","@id":"https:\/\/stiftadmont.at\/blog\/profess-rupert-schwarz\/#breadcrumb","itemListElement":[{"@type":"ListItem","position":1,"name":"Start","item":"https:\/\/stiftadmont.at\/"},{"@type":"ListItem","position":2,"name":"Profess von fr. Rupert Schwarz OSB"}]},{"@type":"WebSite","@id":"https:\/\/stiftadmont.at\/#website","url":"https:\/\/stiftadmont.at\/","name":"Abad\u00eda de Admont","description":"Monasterio benedictino y atracci\u00f3n tur\u00edstica en el Ges\u00e4use","potentialAction":[{"@type":"SearchAction","target":{"@type":"EntryPoint","urlTemplate":"https:\/\/stiftadmont.at\/?s={search_term_string}"},"query-input":{"@type":"PropertyValueSpecification","valueRequired":true,"valueName":"search_term_string"}}],"inLanguage":"es"},{"@type":"Person","@id":"https:\/\/stiftadmont.at\/#\/schema\/person\/30535548b241d5f33a2e8b839db11869","name":"Mario Brandm\u00fcller"}]}},"_links":{"self":[{"href":"https:\/\/stiftadmont.at\/es\/wp-json\/wp\/v2\/posts\/6829","targetHints":{"allow":["GET"]}}],"collection":[{"href":"https:\/\/stiftadmont.at\/es\/wp-json\/wp\/v2\/posts"}],"about":[{"href":"https:\/\/stiftadmont.at\/es\/wp-json\/wp\/v2\/types\/post"}],"author":[{"embeddable":true,"href":"https:\/\/stiftadmont.at\/es\/wp-json\/wp\/v2\/users\/7"}],"replies":[{"embeddable":true,"href":"https:\/\/stiftadmont.at\/es\/wp-json\/wp\/v2\/comments?post=6829"}],"version-history":[{"count":13,"href":"https:\/\/stiftadmont.at\/es\/wp-json\/wp\/v2\/posts\/6829\/revisions"}],"predecessor-version":[{"id":17860,"href":"https:\/\/stiftadmont.at\/es\/wp-json\/wp\/v2\/posts\/6829\/revisions\/17860"}],"wp:featuredmedia":[{"embeddable":true,"href":"https:\/\/stiftadmont.at\/es\/wp-json\/wp\/v2\/media\/6830"}],"wp:attachment":[{"href":"https:\/\/stiftadmont.at\/es\/wp-json\/wp\/v2\/media?parent=6829"}],"wp:term":[{"taxonomy":"category","embeddable":true,"href":"https:\/\/stiftadmont.at\/es\/wp-json\/wp\/v2\/categories?post=6829"}],"curies":[{"name":"wp","href":"https:\/\/api.w.org\/{rel}","templated":true}]}}