{"id":7061,"date":"2021-12-09T07:07:27","date_gmt":"2021-12-09T05:07:27","guid":{"rendered":"https:\/\/stiftadmont.at\/?p=7061"},"modified":"2023-04-27T08:54:58","modified_gmt":"2023-04-27T06:54:58","slug":"un-torbellino-conquista-la-vicaria","status":"publish","type":"post","link":"https:\/\/stiftadmont.at\/es\/blog\/ein-wirbelwind-erobert-das-pfarrhaus\/","title":{"rendered":"Un torbellino conquista la vicar\u00eda"},"content":{"rendered":"<section id='lightpress__section--block_61b18f6d4e0e8' class='lightpress__section lightpress__section--image lightpress__section-- lightpress__section--'>                        <img decoding=\"async\" src=\"https:\/\/stiftadmont.at\/wp-content\/uploads\/PaterEgon_\u00a9ThomasSattler-13-escala.jpg\" alt=\"Abad\u00eda benedictina de Admont - Padre Egon \u00a9 Thomas Sattler\" \/>\n<\/section>\n\n<section id='lightpress__section--block_61b18e22e5efe' class='lightpress__section--default-section-space lightpress__section lightpress__section--content'><div class=\"content__inner\"\n         x-init=\"initContentBlockAnim($el)\">\n        \n    <div class=\"content__grid content__grid\">\n                                            <div class=\"content__box content__box--one-hundred\"\n                 style=\"\">\n                                \n                \n                                            <div class=\"prose\"><h2 class=\"heading-xxl line line--gold\">Un torbellino conquista la vicar\u00eda<\/h2>\n<p><strong>Desde que el padre Egon Homann es p\u00e1rroco en la asociaci\u00f3n parroquial de Liesingtal, Mautern no tiene uno, sino dos nuevos residentes.<\/strong><\/p>\n<p class=\"paragraph-m paragraph-s\">El padre Egon pasa de puntillas junto a la cesta de Finn. A pesar de sus sinceros esfuerzos por salir del dormitorio sin hacer ruido, el labrador negro se despierta. Echa un r\u00e1pido vistazo a su amo y, al no ver nada raro, vuelve a bajar su cabeza, a\u00fan pesada, sobre las patas delanteras. Sabe que cuando el padre Egon vaya a rezar sus oraciones matutinas a las cinco en punto, podr\u00e1 dormitar otra hora entera. El sacerdote disfruta de la paz y la tranquilidad de un d\u00eda todav\u00eda joven, porque una vez que Finn ha dormido bien por la noche, puede convertirse en un aut\u00e9ntico torbellino. Sus saludos, en particular, son extremadamente tormentosos, \"siempre tengo que frenarle un poco\", dice el padre Egon riendo.<\/p>\n<p class=\"paragraph-m paragraph-s\">Sin embargo, a la comunidad parroquial de Mautern no parece molestarle la exuberancia del amigo de cuatro patas. Todo lo contrario. \"Cuando salgo a pasear con Finn, la gente me pregunta primero c\u00f3mo est\u00e1 el perro. S\u00f3lo entonces me preguntan c\u00f3mo estoy yo\", dice el Padre Egon con una sonrisa. Todos aquellos que no se encuentran con el d\u00fao en su paseo diario pueden mantenerse al d\u00eda de la vida de Finn como perro de monasterio en Facebook. Echando un vistazo a su perfil en la red, destacan las fotos de los muchos regalos que recibe regularmente el amigo de cuatro patas. Los peque\u00f1os y grandes obsequios van desde palitos de aperitivo hasta salchichas y bacon. No es de extra\u00f1ar que Finn vaya adquiriendo poco a poco un aire de estrella. Le encanta ser el centro de atenci\u00f3n y cuenta con un peque\u00f1o y selecto club de fans no s\u00f3lo en Mautern, sino tambi\u00e9n en Graz.<\/p>\n<p><strong>Un amigo de cuatro patas con encanto<\/strong><\/p>\n<p class=\"paragraph-m paragraph-s\">Adem\u00e1s de p\u00e1rroco, el padre Egon es consejero. El monasterio benedictino de Admont fund\u00f3 hace a\u00f1os dos sedes en la capital de la provincia para atender a los estudiantes. Una de ellas es la \"Casa del Encuentro\". El d\u00fao acude varias veces por semana. Sin embargo, Finn no tiene por qu\u00e9 perderse sus paseos. El Hilmteich es uno de sus destinos favoritos. Pero el amigo de cuatro patas tambi\u00e9n disfruta trabajando en Graz. Finn ha elegido un sill\u00f3n tapizado de color turquesa como su lugar favorito en la sala com\u00fan de las instalaciones. Probablemente porque desde all\u00ed tiene la mejor vista de la puerta de cristal de la entrada y de lo que ocurre en la calle. Nada escapa a su atenci\u00f3n. Con ojos atentos, observa cada movimiento en la acera que bordea la casa. Si una cara conocida entra en la Haus der Begegnung, \u00e9l est\u00e1 inmediatamente en el lugar. Esta sociabilidad le ha dado incluso su propia \u00e1rea de responsabilidad: El saludo. Una vez que lo ha hecho a su entera satisfacci\u00f3n, salta de nuevo a su trono tapizado. \"No interfiere en las conversaciones. S\u00f3lo se levanta de vez en cuando para que le demos mimos\", dice el Padre Egon. Sin embargo, Finn es extremadamente exigente en este aspecto. En sus dos a\u00f1os de vida, ha aprendido a interpretar los gestos de la gente. \"Si alguien trata con respeto a un perro grande, \u00e9l guarda inmediatamente las distancias. Finn percibe cu\u00e1ndo es deseable el contacto f\u00edsico y cu\u00e1ndo no. En funci\u00f3n de eso, recibe mimos o no\", dice su due\u00f1a. No hay mucha gente que pueda resistirse a su encanto. El labrador se mete a la mayor\u00eda de la gente en el bolsillo desde el primer encuentro. Es especialmente popular por su car\u00e1cter pac\u00edfico. No le gustan los ladridos fuertes. Para llamar la atenci\u00f3n, prefiere una mirada l\u00e1nguida. \"Incluso cuando est\u00e1 fuera de s\u00ed de alegr\u00eda, no ladra, sino que salta y retoza. Ocupa toda la habitaci\u00f3n\", dice el padre Egon riendo y explica qu\u00e9 es lo que m\u00e1s le alegra a Finn. \u00bfUna golosina? \u00bfUn juguete nuevo? \"No, es m\u00e1s feliz cuando llego a casa. Y es una sensaci\u00f3n muy agradable\".<\/p>\n<\/div>\n                    \n                            <\/div>\n        \n            <\/div>\n<\/div>\n\n<\/section>","protected":false},"excerpt":{"rendered":"","protected":false},"author":7,"featured_media":7062,"comment_status":"closed","ping_status":"closed","sticky":false,"template":"","format":"standard","meta":{"_acf_changed":false,"footnotes":""},"categories":[22],"class_list":["post-7061","post","type-post","status-publish","format-standard","has-post-thumbnail","hentry","category-kloster-aktuell"],"acf":[],"yoast_head":"<!-- This site is optimized with the Yoast SEO Premium plugin v26.0 (Yoast SEO v26.8) - https:\/\/yoast.com\/product\/yoast-seo-premium-wordpress\/ -->\n<title>Ein Wirbelwind erobert das Pfarrhaus - Stift Admont<\/title>\n<meta name=\"description\" content=\"Lesen Sie aktuelle Informationen zum Thema Ein Wirbelwind erobert das Pfarrhaus und vieles mehr aus dem Konvent und der Pfarre Admont.\" \/>\n<meta name=\"robots\" content=\"index, follow, max-snippet:-1, max-image-preview:large, max-video-preview:-1\" \/>\n<link rel=\"canonical\" href=\"https:\/\/stiftadmont.at\/es\/blog\/un-torbellino-conquista-la-vicaria\/\" \/>\n<meta property=\"og:locale\" content=\"es_ES\" \/>\n<meta property=\"og:type\" content=\"article\" \/>\n<meta property=\"og:title\" content=\"Ein Wirbelwind erobert das Pfarrhaus\" \/>\n<meta property=\"og:description\" content=\"Lesen Sie aktuelle Informationen zum Thema Ein Wirbelwind erobert das Pfarrhaus und vieles mehr aus dem Konvent und der Pfarre Admont.\" \/>\n<meta property=\"og:url\" content=\"https:\/\/stiftadmont.at\/es\/blog\/un-torbellino-conquista-la-vicaria\/\" \/>\n<meta property=\"og:site_name\" content=\"Stift Admont\" \/>\n<meta property=\"article:published_time\" content=\"2021-12-09T05:07:27+00:00\" \/>\n<meta property=\"article:modified_time\" content=\"2023-04-27T06:54:58+00:00\" \/>\n<meta property=\"og:image\" content=\"https:\/\/stiftadmont.at\/wp-content\/uploads\/PaterEgon_\u00a9ThomasSattler-13-scaled.jpg\" \/>\n\t<meta property=\"og:image:width\" content=\"2560\" \/>\n\t<meta property=\"og:image:height\" content=\"1706\" \/>\n\t<meta property=\"og:image:type\" content=\"image\/jpeg\" \/>\n<meta name=\"author\" content=\"Mario Brandm\u00fcller\" \/>\n<meta name=\"twitter:card\" content=\"summary_large_image\" \/>\n<meta name=\"twitter:label1\" content=\"Escrito por\" \/>\n\t<meta name=\"twitter:data1\" content=\"Mario Brandm\u00fcller\" \/>\n<script type=\"application\/ld+json\" class=\"yoast-schema-graph\">{\"@context\":\"https:\/\/schema.org\",\"@graph\":[{\"@type\":\"Article\",\"@id\":\"https:\/\/stiftadmont.at\/blog\/ein-wirbelwind-erobert-das-pfarrhaus\/#article\",\"isPartOf\":{\"@id\":\"https:\/\/stiftadmont.at\/blog\/ein-wirbelwind-erobert-das-pfarrhaus\/\"},\"author\":{\"name\":\"Mario Brandm\u00fcller\",\"@id\":\"https:\/\/stiftadmont.at\/#\/schema\/person\/30535548b241d5f33a2e8b839db11869\"},\"headline\":\"Ein Wirbelwind erobert das Pfarrhaus\",\"datePublished\":\"2021-12-09T05:07:27+00:00\",\"dateModified\":\"2023-04-27T06:54:58+00:00\",\"mainEntityOfPage\":{\"@id\":\"https:\/\/stiftadmont.at\/blog\/ein-wirbelwind-erobert-das-pfarrhaus\/\"},\"wordCount\":5,\"image\":{\"@id\":\"https:\/\/stiftadmont.at\/blog\/ein-wirbelwind-erobert-das-pfarrhaus\/#primaryimage\"},\"thumbnailUrl\":\"https:\/\/stiftadmont.at\/wp-content\/uploads\/PaterEgon_\u00a9ThomasSattler-13-scaled.jpg\",\"articleSection\":[\"Kloster aktuell\"],\"inLanguage\":\"es\"},{\"@type\":\"WebPage\",\"@id\":\"https:\/\/stiftadmont.at\/blog\/ein-wirbelwind-erobert-das-pfarrhaus\/\",\"url\":\"https:\/\/stiftadmont.at\/blog\/ein-wirbelwind-erobert-das-pfarrhaus\/\",\"name\":\"Ein Wirbelwind erobert das Pfarrhaus - Stift Admont\",\"isPartOf\":{\"@id\":\"https:\/\/stiftadmont.at\/#website\"},\"primaryImageOfPage\":{\"@id\":\"https:\/\/stiftadmont.at\/blog\/ein-wirbelwind-erobert-das-pfarrhaus\/#primaryimage\"},\"image\":{\"@id\":\"https:\/\/stiftadmont.at\/blog\/ein-wirbelwind-erobert-das-pfarrhaus\/#primaryimage\"},\"thumbnailUrl\":\"https:\/\/stiftadmont.at\/wp-content\/uploads\/PaterEgon_\u00a9ThomasSattler-13-scaled.jpg\",\"datePublished\":\"2021-12-09T05:07:27+00:00\",\"dateModified\":\"2023-04-27T06:54:58+00:00\",\"author\":{\"@id\":\"https:\/\/stiftadmont.at\/#\/schema\/person\/30535548b241d5f33a2e8b839db11869\"},\"description\":\"Lesen Sie aktuelle Informationen zum Thema Ein Wirbelwind erobert das Pfarrhaus und vieles mehr aus dem Konvent und der Pfarre Admont.\",\"breadcrumb\":{\"@id\":\"https:\/\/stiftadmont.at\/blog\/ein-wirbelwind-erobert-das-pfarrhaus\/#breadcrumb\"},\"inLanguage\":\"es\",\"potentialAction\":[{\"@type\":\"ReadAction\",\"target\":[\"https:\/\/stiftadmont.at\/blog\/ein-wirbelwind-erobert-das-pfarrhaus\/\"]}]},{\"@type\":\"ImageObject\",\"inLanguage\":\"es\",\"@id\":\"https:\/\/stiftadmont.at\/blog\/ein-wirbelwind-erobert-das-pfarrhaus\/#primaryimage\",\"url\":\"https:\/\/stiftadmont.at\/wp-content\/uploads\/PaterEgon_\u00a9ThomasSattler-13-scaled.jpg\",\"contentUrl\":\"https:\/\/stiftadmont.at\/wp-content\/uploads\/PaterEgon_\u00a9ThomasSattler-13-scaled.jpg\",\"width\":2560,\"height\":1706,\"caption\":\"Benediktinerstift Admont - Pater Egon \u00a9 Thomas Sattler\"},{\"@type\":\"BreadcrumbList\",\"@id\":\"https:\/\/stiftadmont.at\/blog\/ein-wirbelwind-erobert-das-pfarrhaus\/#breadcrumb\",\"itemListElement\":[{\"@type\":\"ListItem\",\"position\":1,\"name\":\"Start\",\"item\":\"https:\/\/stiftadmont.at\/\"},{\"@type\":\"ListItem\",\"position\":2,\"name\":\"Ein Wirbelwind erobert das Pfarrhaus\"}]},{\"@type\":\"WebSite\",\"@id\":\"https:\/\/stiftadmont.at\/#website\",\"url\":\"https:\/\/stiftadmont.at\/\",\"name\":\"Stift Admont\",\"description\":\"Benediktinerkloster und Sehensw\u00fcrdigkeit im Ges\u00e4use\",\"potentialAction\":[{\"@type\":\"SearchAction\",\"target\":{\"@type\":\"EntryPoint\",\"urlTemplate\":\"https:\/\/stiftadmont.at\/?s={search_term_string}\"},\"query-input\":{\"@type\":\"PropertyValueSpecification\",\"valueRequired\":true,\"valueName\":\"search_term_string\"}}],\"inLanguage\":\"es\"},{\"@type\":\"Person\",\"@id\":\"https:\/\/stiftadmont.at\/#\/schema\/person\/30535548b241d5f33a2e8b839db11869\",\"name\":\"Mario Brandm\u00fcller\"}]}<\/script>\n<!-- \/ Yoast SEO Premium plugin. -->","yoast_head_json":{"title":"Un torbellino conquista la rector\u00eda - Abad\u00eda de Admont","description":"Lea la informaci\u00f3n m\u00e1s reciente sobre Un torbellino conquista la rector\u00eda y mucho m\u00e1s del convento y la parroquia de Admont.","robots":{"index":"index","follow":"follow","max-snippet":"max-snippet:-1","max-image-preview":"max-image-preview:large","max-video-preview":"max-video-preview:-1"},"canonical":"https:\/\/stiftadmont.at\/es\/blog\/un-torbellino-conquista-la-vicaria\/","og_locale":"es_ES","og_type":"article","og_title":"Ein Wirbelwind erobert das Pfarrhaus","og_description":"Lesen Sie aktuelle Informationen zum Thema Ein Wirbelwind erobert das Pfarrhaus und vieles mehr aus dem Konvent und der Pfarre Admont.","og_url":"https:\/\/stiftadmont.at\/es\/blog\/un-torbellino-conquista-la-vicaria\/","og_site_name":"Stift Admont","article_published_time":"2021-12-09T05:07:27+00:00","article_modified_time":"2023-04-27T06:54:58+00:00","og_image":[{"width":2560,"height":1706,"url":"https:\/\/stiftadmont.at\/wp-content\/uploads\/PaterEgon_\u00a9ThomasSattler-13-scaled.jpg","type":"image\/jpeg"}],"author":"Mario Brandm\u00fcller","twitter_card":"summary_large_image","twitter_misc":{"Escrito por":"Mario Brandm\u00fcller"},"schema":{"@context":"https:\/\/schema.org","@graph":[{"@type":"Article","@id":"https:\/\/stiftadmont.at\/blog\/ein-wirbelwind-erobert-das-pfarrhaus\/#article","isPartOf":{"@id":"https:\/\/stiftadmont.at\/blog\/ein-wirbelwind-erobert-das-pfarrhaus\/"},"author":{"name":"Mario Brandm\u00fcller","@id":"https:\/\/stiftadmont.at\/#\/schema\/person\/30535548b241d5f33a2e8b839db11869"},"headline":"Ein Wirbelwind erobert das Pfarrhaus","datePublished":"2021-12-09T05:07:27+00:00","dateModified":"2023-04-27T06:54:58+00:00","mainEntityOfPage":{"@id":"https:\/\/stiftadmont.at\/blog\/ein-wirbelwind-erobert-das-pfarrhaus\/"},"wordCount":5,"image":{"@id":"https:\/\/stiftadmont.at\/blog\/ein-wirbelwind-erobert-das-pfarrhaus\/#primaryimage"},"thumbnailUrl":"https:\/\/stiftadmont.at\/wp-content\/uploads\/PaterEgon_\u00a9ThomasSattler-13-scaled.jpg","articleSection":["Kloster aktuell"],"inLanguage":"es"},{"@type":"WebPage","@id":"https:\/\/stiftadmont.at\/blog\/ein-wirbelwind-erobert-das-pfarrhaus\/","url":"https:\/\/stiftadmont.at\/blog\/ein-wirbelwind-erobert-das-pfarrhaus\/","name":"Un torbellino conquista la rector\u00eda - Abad\u00eda de Admont","isPartOf":{"@id":"https:\/\/stiftadmont.at\/#website"},"primaryImageOfPage":{"@id":"https:\/\/stiftadmont.at\/blog\/ein-wirbelwind-erobert-das-pfarrhaus\/#primaryimage"},"image":{"@id":"https:\/\/stiftadmont.at\/blog\/ein-wirbelwind-erobert-das-pfarrhaus\/#primaryimage"},"thumbnailUrl":"https:\/\/stiftadmont.at\/wp-content\/uploads\/PaterEgon_\u00a9ThomasSattler-13-scaled.jpg","datePublished":"2021-12-09T05:07:27+00:00","dateModified":"2023-04-27T06:54:58+00:00","author":{"@id":"https:\/\/stiftadmont.at\/#\/schema\/person\/30535548b241d5f33a2e8b839db11869"},"description":"Lea la informaci\u00f3n m\u00e1s reciente sobre Un torbellino conquista la rector\u00eda y mucho m\u00e1s del convento y la parroquia de Admont.","breadcrumb":{"@id":"https:\/\/stiftadmont.at\/blog\/ein-wirbelwind-erobert-das-pfarrhaus\/#breadcrumb"},"inLanguage":"es","potentialAction":[{"@type":"ReadAction","target":["https:\/\/stiftadmont.at\/blog\/ein-wirbelwind-erobert-das-pfarrhaus\/"]}]},{"@type":"ImageObject","inLanguage":"es","@id":"https:\/\/stiftadmont.at\/blog\/ein-wirbelwind-erobert-das-pfarrhaus\/#primaryimage","url":"https:\/\/stiftadmont.at\/wp-content\/uploads\/PaterEgon_\u00a9ThomasSattler-13-scaled.jpg","contentUrl":"https:\/\/stiftadmont.at\/wp-content\/uploads\/PaterEgon_\u00a9ThomasSattler-13-scaled.jpg","width":2560,"height":1706,"caption":"Benediktinerstift Admont - Pater Egon \u00a9 Thomas Sattler"},{"@type":"BreadcrumbList","@id":"https:\/\/stiftadmont.at\/blog\/ein-wirbelwind-erobert-das-pfarrhaus\/#breadcrumb","itemListElement":[{"@type":"ListItem","position":1,"name":"Start","item":"https:\/\/stiftadmont.at\/"},{"@type":"ListItem","position":2,"name":"Ein Wirbelwind erobert das Pfarrhaus"}]},{"@type":"WebSite","@id":"https:\/\/stiftadmont.at\/#website","url":"https:\/\/stiftadmont.at\/","name":"Abad\u00eda de Admont","description":"Monasterio benedictino y atracci\u00f3n tur\u00edstica en el Ges\u00e4use","potentialAction":[{"@type":"SearchAction","target":{"@type":"EntryPoint","urlTemplate":"https:\/\/stiftadmont.at\/?s={search_term_string}"},"query-input":{"@type":"PropertyValueSpecification","valueRequired":true,"valueName":"search_term_string"}}],"inLanguage":"es"},{"@type":"Person","@id":"https:\/\/stiftadmont.at\/#\/schema\/person\/30535548b241d5f33a2e8b839db11869","name":"Mario Brandm\u00fcller"}]}},"_links":{"self":[{"href":"https:\/\/stiftadmont.at\/es\/wp-json\/wp\/v2\/posts\/7061","targetHints":{"allow":["GET"]}}],"collection":[{"href":"https:\/\/stiftadmont.at\/es\/wp-json\/wp\/v2\/posts"}],"about":[{"href":"https:\/\/stiftadmont.at\/es\/wp-json\/wp\/v2\/types\/post"}],"author":[{"embeddable":true,"href":"https:\/\/stiftadmont.at\/es\/wp-json\/wp\/v2\/users\/7"}],"replies":[{"embeddable":true,"href":"https:\/\/stiftadmont.at\/es\/wp-json\/wp\/v2\/comments?post=7061"}],"version-history":[{"count":20,"href":"https:\/\/stiftadmont.at\/es\/wp-json\/wp\/v2\/posts\/7061\/revisions"}],"predecessor-version":[{"id":17865,"href":"https:\/\/stiftadmont.at\/es\/wp-json\/wp\/v2\/posts\/7061\/revisions\/17865"}],"wp:featuredmedia":[{"embeddable":true,"href":"https:\/\/stiftadmont.at\/es\/wp-json\/wp\/v2\/media\/7062"}],"wp:attachment":[{"href":"https:\/\/stiftadmont.at\/es\/wp-json\/wp\/v2\/media?parent=7061"}],"wp:term":[{"taxonomy":"category","embeddable":true,"href":"https:\/\/stiftadmont.at\/es\/wp-json\/wp\/v2\/categories?post=7061"}],"curies":[{"name":"wp","href":"https:\/\/api.w.org\/{rel}","templated":true}]}}