{"id":7884,"date":"2022-03-25T12:00:00","date_gmt":"2022-03-25T10:00:00","guid":{"rendered":"https:\/\/stiftadmont.at\/?p=7884"},"modified":"2022-04-01T15:52:20","modified_gmt":"2022-04-01T13:52:20","slug":"con-las-hadas-durante-la-cuaresma-parte-4","status":"publish","type":"post","link":"https:\/\/stiftadmont.at\/es\/blog\/mit-den-moenchen-durch-die-fastenzeit-teil-4\/","title":{"rendered":"Con los monjes durante la Cuaresma... (Cuarta parte)"},"content":{"rendered":"<section id='lightpress__section--block_623de06ae26b6' class='lightpress__section--default-section-space lightpress__section lightpress__section--content'><div class=\"content__inner\"\n         x-init=\"initContentBlockAnim($el)\">\n        \n    <div class=\"content__grid content__grid\">\n                                            <div class=\"content__box content__box--one-hundred\"\n                 style=\"\">\n                                \n                \n                                            <div class=\"prose\"><h2 class=\"heading-xxl line line--gold\">\"Con los monjes durante la Cuaresma...\" (Parte 4)<\/h2>\n<p><strong>Viernes 25 de marzo de 2022<\/strong>\u00a0<\/p>\n<p>Puede encontrar las contribuciones en audio del Padre Thomas en el archivo adjunto m\u00e1s abajo:\u00a0<\/p>\n<p><a href=\"https:\/\/stiftadmont.at\/wp-content\/uploads\/Fastenzeit-2022_Pater_Thomas_1-1.mp3\" download=\"Fastenzeit-2022_Pater_Thomas_1-1.mp3\">Cuaresma 2022 - Padre Thomas 1<\/a><\/p>\n<p><a href=\"https:\/\/stiftadmont.at\/wp-content\/uploads\/Fastenzeit-2022_Pater_Thomas_2-1.mp3\" download=\"Fastenzeit-2022_Pater_Thomas_2-1.mp3\"> Cuaresma 2022 - Padre Thomas 2<\/a><\/p>\n<p><a href=\"https:\/\/stiftadmont.at\/wp-content\/uploads\/Fastenzeit-2022_Pater_Thomas_3-1.mp3\" download=\"Fastenzeit-2022_Pater_Thomas_3-1.mp3\">Cuaresma 2022 - Padre Thomas 3<\/a><\/p>\n<p><a href=\"https:\/\/stiftadmont.at\/wp-content\/uploads\/Fastenzeit-2022_Pater_Thomas_4-1.mp3\" download=\"Fastenzeit-2022_Pater_Thomas_4-1.mp3\">Cuaresma 2022 - Padre Thomas 4<\/a><\/p>\n<p>\u00a0<\/p>\n<\/div>\n                    \n                            <\/div>\n        \n            <\/div>\n<\/div>\n\n<\/section>","protected":false},"excerpt":{"rendered":"<p>Nuestro Padre Subprior habla de la Cuaresma.<\/p>","protected":false},"author":7,"featured_media":7907,"comment_status":"closed","ping_status":"closed","sticky":false,"template":"","format":"standard","meta":{"_acf_changed":false,"footnotes":""},"categories":[22],"class_list":["post-7884","post","type-post","status-publish","format-standard","has-post-thumbnail","hentry","category-kloster-aktuell"],"acf":[],"yoast_head":"<!-- This site is optimized with the Yoast SEO Premium plugin v26.0 (Yoast SEO v26.8) - https:\/\/yoast.com\/product\/yoast-seo-premium-wordpress\/ -->\n<title>Mit den M\u00f6nchen durch die Fastenzeit\u2026 (Teil 4) - Stift Admont<\/title>\n<meta name=\"description\" content=\"Lesen Sie aktuelle Informationen zum Thema Mit den M\u00f6nchen durch die Fastenzeit\u2026 (Teil 4) und vieles mehr aus dem Konvent und der Pfarre Admont.\" \/>\n<meta name=\"robots\" content=\"index, follow, max-snippet:-1, max-image-preview:large, max-video-preview:-1\" \/>\n<link rel=\"canonical\" href=\"https:\/\/stiftadmont.at\/es\/blog\/con-las-hadas-durante-la-cuaresma-parte-4\/\" \/>\n<meta property=\"og:locale\" content=\"es_ES\" \/>\n<meta property=\"og:type\" content=\"article\" \/>\n<meta property=\"og:title\" content=\"Mit den M\u00f6nchen durch die Fastenzeit\u2026 (Teil 4)\" \/>\n<meta property=\"og:description\" content=\"Lesen Sie aktuelle Informationen zum Thema Mit den M\u00f6nchen durch die Fastenzeit\u2026 (Teil 4) und vieles mehr aus dem Konvent und der Pfarre Admont.\" \/>\n<meta property=\"og:url\" content=\"https:\/\/stiftadmont.at\/es\/blog\/con-las-hadas-durante-la-cuaresma-parte-4\/\" \/>\n<meta property=\"og:site_name\" content=\"Stift Admont\" \/>\n<meta property=\"article:published_time\" content=\"2022-03-25T10:00:00+00:00\" \/>\n<meta property=\"article:modified_time\" content=\"2022-04-01T13:52:20+00:00\" \/>\n<meta property=\"og:image\" content=\"https:\/\/stiftadmont.at\/wp-content\/uploads\/Benetiktinerstift-Admont-Fastenzeit-4.jpg\" \/>\n\t<meta property=\"og:image:width\" content=\"853\" \/>\n\t<meta property=\"og:image:height\" content=\"565\" \/>\n\t<meta property=\"og:image:type\" content=\"image\/jpeg\" \/>\n<meta name=\"author\" content=\"Mario Brandm\u00fcller\" \/>\n<meta name=\"twitter:card\" content=\"summary_large_image\" \/>\n<meta name=\"twitter:label1\" content=\"Escrito por\" \/>\n\t<meta name=\"twitter:data1\" content=\"Mario Brandm\u00fcller\" \/>\n<script type=\"application\/ld+json\" class=\"yoast-schema-graph\">{\"@context\":\"https:\/\/schema.org\",\"@graph\":[{\"@type\":\"Article\",\"@id\":\"https:\/\/stiftadmont.at\/blog\/mit-den-moenchen-durch-die-fastenzeit-teil-4\/#article\",\"isPartOf\":{\"@id\":\"https:\/\/stiftadmont.at\/blog\/mit-den-moenchen-durch-die-fastenzeit-teil-4\/\"},\"author\":{\"name\":\"Mario Brandm\u00fcller\",\"@id\":\"https:\/\/stiftadmont.at\/#\/schema\/person\/30535548b241d5f33a2e8b839db11869\"},\"headline\":\"Mit den M\u00f6nchen durch die Fastenzeit\u2026 (Teil 4)\",\"datePublished\":\"2022-03-25T10:00:00+00:00\",\"dateModified\":\"2022-04-01T13:52:20+00:00\",\"mainEntityOfPage\":{\"@id\":\"https:\/\/stiftadmont.at\/blog\/mit-den-moenchen-durch-die-fastenzeit-teil-4\/\"},\"wordCount\":8,\"image\":{\"@id\":\"https:\/\/stiftadmont.at\/blog\/mit-den-moenchen-durch-die-fastenzeit-teil-4\/#primaryimage\"},\"thumbnailUrl\":\"https:\/\/stiftadmont.at\/wp-content\/uploads\/Benetiktinerstift-Admont-Fastenzeit-4.jpg\",\"articleSection\":[\"Kloster aktuell\"],\"inLanguage\":\"es\"},{\"@type\":\"WebPage\",\"@id\":\"https:\/\/stiftadmont.at\/blog\/mit-den-moenchen-durch-die-fastenzeit-teil-4\/\",\"url\":\"https:\/\/stiftadmont.at\/blog\/mit-den-moenchen-durch-die-fastenzeit-teil-4\/\",\"name\":\"Mit den M\u00f6nchen durch die Fastenzeit\u2026 (Teil 4) - Stift Admont\",\"isPartOf\":{\"@id\":\"https:\/\/stiftadmont.at\/#website\"},\"primaryImageOfPage\":{\"@id\":\"https:\/\/stiftadmont.at\/blog\/mit-den-moenchen-durch-die-fastenzeit-teil-4\/#primaryimage\"},\"image\":{\"@id\":\"https:\/\/stiftadmont.at\/blog\/mit-den-moenchen-durch-die-fastenzeit-teil-4\/#primaryimage\"},\"thumbnailUrl\":\"https:\/\/stiftadmont.at\/wp-content\/uploads\/Benetiktinerstift-Admont-Fastenzeit-4.jpg\",\"datePublished\":\"2022-03-25T10:00:00+00:00\",\"dateModified\":\"2022-04-01T13:52:20+00:00\",\"author\":{\"@id\":\"https:\/\/stiftadmont.at\/#\/schema\/person\/30535548b241d5f33a2e8b839db11869\"},\"description\":\"Lesen Sie aktuelle Informationen zum Thema Mit den M\u00f6nchen durch die Fastenzeit\u2026 (Teil 4) und vieles mehr aus dem Konvent und der Pfarre Admont.\",\"breadcrumb\":{\"@id\":\"https:\/\/stiftadmont.at\/blog\/mit-den-moenchen-durch-die-fastenzeit-teil-4\/#breadcrumb\"},\"inLanguage\":\"es\",\"potentialAction\":[{\"@type\":\"ReadAction\",\"target\":[\"https:\/\/stiftadmont.at\/blog\/mit-den-moenchen-durch-die-fastenzeit-teil-4\/\"]}]},{\"@type\":\"ImageObject\",\"inLanguage\":\"es\",\"@id\":\"https:\/\/stiftadmont.at\/blog\/mit-den-moenchen-durch-die-fastenzeit-teil-4\/#primaryimage\",\"url\":\"https:\/\/stiftadmont.at\/wp-content\/uploads\/Benetiktinerstift-Admont-Fastenzeit-4.jpg\",\"contentUrl\":\"https:\/\/stiftadmont.at\/wp-content\/uploads\/Benetiktinerstift-Admont-Fastenzeit-4.jpg\",\"width\":853,\"height\":565,\"caption\":\"Benetiktinerstift Admont Fastenzeit 4\"},{\"@type\":\"BreadcrumbList\",\"@id\":\"https:\/\/stiftadmont.at\/blog\/mit-den-moenchen-durch-die-fastenzeit-teil-4\/#breadcrumb\",\"itemListElement\":[{\"@type\":\"ListItem\",\"position\":1,\"name\":\"Start\",\"item\":\"https:\/\/stiftadmont.at\/\"},{\"@type\":\"ListItem\",\"position\":2,\"name\":\"Mit den M\u00f6nchen durch die Fastenzeit\u2026 (Teil 4)\"}]},{\"@type\":\"WebSite\",\"@id\":\"https:\/\/stiftadmont.at\/#website\",\"url\":\"https:\/\/stiftadmont.at\/\",\"name\":\"Stift Admont\",\"description\":\"Benediktinerkloster und Sehensw\u00fcrdigkeit im Ges\u00e4use\",\"potentialAction\":[{\"@type\":\"SearchAction\",\"target\":{\"@type\":\"EntryPoint\",\"urlTemplate\":\"https:\/\/stiftadmont.at\/?s={search_term_string}\"},\"query-input\":{\"@type\":\"PropertyValueSpecification\",\"valueRequired\":true,\"valueName\":\"search_term_string\"}}],\"inLanguage\":\"es\"},{\"@type\":\"Person\",\"@id\":\"https:\/\/stiftadmont.at\/#\/schema\/person\/30535548b241d5f33a2e8b839db11869\",\"name\":\"Mario Brandm\u00fcller\"}]}<\/script>\n<!-- \/ Yoast SEO Premium plugin. -->","yoast_head_json":{"title":"Con los monjes en Cuaresma... (Cuarta parte) - Abad\u00eda de Admont","description":"Lea la informaci\u00f3n m\u00e1s reciente sobre el tema Con los monjes en Cuaresma... (Cuarta parte) y mucho m\u00e1s sobre el convento y la parroquia de Admont.","robots":{"index":"index","follow":"follow","max-snippet":"max-snippet:-1","max-image-preview":"max-image-preview:large","max-video-preview":"max-video-preview:-1"},"canonical":"https:\/\/stiftadmont.at\/es\/blog\/con-las-hadas-durante-la-cuaresma-parte-4\/","og_locale":"es_ES","og_type":"article","og_title":"Mit den M\u00f6nchen durch die Fastenzeit\u2026 (Teil 4)","og_description":"Lesen Sie aktuelle Informationen zum Thema Mit den M\u00f6nchen durch die Fastenzeit\u2026 (Teil 4) und vieles mehr aus dem Konvent und der Pfarre Admont.","og_url":"https:\/\/stiftadmont.at\/es\/blog\/con-las-hadas-durante-la-cuaresma-parte-4\/","og_site_name":"Stift Admont","article_published_time":"2022-03-25T10:00:00+00:00","article_modified_time":"2022-04-01T13:52:20+00:00","og_image":[{"width":853,"height":565,"url":"https:\/\/stiftadmont.at\/wp-content\/uploads\/Benetiktinerstift-Admont-Fastenzeit-4.jpg","type":"image\/jpeg"}],"author":"Mario Brandm\u00fcller","twitter_card":"summary_large_image","twitter_misc":{"Escrito por":"Mario Brandm\u00fcller"},"schema":{"@context":"https:\/\/schema.org","@graph":[{"@type":"Article","@id":"https:\/\/stiftadmont.at\/blog\/mit-den-moenchen-durch-die-fastenzeit-teil-4\/#article","isPartOf":{"@id":"https:\/\/stiftadmont.at\/blog\/mit-den-moenchen-durch-die-fastenzeit-teil-4\/"},"author":{"name":"Mario Brandm\u00fcller","@id":"https:\/\/stiftadmont.at\/#\/schema\/person\/30535548b241d5f33a2e8b839db11869"},"headline":"Mit den M\u00f6nchen durch die Fastenzeit\u2026 (Teil 4)","datePublished":"2022-03-25T10:00:00+00:00","dateModified":"2022-04-01T13:52:20+00:00","mainEntityOfPage":{"@id":"https:\/\/stiftadmont.at\/blog\/mit-den-moenchen-durch-die-fastenzeit-teil-4\/"},"wordCount":8,"image":{"@id":"https:\/\/stiftadmont.at\/blog\/mit-den-moenchen-durch-die-fastenzeit-teil-4\/#primaryimage"},"thumbnailUrl":"https:\/\/stiftadmont.at\/wp-content\/uploads\/Benetiktinerstift-Admont-Fastenzeit-4.jpg","articleSection":["Kloster aktuell"],"inLanguage":"es"},{"@type":"WebPage","@id":"https:\/\/stiftadmont.at\/blog\/mit-den-moenchen-durch-die-fastenzeit-teil-4\/","url":"https:\/\/stiftadmont.at\/blog\/mit-den-moenchen-durch-die-fastenzeit-teil-4\/","name":"Con los monjes en Cuaresma... (Cuarta parte) - Abad\u00eda de Admont","isPartOf":{"@id":"https:\/\/stiftadmont.at\/#website"},"primaryImageOfPage":{"@id":"https:\/\/stiftadmont.at\/blog\/mit-den-moenchen-durch-die-fastenzeit-teil-4\/#primaryimage"},"image":{"@id":"https:\/\/stiftadmont.at\/blog\/mit-den-moenchen-durch-die-fastenzeit-teil-4\/#primaryimage"},"thumbnailUrl":"https:\/\/stiftadmont.at\/wp-content\/uploads\/Benetiktinerstift-Admont-Fastenzeit-4.jpg","datePublished":"2022-03-25T10:00:00+00:00","dateModified":"2022-04-01T13:52:20+00:00","author":{"@id":"https:\/\/stiftadmont.at\/#\/schema\/person\/30535548b241d5f33a2e8b839db11869"},"description":"Lea la informaci\u00f3n m\u00e1s reciente sobre el tema Con los monjes en Cuaresma... (Cuarta parte) y mucho m\u00e1s sobre el convento y la parroquia de Admont.","breadcrumb":{"@id":"https:\/\/stiftadmont.at\/blog\/mit-den-moenchen-durch-die-fastenzeit-teil-4\/#breadcrumb"},"inLanguage":"es","potentialAction":[{"@type":"ReadAction","target":["https:\/\/stiftadmont.at\/blog\/mit-den-moenchen-durch-die-fastenzeit-teil-4\/"]}]},{"@type":"ImageObject","inLanguage":"es","@id":"https:\/\/stiftadmont.at\/blog\/mit-den-moenchen-durch-die-fastenzeit-teil-4\/#primaryimage","url":"https:\/\/stiftadmont.at\/wp-content\/uploads\/Benetiktinerstift-Admont-Fastenzeit-4.jpg","contentUrl":"https:\/\/stiftadmont.at\/wp-content\/uploads\/Benetiktinerstift-Admont-Fastenzeit-4.jpg","width":853,"height":565,"caption":"Benetiktinerstift Admont Fastenzeit 4"},{"@type":"BreadcrumbList","@id":"https:\/\/stiftadmont.at\/blog\/mit-den-moenchen-durch-die-fastenzeit-teil-4\/#breadcrumb","itemListElement":[{"@type":"ListItem","position":1,"name":"Start","item":"https:\/\/stiftadmont.at\/"},{"@type":"ListItem","position":2,"name":"Mit den M\u00f6nchen durch die Fastenzeit\u2026 (Teil 4)"}]},{"@type":"WebSite","@id":"https:\/\/stiftadmont.at\/#website","url":"https:\/\/stiftadmont.at\/","name":"Abad\u00eda de Admont","description":"Monasterio benedictino y atracci\u00f3n tur\u00edstica en el Ges\u00e4use","potentialAction":[{"@type":"SearchAction","target":{"@type":"EntryPoint","urlTemplate":"https:\/\/stiftadmont.at\/?s={search_term_string}"},"query-input":{"@type":"PropertyValueSpecification","valueRequired":true,"valueName":"search_term_string"}}],"inLanguage":"es"},{"@type":"Person","@id":"https:\/\/stiftadmont.at\/#\/schema\/person\/30535548b241d5f33a2e8b839db11869","name":"Mario Brandm\u00fcller"}]}},"_links":{"self":[{"href":"https:\/\/stiftadmont.at\/es\/wp-json\/wp\/v2\/posts\/7884","targetHints":{"allow":["GET"]}}],"collection":[{"href":"https:\/\/stiftadmont.at\/es\/wp-json\/wp\/v2\/posts"}],"about":[{"href":"https:\/\/stiftadmont.at\/es\/wp-json\/wp\/v2\/types\/post"}],"author":[{"embeddable":true,"href":"https:\/\/stiftadmont.at\/es\/wp-json\/wp\/v2\/users\/7"}],"replies":[{"embeddable":true,"href":"https:\/\/stiftadmont.at\/es\/wp-json\/wp\/v2\/comments?post=7884"}],"version-history":[{"count":20,"href":"https:\/\/stiftadmont.at\/es\/wp-json\/wp\/v2\/posts\/7884\/revisions"}],"predecessor-version":[{"id":9513,"href":"https:\/\/stiftadmont.at\/es\/wp-json\/wp\/v2\/posts\/7884\/revisions\/9513"}],"wp:featuredmedia":[{"embeddable":true,"href":"https:\/\/stiftadmont.at\/es\/wp-json\/wp\/v2\/media\/7907"}],"wp:attachment":[{"href":"https:\/\/stiftadmont.at\/es\/wp-json\/wp\/v2\/media?parent=7884"}],"wp:term":[{"taxonomy":"category","embeddable":true,"href":"https:\/\/stiftadmont.at\/es\/wp-json\/wp\/v2\/categories?post=7884"}],"curies":[{"name":"wp","href":"https:\/\/api.w.org\/{rel}","templated":true}]}}