{"id":9726,"date":"2022-01-25T12:00:35","date_gmt":"2022-01-25T10:00:35","guid":{"rendered":"https:\/\/stiftadmont.at\/?p=9726"},"modified":"2022-04-08T18:02:53","modified_gmt":"2022-04-08T16:02:53","slug":"dia-de-la-eleccion-de-nuestro-abad-gerhard-hafner-osb","status":"publish","type":"post","link":"https:\/\/stiftadmont.at\/es\/blog\/wahltag-unseres-abtes-gerhard-hafner-osb\/","title":{"rendered":"D\u00eda de la elecci\u00f3n de nuestro Abad Gerhard Hafner OSB."},"content":{"rendered":"<section id='lightpress__section--block_62505b9b12aa8' class='lightpress__section--default-section-space lightpress__section lightpress__section--content'><div class=\"content__inner\"\n         x-init=\"initContentBlockAnim($el)\">\n        \n    <div class=\"content__grid content__grid\">\n                                            <div class=\"content__box content__box--one-hundred\"\n                 style=\"\">\n                                \n                \n                                            <div class=\"prose\"><h2 class=\"heading-xxl line line--gold\">Wahltag unseres Abtes Gerhard Hafner OSB.<\/h2>\n<p><strong>Dienstag, 25. Januar 2022<\/strong><\/p>\n<p>Am 25. J\u00e4nner 2022, am Fest der Bekehrung des Apostels Paulus, feiert unser Abt Gerhard Hafner OSB seinen Wahltag. Vor exakt f\u00fcnf Jahren haben die M\u00f6nche des Benediktinerstiftes Admont ihn zum 68. Abt und Vater der Gemeinschaft gew\u00e4hlt. Traditionellerweise stand dem Festgottesdienst heute der Propst des Augustinerchorherrnstiftes\u00a0 Reichersberg, Pr\u00e4lat Markus Grasl CanReg vor. Sch\u00fclerinnen und Sch\u00fcler unseres Stiftsgymnasiums gestalteten in festlicher Art musikalisch den Gottesdienst, der von zahlreichen Christen aus unseren Pfarren und stiftischen Mitarbeitern mitgefeiert wurde.\u00a0<\/p>\n<p>Wir w\u00fcnschen unserem Abt alles Gute und danken ihm f\u00fcr seinen Dienst. Oder wie es Propst Markus in seiner Predigt formulierte:\u00a0<span style=\"font-size: 11.0pt; line-height: 107%; font-family: 'Calibri',sans-serif; mso-ascii-theme-font: minor-latin; mso-fareast-font-family: Calibri; mso-fareast-theme-font: minor-latin; mso-hansi-theme-font: minor-latin; mso-bidi-font-family: 'Times New Roman'; mso-bidi-theme-font: minor-bidi; mso-ansi-language: DE; mso-fareast-language: EN-US; mso-bidi-language: AR-SA;\">\u201e<\/span>Mit der Wahl des Abtes gibt sich eine Gemeinschaft eine Richtung vor. Und diese Richtung hat ein Ziel: Leben mit Gott.<span style=\"font-family: Calibri, sans-serif; font-size: 11pt;\">\u201c<\/span><\/p>\n<\/div>\n                    \n                            <\/div>\n        \n            <\/div>\n<\/div>\n\n<\/section>\n\n<section id='lightpress__section--block_62505b9b12aac' class='lightpress__section--default-section-space lightpress__section lightpress__section--image-slider'>\n<div class=\"image-slider\"\n     x-data=\"{ gallery: null, shown: false }\"\n     x-init=\"gallery = initSliderGallery([{&quot;href&quot;:&quot;https:\\\/\\\/stiftadmont.at\\\/wp-content\\\/uploads\\\/Stift-Admont-Wahltag-unseres-Abtes-40.jpg&quot;,&quot;type&quot;:&quot;image&quot;},{&quot;href&quot;:&quot;https:\\\/\\\/stiftadmont.at\\\/wp-content\\\/uploads\\\/Stift-Admont-Wahltag-unseres-Abtes-39.jpg&quot;,&quot;type&quot;:&quot;image&quot;},{&quot;href&quot;:&quot;https:\\\/\\\/stiftadmont.at\\\/wp-content\\\/uploads\\\/Stift-Admont-Wahltag-unseres-Abtes-38.jpg&quot;,&quot;type&quot;:&quot;image&quot;},{&quot;href&quot;:&quot;https:\\\/\\\/stiftadmont.at\\\/wp-content\\\/uploads\\\/Stift-Admont-Wahltag-unseres-Abtes-37.jpg&quot;,&quot;type&quot;:&quot;image&quot;},{&quot;href&quot;:&quot;https:\\\/\\\/stiftadmont.at\\\/wp-content\\\/uploads\\\/Stift-Admont-Wahltag-unseres-Abtes-36.jpg&quot;,&quot;type&quot;:&quot;image&quot;},{&quot;href&quot;:&quot;https:\\\/\\\/stiftadmont.at\\\/wp-content\\\/uploads\\\/Stift-Admont-Wahltag-unseres-Abtes-35.jpg&quot;,&quot;type&quot;:&quot;image&quot;},{&quot;href&quot;:&quot;https:\\\/\\\/stiftadmont.at\\\/wp-content\\\/uploads\\\/Stift-Admont-Wahltag-unseres-Abtes-34.jpg&quot;,&quot;type&quot;:&quot;image&quot;},{&quot;href&quot;:&quot;https:\\\/\\\/stiftadmont.at\\\/wp-content\\\/uploads\\\/Stift-Admont-Wahltag-unseres-Abtes-33.jpg&quot;,&quot;type&quot;:&quot;image&quot;},{&quot;href&quot;:&quot;https:\\\/\\\/stiftadmont.at\\\/wp-content\\\/uploads\\\/Stift-Admont-Wahltag-unseres-Abtes-32.jpg&quot;,&quot;type&quot;:&quot;image&quot;},{&quot;href&quot;:&quot;https:\\\/\\\/stiftadmont.at\\\/wp-content\\\/uploads\\\/Stift-Admont-Wahltag-unseres-Abtes-31.jpg&quot;,&quot;type&quot;:&quot;image&quot;},{&quot;href&quot;:&quot;https:\\\/\\\/stiftadmont.at\\\/wp-content\\\/uploads\\\/Stift-Admont-Wahltag-unseres-Abtes-30.jpg&quot;,&quot;type&quot;:&quot;image&quot;},{&quot;href&quot;:&quot;https:\\\/\\\/stiftadmont.at\\\/wp-content\\\/uploads\\\/Stift-Admont-Wahltag-unseres-Abtes-29.jpg&quot;,&quot;type&quot;:&quot;image&quot;},{&quot;href&quot;:&quot;https:\\\/\\\/stiftadmont.at\\\/wp-content\\\/uploads\\\/Stift-Admont-Wahltag-unseres-Abtes-28.jpg&quot;,&quot;type&quot;:&quot;image&quot;},{&quot;href&quot;:&quot;https:\\\/\\\/stiftadmont.at\\\/wp-content\\\/uploads\\\/Stift-Admont-Wahltag-unseres-Abtes-27.jpg&quot;,&quot;type&quot;:&quot;image&quot;},{&quot;href&quot;:&quot;https:\\\/\\\/stiftadmont.at\\\/wp-content\\\/uploads\\\/Stift-Admont-Wahltag-unseres-Abtes-26.jpg&quot;,&quot;type&quot;:&quot;image&quot;},{&quot;href&quot;:&quot;https:\\\/\\\/stiftadmont.at\\\/wp-content\\\/uploads\\\/Stift-Admont-Wahltag-unseres-Abtes-25.jpg&quot;,&quot;type&quot;:&quot;image&quot;},{&quot;href&quot;:&quot;https:\\\/\\\/stiftadmont.at\\\/wp-content\\\/uploads\\\/Stift-Admont-Wahltag-unseres-Abtes-24.jpg&quot;,&quot;type&quot;:&quot;image&quot;},{&quot;href&quot;:&quot;https:\\\/\\\/stiftadmont.at\\\/wp-content\\\/uploads\\\/Stift-Admont-Wahltag-unseres-Abtes-23.jpg&quot;,&quot;type&quot;:&quot;image&quot;},{&quot;href&quot;:&quot;https:\\\/\\\/stiftadmont.at\\\/wp-content\\\/uploads\\\/Stift-Admont-Wahltag-unseres-Abtes-22.jpg&quot;,&quot;type&quot;:&quot;image&quot;},{&quot;href&quot;:&quot;https:\\\/\\\/stiftadmont.at\\\/wp-content\\\/uploads\\\/Stift-Admont-Wahltag-unseres-Abtes-21.jpg&quot;,&quot;type&quot;:&quot;image&quot;},{&quot;href&quot;:&quot;https:\\\/\\\/stiftadmont.at\\\/wp-content\\\/uploads\\\/Stift-Admont-Wahltag-unseres-Abtes-20.jpg&quot;,&quot;type&quot;:&quot;image&quot;},{&quot;href&quot;:&quot;https:\\\/\\\/stiftadmont.at\\\/wp-content\\\/uploads\\\/Stift-Admont-Wahltag-unseres-Abtes-19.jpg&quot;,&quot;type&quot;:&quot;image&quot;},{&quot;href&quot;:&quot;https:\\\/\\\/stiftadmont.at\\\/wp-content\\\/uploads\\\/Stift-Admont-Wahltag-unseres-Abtes-18.jpg&quot;,&quot;type&quot;:&quot;image&quot;},{&quot;href&quot;:&quot;https:\\\/\\\/stiftadmont.at\\\/wp-content\\\/uploads\\\/Stift-Admont-Wahltag-unseres-Abtes-17.jpg&quot;,&quot;type&quot;:&quot;image&quot;},{&quot;href&quot;:&quot;https:\\\/\\\/stiftadmont.at\\\/wp-content\\\/uploads\\\/Stift-Admont-Wahltag-unseres-Abtes-16.jpg&quot;,&quot;type&quot;:&quot;image&quot;},{&quot;href&quot;:&quot;https:\\\/\\\/stiftadmont.at\\\/wp-content\\\/uploads\\\/Stift-Admont-Wahltag-unseres-Abtes-15.jpg&quot;,&quot;type&quot;:&quot;image&quot;},{&quot;href&quot;:&quot;https:\\\/\\\/stiftadmont.at\\\/wp-content\\\/uploads\\\/Stift-Admont-Wahltag-unseres-Abtes-14.jpg&quot;,&quot;type&quot;:&quot;image&quot;},{&quot;href&quot;:&quot;https:\\\/\\\/stiftadmont.at\\\/wp-content\\\/uploads\\\/Stift-Admont-Wahltag-unseres-Abtes-13.jpg&quot;,&quot;type&quot;:&quot;image&quot;},{&quot;href&quot;:&quot;https:\\\/\\\/stiftadmont.at\\\/wp-content\\\/uploads\\\/Stift-Admont-Wahltag-unseres-Abtes-12.jpg&quot;,&quot;type&quot;:&quot;image&quot;},{&quot;href&quot;:&quot;https:\\\/\\\/stiftadmont.at\\\/wp-content\\\/uploads\\\/Stift-Admont-Wahltag-unseres-Abtes-11.jpg&quot;,&quot;type&quot;:&quot;image&quot;},{&quot;href&quot;:&quot;https:\\\/\\\/stiftadmont.at\\\/wp-content\\\/uploads\\\/Stift-Admont-Wahltag-unseres-Abtes-10.jpg&quot;,&quot;type&quot;:&quot;image&quot;},{&quot;href&quot;:&quot;https:\\\/\\\/stiftadmont.at\\\/wp-content\\\/uploads\\\/Stift-Admont-Wahltag-unseres-Abtes-9.jpg&quot;,&quot;type&quot;:&quot;image&quot;},{&quot;href&quot;:&quot;https:\\\/\\\/stiftadmont.at\\\/wp-content\\\/uploads\\\/Stift-Admont-Wahltag-unseres-Abtes-8.jpg&quot;,&quot;type&quot;:&quot;image&quot;},{&quot;href&quot;:&quot;https:\\\/\\\/stiftadmont.at\\\/wp-content\\\/uploads\\\/Stift-Admont-Wahltag-unseres-Abtes-7.jpg&quot;,&quot;type&quot;:&quot;image&quot;},{&quot;href&quot;:&quot;https:\\\/\\\/stiftadmont.at\\\/wp-content\\\/uploads\\\/Stift-Admont-Wahltag-unseres-Abtes-6.jpg&quot;,&quot;type&quot;:&quot;image&quot;},{&quot;href&quot;:&quot;https:\\\/\\\/stiftadmont.at\\\/wp-content\\\/uploads\\\/Stift-Admont-Wahltag-unseres-Abtes-5.jpg&quot;,&quot;type&quot;:&quot;image&quot;},{&quot;href&quot;:&quot;https:\\\/\\\/stiftadmont.at\\\/wp-content\\\/uploads\\\/Stift-Admont-Wahltag-unseres-Abtes-4.jpg&quot;,&quot;type&quot;:&quot;image&quot;},{&quot;href&quot;:&quot;https:\\\/\\\/stiftadmont.at\\\/wp-content\\\/uploads\\\/Stift-Admont-Wahltag-unseres-Abtes-3.jpg&quot;,&quot;type&quot;:&quot;image&quot;},{&quot;href&quot;:&quot;https:\\\/\\\/stiftadmont.at\\\/wp-content\\\/uploads\\\/Stift-Admont-Wahltag-unseres-Abtes-2.jpg&quot;,&quot;type&quot;:&quot;image&quot;},{&quot;href&quot;:&quot;https:\\\/\\\/stiftadmont.at\\\/wp-content\\\/uploads\\\/Stift-Admont-Wahltag-unseres-Abtes-1.jpg&quot;,&quot;type&quot;:&quot;image&quot;}]); initImageSliderBlockAnim($el);\">\n    <div class=\"image-slider__inner\">\n\n        <div class=\"swiper-container\" x-init=\"initImageSliderBlock($el, $refs.btnPrev, $refs.btnNext)\">\n            <div class=\"swiper-wrapper\">\n                                    <div class=\"swiper-slide\">\n                        <div class=\"image-slider__media\">\n                            <img decoding=\"async\" class=\"image-slider__image\"\n                                 src=\"https:\/\/stiftadmont.at\/wp-content\/uploads\/Stift-Admont-Wahltag-unseres-Abtes-40-768x576.jpg\"\n                                 alt=\"Stift Admont Wahltag unseres Abtes 40\">\n                        <\/div>\n                    <\/div>\n                                    <div class=\"swiper-slide\">\n                        <div class=\"image-slider__media\">\n                            <img decoding=\"async\" class=\"image-slider__image\"\n                                 src=\"https:\/\/stiftadmont.at\/wp-content\/uploads\/Stift-Admont-Wahltag-unseres-Abtes-39-768x597.jpg\"\n                                 alt=\"Stift Admont Wahltag unseres Abtes 39\">\n                        <\/div>\n                    <\/div>\n                                    <div class=\"swiper-slide\">\n                        <div class=\"image-slider__media\">\n                            <img decoding=\"async\" class=\"image-slider__image\"\n                                 src=\"https:\/\/stiftadmont.at\/wp-content\/uploads\/Stift-Admont-Wahltag-unseres-Abtes-38-768x556.jpg\"\n                                 alt=\"Stift Admont Wahltag unseres Abtes 38\">\n                        <\/div>\n                    <\/div>\n                                    <div class=\"swiper-slide\">\n                        <div class=\"image-slider__media\">\n                            <img decoding=\"async\" class=\"image-slider__image\"\n                                 src=\"https:\/\/stiftadmont.at\/wp-content\/uploads\/Stift-Admont-Wahltag-unseres-Abtes-37-768x558.jpg\"\n                                 alt=\"Stift Admont Wahltag unseres Abtes 37\">\n                        <\/div>\n                    <\/div>\n                                    <div class=\"swiper-slide\">\n                        <div class=\"image-slider__media\">\n                            <img decoding=\"async\" class=\"image-slider__image\"\n                                 src=\"https:\/\/stiftadmont.at\/wp-content\/uploads\/Stift-Admont-Wahltag-unseres-Abtes-36-768x512.jpg\"\n                                 alt=\"Stift Admont Wahltag unseres Abtes 36\">\n                        <\/div>\n                    <\/div>\n                                    <div class=\"swiper-slide\">\n                        <div class=\"image-slider__media\">\n                            <img decoding=\"async\" class=\"image-slider__image\"\n                                 src=\"https:\/\/stiftadmont.at\/wp-content\/uploads\/Stift-Admont-Wahltag-unseres-Abtes-35-768x502.jpg\"\n                                 alt=\"Stift Admont Wahltag unseres Abtes 35\">\n                        <\/div>\n                    <\/div>\n                                    <div class=\"swiper-slide\">\n                        <div class=\"image-slider__media\">\n                            <img decoding=\"async\" class=\"image-slider__image\"\n                                 src=\"https:\/\/stiftadmont.at\/wp-content\/uploads\/Stift-Admont-Wahltag-unseres-Abtes-34-768x516.jpg\"\n                                 alt=\"Stift Admont Wahltag unseres Abtes 34\">\n                        <\/div>\n                    <\/div>\n                                    <div class=\"swiper-slide\">\n                        <div class=\"image-slider__media\">\n                            <img decoding=\"async\" class=\"image-slider__image\"\n                                 src=\"https:\/\/stiftadmont.at\/wp-content\/uploads\/Stift-Admont-Wahltag-unseres-Abtes-33-768x512.jpg\"\n                                 alt=\"Stift Admont Wahltag unseres Abtes 33\">\n                        <\/div>\n                    <\/div>\n                                    <div class=\"swiper-slide\">\n                        <div class=\"image-slider__media\">\n                            <img decoding=\"async\" class=\"image-slider__image\"\n                                 src=\"https:\/\/stiftadmont.at\/wp-content\/uploads\/Stift-Admont-Wahltag-unseres-Abtes-32-768x512.jpg\"\n                                 alt=\"Stift Admont Wahltag unseres Abtes 32\">\n                        <\/div>\n                    <\/div>\n                                    <div class=\"swiper-slide\">\n                        <div class=\"image-slider__media\">\n                            <img decoding=\"async\" class=\"image-slider__image\"\n                                 src=\"https:\/\/stiftadmont.at\/wp-content\/uploads\/Stift-Admont-Wahltag-unseres-Abtes-31-768x512.jpg\"\n                                 alt=\"Stift Admont Wahltag unseres Abtes 31\">\n                        <\/div>\n                    <\/div>\n                                    <div class=\"swiper-slide\">\n                        <div class=\"image-slider__media\">\n                            <img decoding=\"async\" class=\"image-slider__image\"\n                                 src=\"https:\/\/stiftadmont.at\/wp-content\/uploads\/Stift-Admont-Wahltag-unseres-Abtes-30-768x512.jpg\"\n                                 alt=\"Stift Admont Wahltag unseres Abtes 30\">\n                        <\/div>\n                    <\/div>\n                                    <div class=\"swiper-slide\">\n                        <div class=\"image-slider__media\">\n                            <img decoding=\"async\" class=\"image-slider__image\"\n                                 src=\"https:\/\/stiftadmont.at\/wp-content\/uploads\/Stift-Admont-Wahltag-unseres-Abtes-29-768x501.jpg\"\n                                 alt=\"Stift Admont Wahltag unseres Abtes 29\">\n                        <\/div>\n                    <\/div>\n                                    <div class=\"swiper-slide\">\n                        <div class=\"image-slider__media\">\n                            <img decoding=\"async\" class=\"image-slider__image\"\n                                 src=\"https:\/\/stiftadmont.at\/wp-content\/uploads\/Stift-Admont-Wahltag-unseres-Abtes-28-768x498.jpg\"\n                                 alt=\"Stift Admont Wahltag unseres Abtes 28\">\n                        <\/div>\n                    <\/div>\n                                    <div class=\"swiper-slide\">\n                        <div class=\"image-slider__media\">\n                            <img decoding=\"async\" class=\"image-slider__image\"\n                                 src=\"https:\/\/stiftadmont.at\/wp-content\/uploads\/Stift-Admont-Wahltag-unseres-Abtes-27-768x512.jpg\"\n                                 alt=\"Stift Admont Wahltag unseres Abtes 27\">\n                        <\/div>\n                    <\/div>\n                                    <div class=\"swiper-slide\">\n                        <div class=\"image-slider__media\">\n                            <img decoding=\"async\" class=\"image-slider__image\"\n                                 src=\"https:\/\/stiftadmont.at\/wp-content\/uploads\/Stift-Admont-Wahltag-unseres-Abtes-26-768x496.jpg\"\n                                 alt=\"Stift Admont Wahltag unseres Abtes 26\">\n                        <\/div>\n                    <\/div>\n                                    <div class=\"swiper-slide\">\n                        <div class=\"image-slider__media\">\n                            <img decoding=\"async\" class=\"image-slider__image\"\n                                 src=\"https:\/\/stiftadmont.at\/wp-content\/uploads\/Stift-Admont-Wahltag-unseres-Abtes-25-768x470.jpg\"\n                                 alt=\"Stift Admont Wahltag unseres Abtes 25\">\n                        <\/div>\n                    <\/div>\n                                    <div class=\"swiper-slide\">\n                        <div class=\"image-slider__media\">\n                            <img decoding=\"async\" class=\"image-slider__image\"\n                                 src=\"https:\/\/stiftadmont.at\/wp-content\/uploads\/Stift-Admont-Wahltag-unseres-Abtes-24-768x519.jpg\"\n                                 alt=\"Stift Admont Wahltag unseres Abtes 24\">\n                        <\/div>\n                    <\/div>\n                                    <div class=\"swiper-slide\">\n                        <div class=\"image-slider__media\">\n                            <img decoding=\"async\" class=\"image-slider__image\"\n                                 src=\"https:\/\/stiftadmont.at\/wp-content\/uploads\/Stift-Admont-Wahltag-unseres-Abtes-23-768x502.jpg\"\n                                 alt=\"Stift Admont Wahltag unseres Abtes 23\">\n                        <\/div>\n                    <\/div>\n                                    <div class=\"swiper-slide\">\n                        <div class=\"image-slider__media\">\n                            <img decoding=\"async\" class=\"image-slider__image\"\n                                 src=\"https:\/\/stiftadmont.at\/wp-content\/uploads\/Stift-Admont-Wahltag-unseres-Abtes-22-768x1152.jpg\"\n                                 alt=\"Stift Admont Wahltag unseres Abtes 22\">\n                        <\/div>\n                    <\/div>\n                                    <div class=\"swiper-slide\">\n                        <div class=\"image-slider__media\">\n                            <img decoding=\"async\" class=\"image-slider__image\"\n                                 src=\"https:\/\/stiftadmont.at\/wp-content\/uploads\/Stift-Admont-Wahltag-unseres-Abtes-21-768x481.jpg\"\n                                 alt=\"Stift Admont Wahltag unseres Abtes 21\">\n                        <\/div>\n                    <\/div>\n                                    <div class=\"swiper-slide\">\n                        <div class=\"image-slider__media\">\n                            <img decoding=\"async\" class=\"image-slider__image\"\n                                 src=\"https:\/\/stiftadmont.at\/wp-content\/uploads\/Stift-Admont-Wahltag-unseres-Abtes-20-768x1145.jpg\"\n                                 alt=\"Stift Admont Wahltag unseres Abtes 20\">\n                        <\/div>\n                    <\/div>\n                                    <div class=\"swiper-slide\">\n                        <div class=\"image-slider__media\">\n                            <img decoding=\"async\" class=\"image-slider__image\"\n                                 src=\"https:\/\/stiftadmont.at\/wp-content\/uploads\/Stift-Admont-Wahltag-unseres-Abtes-19-768x539.jpg\"\n                                 alt=\"Stift Admont Wahltag unseres Abtes 19\">\n                        <\/div>\n                    <\/div>\n                                    <div class=\"swiper-slide\">\n                        <div class=\"image-slider__media\">\n                            <img decoding=\"async\" class=\"image-slider__image\"\n                                 src=\"https:\/\/stiftadmont.at\/wp-content\/uploads\/Stift-Admont-Wahltag-unseres-Abtes-18-768x500.jpg\"\n                                 alt=\"Stift Admont Wahltag unseres Abtes 18\">\n                        <\/div>\n                    <\/div>\n                                    <div class=\"swiper-slide\">\n                        <div class=\"image-slider__media\">\n                            <img decoding=\"async\" class=\"image-slider__image\"\n                                 src=\"https:\/\/stiftadmont.at\/wp-content\/uploads\/Stift-Admont-Wahltag-unseres-Abtes-17-768x512.jpg\"\n                                 alt=\"Stift Admont Wahltag unseres Abtes 17\">\n                        <\/div>\n                    <\/div>\n                                    <div class=\"swiper-slide\">\n                        <div class=\"image-slider__media\">\n                            <img decoding=\"async\" class=\"image-slider__image\"\n                                 src=\"https:\/\/stiftadmont.at\/wp-content\/uploads\/Stift-Admont-Wahltag-unseres-Abtes-16-768x516.jpg\"\n                                 alt=\"Stift Admont Wahltag unseres Abtes 16\">\n                        <\/div>\n                    <\/div>\n                                    <div class=\"swiper-slide\">\n                        <div class=\"image-slider__media\">\n                            <img decoding=\"async\" class=\"image-slider__image\"\n                                 src=\"https:\/\/stiftadmont.at\/wp-content\/uploads\/Stift-Admont-Wahltag-unseres-Abtes-15-768x559.jpg\"\n                                 alt=\"Stift Admont Wahltag unseres Abtes 15\">\n                        <\/div>\n                    <\/div>\n                                    <div class=\"swiper-slide\">\n                        <div class=\"image-slider__media\">\n                            <img decoding=\"async\" class=\"image-slider__image\"\n                                 src=\"https:\/\/stiftadmont.at\/wp-content\/uploads\/Stift-Admont-Wahltag-unseres-Abtes-14-768x512.jpg\"\n                                 alt=\"Stift Admont Wahltag unseres Abtes 14\">\n                        <\/div>\n                    <\/div>\n                                    <div class=\"swiper-slide\">\n                        <div class=\"image-slider__media\">\n                            <img decoding=\"async\" class=\"image-slider__image\"\n                                 src=\"https:\/\/stiftadmont.at\/wp-content\/uploads\/Stift-Admont-Wahltag-unseres-Abtes-13-768x490.jpg\"\n                                 alt=\"Stift Admont Wahltag unseres Abtes 13\">\n                        <\/div>\n                    <\/div>\n                                    <div class=\"swiper-slide\">\n                        <div class=\"image-slider__media\">\n                            <img decoding=\"async\" class=\"image-slider__image\"\n                                 src=\"https:\/\/stiftadmont.at\/wp-content\/uploads\/Stift-Admont-Wahltag-unseres-Abtes-12-768x536.jpg\"\n                                 alt=\"Stift Admont Wahltag unseres Abtes 12\">\n                        <\/div>\n                    <\/div>\n                                    <div class=\"swiper-slide\">\n                        <div class=\"image-slider__media\">\n                            <img decoding=\"async\" class=\"image-slider__image\"\n                                 src=\"https:\/\/stiftadmont.at\/wp-content\/uploads\/Stift-Admont-Wahltag-unseres-Abtes-11-768x502.jpg\"\n                                 alt=\"Stift Admont Wahltag unseres Abtes 11\">\n                        <\/div>\n                    <\/div>\n                                    <div class=\"swiper-slide\">\n                        <div class=\"image-slider__media\">\n                            <img decoding=\"async\" class=\"image-slider__image\"\n                                 src=\"https:\/\/stiftadmont.at\/wp-content\/uploads\/Stift-Admont-Wahltag-unseres-Abtes-10-768x495.jpg\"\n                                 alt=\"Stift Admont Wahltag unseres Abtes 10\">\n                        <\/div>\n                    <\/div>\n                                    <div class=\"swiper-slide\">\n                        <div class=\"image-slider__media\">\n                            <img decoding=\"async\" class=\"image-slider__image\"\n                                 src=\"https:\/\/stiftadmont.at\/wp-content\/uploads\/Stift-Admont-Wahltag-unseres-Abtes-9-768x544.jpg\"\n                                 alt=\"Stift Admont Wahltag unseres Abtes 9\">\n                        <\/div>\n                    <\/div>\n                                    <div class=\"swiper-slide\">\n                        <div class=\"image-slider__media\">\n                            <img decoding=\"async\" class=\"image-slider__image\"\n                                 src=\"https:\/\/stiftadmont.at\/wp-content\/uploads\/Stift-Admont-Wahltag-unseres-Abtes-8-768x512.jpg\"\n                                 alt=\"Stift Admont Wahltag unseres Abtes 8\">\n                        <\/div>\n                    <\/div>\n                                    <div class=\"swiper-slide\">\n                        <div class=\"image-slider__media\">\n                            <img decoding=\"async\" class=\"image-slider__image\"\n                                 src=\"https:\/\/stiftadmont.at\/wp-content\/uploads\/Stift-Admont-Wahltag-unseres-Abtes-7-768x512.jpg\"\n                                 alt=\"Stift Admont Wahltag unseres Abtes 7\">\n                        <\/div>\n                    <\/div>\n                                    <div class=\"swiper-slide\">\n                        <div class=\"image-slider__media\">\n                            <img decoding=\"async\" class=\"image-slider__image\"\n                                 src=\"https:\/\/stiftadmont.at\/wp-content\/uploads\/Stift-Admont-Wahltag-unseres-Abtes-6-768x512.jpg\"\n                                 alt=\"Stift Admont Wahltag unseres Abtes 6\">\n                        <\/div>\n                    <\/div>\n                                    <div class=\"swiper-slide\">\n                        <div class=\"image-slider__media\">\n                            <img decoding=\"async\" class=\"image-slider__image\"\n                                 src=\"https:\/\/stiftadmont.at\/wp-content\/uploads\/Stift-Admont-Wahltag-unseres-Abtes-5-768x512.jpg\"\n                                 alt=\"Stift Admont Wahltag unseres Abtes 5\">\n                        <\/div>\n                    <\/div>\n                                    <div class=\"swiper-slide\">\n                        <div class=\"image-slider__media\">\n                            <img decoding=\"async\" class=\"image-slider__image\"\n                                 src=\"https:\/\/stiftadmont.at\/wp-content\/uploads\/Stift-Admont-Wahltag-unseres-Abtes-4-768x530.jpg\"\n                                 alt=\"Stift Admont Wahltag unseres Abtes 4\">\n                        <\/div>\n                    <\/div>\n                                    <div class=\"swiper-slide\">\n                        <div class=\"image-slider__media\">\n                            <img decoding=\"async\" class=\"image-slider__image\"\n                                 src=\"https:\/\/stiftadmont.at\/wp-content\/uploads\/Stift-Admont-Wahltag-unseres-Abtes-3-768x536.jpg\"\n                                 alt=\"Stift Admont Wahltag unseres Abtes 3\">\n                        <\/div>\n                    <\/div>\n                                    <div class=\"swiper-slide\">\n                        <div class=\"image-slider__media\">\n                            <img decoding=\"async\" class=\"image-slider__image\"\n                                 src=\"https:\/\/stiftadmont.at\/wp-content\/uploads\/Stift-Admont-Wahltag-unseres-Abtes-2-768x512.jpg\"\n                                 alt=\"Stift Admont Wahltag unseres Abtes 2\">\n                        <\/div>\n                    <\/div>\n                                    <div class=\"swiper-slide\">\n                        <div class=\"image-slider__media\">\n                            <img decoding=\"async\" class=\"image-slider__image\"\n                                 src=\"https:\/\/stiftadmont.at\/wp-content\/uploads\/Stift-Admont-Wahltag-unseres-Abtes-1-768x489.jpg\"\n                                 alt=\"Stift Admont Wahltag unseres Abtes 1\">\n                        <\/div>\n                    <\/div>\n                            <\/div>\n\n            <div class=\"swiper-nav-wrapper\">\n                <button class=\"swiper-button-prev slider-button--prev\" x-ref=\"btnPrev\"\n                        aria-label=\"Vorige Bilder anzeigen\">\n                    <img decoding=\"async\" src=\"\/wp-content\/themes\/stift-admont\/src\/assets\/img\/arrow-left-big-new.svg\" alt=\"Pfeil nach Links\">\n                <\/button>\n\n\n                <a class=\"image-slider__gallery\" @click=\"openGallery(gallery)\"><i class=\"fa-thin fa-plus\"><\/i><\/a>\n                <button class=\"swiper-button-next slider-button--next\"\n                        x-ref=\"btnNext\"\n                        aria-label=\"N\u00e4chste Bilder anzeigen\">\n                    <img decoding=\"async\" src=\"\/wp-content\/themes\/stift-admont\/src\/assets\/img\/arrow-right-big-new.svg\" alt=\"Pfeil nach Rechts\">\n                <\/button>\n            <\/div>\n        <\/div>\n    <\/div>\n\n\n<\/div><\/section>","protected":false},"excerpt":{"rendered":"<p>El 25 de enero de 2022, fiesta de la Conversi\u00f3n del Ap\u00f3stol Pablo, nuestro Abad Gerhard Hafner OSB celebra su d\u00eda de elecci\u00f3n. Hace exactamente cinco a\u00f1os, los monjes de la abad\u00eda benedictina de Admont le eligieron como 68\u00ba abad y padre de la comunidad.<\/p>","protected":false},"author":7,"featured_media":9697,"comment_status":"closed","ping_status":"closed","sticky":false,"template":"","format":"standard","meta":{"_acf_changed":false,"footnotes":""},"categories":[22],"class_list":["post-9726","post","type-post","status-publish","format-standard","has-post-thumbnail","hentry","category-kloster-aktuell"],"acf":[],"yoast_head":"<!-- This site is optimized with the Yoast SEO Premium plugin v26.0 (Yoast SEO v26.8) - https:\/\/yoast.com\/product\/yoast-seo-premium-wordpress\/ -->\n<title>Wahltag unseres Abtes Gerhard Hafner OSB. - Stift Admont<\/title>\n<meta name=\"description\" content=\"Lesen Sie aktuelle Informationen zum Thema Wahltag unseres Abtes Gerhard Hafner OSB. und vieles mehr aus dem Konvent und der Pfarre Admont.\" \/>\n<meta name=\"robots\" content=\"index, follow, max-snippet:-1, max-image-preview:large, max-video-preview:-1\" \/>\n<link rel=\"canonical\" href=\"https:\/\/stiftadmont.at\/es\/blog\/dia-de-la-eleccion-de-nuestro-abad-gerhard-hafner-osb\/\" \/>\n<meta property=\"og:locale\" content=\"es_ES\" \/>\n<meta property=\"og:type\" content=\"article\" \/>\n<meta property=\"og:title\" content=\"Wahltag unseres Abtes Gerhard Hafner OSB.\" \/>\n<meta property=\"og:description\" content=\"Lesen Sie aktuelle Informationen zum Thema Wahltag unseres Abtes Gerhard Hafner OSB. und vieles mehr aus dem Konvent und der Pfarre Admont.\" \/>\n<meta property=\"og:url\" content=\"https:\/\/stiftadmont.at\/es\/blog\/dia-de-la-eleccion-de-nuestro-abad-gerhard-hafner-osb\/\" \/>\n<meta property=\"og:site_name\" content=\"Stift Admont\" \/>\n<meta property=\"article:published_time\" content=\"2022-01-25T10:00:35+00:00\" \/>\n<meta property=\"article:modified_time\" content=\"2022-04-08T16:02:53+00:00\" \/>\n<meta property=\"og:image\" content=\"https:\/\/stiftadmont.at\/wp-content\/uploads\/Stift-Admont-Wahltag-unseres-Abtes-40.jpg\" \/>\n\t<meta property=\"og:image:width\" content=\"1600\" \/>\n\t<meta property=\"og:image:height\" content=\"1200\" \/>\n\t<meta property=\"og:image:type\" content=\"image\/jpeg\" \/>\n<meta name=\"author\" content=\"Mario Brandm\u00fcller\" \/>\n<meta name=\"twitter:card\" content=\"summary_large_image\" \/>\n<meta name=\"twitter:label1\" content=\"Escrito por\" \/>\n\t<meta name=\"twitter:data1\" content=\"Mario Brandm\u00fcller\" \/>\n<script type=\"application\/ld+json\" class=\"yoast-schema-graph\">{\"@context\":\"https:\/\/schema.org\",\"@graph\":[{\"@type\":\"Article\",\"@id\":\"https:\/\/stiftadmont.at\/blog\/wahltag-unseres-abtes-gerhard-hafner-osb\/#article\",\"isPartOf\":{\"@id\":\"https:\/\/stiftadmont.at\/blog\/wahltag-unseres-abtes-gerhard-hafner-osb\/\"},\"author\":{\"name\":\"Mario Brandm\u00fcller\",\"@id\":\"https:\/\/stiftadmont.at\/#\/schema\/person\/30535548b241d5f33a2e8b839db11869\"},\"headline\":\"Wahltag unseres Abtes Gerhard Hafner OSB.\",\"datePublished\":\"2022-01-25T10:00:35+00:00\",\"dateModified\":\"2022-04-08T16:02:53+00:00\",\"mainEntityOfPage\":{\"@id\":\"https:\/\/stiftadmont.at\/blog\/wahltag-unseres-abtes-gerhard-hafner-osb\/\"},\"wordCount\":6,\"image\":{\"@id\":\"https:\/\/stiftadmont.at\/blog\/wahltag-unseres-abtes-gerhard-hafner-osb\/#primaryimage\"},\"thumbnailUrl\":\"https:\/\/stiftadmont.at\/wp-content\/uploads\/Stift-Admont-Wahltag-unseres-Abtes-40.jpg\",\"articleSection\":[\"Kloster aktuell\"],\"inLanguage\":\"es\"},{\"@type\":\"WebPage\",\"@id\":\"https:\/\/stiftadmont.at\/blog\/wahltag-unseres-abtes-gerhard-hafner-osb\/\",\"url\":\"https:\/\/stiftadmont.at\/blog\/wahltag-unseres-abtes-gerhard-hafner-osb\/\",\"name\":\"Wahltag unseres Abtes Gerhard Hafner OSB. - Stift Admont\",\"isPartOf\":{\"@id\":\"https:\/\/stiftadmont.at\/#website\"},\"primaryImageOfPage\":{\"@id\":\"https:\/\/stiftadmont.at\/blog\/wahltag-unseres-abtes-gerhard-hafner-osb\/#primaryimage\"},\"image\":{\"@id\":\"https:\/\/stiftadmont.at\/blog\/wahltag-unseres-abtes-gerhard-hafner-osb\/#primaryimage\"},\"thumbnailUrl\":\"https:\/\/stiftadmont.at\/wp-content\/uploads\/Stift-Admont-Wahltag-unseres-Abtes-40.jpg\",\"datePublished\":\"2022-01-25T10:00:35+00:00\",\"dateModified\":\"2022-04-08T16:02:53+00:00\",\"author\":{\"@id\":\"https:\/\/stiftadmont.at\/#\/schema\/person\/30535548b241d5f33a2e8b839db11869\"},\"description\":\"Lesen Sie aktuelle Informationen zum Thema Wahltag unseres Abtes Gerhard Hafner OSB. und vieles mehr aus dem Konvent und der Pfarre Admont.\",\"breadcrumb\":{\"@id\":\"https:\/\/stiftadmont.at\/blog\/wahltag-unseres-abtes-gerhard-hafner-osb\/#breadcrumb\"},\"inLanguage\":\"es\",\"potentialAction\":[{\"@type\":\"ReadAction\",\"target\":[\"https:\/\/stiftadmont.at\/blog\/wahltag-unseres-abtes-gerhard-hafner-osb\/\"]}]},{\"@type\":\"ImageObject\",\"inLanguage\":\"es\",\"@id\":\"https:\/\/stiftadmont.at\/blog\/wahltag-unseres-abtes-gerhard-hafner-osb\/#primaryimage\",\"url\":\"https:\/\/stiftadmont.at\/wp-content\/uploads\/Stift-Admont-Wahltag-unseres-Abtes-40.jpg\",\"contentUrl\":\"https:\/\/stiftadmont.at\/wp-content\/uploads\/Stift-Admont-Wahltag-unseres-Abtes-40.jpg\",\"width\":1600,\"height\":1200,\"caption\":\"Stift Admont Wahltag unseres Abtes 40\"},{\"@type\":\"BreadcrumbList\",\"@id\":\"https:\/\/stiftadmont.at\/blog\/wahltag-unseres-abtes-gerhard-hafner-osb\/#breadcrumb\",\"itemListElement\":[{\"@type\":\"ListItem\",\"position\":1,\"name\":\"Start\",\"item\":\"https:\/\/stiftadmont.at\/\"},{\"@type\":\"ListItem\",\"position\":2,\"name\":\"Wahltag unseres Abtes Gerhard Hafner OSB.\"}]},{\"@type\":\"WebSite\",\"@id\":\"https:\/\/stiftadmont.at\/#website\",\"url\":\"https:\/\/stiftadmont.at\/\",\"name\":\"Stift Admont\",\"description\":\"Benediktinerkloster und Sehensw\u00fcrdigkeit im Ges\u00e4use\",\"potentialAction\":[{\"@type\":\"SearchAction\",\"target\":{\"@type\":\"EntryPoint\",\"urlTemplate\":\"https:\/\/stiftadmont.at\/?s={search_term_string}\"},\"query-input\":{\"@type\":\"PropertyValueSpecification\",\"valueRequired\":true,\"valueName\":\"search_term_string\"}}],\"inLanguage\":\"es\"},{\"@type\":\"Person\",\"@id\":\"https:\/\/stiftadmont.at\/#\/schema\/person\/30535548b241d5f33a2e8b839db11869\",\"name\":\"Mario Brandm\u00fcller\"}]}<\/script>\n<!-- \/ Yoast SEO Premium plugin. -->","yoast_head_json":{"title":"D\u00eda de la elecci\u00f3n de nuestro Abad Gerhard Hafner OSB. - Abad\u00eda de Admont","description":"Lea la informaci\u00f3n m\u00e1s reciente sobre el d\u00eda de la elecci\u00f3n de nuestro Abad Gerhard Hafner OSB y mucho m\u00e1s del convento y la parroquia de Admont.","robots":{"index":"index","follow":"follow","max-snippet":"max-snippet:-1","max-image-preview":"max-image-preview:large","max-video-preview":"max-video-preview:-1"},"canonical":"https:\/\/stiftadmont.at\/es\/blog\/dia-de-la-eleccion-de-nuestro-abad-gerhard-hafner-osb\/","og_locale":"es_ES","og_type":"article","og_title":"Wahltag unseres Abtes Gerhard Hafner OSB.","og_description":"Lesen Sie aktuelle Informationen zum Thema Wahltag unseres Abtes Gerhard Hafner OSB. und vieles mehr aus dem Konvent und der Pfarre Admont.","og_url":"https:\/\/stiftadmont.at\/es\/blog\/dia-de-la-eleccion-de-nuestro-abad-gerhard-hafner-osb\/","og_site_name":"Stift Admont","article_published_time":"2022-01-25T10:00:35+00:00","article_modified_time":"2022-04-08T16:02:53+00:00","og_image":[{"width":1600,"height":1200,"url":"https:\/\/stiftadmont.at\/wp-content\/uploads\/Stift-Admont-Wahltag-unseres-Abtes-40.jpg","type":"image\/jpeg"}],"author":"Mario Brandm\u00fcller","twitter_card":"summary_large_image","twitter_misc":{"Escrito por":"Mario Brandm\u00fcller"},"schema":{"@context":"https:\/\/schema.org","@graph":[{"@type":"Article","@id":"https:\/\/stiftadmont.at\/blog\/wahltag-unseres-abtes-gerhard-hafner-osb\/#article","isPartOf":{"@id":"https:\/\/stiftadmont.at\/blog\/wahltag-unseres-abtes-gerhard-hafner-osb\/"},"author":{"name":"Mario Brandm\u00fcller","@id":"https:\/\/stiftadmont.at\/#\/schema\/person\/30535548b241d5f33a2e8b839db11869"},"headline":"Wahltag unseres Abtes Gerhard Hafner OSB.","datePublished":"2022-01-25T10:00:35+00:00","dateModified":"2022-04-08T16:02:53+00:00","mainEntityOfPage":{"@id":"https:\/\/stiftadmont.at\/blog\/wahltag-unseres-abtes-gerhard-hafner-osb\/"},"wordCount":6,"image":{"@id":"https:\/\/stiftadmont.at\/blog\/wahltag-unseres-abtes-gerhard-hafner-osb\/#primaryimage"},"thumbnailUrl":"https:\/\/stiftadmont.at\/wp-content\/uploads\/Stift-Admont-Wahltag-unseres-Abtes-40.jpg","articleSection":["Kloster aktuell"],"inLanguage":"es"},{"@type":"WebPage","@id":"https:\/\/stiftadmont.at\/blog\/wahltag-unseres-abtes-gerhard-hafner-osb\/","url":"https:\/\/stiftadmont.at\/blog\/wahltag-unseres-abtes-gerhard-hafner-osb\/","name":"D\u00eda de la elecci\u00f3n de nuestro Abad Gerhard Hafner OSB. - Abad\u00eda de Admont","isPartOf":{"@id":"https:\/\/stiftadmont.at\/#website"},"primaryImageOfPage":{"@id":"https:\/\/stiftadmont.at\/blog\/wahltag-unseres-abtes-gerhard-hafner-osb\/#primaryimage"},"image":{"@id":"https:\/\/stiftadmont.at\/blog\/wahltag-unseres-abtes-gerhard-hafner-osb\/#primaryimage"},"thumbnailUrl":"https:\/\/stiftadmont.at\/wp-content\/uploads\/Stift-Admont-Wahltag-unseres-Abtes-40.jpg","datePublished":"2022-01-25T10:00:35+00:00","dateModified":"2022-04-08T16:02:53+00:00","author":{"@id":"https:\/\/stiftadmont.at\/#\/schema\/person\/30535548b241d5f33a2e8b839db11869"},"description":"Lea la informaci\u00f3n m\u00e1s reciente sobre el d\u00eda de la elecci\u00f3n de nuestro Abad Gerhard Hafner OSB y mucho m\u00e1s del convento y la parroquia de Admont.","breadcrumb":{"@id":"https:\/\/stiftadmont.at\/blog\/wahltag-unseres-abtes-gerhard-hafner-osb\/#breadcrumb"},"inLanguage":"es","potentialAction":[{"@type":"ReadAction","target":["https:\/\/stiftadmont.at\/blog\/wahltag-unseres-abtes-gerhard-hafner-osb\/"]}]},{"@type":"ImageObject","inLanguage":"es","@id":"https:\/\/stiftadmont.at\/blog\/wahltag-unseres-abtes-gerhard-hafner-osb\/#primaryimage","url":"https:\/\/stiftadmont.at\/wp-content\/uploads\/Stift-Admont-Wahltag-unseres-Abtes-40.jpg","contentUrl":"https:\/\/stiftadmont.at\/wp-content\/uploads\/Stift-Admont-Wahltag-unseres-Abtes-40.jpg","width":1600,"height":1200,"caption":"Stift Admont Wahltag unseres Abtes 40"},{"@type":"BreadcrumbList","@id":"https:\/\/stiftadmont.at\/blog\/wahltag-unseres-abtes-gerhard-hafner-osb\/#breadcrumb","itemListElement":[{"@type":"ListItem","position":1,"name":"Start","item":"https:\/\/stiftadmont.at\/"},{"@type":"ListItem","position":2,"name":"Wahltag unseres Abtes Gerhard Hafner OSB."}]},{"@type":"WebSite","@id":"https:\/\/stiftadmont.at\/#website","url":"https:\/\/stiftadmont.at\/","name":"Abad\u00eda de Admont","description":"Monasterio benedictino y atracci\u00f3n tur\u00edstica en el Ges\u00e4use","potentialAction":[{"@type":"SearchAction","target":{"@type":"EntryPoint","urlTemplate":"https:\/\/stiftadmont.at\/?s={search_term_string}"},"query-input":{"@type":"PropertyValueSpecification","valueRequired":true,"valueName":"search_term_string"}}],"inLanguage":"es"},{"@type":"Person","@id":"https:\/\/stiftadmont.at\/#\/schema\/person\/30535548b241d5f33a2e8b839db11869","name":"Mario Brandm\u00fcller"}]}},"_links":{"self":[{"href":"https:\/\/stiftadmont.at\/es\/wp-json\/wp\/v2\/posts\/9726","targetHints":{"allow":["GET"]}}],"collection":[{"href":"https:\/\/stiftadmont.at\/es\/wp-json\/wp\/v2\/posts"}],"about":[{"href":"https:\/\/stiftadmont.at\/es\/wp-json\/wp\/v2\/types\/post"}],"author":[{"embeddable":true,"href":"https:\/\/stiftadmont.at\/es\/wp-json\/wp\/v2\/users\/7"}],"replies":[{"embeddable":true,"href":"https:\/\/stiftadmont.at\/es\/wp-json\/wp\/v2\/comments?post=9726"}],"version-history":[{"count":6,"href":"https:\/\/stiftadmont.at\/es\/wp-json\/wp\/v2\/posts\/9726\/revisions"}],"predecessor-version":[{"id":9732,"href":"https:\/\/stiftadmont.at\/es\/wp-json\/wp\/v2\/posts\/9726\/revisions\/9732"}],"wp:featuredmedia":[{"embeddable":true,"href":"https:\/\/stiftadmont.at\/es\/wp-json\/wp\/v2\/media\/9697"}],"wp:attachment":[{"href":"https:\/\/stiftadmont.at\/es\/wp-json\/wp\/v2\/media?parent=9726"}],"wp:term":[{"taxonomy":"category","embeddable":true,"href":"https:\/\/stiftadmont.at\/es\/wp-json\/wp\/v2\/categories?post=9726"}],"curies":[{"name":"wp","href":"https:\/\/api.w.org\/{rel}","templated":true}]}}