{"id":9957,"date":"2021-07-19T12:00:25","date_gmt":"2021-07-19T10:00:25","guid":{"rendered":"https:\/\/stiftadmont.at\/?p=9957"},"modified":"2022-04-25T22:45:29","modified_gmt":"2022-04-25T20:45:29","slug":"transporte-ecologico-para-la-region","status":"publish","type":"post","link":"https:\/\/stiftadmont.at\/es\/blog\/gruener-verkehr-fuer-die-region\/","title":{"rendered":"Transporte ecol\u00f3gico para la regi\u00f3n"},"content":{"rendered":"<section id='lightpress__section--block_626706e9399e4' class='lightpress__section--default-section-space lightpress__section lightpress__section--content'><div class=\"content__inner\"\n         x-init=\"initContentBlockAnim($el)\">\n        \n    <div class=\"content__grid content__grid--fifty-fifty\">\n                                            <div class=\"content__box content__box\"\n                 style=\"\">\n                                \n                \n                                            <div class=\"prose\"><h2 class=\"heading-xxl line line--gold\">Transporte ecol\u00f3gico para la regi\u00f3n<\/h2>\n<p><strong>Lunes, 19 de julio de 2021<\/strong><\/p>\n<p><strong>Admont Abbey lanza el e-car sharing<\/strong><\/p>\n<p>Pedir prestado es mejor que comprar. As\u00ed no s\u00f3lo se reducen los costes de compra y mantenimiento, sino tambi\u00e9n las emisiones de CO2, perjudiciales para el medio ambiente. El e-car sharing es tambi\u00e9n un complemento sensato del transporte p\u00fablico. Para ofrecer una plataforma digital de reservas de coches el\u00e9ctricos, el monasterio benedictino de Admont ha contado con el apoyo experto de \"Familiy of power\", una cooperativa europea sin \u00e1nimo de lucro para la promoci\u00f3n de regiones econ\u00f3micas ecosociales. Ya sea desde un smartphone, un PC o una tableta, las reservas pueden hacerse de forma r\u00e1pida y c\u00f3moda: Basta con reservar un e-car en l\u00ednea y ya est\u00e1 en camino de forma respetuosa con el medio ambiente. Antes de la primera reserva es necesario registrarse una sola vez. Se le cobrar\u00e1 por los kil\u00f3metros recorridos, con una tarifa plana diaria para viajes m\u00e1s largos.<\/p>\n<\/div>\n                    \n                            <\/div>\n        \n                                                    <div class=\"content__box content__box--2\"\n                     >\n                                        \n                    \n                                                <div class=\"content__media stickyTo\" x-init=\"imageSticky($el)\">\n\n                                                                                    <picture\n                                    class=\"content__image sticky\">\n                                <source srcset=\"https:\/\/stiftadmont.at\/wp-content\/uploads\/Stift-Admont-Gruener-Verkehr-1-1024x768.webp\" type=\"image\/webp\">\n                                <source srcset=\"https:\/\/stiftadmont.at\/wp-content\/uploads\/Stift-Admont-Gruener-Verkehr-1-1024x768.jpg\" type=\"image\/jpeg\">\n                                <img decoding=\"async\" class=\"sticky\" loading=\"lazy\" src=\"https:\/\/stiftadmont.at\/wp-content\/uploads\/Stift-Admont-Gruener-Verkehr-1-1024x768.jpg\" alt=\"Admont Abbey Green tr\u00e1fico 1\" \/>\n\n                                                                                                                            <\/picture>\n\n                        <\/div>\n\n                                    <\/div>\n            \n            <\/div>\n<\/div>\n\n<\/section>\n\n<section id='lightpress__section--block_6267073a399e7' class='lightpress__section--default-section-space lightpress__section lightpress__section--content'><div class=\"content__inner\"\n         x-init=\"initContentBlockAnim($el)\">\n        \n    <div class=\"content__grid content__grid\">\n                                            <div class=\"content__box content__box--one-hundred\"\n                 style=\"\">\n                                \n                \n                                            <div class=\"prose\"><h5 class=\"heading-m line line--red line--gold\">Seis meses de pruebas<\/h5>\n<p>Antes de lanzar oficialmente la plataforma de e-car sharing, hay que poner a prueba el uso de la e-movilidad. En concreto, se comprobar\u00e1 la viabilidad y la facilidad de uso de la plataforma de reservas y las estaciones de recarga. Transcurridos seis meses, la fase de prueba deber\u00e1 haber concluido y se iniciar\u00e1n las operaciones. Franz Pichler, director econ\u00f3mico de la abad\u00eda benedictina de Admont, explica por qu\u00e9 el e-car sharing ya no es una cuesti\u00f3n que s\u00f3lo interese a las grandes ciudades. \"Mediante el uso de la e-movilidad combinada con la econom\u00eda colaborativa, el transporte puede organizarse de forma que se conserven los recursos y sea respetuoso con el medio ambiente. Un objetivo que se persigue en toda Europa. Para garantizar a las generaciones futuras un planeta en el que merezca la pena vivir, la Abad\u00eda Benedictina de Admont tambi\u00e9n quiere contribuir a la neutralidad clim\u00e1tica\", afirma el Director Econ\u00f3mico.<\/p>\n<p>Como primer paso, los empleados del monasterio benedictino fueron equipados con un VW e-Golf del concesionario Laimer de Liezen. De este modo, los desplazamientos profesionales y privados pueden realizarse ahora en un veh\u00edculo respetuoso con el medio ambiente.<\/p>\n<h5 class=\"heading-m line line--gold\">Estaciones de carga sin compromiso<\/h5>\n<p>La estaci\u00f3n de carga es para los coches el\u00e9ctricos lo que la gasolinera es para los veh\u00edculos de gasolina o di\u00e9sel. La \u00fanica pega es que, a menudo, la recarga s\u00f3lo es posible mediante la afiliaci\u00f3n a una asociaci\u00f3n o club con el proveedor correspondiente de la estaci\u00f3n de recarga. No es el caso del productor local de electricidad Envesta. Las dos estaciones de carga, situadas junto al edificio de la empresa Envesta y el Hotel Spirodom de Admont, son de acceso p\u00fablico y f\u00e1ciles de usar con tarjeta de d\u00e9bito o cr\u00e9dito. Sin ning\u00fan compromiso fijo. Envesta tambi\u00e9n ofrece una estaci\u00f3n de carga para bicicletas el\u00e9ctricas. Aqu\u00ed la carga es incluso gratuita. La estaci\u00f3n de carga se encuentra en el aparcamiento situado frente al edificio de la empresa Envesta. La gran ventaja de esta ubicaci\u00f3n: mientras se carga la bater\u00eda con la electricidad natural de Admont, los ciclistas pueden pasear por el extenso recinto de la abad\u00eda, visitar la bodega abacial o el museo de la abad\u00eda.<\/p>\n<h5 class=\"heading-m line line--gold\">Asesoramiento competente<\/h5>\n<p>La nueva plataforma de e-car sharing no s\u00f3lo es una alternativa bienvenida a la propiedad de un coche, sino que tambi\u00e9n ofrece una oportunidad de prueba sin complicaciones para todos aquellos que quieran comprar un e-car por s\u00ed mismos. Sin embargo, antes de realizar la compra, es preciso obtener asesoramiento exhaustivo del proveedor de la red el\u00e9ctrica, subraya Christoph Hell, Director General de Envesta: \"Es importante obtener toda la informaci\u00f3n pertinente para que los costes no nos sorprendan. Como operador de la red dom\u00e9stica, es competencia nuestra asesorar sobre la compra de estaciones de recarga y las opciones de subvenci\u00f3n.\"<\/p>\n<\/div>\n                    \n                            <\/div>\n        \n            <\/div>\n<\/div>\n\n<\/section>","protected":false},"excerpt":{"rendered":"<p>La abad\u00eda de Admont pone en marcha el e-car sharing. El objetivo declarado es crear una plataforma de e-car sharing en la zona metropolitana de Admont.<\/p>","protected":false},"author":7,"featured_media":9958,"comment_status":"closed","ping_status":"closed","sticky":false,"template":"","format":"standard","meta":{"_acf_changed":false,"footnotes":""},"categories":[23],"class_list":["post-9957","post","type-post","status-publish","format-standard","has-post-thumbnail","hentry","category-einrichtungen-aktuell"],"acf":[],"yoast_head":"<!-- This site is optimized with the Yoast SEO Premium plugin v26.0 (Yoast SEO v26.8) - https:\/\/yoast.com\/product\/yoast-seo-premium-wordpress\/ -->\n<title>Gr\u00fcner Verkehr f\u00fcr die Region - Stift Admont<\/title>\n<meta name=\"description\" content=\"Lesen Sie aktuelle Informationen zum Thema Gr\u00fcner Verkehr f\u00fcr die Region und vieles mehr aus dem Konvent und der Pfarre Admont.\" \/>\n<meta name=\"robots\" content=\"index, follow, max-snippet:-1, max-image-preview:large, max-video-preview:-1\" \/>\n<link rel=\"canonical\" href=\"https:\/\/stiftadmont.at\/es\/blog\/transporte-ecologico-para-la-region\/\" \/>\n<meta property=\"og:locale\" content=\"es_ES\" \/>\n<meta property=\"og:type\" content=\"article\" \/>\n<meta property=\"og:title\" content=\"Gr\u00fcner Verkehr f\u00fcr die Region\" \/>\n<meta property=\"og:description\" content=\"Lesen Sie aktuelle Informationen zum Thema Gr\u00fcner Verkehr f\u00fcr die Region und vieles mehr aus dem Konvent und der Pfarre Admont.\" \/>\n<meta property=\"og:url\" content=\"https:\/\/stiftadmont.at\/es\/blog\/transporte-ecologico-para-la-region\/\" \/>\n<meta property=\"og:site_name\" content=\"Stift Admont\" \/>\n<meta property=\"article:published_time\" content=\"2021-07-19T10:00:25+00:00\" \/>\n<meta property=\"article:modified_time\" content=\"2022-04-25T20:45:29+00:00\" \/>\n<meta property=\"og:image\" content=\"https:\/\/stiftadmont.at\/wp-content\/uploads\/Stift-Admont-Gruener-Verkehr-1.jpg\" \/>\n\t<meta property=\"og:image:width\" content=\"1600\" \/>\n\t<meta property=\"og:image:height\" content=\"1200\" \/>\n\t<meta property=\"og:image:type\" content=\"image\/jpeg\" \/>\n<meta name=\"author\" content=\"Mario Brandm\u00fcller\" \/>\n<meta name=\"twitter:card\" content=\"summary_large_image\" \/>\n<meta name=\"twitter:label1\" content=\"Escrito por\" \/>\n\t<meta name=\"twitter:data1\" content=\"Mario Brandm\u00fcller\" \/>\n<script type=\"application\/ld+json\" class=\"yoast-schema-graph\">{\"@context\":\"https:\/\/schema.org\",\"@graph\":[{\"@type\":\"Article\",\"@id\":\"https:\/\/stiftadmont.at\/blog\/gruener-verkehr-fuer-die-region\/#article\",\"isPartOf\":{\"@id\":\"https:\/\/stiftadmont.at\/blog\/gruener-verkehr-fuer-die-region\/\"},\"author\":{\"name\":\"Mario Brandm\u00fcller\",\"@id\":\"https:\/\/stiftadmont.at\/#\/schema\/person\/30535548b241d5f33a2e8b839db11869\"},\"headline\":\"Gr\u00fcner Verkehr f\u00fcr die Region\",\"datePublished\":\"2021-07-19T10:00:25+00:00\",\"dateModified\":\"2022-04-25T20:45:29+00:00\",\"mainEntityOfPage\":{\"@id\":\"https:\/\/stiftadmont.at\/blog\/gruener-verkehr-fuer-die-region\/\"},\"wordCount\":7,\"image\":{\"@id\":\"https:\/\/stiftadmont.at\/blog\/gruener-verkehr-fuer-die-region\/#primaryimage\"},\"thumbnailUrl\":\"https:\/\/stiftadmont.at\/wp-content\/uploads\/Stift-Admont-Gruener-Verkehr-1.jpg\",\"articleSection\":[\"Einrichtungen aktuell\"],\"inLanguage\":\"es\"},{\"@type\":\"WebPage\",\"@id\":\"https:\/\/stiftadmont.at\/blog\/gruener-verkehr-fuer-die-region\/\",\"url\":\"https:\/\/stiftadmont.at\/blog\/gruener-verkehr-fuer-die-region\/\",\"name\":\"Gr\u00fcner Verkehr f\u00fcr die Region - Stift Admont\",\"isPartOf\":{\"@id\":\"https:\/\/stiftadmont.at\/#website\"},\"primaryImageOfPage\":{\"@id\":\"https:\/\/stiftadmont.at\/blog\/gruener-verkehr-fuer-die-region\/#primaryimage\"},\"image\":{\"@id\":\"https:\/\/stiftadmont.at\/blog\/gruener-verkehr-fuer-die-region\/#primaryimage\"},\"thumbnailUrl\":\"https:\/\/stiftadmont.at\/wp-content\/uploads\/Stift-Admont-Gruener-Verkehr-1.jpg\",\"datePublished\":\"2021-07-19T10:00:25+00:00\",\"dateModified\":\"2022-04-25T20:45:29+00:00\",\"author\":{\"@id\":\"https:\/\/stiftadmont.at\/#\/schema\/person\/30535548b241d5f33a2e8b839db11869\"},\"description\":\"Lesen Sie aktuelle Informationen zum Thema Gr\u00fcner Verkehr f\u00fcr die Region und vieles mehr aus dem Konvent und der Pfarre Admont.\",\"breadcrumb\":{\"@id\":\"https:\/\/stiftadmont.at\/blog\/gruener-verkehr-fuer-die-region\/#breadcrumb\"},\"inLanguage\":\"es\",\"potentialAction\":[{\"@type\":\"ReadAction\",\"target\":[\"https:\/\/stiftadmont.at\/blog\/gruener-verkehr-fuer-die-region\/\"]}]},{\"@type\":\"ImageObject\",\"inLanguage\":\"es\",\"@id\":\"https:\/\/stiftadmont.at\/blog\/gruener-verkehr-fuer-die-region\/#primaryimage\",\"url\":\"https:\/\/stiftadmont.at\/wp-content\/uploads\/Stift-Admont-Gruener-Verkehr-1.jpg\",\"contentUrl\":\"https:\/\/stiftadmont.at\/wp-content\/uploads\/Stift-Admont-Gruener-Verkehr-1.jpg\",\"width\":1600,\"height\":1200,\"caption\":\"Stift Admont Gruener Verkehr 1\"},{\"@type\":\"BreadcrumbList\",\"@id\":\"https:\/\/stiftadmont.at\/blog\/gruener-verkehr-fuer-die-region\/#breadcrumb\",\"itemListElement\":[{\"@type\":\"ListItem\",\"position\":1,\"name\":\"Start\",\"item\":\"https:\/\/stiftadmont.at\/\"},{\"@type\":\"ListItem\",\"position\":2,\"name\":\"Gr\u00fcner Verkehr f\u00fcr die Region\"}]},{\"@type\":\"WebSite\",\"@id\":\"https:\/\/stiftadmont.at\/#website\",\"url\":\"https:\/\/stiftadmont.at\/\",\"name\":\"Stift Admont\",\"description\":\"Benediktinerkloster und Sehensw\u00fcrdigkeit im Ges\u00e4use\",\"potentialAction\":[{\"@type\":\"SearchAction\",\"target\":{\"@type\":\"EntryPoint\",\"urlTemplate\":\"https:\/\/stiftadmont.at\/?s={search_term_string}\"},\"query-input\":{\"@type\":\"PropertyValueSpecification\",\"valueRequired\":true,\"valueName\":\"search_term_string\"}}],\"inLanguage\":\"es\"},{\"@type\":\"Person\",\"@id\":\"https:\/\/stiftadmont.at\/#\/schema\/person\/30535548b241d5f33a2e8b839db11869\",\"name\":\"Mario Brandm\u00fcller\"}]}<\/script>\n<!-- \/ Yoast SEO Premium plugin. -->","yoast_head_json":{"title":"Transporte ecol\u00f3gico para la regi\u00f3n - Abad\u00eda de Admont","description":"Lea la informaci\u00f3n m\u00e1s reciente sobre transporte ecol\u00f3gico para la regi\u00f3n y mucho m\u00e1s del convento y la parroquia de Admont.","robots":{"index":"index","follow":"follow","max-snippet":"max-snippet:-1","max-image-preview":"max-image-preview:large","max-video-preview":"max-video-preview:-1"},"canonical":"https:\/\/stiftadmont.at\/es\/blog\/transporte-ecologico-para-la-region\/","og_locale":"es_ES","og_type":"article","og_title":"Gr\u00fcner Verkehr f\u00fcr die Region","og_description":"Lesen Sie aktuelle Informationen zum Thema Gr\u00fcner Verkehr f\u00fcr die Region und vieles mehr aus dem Konvent und der Pfarre Admont.","og_url":"https:\/\/stiftadmont.at\/es\/blog\/transporte-ecologico-para-la-region\/","og_site_name":"Stift Admont","article_published_time":"2021-07-19T10:00:25+00:00","article_modified_time":"2022-04-25T20:45:29+00:00","og_image":[{"width":1600,"height":1200,"url":"https:\/\/stiftadmont.at\/wp-content\/uploads\/Stift-Admont-Gruener-Verkehr-1.jpg","type":"image\/jpeg"}],"author":"Mario Brandm\u00fcller","twitter_card":"summary_large_image","twitter_misc":{"Escrito por":"Mario Brandm\u00fcller"},"schema":{"@context":"https:\/\/schema.org","@graph":[{"@type":"Article","@id":"https:\/\/stiftadmont.at\/blog\/gruener-verkehr-fuer-die-region\/#article","isPartOf":{"@id":"https:\/\/stiftadmont.at\/blog\/gruener-verkehr-fuer-die-region\/"},"author":{"name":"Mario Brandm\u00fcller","@id":"https:\/\/stiftadmont.at\/#\/schema\/person\/30535548b241d5f33a2e8b839db11869"},"headline":"Gr\u00fcner Verkehr f\u00fcr die Region","datePublished":"2021-07-19T10:00:25+00:00","dateModified":"2022-04-25T20:45:29+00:00","mainEntityOfPage":{"@id":"https:\/\/stiftadmont.at\/blog\/gruener-verkehr-fuer-die-region\/"},"wordCount":7,"image":{"@id":"https:\/\/stiftadmont.at\/blog\/gruener-verkehr-fuer-die-region\/#primaryimage"},"thumbnailUrl":"https:\/\/stiftadmont.at\/wp-content\/uploads\/Stift-Admont-Gruener-Verkehr-1.jpg","articleSection":["Einrichtungen aktuell"],"inLanguage":"es"},{"@type":"WebPage","@id":"https:\/\/stiftadmont.at\/blog\/gruener-verkehr-fuer-die-region\/","url":"https:\/\/stiftadmont.at\/blog\/gruener-verkehr-fuer-die-region\/","name":"Transporte ecol\u00f3gico para la regi\u00f3n - Abad\u00eda de Admont","isPartOf":{"@id":"https:\/\/stiftadmont.at\/#website"},"primaryImageOfPage":{"@id":"https:\/\/stiftadmont.at\/blog\/gruener-verkehr-fuer-die-region\/#primaryimage"},"image":{"@id":"https:\/\/stiftadmont.at\/blog\/gruener-verkehr-fuer-die-region\/#primaryimage"},"thumbnailUrl":"https:\/\/stiftadmont.at\/wp-content\/uploads\/Stift-Admont-Gruener-Verkehr-1.jpg","datePublished":"2021-07-19T10:00:25+00:00","dateModified":"2022-04-25T20:45:29+00:00","author":{"@id":"https:\/\/stiftadmont.at\/#\/schema\/person\/30535548b241d5f33a2e8b839db11869"},"description":"Lea la informaci\u00f3n m\u00e1s reciente sobre transporte ecol\u00f3gico para la regi\u00f3n y mucho m\u00e1s del convento y la parroquia de Admont.","breadcrumb":{"@id":"https:\/\/stiftadmont.at\/blog\/gruener-verkehr-fuer-die-region\/#breadcrumb"},"inLanguage":"es","potentialAction":[{"@type":"ReadAction","target":["https:\/\/stiftadmont.at\/blog\/gruener-verkehr-fuer-die-region\/"]}]},{"@type":"ImageObject","inLanguage":"es","@id":"https:\/\/stiftadmont.at\/blog\/gruener-verkehr-fuer-die-region\/#primaryimage","url":"https:\/\/stiftadmont.at\/wp-content\/uploads\/Stift-Admont-Gruener-Verkehr-1.jpg","contentUrl":"https:\/\/stiftadmont.at\/wp-content\/uploads\/Stift-Admont-Gruener-Verkehr-1.jpg","width":1600,"height":1200,"caption":"Stift Admont Gruener Verkehr 1"},{"@type":"BreadcrumbList","@id":"https:\/\/stiftadmont.at\/blog\/gruener-verkehr-fuer-die-region\/#breadcrumb","itemListElement":[{"@type":"ListItem","position":1,"name":"Start","item":"https:\/\/stiftadmont.at\/"},{"@type":"ListItem","position":2,"name":"Gr\u00fcner Verkehr f\u00fcr die Region"}]},{"@type":"WebSite","@id":"https:\/\/stiftadmont.at\/#website","url":"https:\/\/stiftadmont.at\/","name":"Abad\u00eda de Admont","description":"Monasterio benedictino y atracci\u00f3n tur\u00edstica en el Ges\u00e4use","potentialAction":[{"@type":"SearchAction","target":{"@type":"EntryPoint","urlTemplate":"https:\/\/stiftadmont.at\/?s={search_term_string}"},"query-input":{"@type":"PropertyValueSpecification","valueRequired":true,"valueName":"search_term_string"}}],"inLanguage":"es"},{"@type":"Person","@id":"https:\/\/stiftadmont.at\/#\/schema\/person\/30535548b241d5f33a2e8b839db11869","name":"Mario Brandm\u00fcller"}]}},"_links":{"self":[{"href":"https:\/\/stiftadmont.at\/es\/wp-json\/wp\/v2\/posts\/9957","targetHints":{"allow":["GET"]}}],"collection":[{"href":"https:\/\/stiftadmont.at\/es\/wp-json\/wp\/v2\/posts"}],"about":[{"href":"https:\/\/stiftadmont.at\/es\/wp-json\/wp\/v2\/types\/post"}],"author":[{"embeddable":true,"href":"https:\/\/stiftadmont.at\/es\/wp-json\/wp\/v2\/users\/7"}],"replies":[{"embeddable":true,"href":"https:\/\/stiftadmont.at\/es\/wp-json\/wp\/v2\/comments?post=9957"}],"version-history":[{"count":8,"href":"https:\/\/stiftadmont.at\/es\/wp-json\/wp\/v2\/posts\/9957\/revisions"}],"predecessor-version":[{"id":9966,"href":"https:\/\/stiftadmont.at\/es\/wp-json\/wp\/v2\/posts\/9957\/revisions\/9966"}],"wp:featuredmedia":[{"embeddable":true,"href":"https:\/\/stiftadmont.at\/es\/wp-json\/wp\/v2\/media\/9958"}],"wp:attachment":[{"href":"https:\/\/stiftadmont.at\/es\/wp-json\/wp\/v2\/media?parent=9957"}],"wp:term":[{"taxonomy":"category","embeddable":true,"href":"https:\/\/stiftadmont.at\/es\/wp-json\/wp\/v2\/categories?post=9957"}],"curies":[{"name":"wp","href":"https:\/\/api.w.org\/{rel}","templated":true}]}}