{"id":9967,"date":"2021-09-21T12:00:00","date_gmt":"2021-09-21T10:00:00","guid":{"rendered":"https:\/\/stiftadmont.at\/?p=9967"},"modified":"2022-04-25T22:53:10","modified_gmt":"2022-04-25T20:53:10","slug":"estabilidad-y-seguridad-durante-casi-950-anos","status":"publish","type":"post","link":"https:\/\/stiftadmont.at\/es\/blog\/stabilitaet-und-sicherheit-seit-fast-950-jahren\/","title":{"rendered":"Estabilidad y seguridad desde hace casi 950 a\u00f1os"},"content":{"rendered":"<section id='lightpress__section--block_626708af3603e' class='lightpress__section--default-section-space lightpress__section lightpress__section--content'><div class=\"content__inner\"\n         x-init=\"initContentBlockAnim($el)\">\n        \n    <div class=\"content__grid content__grid\">\n                                            <div class=\"content__box content__box--one-hundred\"\n                 style=\"\">\n                                \n                \n                                            <div class=\"prose\"><h2 class=\"heading-xxl line line--gold\">Estabilidad y seguridad desde hace casi 950 a\u00f1os<\/h2>\n<p><strong>Martes, 21 de septiembre de 2021<\/strong><\/p>\n<p><strong>Una de las razones por las que los monjes de la abad\u00eda de Admont llevan casi mil a\u00f1os dirigiendo empresas florecientes es su forma de afrontar las crisis.<\/strong><\/p>\n<p>\"La abad\u00eda de Admont se fund\u00f3 en 1074 para reforzar la fe cristiana en Admont y en la regi\u00f3n, promover la cultura y levantar la econom\u00eda. Hasta el d\u00eda de hoy, nosotros, los monjes y las empresas del monasterio, nos sentimos comprometidos con esta misi\u00f3n. Ora et labora et lege, oraci\u00f3n - trabajo - educaci\u00f3n, vivir hoy, traducir en hoy, forma parte de la evangelizaci\u00f3n, significa llevar a Jesucristo a la gente de hoy. Llevamos casi 950 a\u00f1os cumpliendo esta tarea. Con la ayuda de Dios, que sigan muchos a\u00f1os m\u00e1s\", dice Gerhard Hafner OSB, abad de la abad\u00eda benedictina de Admont.<\/p>\n<p>La pandemia de coronavirus est\u00e1 planteando dif\u00edciles retos a las empresas de todo el mundo. Admont ha encontrado su propia manera de afrontar la crisis: \"Durante siglos, hemos defendido la estabilidad y la seguridad. Por lo tanto, incluso en esta fase de COVID, no era una opci\u00f3n para nosotros despedir empleados. Todo lo contrario. Nuestra filosof\u00eda es salir reforzados hacia el futuro mediante inversiones bien orientadas\", afirma el abad Gerhard Hafner OSB. Un paso importante en esta direcci\u00f3n es el avance de la digitalizaci\u00f3n. Las misas se retransmiten en directo, se ha creado una herramienta digital de atenci\u00f3n pastoral, se ha desarrollado una plataforma internacional de marketing cultural y una plataforma de comunicaci\u00f3n interna y nuevos procesos de trabajo han garantizado la continuidad sin problemas de las operaciones diarias durante m\u00e1s de un a\u00f1o.<\/p>\n<h5 class=\"heading-m line line--gold\">Invertir en lugar de capitular<\/h5>\n<p>M\u00e1s de 25 millones de euros se destinan a la expansi\u00f3n de la industria maderera de Admont. La adquisici\u00f3n de nuevas instalaciones y maquinaria, as\u00ed como las inversiones en diversos \u00e1mbitos, como la investigaci\u00f3n y el desarrollo y la digitalizaci\u00f3n, asegurar\u00e1n los puestos de trabajo de unos 290 empleados. \"El desarrollo de productos y el aumento de la competitividad para nuestros clientes son importantes para nosotros, por eso seguimos invirtiendo en el emplazamiento de Admont\", afirma el Director Econ\u00f3mico Franz Pichler LL.M. Tambi\u00e9n se han marcado hitos en el \u00e1mbito de la cultura: En febrero de 2021 se puso en l\u00ednea el proyecto pionero mundial en el sector cultural www.discover-culture.com. Esta plataforma permite realizar visitas digitales a tesoros art\u00edsticos y culturales con las \u00faltimas funciones de alta tecnolog\u00eda. Y todo desde la comodidad de su propia casa. A pesar de la nueva plataforma digital, no hay que descuidar las visitas a los museos in situ, subraya el Director Econ\u00f3mico. \"Agosto de 2021 fue el segundo mes con m\u00e1s visitantes de la historia del museo. Casi 16.000 personas nos visitaron en este \u00fanico mes. Eso nos llena de orgullo\".<\/p>\n<h5 class=\"heading-m line line--gold\">\"110 a\u00f1os de suministro energ\u00e9tico en la Abad\u00eda de Admont\"<\/h5>\n<p>\"La actual situaci\u00f3n de crisis en todos los \u00e1mbitos nos demuestra que hemos alcanzado el cenit de la prosperidad energ\u00e9tica con nuestro actual consumo de energ\u00eda, y ello con la ayuda de la energ\u00eda en cualquiera de sus formas, supuestamente ilimitada y disponible en todo momento. Lo que debe seguir es un replanteamiento de los nuevos valores de la vida: \"menos es m\u00e1s\", mejorando la productividad de los recursos y estabilizando al mismo tiempo el consumo. Econom\u00eda, medio ambiente y cuestiones sociales deben estar en equilibrio\", afirma Christoph Hell, Director General de ENVESTA GmbH.<\/p>\n<p>Trasladado a nuestro \u00e1mbito de responsabilidad, esto significa, entre otras cosas, utilizar fuentes de energ\u00eda dom\u00e9sticas con un impacto medioambiental m\u00ednimo mediante medidas compensatorias de ecualizaci\u00f3n con tecnolog\u00eda altamente desarrollada in situ y reducir el consumo total de energ\u00eda mediante un uso conscientemente econ\u00f3mico de la misma. Como regi\u00f3n modelo para la generaci\u00f3n ecol\u00f3gica de energ\u00eda, un suministro seguro, una estructura de red inteligente y servicios de apoyo personalizados, ENVESTA seguir\u00e1 asumiendo los retos del futuro y har\u00e1 todo lo posible por superarlos, afirma Christoph Hell.<\/p>\n<h5 class=\"heading-m line line--gold\">Promover proyectos sociales<\/h5>\n<p>\"Especialmente en tiempos tan dif\u00edciles, es importante ofrecer perspectivas a la gente\", subraya el abad Gerhard Hafner. En junio del a\u00f1o pasado se inaugur\u00f3 en los terrenos del monasterio benedictino un centro de atenci\u00f3n primaria que re\u00fane a dos m\u00e9dicos generalistas, especialistas y personal sanitario. Los monjes de la abad\u00eda de Admont cedieron el terreno, que se adapt\u00f3 convenientemente durante una fase de construcci\u00f3n de un a\u00f1o.<\/p>\n<h5 class=\"heading-m line line--gold\">377 a\u00f1os de Admont Abbey Grammar School<\/h5>\n<p>La Escuela de Gram\u00e1tica de la Abad\u00eda Benedictina es la escuela cat\u00f3lica privada de la abad\u00eda y un centro educativo y cient\u00edfico centenario en la regi\u00f3n de Admont. Tras un largo periodo de remodelaci\u00f3n y renovaci\u00f3n, as\u00ed como elevadas inversiones, brilla con nuevo esplendor. La educaci\u00f3n y la ciencia son la columna vertebral de una sociedad, por lo que es una misi\u00f3n esencial para la Abad\u00eda de Admont proporcionar a los alumnos de la regi\u00f3n un pilar fundamental para sus vidas ofreci\u00e9ndoles un programa educativo.<\/p>\n<p>*) ver: <a href=\"https:\/\/de.wikipedia.org\/wiki\/Liste_der_weltweit_%C3%A4ltesten_Unternehmen\" target=\"_blank\" rel=\"noopener\">https:\/\/de.wikipedia.org\/wiki\/Liste_der_weltweit_%C3%A4ltesten_Unternehmen<\/a><\/p>\n<\/div>\n                    \n                            <\/div>\n        \n            <\/div>\n<\/div>\n\n<\/section>","protected":false},"excerpt":{"rendered":"<p>La abad\u00eda benedictina de Admont es una de las veinte organizaciones m\u00e1s antiguas del mundo. *)<br \/>\nEs incluso la cuarta m\u00e1s antigua del sector manufacturero.<\/p>","protected":false},"author":7,"featured_media":7475,"comment_status":"closed","ping_status":"closed","sticky":false,"template":"","format":"standard","meta":{"_acf_changed":false,"footnotes":""},"categories":[23],"class_list":["post-9967","post","type-post","status-publish","format-standard","has-post-thumbnail","hentry","category-einrichtungen-aktuell"],"acf":[],"yoast_head":"<!-- This site is optimized with the Yoast SEO Premium plugin v26.0 (Yoast SEO v26.8) - https:\/\/yoast.com\/product\/yoast-seo-premium-wordpress\/ -->\n<title>Stabilit\u00e4t und Sicherheit seit fast 950 Jahren - Stift Admont<\/title>\n<meta name=\"description\" content=\"Lesen Sie aktuelle Informationen zum Thema Stabilit\u00e4t und Sicherheit seit fast 950 Jahren und vieles mehr aus dem Konvent und der Pfarre Admont.\" \/>\n<meta name=\"robots\" content=\"index, follow, max-snippet:-1, max-image-preview:large, max-video-preview:-1\" \/>\n<link rel=\"canonical\" href=\"https:\/\/stiftadmont.at\/es\/blog\/estabilidad-y-seguridad-durante-casi-950-anos\/\" \/>\n<meta property=\"og:locale\" content=\"es_ES\" \/>\n<meta property=\"og:type\" content=\"article\" \/>\n<meta property=\"og:title\" content=\"Stabilit\u00e4t und Sicherheit seit fast 950 Jahren\" \/>\n<meta property=\"og:description\" content=\"Lesen Sie aktuelle Informationen zum Thema Stabilit\u00e4t und Sicherheit seit fast 950 Jahren und vieles mehr aus dem Konvent und der Pfarre Admont.\" \/>\n<meta property=\"og:url\" content=\"https:\/\/stiftadmont.at\/es\/blog\/estabilidad-y-seguridad-durante-casi-950-anos\/\" \/>\n<meta property=\"og:site_name\" content=\"Stift Admont\" \/>\n<meta property=\"article:published_time\" content=\"2021-09-21T10:00:00+00:00\" \/>\n<meta property=\"article:modified_time\" content=\"2022-04-25T20:53:10+00:00\" \/>\n<meta property=\"og:image\" content=\"https:\/\/stiftadmont.at\/wp-content\/uploads\/Stift-Admont-Panorama_c-Stift-Admont.jpg\" \/>\n\t<meta property=\"og:image:width\" content=\"1869\" \/>\n\t<meta property=\"og:image:height\" content=\"839\" \/>\n\t<meta property=\"og:image:type\" content=\"image\/jpeg\" \/>\n<meta name=\"author\" content=\"Mario Brandm\u00fcller\" \/>\n<meta name=\"twitter:card\" content=\"summary_large_image\" \/>\n<meta name=\"twitter:label1\" content=\"Escrito por\" \/>\n\t<meta name=\"twitter:data1\" content=\"Mario Brandm\u00fcller\" \/>\n<script type=\"application\/ld+json\" class=\"yoast-schema-graph\">{\"@context\":\"https:\/\/schema.org\",\"@graph\":[{\"@type\":\"Article\",\"@id\":\"https:\/\/stiftadmont.at\/blog\/stabilitaet-und-sicherheit-seit-fast-950-jahren\/#article\",\"isPartOf\":{\"@id\":\"https:\/\/stiftadmont.at\/blog\/stabilitaet-und-sicherheit-seit-fast-950-jahren\/\"},\"author\":{\"name\":\"Mario Brandm\u00fcller\",\"@id\":\"https:\/\/stiftadmont.at\/#\/schema\/person\/30535548b241d5f33a2e8b839db11869\"},\"headline\":\"Stabilit\u00e4t und Sicherheit seit fast 950 Jahren\",\"datePublished\":\"2021-09-21T10:00:00+00:00\",\"dateModified\":\"2022-04-25T20:53:10+00:00\",\"mainEntityOfPage\":{\"@id\":\"https:\/\/stiftadmont.at\/blog\/stabilitaet-und-sicherheit-seit-fast-950-jahren\/\"},\"wordCount\":7,\"image\":{\"@id\":\"https:\/\/stiftadmont.at\/blog\/stabilitaet-und-sicherheit-seit-fast-950-jahren\/#primaryimage\"},\"thumbnailUrl\":\"https:\/\/stiftadmont.at\/wp-content\/uploads\/Stift-Admont-Panorama_c-Stift-Admont.jpg\",\"articleSection\":[\"Einrichtungen aktuell\"],\"inLanguage\":\"es\"},{\"@type\":\"WebPage\",\"@id\":\"https:\/\/stiftadmont.at\/blog\/stabilitaet-und-sicherheit-seit-fast-950-jahren\/\",\"url\":\"https:\/\/stiftadmont.at\/blog\/stabilitaet-und-sicherheit-seit-fast-950-jahren\/\",\"name\":\"Stabilit\u00e4t und Sicherheit seit fast 950 Jahren - Stift Admont\",\"isPartOf\":{\"@id\":\"https:\/\/stiftadmont.at\/#website\"},\"primaryImageOfPage\":{\"@id\":\"https:\/\/stiftadmont.at\/blog\/stabilitaet-und-sicherheit-seit-fast-950-jahren\/#primaryimage\"},\"image\":{\"@id\":\"https:\/\/stiftadmont.at\/blog\/stabilitaet-und-sicherheit-seit-fast-950-jahren\/#primaryimage\"},\"thumbnailUrl\":\"https:\/\/stiftadmont.at\/wp-content\/uploads\/Stift-Admont-Panorama_c-Stift-Admont.jpg\",\"datePublished\":\"2021-09-21T10:00:00+00:00\",\"dateModified\":\"2022-04-25T20:53:10+00:00\",\"author\":{\"@id\":\"https:\/\/stiftadmont.at\/#\/schema\/person\/30535548b241d5f33a2e8b839db11869\"},\"description\":\"Lesen Sie aktuelle Informationen zum Thema Stabilit\u00e4t und Sicherheit seit fast 950 Jahren und vieles mehr aus dem Konvent und der Pfarre Admont.\",\"breadcrumb\":{\"@id\":\"https:\/\/stiftadmont.at\/blog\/stabilitaet-und-sicherheit-seit-fast-950-jahren\/#breadcrumb\"},\"inLanguage\":\"es\",\"potentialAction\":[{\"@type\":\"ReadAction\",\"target\":[\"https:\/\/stiftadmont.at\/blog\/stabilitaet-und-sicherheit-seit-fast-950-jahren\/\"]}]},{\"@type\":\"ImageObject\",\"inLanguage\":\"es\",\"@id\":\"https:\/\/stiftadmont.at\/blog\/stabilitaet-und-sicherheit-seit-fast-950-jahren\/#primaryimage\",\"url\":\"https:\/\/stiftadmont.at\/wp-content\/uploads\/Stift-Admont-Panorama_c-Stift-Admont.jpg\",\"contentUrl\":\"https:\/\/stiftadmont.at\/wp-content\/uploads\/Stift-Admont-Panorama_c-Stift-Admont.jpg\",\"width\":1869,\"height\":839,\"caption\":\"Benediktinerstift Admont - Panorama (c) Stefan Leitner\"},{\"@type\":\"BreadcrumbList\",\"@id\":\"https:\/\/stiftadmont.at\/blog\/stabilitaet-und-sicherheit-seit-fast-950-jahren\/#breadcrumb\",\"itemListElement\":[{\"@type\":\"ListItem\",\"position\":1,\"name\":\"Start\",\"item\":\"https:\/\/stiftadmont.at\/\"},{\"@type\":\"ListItem\",\"position\":2,\"name\":\"Stabilit\u00e4t und Sicherheit seit fast 950 Jahren\"}]},{\"@type\":\"WebSite\",\"@id\":\"https:\/\/stiftadmont.at\/#website\",\"url\":\"https:\/\/stiftadmont.at\/\",\"name\":\"Stift Admont\",\"description\":\"Benediktinerkloster und Sehensw\u00fcrdigkeit im Ges\u00e4use\",\"potentialAction\":[{\"@type\":\"SearchAction\",\"target\":{\"@type\":\"EntryPoint\",\"urlTemplate\":\"https:\/\/stiftadmont.at\/?s={search_term_string}\"},\"query-input\":{\"@type\":\"PropertyValueSpecification\",\"valueRequired\":true,\"valueName\":\"search_term_string\"}}],\"inLanguage\":\"es\"},{\"@type\":\"Person\",\"@id\":\"https:\/\/stiftadmont.at\/#\/schema\/person\/30535548b241d5f33a2e8b839db11869\",\"name\":\"Mario Brandm\u00fcller\"}]}<\/script>\n<!-- \/ Yoast SEO Premium plugin. -->","yoast_head_json":{"title":"Estabilidad y seguridad desde hace casi 950 a\u00f1os - Abad\u00eda de Admont","description":"Lea la informaci\u00f3n m\u00e1s reciente sobre la estabilidad y seguridad durante casi 950 a\u00f1os y mucho m\u00e1s del convento y la parroquia de Admont.","robots":{"index":"index","follow":"follow","max-snippet":"max-snippet:-1","max-image-preview":"max-image-preview:large","max-video-preview":"max-video-preview:-1"},"canonical":"https:\/\/stiftadmont.at\/es\/blog\/estabilidad-y-seguridad-durante-casi-950-anos\/","og_locale":"es_ES","og_type":"article","og_title":"Stabilit\u00e4t und Sicherheit seit fast 950 Jahren","og_description":"Lesen Sie aktuelle Informationen zum Thema Stabilit\u00e4t und Sicherheit seit fast 950 Jahren und vieles mehr aus dem Konvent und der Pfarre Admont.","og_url":"https:\/\/stiftadmont.at\/es\/blog\/estabilidad-y-seguridad-durante-casi-950-anos\/","og_site_name":"Stift Admont","article_published_time":"2021-09-21T10:00:00+00:00","article_modified_time":"2022-04-25T20:53:10+00:00","og_image":[{"width":1869,"height":839,"url":"https:\/\/stiftadmont.at\/wp-content\/uploads\/Stift-Admont-Panorama_c-Stift-Admont.jpg","type":"image\/jpeg"}],"author":"Mario Brandm\u00fcller","twitter_card":"summary_large_image","twitter_misc":{"Escrito por":"Mario Brandm\u00fcller"},"schema":{"@context":"https:\/\/schema.org","@graph":[{"@type":"Article","@id":"https:\/\/stiftadmont.at\/blog\/stabilitaet-und-sicherheit-seit-fast-950-jahren\/#article","isPartOf":{"@id":"https:\/\/stiftadmont.at\/blog\/stabilitaet-und-sicherheit-seit-fast-950-jahren\/"},"author":{"name":"Mario Brandm\u00fcller","@id":"https:\/\/stiftadmont.at\/#\/schema\/person\/30535548b241d5f33a2e8b839db11869"},"headline":"Stabilit\u00e4t und Sicherheit seit fast 950 Jahren","datePublished":"2021-09-21T10:00:00+00:00","dateModified":"2022-04-25T20:53:10+00:00","mainEntityOfPage":{"@id":"https:\/\/stiftadmont.at\/blog\/stabilitaet-und-sicherheit-seit-fast-950-jahren\/"},"wordCount":7,"image":{"@id":"https:\/\/stiftadmont.at\/blog\/stabilitaet-und-sicherheit-seit-fast-950-jahren\/#primaryimage"},"thumbnailUrl":"https:\/\/stiftadmont.at\/wp-content\/uploads\/Stift-Admont-Panorama_c-Stift-Admont.jpg","articleSection":["Einrichtungen aktuell"],"inLanguage":"es"},{"@type":"WebPage","@id":"https:\/\/stiftadmont.at\/blog\/stabilitaet-und-sicherheit-seit-fast-950-jahren\/","url":"https:\/\/stiftadmont.at\/blog\/stabilitaet-und-sicherheit-seit-fast-950-jahren\/","name":"Estabilidad y seguridad desde hace casi 950 a\u00f1os - Abad\u00eda de Admont","isPartOf":{"@id":"https:\/\/stiftadmont.at\/#website"},"primaryImageOfPage":{"@id":"https:\/\/stiftadmont.at\/blog\/stabilitaet-und-sicherheit-seit-fast-950-jahren\/#primaryimage"},"image":{"@id":"https:\/\/stiftadmont.at\/blog\/stabilitaet-und-sicherheit-seit-fast-950-jahren\/#primaryimage"},"thumbnailUrl":"https:\/\/stiftadmont.at\/wp-content\/uploads\/Stift-Admont-Panorama_c-Stift-Admont.jpg","datePublished":"2021-09-21T10:00:00+00:00","dateModified":"2022-04-25T20:53:10+00:00","author":{"@id":"https:\/\/stiftadmont.at\/#\/schema\/person\/30535548b241d5f33a2e8b839db11869"},"description":"Lea la informaci\u00f3n m\u00e1s reciente sobre la estabilidad y seguridad durante casi 950 a\u00f1os y mucho m\u00e1s del convento y la parroquia de Admont.","breadcrumb":{"@id":"https:\/\/stiftadmont.at\/blog\/stabilitaet-und-sicherheit-seit-fast-950-jahren\/#breadcrumb"},"inLanguage":"es","potentialAction":[{"@type":"ReadAction","target":["https:\/\/stiftadmont.at\/blog\/stabilitaet-und-sicherheit-seit-fast-950-jahren\/"]}]},{"@type":"ImageObject","inLanguage":"es","@id":"https:\/\/stiftadmont.at\/blog\/stabilitaet-und-sicherheit-seit-fast-950-jahren\/#primaryimage","url":"https:\/\/stiftadmont.at\/wp-content\/uploads\/Stift-Admont-Panorama_c-Stift-Admont.jpg","contentUrl":"https:\/\/stiftadmont.at\/wp-content\/uploads\/Stift-Admont-Panorama_c-Stift-Admont.jpg","width":1869,"height":839,"caption":"Benediktinerstift Admont - Panorama (c) Stefan Leitner"},{"@type":"BreadcrumbList","@id":"https:\/\/stiftadmont.at\/blog\/stabilitaet-und-sicherheit-seit-fast-950-jahren\/#breadcrumb","itemListElement":[{"@type":"ListItem","position":1,"name":"Start","item":"https:\/\/stiftadmont.at\/"},{"@type":"ListItem","position":2,"name":"Stabilit\u00e4t und Sicherheit seit fast 950 Jahren"}]},{"@type":"WebSite","@id":"https:\/\/stiftadmont.at\/#website","url":"https:\/\/stiftadmont.at\/","name":"Abad\u00eda de Admont","description":"Monasterio benedictino y atracci\u00f3n tur\u00edstica en el Ges\u00e4use","potentialAction":[{"@type":"SearchAction","target":{"@type":"EntryPoint","urlTemplate":"https:\/\/stiftadmont.at\/?s={search_term_string}"},"query-input":{"@type":"PropertyValueSpecification","valueRequired":true,"valueName":"search_term_string"}}],"inLanguage":"es"},{"@type":"Person","@id":"https:\/\/stiftadmont.at\/#\/schema\/person\/30535548b241d5f33a2e8b839db11869","name":"Mario Brandm\u00fcller"}]}},"_links":{"self":[{"href":"https:\/\/stiftadmont.at\/es\/wp-json\/wp\/v2\/posts\/9967","targetHints":{"allow":["GET"]}}],"collection":[{"href":"https:\/\/stiftadmont.at\/es\/wp-json\/wp\/v2\/posts"}],"about":[{"href":"https:\/\/stiftadmont.at\/es\/wp-json\/wp\/v2\/types\/post"}],"author":[{"embeddable":true,"href":"https:\/\/stiftadmont.at\/es\/wp-json\/wp\/v2\/users\/7"}],"replies":[{"embeddable":true,"href":"https:\/\/stiftadmont.at\/es\/wp-json\/wp\/v2\/comments?post=9967"}],"version-history":[{"count":8,"href":"https:\/\/stiftadmont.at\/es\/wp-json\/wp\/v2\/posts\/9967\/revisions"}],"predecessor-version":[{"id":9976,"href":"https:\/\/stiftadmont.at\/es\/wp-json\/wp\/v2\/posts\/9967\/revisions\/9976"}],"wp:featuredmedia":[{"embeddable":true,"href":"https:\/\/stiftadmont.at\/es\/wp-json\/wp\/v2\/media\/7475"}],"wp:attachment":[{"href":"https:\/\/stiftadmont.at\/es\/wp-json\/wp\/v2\/media?parent=9967"}],"wp:term":[{"taxonomy":"category","embeddable":true,"href":"https:\/\/stiftadmont.at\/es\/wp-json\/wp\/v2\/categories?post=9967"}],"curies":[{"name":"wp","href":"https:\/\/api.w.org\/{rel}","templated":true}]}}