{"id":9994,"date":"2021-12-09T12:00:00","date_gmt":"2021-12-09T10:00:00","guid":{"rendered":"https:\/\/stiftadmont.at\/?p=9994"},"modified":"2023-09-30T16:41:51","modified_gmt":"2023-09-30T14:41:51","slug":"kaiserau-despega","status":"publish","type":"post","link":"https:\/\/stiftadmont.at\/es\/blog\/kaiserau-startet-los\/","title":{"rendered":"Kaiserau despega"},"content":{"rendered":"<section id='lightpress__section--block_19fa33edc18e8a06e3fd1b2174488b62' class='lightpress__section--default-section-space lightpress__section lightpress__section--content'><div class=\"content__inner\"\n         x-init=\"initContentBlockAnim($el)\">\n        \n    <div class=\"content__grid content__grid\">\n                                            <div class=\"content__box content__box--one-hundred\"\n                 style=\"\">\n                                \n                \n                                            <div class=\"prose\"><h2 class=\"heading-xxl line line--gold\">Kaiserau despega<\/h2>\n<p><strong>Jueves, 9 de diciembre de 2021 <\/strong><\/p>\n<p>El esqu\u00ed comienza en el Kaiserau el pr\u00f3ximo s\u00e1bado 11 de diciembre de 2021. Los abonos de temporada tambi\u00e9n est\u00e1n disponibles por adelantado.<\/p>\n<p>Grandes cantidades de nieve fresca lo hacen posible: Kaiserau abre antes de lo previsto. La popular estaci\u00f3n de esqu\u00ed familiar comenzar\u00e1 la temporada de invierno de este a\u00f1o el pr\u00f3ximo s\u00e1bado. Inicialmente con el Kinderland y el Schlosslift. A partir del 18 de diciembre, todos los remontes abrir\u00e1n diariamente de 09:00 a 16:00 horas. Aunque todos los indicios apuntan a un invierno nevado, la estaci\u00f3n no depende enteramente de la nieve natural, como subraya el Director Gerente de Kaiserau, Mario Brandm\u00fcller: \"Este a\u00f1o hemos invertido mucho dinero en el sistema de innivaci\u00f3n y esperamos tener muchos hu\u00e9spedes, a pesar de la normativa vigente sobre el coronavirus\". Como en todas las dem\u00e1s estaciones de esqu\u00ed, en Kaiserau tambi\u00e9n se aplica la norma 2G obligatoria.<\/p>\n<p>Para que la venta de entradas sea m\u00e1s r\u00e1pida y eficaz, el a\u00f1o pasado se instal\u00f3 una segunda taquilla. \"Este a\u00f1o podemos ofrecer el m\u00e1ximo ahorro de tiempo en la compra de entradas y evitar contactos innecesarios por largas colas\", afirma Brandm\u00fcller. Adem\u00e1s, se han invertido 400.000 euros en mejorar la infraestructura. La buena calidad del dominio esquiable tambi\u00e9n queda confirmada por el Sello de Calidad de Pistas de Austria, concedido a Kaiserau el a\u00f1o pasado. El veredicto un\u00e1nime del jurado: sobresaliente.<\/p>\n<p>Adem\u00e1s de la buena calidad de las pistas, Kaiserau tambi\u00e9n punt\u00faa por ser apto para familias. \"El esqu\u00ed debe seguir siendo asequible\", subraya Brandm\u00fcller, que apuesta por precios moderados. A pesar del temprano comienzo de la temporada de invierno de este a\u00f1o, la venta anticipada de abonos ya est\u00e1 en marcha. <strong>hasta el 23 de diciembre<\/strong>. Informaci\u00f3n y pedidos: 0664 \/ 60 353 550<\/p>\n<\/div>\n                    \n                            <\/div>\n        \n            <\/div>\n<\/div>\n\n<\/section>","protected":false},"excerpt":{"rendered":"<p>La estaci\u00f3n de esqu\u00ed de Kaiserau inicia la temporada de invierno 2021\/22 y abre los remontes el 11 de diciembre de 2021<\/p>","protected":false},"author":7,"featured_media":9995,"comment_status":"closed","ping_status":"closed","sticky":false,"template":"","format":"standard","meta":{"_acf_changed":false,"footnotes":""},"categories":[23,65],"class_list":["post-9994","post","type-post","status-publish","format-standard","has-post-thumbnail","hentry","category-einrichtungen-aktuell","category-kaiserau-aktuell"],"acf":[],"yoast_head":"<!-- This site is optimized with the Yoast SEO Premium plugin v26.0 (Yoast SEO v26.8) - https:\/\/yoast.com\/product\/yoast-seo-premium-wordpress\/ -->\n<title>Kaiserau startet los - Stift Admont<\/title>\n<meta name=\"description\" content=\"Lesen Sie aktuelle Informationen zum Thema Kaiserau startet los und vieles mehr aus dem Konvent und der Pfarre Admont.\" \/>\n<meta name=\"robots\" content=\"index, follow, max-snippet:-1, max-image-preview:large, max-video-preview:-1\" \/>\n<link rel=\"canonical\" href=\"https:\/\/stiftadmont.at\/es\/blog\/kaiserau-despega\/\" \/>\n<meta property=\"og:locale\" content=\"es_ES\" \/>\n<meta property=\"og:type\" content=\"article\" \/>\n<meta property=\"og:title\" content=\"Kaiserau startet los\" \/>\n<meta property=\"og:description\" content=\"Lesen Sie aktuelle Informationen zum Thema Kaiserau startet los und vieles mehr aus dem Konvent und der Pfarre Admont.\" \/>\n<meta property=\"og:url\" content=\"https:\/\/stiftadmont.at\/es\/blog\/kaiserau-despega\/\" \/>\n<meta property=\"og:site_name\" content=\"Stift Admont\" \/>\n<meta property=\"article:published_time\" content=\"2021-12-09T10:00:00+00:00\" \/>\n<meta property=\"article:modified_time\" content=\"2023-09-30T14:41:51+00:00\" \/>\n<meta property=\"og:image\" content=\"https:\/\/stiftadmont.at\/wp-content\/uploads\/Kaiserau\u00a9StefanLeitner_011-1024x683.jpg\" \/>\n\t<meta property=\"og:image:width\" content=\"1024\" \/>\n\t<meta property=\"og:image:height\" content=\"683\" \/>\n\t<meta property=\"og:image:type\" content=\"image\/jpeg\" \/>\n<meta name=\"author\" content=\"Mario Brandm\u00fcller\" \/>\n<meta name=\"twitter:card\" content=\"summary_large_image\" \/>\n<meta name=\"twitter:label1\" content=\"Escrito por\" \/>\n\t<meta name=\"twitter:data1\" content=\"Mario Brandm\u00fcller\" \/>\n<script type=\"application\/ld+json\" class=\"yoast-schema-graph\">{\"@context\":\"https:\/\/schema.org\",\"@graph\":[{\"@type\":\"Article\",\"@id\":\"https:\/\/stiftadmont.at\/blog\/kaiserau-startet-los\/#article\",\"isPartOf\":{\"@id\":\"https:\/\/stiftadmont.at\/blog\/kaiserau-startet-los\/\"},\"author\":{\"name\":\"Mario Brandm\u00fcller\",\"@id\":\"https:\/\/stiftadmont.at\/#\/schema\/person\/30535548b241d5f33a2e8b839db11869\"},\"headline\":\"Kaiserau startet los\",\"datePublished\":\"2021-12-09T10:00:00+00:00\",\"dateModified\":\"2023-09-30T14:41:51+00:00\",\"mainEntityOfPage\":{\"@id\":\"https:\/\/stiftadmont.at\/blog\/kaiserau-startet-los\/\"},\"wordCount\":3,\"image\":{\"@id\":\"https:\/\/stiftadmont.at\/blog\/kaiserau-startet-los\/#primaryimage\"},\"thumbnailUrl\":\"https:\/\/stiftadmont.at\/wp-content\/uploads\/Kaiserau\u00a9StefanLeitner_011.jpg\",\"articleSection\":[\"Einrichtungen aktuell\",\"Kaiserau\"],\"inLanguage\":\"es\"},{\"@type\":\"WebPage\",\"@id\":\"https:\/\/stiftadmont.at\/blog\/kaiserau-startet-los\/\",\"url\":\"https:\/\/stiftadmont.at\/blog\/kaiserau-startet-los\/\",\"name\":\"Kaiserau startet los - Stift Admont\",\"isPartOf\":{\"@id\":\"https:\/\/stiftadmont.at\/#website\"},\"primaryImageOfPage\":{\"@id\":\"https:\/\/stiftadmont.at\/blog\/kaiserau-startet-los\/#primaryimage\"},\"image\":{\"@id\":\"https:\/\/stiftadmont.at\/blog\/kaiserau-startet-los\/#primaryimage\"},\"thumbnailUrl\":\"https:\/\/stiftadmont.at\/wp-content\/uploads\/Kaiserau\u00a9StefanLeitner_011.jpg\",\"datePublished\":\"2021-12-09T10:00:00+00:00\",\"dateModified\":\"2023-09-30T14:41:51+00:00\",\"author\":{\"@id\":\"https:\/\/stiftadmont.at\/#\/schema\/person\/30535548b241d5f33a2e8b839db11869\"},\"description\":\"Lesen Sie aktuelle Informationen zum Thema Kaiserau startet los und vieles mehr aus dem Konvent und der Pfarre Admont.\",\"breadcrumb\":{\"@id\":\"https:\/\/stiftadmont.at\/blog\/kaiserau-startet-los\/#breadcrumb\"},\"inLanguage\":\"es\",\"potentialAction\":[{\"@type\":\"ReadAction\",\"target\":[\"https:\/\/stiftadmont.at\/blog\/kaiserau-startet-los\/\"]}]},{\"@type\":\"ImageObject\",\"inLanguage\":\"es\",\"@id\":\"https:\/\/stiftadmont.at\/blog\/kaiserau-startet-los\/#primaryimage\",\"url\":\"https:\/\/stiftadmont.at\/wp-content\/uploads\/Kaiserau\u00a9StefanLeitner_011.jpg\",\"contentUrl\":\"https:\/\/stiftadmont.at\/wp-content\/uploads\/Kaiserau\u00a9StefanLeitner_011.jpg\",\"width\":2500,\"height\":1667,\"caption\":\"Skigebiet Kaiserau \u00a9 Stefan Leitner\"},{\"@type\":\"BreadcrumbList\",\"@id\":\"https:\/\/stiftadmont.at\/blog\/kaiserau-startet-los\/#breadcrumb\",\"itemListElement\":[{\"@type\":\"ListItem\",\"position\":1,\"name\":\"Start\",\"item\":\"https:\/\/stiftadmont.at\/\"},{\"@type\":\"ListItem\",\"position\":2,\"name\":\"Kaiserau startet los\"}]},{\"@type\":\"WebSite\",\"@id\":\"https:\/\/stiftadmont.at\/#website\",\"url\":\"https:\/\/stiftadmont.at\/\",\"name\":\"Stift Admont\",\"description\":\"Benediktinerkloster und Sehensw\u00fcrdigkeit im Ges\u00e4use\",\"potentialAction\":[{\"@type\":\"SearchAction\",\"target\":{\"@type\":\"EntryPoint\",\"urlTemplate\":\"https:\/\/stiftadmont.at\/?s={search_term_string}\"},\"query-input\":{\"@type\":\"PropertyValueSpecification\",\"valueRequired\":true,\"valueName\":\"search_term_string\"}}],\"inLanguage\":\"es\"},{\"@type\":\"Person\",\"@id\":\"https:\/\/stiftadmont.at\/#\/schema\/person\/30535548b241d5f33a2e8b839db11869\",\"name\":\"Mario Brandm\u00fcller\"}]}<\/script>\n<!-- \/ Yoast SEO Premium plugin. -->","yoast_head_json":{"title":"Kaiserau despega - Abad\u00eda de Admont","description":"Lea la informaci\u00f3n m\u00e1s reciente sobre los inicios de Kaiserau y mucho m\u00e1s sobre el convento y la parroquia de Admont.","robots":{"index":"index","follow":"follow","max-snippet":"max-snippet:-1","max-image-preview":"max-image-preview:large","max-video-preview":"max-video-preview:-1"},"canonical":"https:\/\/stiftadmont.at\/es\/blog\/kaiserau-despega\/","og_locale":"es_ES","og_type":"article","og_title":"Kaiserau startet los","og_description":"Lesen Sie aktuelle Informationen zum Thema Kaiserau startet los und vieles mehr aus dem Konvent und der Pfarre Admont.","og_url":"https:\/\/stiftadmont.at\/es\/blog\/kaiserau-despega\/","og_site_name":"Stift Admont","article_published_time":"2021-12-09T10:00:00+00:00","article_modified_time":"2023-09-30T14:41:51+00:00","og_image":[{"width":1024,"height":683,"url":"https:\/\/stiftadmont.at\/wp-content\/uploads\/Kaiserau\u00a9StefanLeitner_011-1024x683.jpg","type":"image\/jpeg"}],"author":"Mario Brandm\u00fcller","twitter_card":"summary_large_image","twitter_misc":{"Escrito por":"Mario Brandm\u00fcller"},"schema":{"@context":"https:\/\/schema.org","@graph":[{"@type":"Article","@id":"https:\/\/stiftadmont.at\/blog\/kaiserau-startet-los\/#article","isPartOf":{"@id":"https:\/\/stiftadmont.at\/blog\/kaiserau-startet-los\/"},"author":{"name":"Mario Brandm\u00fcller","@id":"https:\/\/stiftadmont.at\/#\/schema\/person\/30535548b241d5f33a2e8b839db11869"},"headline":"Kaiserau startet los","datePublished":"2021-12-09T10:00:00+00:00","dateModified":"2023-09-30T14:41:51+00:00","mainEntityOfPage":{"@id":"https:\/\/stiftadmont.at\/blog\/kaiserau-startet-los\/"},"wordCount":3,"image":{"@id":"https:\/\/stiftadmont.at\/blog\/kaiserau-startet-los\/#primaryimage"},"thumbnailUrl":"https:\/\/stiftadmont.at\/wp-content\/uploads\/Kaiserau\u00a9StefanLeitner_011.jpg","articleSection":["Einrichtungen aktuell","Kaiserau"],"inLanguage":"es"},{"@type":"WebPage","@id":"https:\/\/stiftadmont.at\/blog\/kaiserau-startet-los\/","url":"https:\/\/stiftadmont.at\/blog\/kaiserau-startet-los\/","name":"Kaiserau despega - Abad\u00eda de Admont","isPartOf":{"@id":"https:\/\/stiftadmont.at\/#website"},"primaryImageOfPage":{"@id":"https:\/\/stiftadmont.at\/blog\/kaiserau-startet-los\/#primaryimage"},"image":{"@id":"https:\/\/stiftadmont.at\/blog\/kaiserau-startet-los\/#primaryimage"},"thumbnailUrl":"https:\/\/stiftadmont.at\/wp-content\/uploads\/Kaiserau\u00a9StefanLeitner_011.jpg","datePublished":"2021-12-09T10:00:00+00:00","dateModified":"2023-09-30T14:41:51+00:00","author":{"@id":"https:\/\/stiftadmont.at\/#\/schema\/person\/30535548b241d5f33a2e8b839db11869"},"description":"Lea la informaci\u00f3n m\u00e1s reciente sobre los inicios de Kaiserau y mucho m\u00e1s sobre el convento y la parroquia de Admont.","breadcrumb":{"@id":"https:\/\/stiftadmont.at\/blog\/kaiserau-startet-los\/#breadcrumb"},"inLanguage":"es","potentialAction":[{"@type":"ReadAction","target":["https:\/\/stiftadmont.at\/blog\/kaiserau-startet-los\/"]}]},{"@type":"ImageObject","inLanguage":"es","@id":"https:\/\/stiftadmont.at\/blog\/kaiserau-startet-los\/#primaryimage","url":"https:\/\/stiftadmont.at\/wp-content\/uploads\/Kaiserau\u00a9StefanLeitner_011.jpg","contentUrl":"https:\/\/stiftadmont.at\/wp-content\/uploads\/Kaiserau\u00a9StefanLeitner_011.jpg","width":2500,"height":1667,"caption":"Skigebiet Kaiserau \u00a9 Stefan Leitner"},{"@type":"BreadcrumbList","@id":"https:\/\/stiftadmont.at\/blog\/kaiserau-startet-los\/#breadcrumb","itemListElement":[{"@type":"ListItem","position":1,"name":"Start","item":"https:\/\/stiftadmont.at\/"},{"@type":"ListItem","position":2,"name":"Kaiserau startet los"}]},{"@type":"WebSite","@id":"https:\/\/stiftadmont.at\/#website","url":"https:\/\/stiftadmont.at\/","name":"Abad\u00eda de Admont","description":"Monasterio benedictino y atracci\u00f3n tur\u00edstica en el Ges\u00e4use","potentialAction":[{"@type":"SearchAction","target":{"@type":"EntryPoint","urlTemplate":"https:\/\/stiftadmont.at\/?s={search_term_string}"},"query-input":{"@type":"PropertyValueSpecification","valueRequired":true,"valueName":"search_term_string"}}],"inLanguage":"es"},{"@type":"Person","@id":"https:\/\/stiftadmont.at\/#\/schema\/person\/30535548b241d5f33a2e8b839db11869","name":"Mario Brandm\u00fcller"}]}},"_links":{"self":[{"href":"https:\/\/stiftadmont.at\/es\/wp-json\/wp\/v2\/posts\/9994","targetHints":{"allow":["GET"]}}],"collection":[{"href":"https:\/\/stiftadmont.at\/es\/wp-json\/wp\/v2\/posts"}],"about":[{"href":"https:\/\/stiftadmont.at\/es\/wp-json\/wp\/v2\/types\/post"}],"author":[{"embeddable":true,"href":"https:\/\/stiftadmont.at\/es\/wp-json\/wp\/v2\/users\/7"}],"replies":[{"embeddable":true,"href":"https:\/\/stiftadmont.at\/es\/wp-json\/wp\/v2\/comments?post=9994"}],"version-history":[{"count":13,"href":"https:\/\/stiftadmont.at\/es\/wp-json\/wp\/v2\/posts\/9994\/revisions"}],"predecessor-version":[{"id":21571,"href":"https:\/\/stiftadmont.at\/es\/wp-json\/wp\/v2\/posts\/9994\/revisions\/21571"}],"wp:featuredmedia":[{"embeddable":true,"href":"https:\/\/stiftadmont.at\/es\/wp-json\/wp\/v2\/media\/9995"}],"wp:attachment":[{"href":"https:\/\/stiftadmont.at\/es\/wp-json\/wp\/v2\/media?parent=9994"}],"wp:term":[{"taxonomy":"category","embeddable":true,"href":"https:\/\/stiftadmont.at\/es\/wp-json\/wp\/v2\/categories?post=9994"}],"curies":[{"name":"wp","href":"https:\/\/api.w.org\/{rel}","templated":true}]}}