{"id":10004,"date":"2021-11-24T12:00:00","date_gmt":"2021-11-24T10:00:00","guid":{"rendered":"https:\/\/stiftadmont.at\/?p=10004"},"modified":"2022-04-25T23:53:19","modified_gmt":"2022-04-25T21:53:19","slug":"lavent-au-chateau-dadmont-malheureusement-annule","status":"publish","type":"post","link":"https:\/\/stiftadmont.at\/fr\/blog\/advent-im-stift-admont-leider-abgesagt\/","title":{"rendered":"L'Avent \u00e0 l'abbaye d'Admont malheureusement annul\u00e9"},"content":{"rendered":"<section id='lightpress__section--block_626717bd34d5c' class='lightpress__section--default-section-space lightpress__section lightpress__section--content'><div class=\"content__inner\"\n         x-init=\"initContentBlockAnim($el)\">\n        \n    <div class=\"content__grid content__grid\">\n                                            <div class=\"content__box content__box--one-hundred\"\n                 style=\"\">\n                                \n                \n                                            <div class=\"prose\"><h2 class=\"heading-xxl line line--gold\">L'Avent \u00e0 l'abbaye d'Admont malheureusement annul\u00e9<\/h2>\n<p><strong>Mercredi 24 novembre 2021 <\/strong><\/p>\n<p>Comme l'ann\u00e9e derni\u00e8re, la manifestation \"Advent im Stift Admont\" ne pourra pas avoir lieu cette ann\u00e9e en raison de la Corona. Les lettres adress\u00e9es \u00e0 l'Enfant J\u00e9sus peuvent n\u00e9anmoins \u00eatre d\u00e9pos\u00e9es. Il y sera r\u00e9pondu individuellement.<\/p>\n<p>L'organisatrice Silvia Schnepfleitner et son adjointe Sylvia Hofbauer attendaient 127 exposants pour le troisi\u00e8me week-end de l'Avent \u00e0 Admont. Cette ann\u00e9e, le traditionnel march\u00e9 de l'Avent aurait m\u00eame d\u00fb se d\u00e9rouler sur cinq jours, mais le lockdown rend sa tenue impossible. \"Nous nous sommes vraiment efforc\u00e9s de tout faire pour que le Christkindlmarkt puisse avoir lieu cette fois-ci. Nous avons bien s\u00fbr le c\u0153ur qui saigne et nous esp\u00e9rons que nous y parviendrons l'ann\u00e9e prochaine\", d\u00e9clare Schnepfleitner. Depuis f\u00e9vrier, la pr\u00e9sidente de l'association \"Advent im Stift Admont\" a pass\u00e9 d'innombrables heures \u00e0 planifier le programme, l'infrastructure et la r\u00e9partition des sites. \"Malgr\u00e9 l'annulation, nous voulons assurer une ambiance de No\u00ebl\", explique Schnepfleitner. Les promeneurs devraient pouvoir en profiter, comme l'ann\u00e9e pr\u00e9c\u00e9dente. Pour ce faire, toute la cour int\u00e9rieure de l'abbaye b\u00e9n\u00e9dictine sera d\u00e9cor\u00e9e et illumin\u00e9e aux couleurs de No\u00ebl. \"Mais cela n'est possible que gr\u00e2ce \u00e0 la bonne collaboration avec le monast\u00e8re b\u00e9n\u00e9dictin, pour laquelle je remercie tout particuli\u00e8rement l'abb\u00e9 Gerhard Hafner, le directeur \u00e9conomique Franz Pichler et l'ensemble du service culturel\", souligne l'organisatrice du march\u00e9 de l'Avent.<\/p>\n<h5 class=\"heading-m line line--gold\">La lettre \u00e0 l'enfant J\u00e9sus<\/h5>\n<p>Le 1er d\u00e9cembre, juste \u00e0 temps pour le d\u00e9but de l'Avent, 35 sapins de No\u00ebl d\u00e9cor\u00e9s de mani\u00e8re festive devraient orner le Rosarium, le parvis de la coll\u00e9giale et la place de l'\u00e9glise. Les fen\u00eatres donnant sur la cour int\u00e9rieure devraient \u00e9galement cr\u00e9er une ambiance de No\u00ebl avec des c\u0153urs en bois, des cloches et des \u00e9toiles. Comme l'ann\u00e9e pr\u00e9c\u00e9dente, une bo\u00eete aux lettres dor\u00e9e sera sp\u00e9cialement install\u00e9e devant le b\u00e2timent administratif. \"Les enfants pourront y d\u00e9poser leurs v\u0153ux \u00e0 l'enfant J\u00e9sus\", explique Schnepfleitner. L'ann\u00e9e derni\u00e8re, l'organisatrice Silvia Schnepfleitner et son \u00e9quipe ont re\u00e7u environ 250 lettres. Les plus petits dessinent, les plus grands \u00e9crivent. Les r\u00e9ponses sont aussi individuelles que les lettres elles-m\u00eames. Il n'y a pas de mod\u00e8le, mais de nombreux b\u00e9n\u00e9voles qui r\u00e9pondent \u00e0 chaque demande. Finalement, \"on r\u00e9pond vraiment \u00e0 chaque lettre\", souligne Schnepfleitner.<\/p>\n<p>Cette ann\u00e9e, la pr\u00e9sidente a pr\u00e9vu une surprise toute particuli\u00e8re pour dix enfants : \"Chacun de ces dix enfants pourra d\u00e9corer l'un de nos sapins de No\u00ebl avec sa famille\". Le traditionnel nettoyage du sapin de No\u00ebl a lieu en plein air, chaque famille \u00e9tant s\u00e9par\u00e9e. A la fin, une petite plaque avec le pr\u00e9nom de l'enfant d\u00e9cor\u00e9 orne l'arbre.<\/p>\n<\/div>\n                    \n                            <\/div>\n        \n            <\/div>\n<\/div>\n\n<\/section>","protected":false},"excerpt":{"rendered":"<p>Le march\u00e9 de No\u00ebl d'Admont annul\u00e9<\/p>","protected":false},"author":7,"featured_media":8969,"comment_status":"closed","ping_status":"closed","sticky":false,"template":"","format":"standard","meta":{"_acf_changed":false,"footnotes":""},"categories":[23],"class_list":["post-10004","post","type-post","status-publish","format-standard","has-post-thumbnail","hentry","category-einrichtungen-aktuell"],"acf":[],"yoast_head":"<!-- This site is optimized with the Yoast SEO Premium plugin v26.0 (Yoast SEO v26.8) - https:\/\/yoast.com\/product\/yoast-seo-premium-wordpress\/ -->\n<title>Advent im Stift Admont leider abgesagt - Stift Admont<\/title>\n<meta name=\"description\" content=\"Lesen Sie aktuelle Informationen zum Thema Advent im Stift Admont leider abgesagt und vieles mehr aus dem Konvent und der Pfarre Admont.\" \/>\n<meta name=\"robots\" content=\"index, follow, max-snippet:-1, max-image-preview:large, max-video-preview:-1\" \/>\n<link rel=\"canonical\" href=\"https:\/\/stiftadmont.at\/fr\/blog\/lavent-au-chateau-dadmont-malheureusement-annule\/\" \/>\n<meta property=\"og:locale\" content=\"fr_FR\" \/>\n<meta property=\"og:type\" content=\"article\" \/>\n<meta property=\"og:title\" content=\"Advent im Stift Admont leider abgesagt\" \/>\n<meta property=\"og:description\" content=\"Lesen Sie aktuelle Informationen zum Thema Advent im Stift Admont leider abgesagt und vieles mehr aus dem Konvent und der Pfarre Admont.\" \/>\n<meta property=\"og:url\" content=\"https:\/\/stiftadmont.at\/fr\/blog\/lavent-au-chateau-dadmont-malheureusement-annule\/\" \/>\n<meta property=\"og:site_name\" content=\"Stift Admont\" \/>\n<meta property=\"article:published_time\" content=\"2021-11-24T10:00:00+00:00\" \/>\n<meta property=\"article:modified_time\" content=\"2022-04-25T21:53:19+00:00\" \/>\n<meta property=\"og:image\" content=\"https:\/\/stiftadmont.at\/wp-content\/uploads\/02_Admonter_Advent_2017_\u00a9StefanLeitner02.jpg\" \/>\n\t<meta property=\"og:image:width\" content=\"2560\" \/>\n\t<meta property=\"og:image:height\" content=\"1920\" \/>\n\t<meta property=\"og:image:type\" content=\"image\/jpeg\" \/>\n<meta name=\"author\" content=\"Mario Brandm\u00fcller\" \/>\n<meta name=\"twitter:card\" content=\"summary_large_image\" \/>\n<meta name=\"twitter:label1\" content=\"\u00c9crit par\" \/>\n\t<meta name=\"twitter:data1\" content=\"Mario Brandm\u00fcller\" \/>\n<script type=\"application\/ld+json\" class=\"yoast-schema-graph\">{\"@context\":\"https:\/\/schema.org\",\"@graph\":[{\"@type\":\"Article\",\"@id\":\"https:\/\/stiftadmont.at\/blog\/advent-im-stift-admont-leider-abgesagt\/#article\",\"isPartOf\":{\"@id\":\"https:\/\/stiftadmont.at\/blog\/advent-im-stift-admont-leider-abgesagt\/\"},\"author\":{\"name\":\"Mario Brandm\u00fcller\",\"@id\":\"https:\/\/stiftadmont.at\/#\/schema\/person\/30535548b241d5f33a2e8b839db11869\"},\"headline\":\"Advent im Stift Admont leider abgesagt\",\"datePublished\":\"2021-11-24T10:00:00+00:00\",\"dateModified\":\"2022-04-25T21:53:19+00:00\",\"mainEntityOfPage\":{\"@id\":\"https:\/\/stiftadmont.at\/blog\/advent-im-stift-admont-leider-abgesagt\/\"},\"wordCount\":6,\"image\":{\"@id\":\"https:\/\/stiftadmont.at\/blog\/advent-im-stift-admont-leider-abgesagt\/#primaryimage\"},\"thumbnailUrl\":\"https:\/\/stiftadmont.at\/wp-content\/uploads\/02_Admonter_Advent_2017_\u00a9StefanLeitner02.jpg\",\"articleSection\":[\"Einrichtungen aktuell\"],\"inLanguage\":\"fr-FR\"},{\"@type\":\"WebPage\",\"@id\":\"https:\/\/stiftadmont.at\/blog\/advent-im-stift-admont-leider-abgesagt\/\",\"url\":\"https:\/\/stiftadmont.at\/blog\/advent-im-stift-admont-leider-abgesagt\/\",\"name\":\"Advent im Stift Admont leider abgesagt - Stift Admont\",\"isPartOf\":{\"@id\":\"https:\/\/stiftadmont.at\/#website\"},\"primaryImageOfPage\":{\"@id\":\"https:\/\/stiftadmont.at\/blog\/advent-im-stift-admont-leider-abgesagt\/#primaryimage\"},\"image\":{\"@id\":\"https:\/\/stiftadmont.at\/blog\/advent-im-stift-admont-leider-abgesagt\/#primaryimage\"},\"thumbnailUrl\":\"https:\/\/stiftadmont.at\/wp-content\/uploads\/02_Admonter_Advent_2017_\u00a9StefanLeitner02.jpg\",\"datePublished\":\"2021-11-24T10:00:00+00:00\",\"dateModified\":\"2022-04-25T21:53:19+00:00\",\"author\":{\"@id\":\"https:\/\/stiftadmont.at\/#\/schema\/person\/30535548b241d5f33a2e8b839db11869\"},\"description\":\"Lesen Sie aktuelle Informationen zum Thema Advent im Stift Admont leider abgesagt und vieles mehr aus dem Konvent und der Pfarre Admont.\",\"breadcrumb\":{\"@id\":\"https:\/\/stiftadmont.at\/blog\/advent-im-stift-admont-leider-abgesagt\/#breadcrumb\"},\"inLanguage\":\"fr-FR\",\"potentialAction\":[{\"@type\":\"ReadAction\",\"target\":[\"https:\/\/stiftadmont.at\/blog\/advent-im-stift-admont-leider-abgesagt\/\"]}]},{\"@type\":\"ImageObject\",\"inLanguage\":\"fr-FR\",\"@id\":\"https:\/\/stiftadmont.at\/blog\/advent-im-stift-admont-leider-abgesagt\/#primaryimage\",\"url\":\"https:\/\/stiftadmont.at\/wp-content\/uploads\/02_Admonter_Advent_2017_\u00a9StefanLeitner02.jpg\",\"contentUrl\":\"https:\/\/stiftadmont.at\/wp-content\/uploads\/02_Admonter_Advent_2017_\u00a9StefanLeitner02.jpg\",\"width\":2560,\"height\":1920,\"caption\":\"Advent im Stift Admont \u00a9 Stefan Leitner\"},{\"@type\":\"BreadcrumbList\",\"@id\":\"https:\/\/stiftadmont.at\/blog\/advent-im-stift-admont-leider-abgesagt\/#breadcrumb\",\"itemListElement\":[{\"@type\":\"ListItem\",\"position\":1,\"name\":\"Start\",\"item\":\"https:\/\/stiftadmont.at\/\"},{\"@type\":\"ListItem\",\"position\":2,\"name\":\"Advent im Stift Admont leider abgesagt\"}]},{\"@type\":\"WebSite\",\"@id\":\"https:\/\/stiftadmont.at\/#website\",\"url\":\"https:\/\/stiftadmont.at\/\",\"name\":\"Stift Admont\",\"description\":\"Benediktinerkloster und Sehensw\u00fcrdigkeit im Ges\u00e4use\",\"potentialAction\":[{\"@type\":\"SearchAction\",\"target\":{\"@type\":\"EntryPoint\",\"urlTemplate\":\"https:\/\/stiftadmont.at\/?s={search_term_string}\"},\"query-input\":{\"@type\":\"PropertyValueSpecification\",\"valueRequired\":true,\"valueName\":\"search_term_string\"}}],\"inLanguage\":\"fr-FR\"},{\"@type\":\"Person\",\"@id\":\"https:\/\/stiftadmont.at\/#\/schema\/person\/30535548b241d5f33a2e8b839db11869\",\"name\":\"Mario Brandm\u00fcller\"}]}<\/script>\n<!-- \/ Yoast SEO Premium plugin. -->","yoast_head_json":{"title":"L'Avent \u00e0 l'abbaye d'Admont malheureusement annul\u00e9 - Stift Admont","description":"Lisez les informations actuelles sur le th\u00e8me de l'Avent \u00e0 l'abbaye d'Admont, malheureusement annul\u00e9, et bien d'autres informations sur le couvent et la paroisse d'Admont.","robots":{"index":"index","follow":"follow","max-snippet":"max-snippet:-1","max-image-preview":"max-image-preview:large","max-video-preview":"max-video-preview:-1"},"canonical":"https:\/\/stiftadmont.at\/fr\/blog\/lavent-au-chateau-dadmont-malheureusement-annule\/","og_locale":"fr_FR","og_type":"article","og_title":"Advent im Stift Admont leider abgesagt","og_description":"Lesen Sie aktuelle Informationen zum Thema Advent im Stift Admont leider abgesagt und vieles mehr aus dem Konvent und der Pfarre Admont.","og_url":"https:\/\/stiftadmont.at\/fr\/blog\/lavent-au-chateau-dadmont-malheureusement-annule\/","og_site_name":"Stift Admont","article_published_time":"2021-11-24T10:00:00+00:00","article_modified_time":"2022-04-25T21:53:19+00:00","og_image":[{"width":2560,"height":1920,"url":"https:\/\/stiftadmont.at\/wp-content\/uploads\/02_Admonter_Advent_2017_\u00a9StefanLeitner02.jpg","type":"image\/jpeg"}],"author":"Mario Brandm\u00fcller","twitter_card":"summary_large_image","twitter_misc":{"\u00c9crit par":"Mario Brandm\u00fcller"},"schema":{"@context":"https:\/\/schema.org","@graph":[{"@type":"Article","@id":"https:\/\/stiftadmont.at\/blog\/advent-im-stift-admont-leider-abgesagt\/#article","isPartOf":{"@id":"https:\/\/stiftadmont.at\/blog\/advent-im-stift-admont-leider-abgesagt\/"},"author":{"name":"Mario Brandm\u00fcller","@id":"https:\/\/stiftadmont.at\/#\/schema\/person\/30535548b241d5f33a2e8b839db11869"},"headline":"Advent im Stift Admont leider abgesagt","datePublished":"2021-11-24T10:00:00+00:00","dateModified":"2022-04-25T21:53:19+00:00","mainEntityOfPage":{"@id":"https:\/\/stiftadmont.at\/blog\/advent-im-stift-admont-leider-abgesagt\/"},"wordCount":6,"image":{"@id":"https:\/\/stiftadmont.at\/blog\/advent-im-stift-admont-leider-abgesagt\/#primaryimage"},"thumbnailUrl":"https:\/\/stiftadmont.at\/wp-content\/uploads\/02_Admonter_Advent_2017_\u00a9StefanLeitner02.jpg","articleSection":["Einrichtungen aktuell"],"inLanguage":"fr-FR"},{"@type":"WebPage","@id":"https:\/\/stiftadmont.at\/blog\/advent-im-stift-admont-leider-abgesagt\/","url":"https:\/\/stiftadmont.at\/blog\/advent-im-stift-admont-leider-abgesagt\/","name":"L'Avent \u00e0 l'abbaye d'Admont malheureusement annul\u00e9 - Stift Admont","isPartOf":{"@id":"https:\/\/stiftadmont.at\/#website"},"primaryImageOfPage":{"@id":"https:\/\/stiftadmont.at\/blog\/advent-im-stift-admont-leider-abgesagt\/#primaryimage"},"image":{"@id":"https:\/\/stiftadmont.at\/blog\/advent-im-stift-admont-leider-abgesagt\/#primaryimage"},"thumbnailUrl":"https:\/\/stiftadmont.at\/wp-content\/uploads\/02_Admonter_Advent_2017_\u00a9StefanLeitner02.jpg","datePublished":"2021-11-24T10:00:00+00:00","dateModified":"2022-04-25T21:53:19+00:00","author":{"@id":"https:\/\/stiftadmont.at\/#\/schema\/person\/30535548b241d5f33a2e8b839db11869"},"description":"Lisez les informations actuelles sur le th\u00e8me de l'Avent \u00e0 l'abbaye d'Admont, malheureusement annul\u00e9, et bien d'autres informations sur le couvent et la paroisse d'Admont.","breadcrumb":{"@id":"https:\/\/stiftadmont.at\/blog\/advent-im-stift-admont-leider-abgesagt\/#breadcrumb"},"inLanguage":"fr-FR","potentialAction":[{"@type":"ReadAction","target":["https:\/\/stiftadmont.at\/blog\/advent-im-stift-admont-leider-abgesagt\/"]}]},{"@type":"ImageObject","inLanguage":"fr-FR","@id":"https:\/\/stiftadmont.at\/blog\/advent-im-stift-admont-leider-abgesagt\/#primaryimage","url":"https:\/\/stiftadmont.at\/wp-content\/uploads\/02_Admonter_Advent_2017_\u00a9StefanLeitner02.jpg","contentUrl":"https:\/\/stiftadmont.at\/wp-content\/uploads\/02_Admonter_Advent_2017_\u00a9StefanLeitner02.jpg","width":2560,"height":1920,"caption":"Advent im Stift Admont \u00a9 Stefan Leitner"},{"@type":"BreadcrumbList","@id":"https:\/\/stiftadmont.at\/blog\/advent-im-stift-admont-leider-abgesagt\/#breadcrumb","itemListElement":[{"@type":"ListItem","position":1,"name":"Start","item":"https:\/\/stiftadmont.at\/"},{"@type":"ListItem","position":2,"name":"Advent im Stift Admont leider abgesagt"}]},{"@type":"WebSite","@id":"https:\/\/stiftadmont.at\/#website","url":"https:\/\/stiftadmont.at\/","name":"Abbaye d'Admont","description":"Monast\u00e8re b\u00e9n\u00e9dictin et attraction touristique dans le Ges\u00e4use","potentialAction":[{"@type":"SearchAction","target":{"@type":"EntryPoint","urlTemplate":"https:\/\/stiftadmont.at\/?s={search_term_string}"},"query-input":{"@type":"PropertyValueSpecification","valueRequired":true,"valueName":"search_term_string"}}],"inLanguage":"fr-FR"},{"@type":"Person","@id":"https:\/\/stiftadmont.at\/#\/schema\/person\/30535548b241d5f33a2e8b839db11869","name":"Mario Brandm\u00fcller"}]}},"_links":{"self":[{"href":"https:\/\/stiftadmont.at\/fr\/wp-json\/wp\/v2\/posts\/10004","targetHints":{"allow":["GET"]}}],"collection":[{"href":"https:\/\/stiftadmont.at\/fr\/wp-json\/wp\/v2\/posts"}],"about":[{"href":"https:\/\/stiftadmont.at\/fr\/wp-json\/wp\/v2\/types\/post"}],"author":[{"embeddable":true,"href":"https:\/\/stiftadmont.at\/fr\/wp-json\/wp\/v2\/users\/7"}],"replies":[{"embeddable":true,"href":"https:\/\/stiftadmont.at\/fr\/wp-json\/wp\/v2\/comments?post=10004"}],"version-history":[{"count":5,"href":"https:\/\/stiftadmont.at\/fr\/wp-json\/wp\/v2\/posts\/10004\/revisions"}],"predecessor-version":[{"id":10010,"href":"https:\/\/stiftadmont.at\/fr\/wp-json\/wp\/v2\/posts\/10004\/revisions\/10010"}],"wp:featuredmedia":[{"embeddable":true,"href":"https:\/\/stiftadmont.at\/fr\/wp-json\/wp\/v2\/media\/8969"}],"wp:attachment":[{"href":"https:\/\/stiftadmont.at\/fr\/wp-json\/wp\/v2\/media?parent=10004"}],"wp:term":[{"taxonomy":"category","embeddable":true,"href":"https:\/\/stiftadmont.at\/fr\/wp-json\/wp\/v2\/categories?post=10004"}],"curies":[{"name":"wp","href":"https:\/\/api.w.org\/{rel}","templated":true}]}}