{"id":11078,"date":"2016-03-01T12:00:00","date_gmt":"2016-03-01T10:00:00","guid":{"rendered":"https:\/\/stiftadmont.at\/?p=11078"},"modified":"2023-02-06T16:22:45","modified_gmt":"2023-02-06T14:22:45","slug":"photographes-de-collection-koepcke-weinhold","status":"publish","type":"post","link":"https:\/\/stiftadmont.at\/fr\/blog\/sammlungsfotografen-koepcke-weinhold\/","title":{"rendered":"Photographes de collection K\u00f6pcke &amp; Weinhold"},"content":{"rendered":"<section id='lightpress__section--block_b8172726216c1717a27a04ac60ad92da' class='lightpress__section--default-section-space lightpress__section lightpress__section--content'><div class=\"content__inner\"\n         x-init=\"initContentBlockAnim($el)\">\n        \n    <div class=\"content__grid content__grid\">\n                                            <div class=\"content__box content__box--one-hundred\"\n                 style=\"\">\n                                \n                \n                                            <div class=\"prose\"><p><strong>Mardi 1er mars 2016<\/strong><\/p>\n<p>Le titre programmatique donne un th\u00e8me qui permet les interpr\u00e9tations les plus diverses. Dans des images mises en sc\u00e8ne, les pr\u00e9parations animales, parfois plus que centenaires, reprennent vie. Les photographes observent les diff\u00e9rents acteurs avec tendresse, humour et sens de l'humour. La combinaison avec des objets s\u00e9lectionn\u00e9s du mus\u00e9e d'histoire de la culture a permis de cr\u00e9er quelques arrangements complexes qui se veulent \u00eatre un hommage aux natures mortes de chasse et de cuisine de la Renaissance et de l'\u00e9poque baroque. Le regard m\u00e9lancolique sur le devenir et la disparition, sur le cycle \u00e9ternel du \"manger et \u00eatre mang\u00e9\", s'av\u00e8re \u00eatre une belle apparence. En effet, les animaux sont pour la plupart morts depuis une centaine d'ann\u00e9es, mais c'est justement gr\u00e2ce \u00e0 cela qu'ils ont atteint l'immortalit\u00e9 mus\u00e9ale - pr\u00e9par\u00e9s avec art avec des yeux en verre, un squelette en fil de fer et de la sciure de bois.<\/p>\n<p>Dans la m\u00eame veine, les femmes de la cuisine de l'abbaye ont \u00e9t\u00e9 sollicit\u00e9es pour \u00eatre photographi\u00e9es. Dans un sens tr\u00e8s profane, elles sont les bons esprits qui agissent en grande partie dans l'ombre, donnent une structure \u00e0 la journ\u00e9e et assurent en m\u00eame temps la vari\u00e9t\u00e9 culinaire. Les deux artistes ont d\u00e9j\u00e0 eu l'occasion de se r\u00e9jouir de leur art culinaire \u00e0 de nombreuses reprises. C'est avec un plaisir tout particulier qu'ils ont pu immortaliser la bonne humeur de l'\u00e9quipe de cuisine.<\/p>\n<\/div>\n                    \n                            <\/div>\n        \n            <\/div>\n<\/div>\n\n<\/section>","protected":false},"excerpt":{"rendered":"<p>Pour la saison d'exposition 2016, les photographes de la collection Sebastian K\u00f6pcke et Volker Weinhold ont \u00e9t\u00e9 invit\u00e9s \u00e0 mettre en lumi\u00e8re, par la photographie, des objets de la collection d'histoire naturelle.<\/p>","protected":false},"author":7,"featured_media":11079,"comment_status":"closed","ping_status":"closed","sticky":false,"template":"","format":"standard","meta":{"_acf_changed":false,"footnotes":""},"categories":[24],"class_list":["post-11078","post","type-post","status-publish","format-standard","has-post-thumbnail","hentry","category-museen-aktuell"],"acf":[],"yoast_head":"<!-- This site is optimized with the Yoast SEO Premium plugin v26.0 (Yoast SEO v26.8) - https:\/\/yoast.com\/product\/yoast-seo-premium-wordpress\/ -->\n<title>Sammlungsfotografen K\u00f6pcke &amp; Weinhold - Stift Admont<\/title>\n<meta name=\"description\" content=\"Lesen Sie aktuelle Informationen zum Thema Sammlungsfotografen K\u00f6pcke &amp; Weinhold und vieles mehr aus dem Konvent und der Pfarre Admont.\" \/>\n<meta name=\"robots\" content=\"index, follow, max-snippet:-1, max-image-preview:large, max-video-preview:-1\" \/>\n<link rel=\"canonical\" href=\"https:\/\/stiftadmont.at\/fr\/blog\/photographes-de-collection-koepcke-weinhold\/\" \/>\n<meta property=\"og:locale\" content=\"fr_FR\" \/>\n<meta property=\"og:type\" content=\"article\" \/>\n<meta property=\"og:title\" content=\"Sammlungsfotografen K\u00f6pcke &amp; Weinhold\" \/>\n<meta property=\"og:description\" content=\"Lesen Sie aktuelle Informationen zum Thema Sammlungsfotografen K\u00f6pcke &amp; Weinhold und vieles mehr aus dem Konvent und der Pfarre Admont.\" \/>\n<meta property=\"og:url\" content=\"https:\/\/stiftadmont.at\/fr\/blog\/photographes-de-collection-koepcke-weinhold\/\" \/>\n<meta property=\"og:site_name\" content=\"Stift Admont\" \/>\n<meta property=\"article:published_time\" content=\"2016-03-01T10:00:00+00:00\" \/>\n<meta property=\"article:modified_time\" content=\"2023-02-06T14:22:45+00:00\" \/>\n<meta property=\"og:image\" content=\"https:\/\/stiftadmont.at\/wp-content\/uploads\/Stift-Admont-Sammlungsfotografen-Koepcke-Weinhold.jpg\" \/>\n\t<meta property=\"og:image:width\" content=\"853\" \/>\n\t<meta property=\"og:image:height\" content=\"569\" \/>\n\t<meta property=\"og:image:type\" content=\"image\/jpeg\" \/>\n<meta name=\"author\" content=\"Mario Brandm\u00fcller\" \/>\n<meta name=\"twitter:card\" content=\"summary_large_image\" \/>\n<meta name=\"twitter:label1\" content=\"\u00c9crit par\" \/>\n\t<meta name=\"twitter:data1\" content=\"Mario Brandm\u00fcller\" \/>\n<script type=\"application\/ld+json\" class=\"yoast-schema-graph\">{\"@context\":\"https:\/\/schema.org\",\"@graph\":[{\"@type\":\"Article\",\"@id\":\"https:\/\/stiftadmont.at\/blog\/sammlungsfotografen-koepcke-weinhold\/#article\",\"isPartOf\":{\"@id\":\"https:\/\/stiftadmont.at\/blog\/sammlungsfotografen-koepcke-weinhold\/\"},\"author\":{\"name\":\"Mario Brandm\u00fcller\",\"@id\":\"https:\/\/stiftadmont.at\/#\/schema\/person\/30535548b241d5f33a2e8b839db11869\"},\"headline\":\"Sammlungsfotografen K\u00f6pcke &amp; Weinhold\",\"datePublished\":\"2016-03-01T10:00:00+00:00\",\"dateModified\":\"2023-02-06T14:22:45+00:00\",\"mainEntityOfPage\":{\"@id\":\"https:\/\/stiftadmont.at\/blog\/sammlungsfotografen-koepcke-weinhold\/\"},\"wordCount\":5,\"image\":{\"@id\":\"https:\/\/stiftadmont.at\/blog\/sammlungsfotografen-koepcke-weinhold\/#primaryimage\"},\"thumbnailUrl\":\"https:\/\/stiftadmont.at\/wp-content\/uploads\/Stift-Admont-Sammlungsfotografen-Koepcke-Weinhold.jpg\",\"articleSection\":[\"Museen aktuell\"],\"inLanguage\":\"fr-FR\"},{\"@type\":\"WebPage\",\"@id\":\"https:\/\/stiftadmont.at\/blog\/sammlungsfotografen-koepcke-weinhold\/\",\"url\":\"https:\/\/stiftadmont.at\/blog\/sammlungsfotografen-koepcke-weinhold\/\",\"name\":\"Sammlungsfotografen K\u00f6pcke &amp; Weinhold - Stift Admont\",\"isPartOf\":{\"@id\":\"https:\/\/stiftadmont.at\/#website\"},\"primaryImageOfPage\":{\"@id\":\"https:\/\/stiftadmont.at\/blog\/sammlungsfotografen-koepcke-weinhold\/#primaryimage\"},\"image\":{\"@id\":\"https:\/\/stiftadmont.at\/blog\/sammlungsfotografen-koepcke-weinhold\/#primaryimage\"},\"thumbnailUrl\":\"https:\/\/stiftadmont.at\/wp-content\/uploads\/Stift-Admont-Sammlungsfotografen-Koepcke-Weinhold.jpg\",\"datePublished\":\"2016-03-01T10:00:00+00:00\",\"dateModified\":\"2023-02-06T14:22:45+00:00\",\"author\":{\"@id\":\"https:\/\/stiftadmont.at\/#\/schema\/person\/30535548b241d5f33a2e8b839db11869\"},\"description\":\"Lesen Sie aktuelle Informationen zum Thema Sammlungsfotografen K\u00f6pcke &amp; Weinhold und vieles mehr aus dem Konvent und der Pfarre Admont.\",\"breadcrumb\":{\"@id\":\"https:\/\/stiftadmont.at\/blog\/sammlungsfotografen-koepcke-weinhold\/#breadcrumb\"},\"inLanguage\":\"fr-FR\",\"potentialAction\":[{\"@type\":\"ReadAction\",\"target\":[\"https:\/\/stiftadmont.at\/blog\/sammlungsfotografen-koepcke-weinhold\/\"]}]},{\"@type\":\"ImageObject\",\"inLanguage\":\"fr-FR\",\"@id\":\"https:\/\/stiftadmont.at\/blog\/sammlungsfotografen-koepcke-weinhold\/#primaryimage\",\"url\":\"https:\/\/stiftadmont.at\/wp-content\/uploads\/Stift-Admont-Sammlungsfotografen-Koepcke-Weinhold.jpg\",\"contentUrl\":\"https:\/\/stiftadmont.at\/wp-content\/uploads\/Stift-Admont-Sammlungsfotografen-Koepcke-Weinhold.jpg\",\"width\":853,\"height\":569,\"caption\":\"Stift Admont Sammlungsfotografen Koepcke Weinhold\"},{\"@type\":\"BreadcrumbList\",\"@id\":\"https:\/\/stiftadmont.at\/blog\/sammlungsfotografen-koepcke-weinhold\/#breadcrumb\",\"itemListElement\":[{\"@type\":\"ListItem\",\"position\":1,\"name\":\"Start\",\"item\":\"https:\/\/stiftadmont.at\/\"},{\"@type\":\"ListItem\",\"position\":2,\"name\":\"Sammlungsfotografen K\u00f6pcke &amp; Weinhold\"}]},{\"@type\":\"WebSite\",\"@id\":\"https:\/\/stiftadmont.at\/#website\",\"url\":\"https:\/\/stiftadmont.at\/\",\"name\":\"Stift Admont\",\"description\":\"Benediktinerkloster und Sehensw\u00fcrdigkeit im Ges\u00e4use\",\"potentialAction\":[{\"@type\":\"SearchAction\",\"target\":{\"@type\":\"EntryPoint\",\"urlTemplate\":\"https:\/\/stiftadmont.at\/?s={search_term_string}\"},\"query-input\":{\"@type\":\"PropertyValueSpecification\",\"valueRequired\":true,\"valueName\":\"search_term_string\"}}],\"inLanguage\":\"fr-FR\"},{\"@type\":\"Person\",\"@id\":\"https:\/\/stiftadmont.at\/#\/schema\/person\/30535548b241d5f33a2e8b839db11869\",\"name\":\"Mario Brandm\u00fcller\"}]}<\/script>\n<!-- \/ Yoast SEO Premium plugin. -->","yoast_head_json":{"title":"Photographes de collection K\u00f6pcke &amp; Weinhold - Abbaye d'Admont","description":"Lisez les informations actuelles sur le th\u00e8me des photographes de collection K\u00f6pcke &amp; Weinhold et bien d'autres choses encore sur le couvent et la paroisse d'Admont.","robots":{"index":"index","follow":"follow","max-snippet":"max-snippet:-1","max-image-preview":"max-image-preview:large","max-video-preview":"max-video-preview:-1"},"canonical":"https:\/\/stiftadmont.at\/fr\/blog\/photographes-de-collection-koepcke-weinhold\/","og_locale":"fr_FR","og_type":"article","og_title":"Sammlungsfotografen K\u00f6pcke &amp; Weinhold","og_description":"Lesen Sie aktuelle Informationen zum Thema Sammlungsfotografen K\u00f6pcke &amp; Weinhold und vieles mehr aus dem Konvent und der Pfarre Admont.","og_url":"https:\/\/stiftadmont.at\/fr\/blog\/photographes-de-collection-koepcke-weinhold\/","og_site_name":"Stift Admont","article_published_time":"2016-03-01T10:00:00+00:00","article_modified_time":"2023-02-06T14:22:45+00:00","og_image":[{"width":853,"height":569,"url":"https:\/\/stiftadmont.at\/wp-content\/uploads\/Stift-Admont-Sammlungsfotografen-Koepcke-Weinhold.jpg","type":"image\/jpeg"}],"author":"Mario Brandm\u00fcller","twitter_card":"summary_large_image","twitter_misc":{"\u00c9crit par":"Mario Brandm\u00fcller"},"schema":{"@context":"https:\/\/schema.org","@graph":[{"@type":"Article","@id":"https:\/\/stiftadmont.at\/blog\/sammlungsfotografen-koepcke-weinhold\/#article","isPartOf":{"@id":"https:\/\/stiftadmont.at\/blog\/sammlungsfotografen-koepcke-weinhold\/"},"author":{"name":"Mario Brandm\u00fcller","@id":"https:\/\/stiftadmont.at\/#\/schema\/person\/30535548b241d5f33a2e8b839db11869"},"headline":"Sammlungsfotografen K\u00f6pcke &amp; Weinhold","datePublished":"2016-03-01T10:00:00+00:00","dateModified":"2023-02-06T14:22:45+00:00","mainEntityOfPage":{"@id":"https:\/\/stiftadmont.at\/blog\/sammlungsfotografen-koepcke-weinhold\/"},"wordCount":5,"image":{"@id":"https:\/\/stiftadmont.at\/blog\/sammlungsfotografen-koepcke-weinhold\/#primaryimage"},"thumbnailUrl":"https:\/\/stiftadmont.at\/wp-content\/uploads\/Stift-Admont-Sammlungsfotografen-Koepcke-Weinhold.jpg","articleSection":["Museen aktuell"],"inLanguage":"fr-FR"},{"@type":"WebPage","@id":"https:\/\/stiftadmont.at\/blog\/sammlungsfotografen-koepcke-weinhold\/","url":"https:\/\/stiftadmont.at\/blog\/sammlungsfotografen-koepcke-weinhold\/","name":"Photographes de collection K\u00f6pcke &amp; Weinhold - Abbaye d'Admont","isPartOf":{"@id":"https:\/\/stiftadmont.at\/#website"},"primaryImageOfPage":{"@id":"https:\/\/stiftadmont.at\/blog\/sammlungsfotografen-koepcke-weinhold\/#primaryimage"},"image":{"@id":"https:\/\/stiftadmont.at\/blog\/sammlungsfotografen-koepcke-weinhold\/#primaryimage"},"thumbnailUrl":"https:\/\/stiftadmont.at\/wp-content\/uploads\/Stift-Admont-Sammlungsfotografen-Koepcke-Weinhold.jpg","datePublished":"2016-03-01T10:00:00+00:00","dateModified":"2023-02-06T14:22:45+00:00","author":{"@id":"https:\/\/stiftadmont.at\/#\/schema\/person\/30535548b241d5f33a2e8b839db11869"},"description":"Lisez les informations actuelles sur le th\u00e8me des photographes de collection K\u00f6pcke &amp; Weinhold et bien d'autres choses encore sur le couvent et la paroisse d'Admont.","breadcrumb":{"@id":"https:\/\/stiftadmont.at\/blog\/sammlungsfotografen-koepcke-weinhold\/#breadcrumb"},"inLanguage":"fr-FR","potentialAction":[{"@type":"ReadAction","target":["https:\/\/stiftadmont.at\/blog\/sammlungsfotografen-koepcke-weinhold\/"]}]},{"@type":"ImageObject","inLanguage":"fr-FR","@id":"https:\/\/stiftadmont.at\/blog\/sammlungsfotografen-koepcke-weinhold\/#primaryimage","url":"https:\/\/stiftadmont.at\/wp-content\/uploads\/Stift-Admont-Sammlungsfotografen-Koepcke-Weinhold.jpg","contentUrl":"https:\/\/stiftadmont.at\/wp-content\/uploads\/Stift-Admont-Sammlungsfotografen-Koepcke-Weinhold.jpg","width":853,"height":569,"caption":"Stift Admont Sammlungsfotografen Koepcke Weinhold"},{"@type":"BreadcrumbList","@id":"https:\/\/stiftadmont.at\/blog\/sammlungsfotografen-koepcke-weinhold\/#breadcrumb","itemListElement":[{"@type":"ListItem","position":1,"name":"Start","item":"https:\/\/stiftadmont.at\/"},{"@type":"ListItem","position":2,"name":"Sammlungsfotografen K\u00f6pcke &amp; Weinhold"}]},{"@type":"WebSite","@id":"https:\/\/stiftadmont.at\/#website","url":"https:\/\/stiftadmont.at\/","name":"Abbaye d'Admont","description":"Monast\u00e8re b\u00e9n\u00e9dictin et attraction touristique dans le Ges\u00e4use","potentialAction":[{"@type":"SearchAction","target":{"@type":"EntryPoint","urlTemplate":"https:\/\/stiftadmont.at\/?s={search_term_string}"},"query-input":{"@type":"PropertyValueSpecification","valueRequired":true,"valueName":"search_term_string"}}],"inLanguage":"fr-FR"},{"@type":"Person","@id":"https:\/\/stiftadmont.at\/#\/schema\/person\/30535548b241d5f33a2e8b839db11869","name":"Mario Brandm\u00fcller"}]}},"_links":{"self":[{"href":"https:\/\/stiftadmont.at\/fr\/wp-json\/wp\/v2\/posts\/11078","targetHints":{"allow":["GET"]}}],"collection":[{"href":"https:\/\/stiftadmont.at\/fr\/wp-json\/wp\/v2\/posts"}],"about":[{"href":"https:\/\/stiftadmont.at\/fr\/wp-json\/wp\/v2\/types\/post"}],"author":[{"embeddable":true,"href":"https:\/\/stiftadmont.at\/fr\/wp-json\/wp\/v2\/users\/7"}],"replies":[{"embeddable":true,"href":"https:\/\/stiftadmont.at\/fr\/wp-json\/wp\/v2\/comments?post=11078"}],"version-history":[{"count":7,"href":"https:\/\/stiftadmont.at\/fr\/wp-json\/wp\/v2\/posts\/11078\/revisions"}],"predecessor-version":[{"id":16686,"href":"https:\/\/stiftadmont.at\/fr\/wp-json\/wp\/v2\/posts\/11078\/revisions\/16686"}],"wp:featuredmedia":[{"embeddable":true,"href":"https:\/\/stiftadmont.at\/fr\/wp-json\/wp\/v2\/media\/11079"}],"wp:attachment":[{"href":"https:\/\/stiftadmont.at\/fr\/wp-json\/wp\/v2\/media?parent=11078"}],"wp:term":[{"taxonomy":"category","embeddable":true,"href":"https:\/\/stiftadmont.at\/fr\/wp-json\/wp\/v2\/categories?post=11078"}],"curies":[{"name":"wp","href":"https:\/\/api.w.org\/{rel}","templated":true}]}}