{"id":11140,"date":"2022-03-03T12:00:00","date_gmt":"2022-03-03T10:00:00","guid":{"rendered":"https:\/\/stiftadmont.at\/?p=11140"},"modified":"2022-05-24T01:53:30","modified_gmt":"2022-05-23T23:53:30","slug":"le-couvent-dadmont-accueille-des-refugies-et-lance-une-campagne-de-dons","status":"publish","type":"post","link":"https:\/\/stiftadmont.at\/fr\/blog\/stift-admont-versorgt-fluechtlinge-und-startet-spendenaktion\/","title":{"rendered":"L'abbaye d'Admont prend soin des r\u00e9fugi\u00e9s et lance une campagne de dons"},"content":{"rendered":"<section id='lightpress__section--block_628c1c5b1feaa' class='lightpress__section--default-section-space lightpress__section lightpress__section--content'><div class=\"content__inner\"\n         x-init=\"initContentBlockAnim($el)\">\n        \n    <div class=\"content__grid content__grid--fifty-fifty\">\n                                            <div class=\"content__box content__box\"\n                 style=\"\">\n                                \n                \n                                            <div class=\"prose\"><h2 class=\"heading-xxl line line--gold\">L'abbaye d'Admont prend soin des r\u00e9fugi\u00e9s et lance une campagne de dons<\/h2>\n<p><strong>Jeudi 3 mars 2022<\/strong><\/p>\n<p><strong>L'abbaye b\u00e9n\u00e9dictine d'Admont met \u00e0 disposition des appartements libres pour les personnes qui ont fui l'Ukraine. En outre, le monast\u00e8re lance un appel aux dons pour la population locale.<\/strong><\/p>\n<p>\"La paix est stock\u00e9e dans des r\u00e9cipients fragiles\", dit l'abb\u00e9 Gerhard Hafner de Stift Admont. La guerre qui s\u00e9vit actuellement en Ukraine montre \u00e0 quel point ces r\u00e9cipients sont effectivement fragiles. Une guerre en Europe, inimaginable pour beaucoup et pourtant bien r\u00e9elle. L'abbaye b\u00e9n\u00e9dictine d'Admont est elle aussi profond\u00e9ment touch\u00e9e : \"Nous ne pouvons porter toute la situation devant Dieu que dans la pri\u00e8re, afin que nous puissions retrouver la paix et aider les personnes dans le besoin\", d\u00e9clare l'abb\u00e9 Gerhard en exprimant sa sympathie. C'est surtout la population concern\u00e9e qui esp\u00e8re le retour de la paix. Les gens sur place en Ukraine doivent attendre dans les caves et les bouches de m\u00e9tro ou se r\u00e9fugier dans les pays voisins. Afin de soutenir les nombreuses femmes qui ont r\u00e9ussi \u00e0 passer la fronti\u00e8re avec leurs enfants, l'abbaye b\u00e9n\u00e9dictine met \u00e0 disposition des appartements libres dans toute la Styrie. Les m\u00e8res et leurs enfants doivent pouvoir y trouver une protection et reprendre confiance en eux.<\/p>\n<\/div>\n                    \n                            <\/div>\n        \n                                                    <div class=\"content__box content__box--2\"\n                     >\n                                        \n                    \n                                                <div class=\"content__media stickyTo\" x-init=\"imageSticky($el)\">\n\n                                                                                    <picture\n                                    class=\"content__image sticky\">\n                                <source srcset=\"https:\/\/stiftadmont.at\/wp-content\/uploads\/image-1024x1024.webp\" type=\"image\/webp\">\n                                <source srcset=\"https:\/\/stiftadmont.at\/wp-content\/uploads\/image-1024x1024.jpg\" type=\"image\/jpeg\">\n                                <img decoding=\"async\" class=\"sticky\" loading=\"lazy\" src=\"https:\/\/stiftadmont.at\/wp-content\/uploads\/image-1024x1024.jpg\" alt=\"image\" \/>\n\n                                                                                                                            <\/picture>\n\n                        <\/div>\n\n                                    <\/div>\n            \n            <\/div>\n<\/div>\n\n<\/section>\n\n<section id='lightpress__section--block_628c1dfb1feab' class='lightpress__section--default-section-space lightpress__section lightpress__section--content'><div class=\"content__inner\"\n         x-init=\"initContentBlockAnim($el)\">\n        \n    <div class=\"content__grid content__grid\">\n                                            <div class=\"content__box content__box--one-hundred\"\n                 style=\"\">\n                                \n                \n                                            <div class=\"prose\"><h6 class=\"heading-s line line--red\" style=\"z-index: var(--z-content);\">UN SIGNE DE SOLIDARIT\u00c9<\/h6>\n<p>A partir d'aujourd'hui, l'\u00e9glise coll\u00e9giale d'Admont brillera en bleu et en jaune. Le fait que les clochers portent les couleurs nationales de l'Ukraine doit avant tout exprimer une chose : la solidarit\u00e9. Apr\u00e8s tout, il existe de bonnes relations entre le monast\u00e8re de Haute-Syrie et l'Ukraine. On pense aux amis et aux connaissances qui ont mis leurs familles en s\u00e9curit\u00e9 en traversant la fronti\u00e8re et qui sont ensuite repartis en Ukraine pour d\u00e9fendre leur propre pays. Personne ne sait \u00e0 ce stade s'il y aura des retrouvailles. \"Nous ne pouvons qu'esp\u00e9rer que Poutine se ravisera. Il pr\u00e9tend \u00eatre un fervent chr\u00e9tien orthodoxe, mais en tant que chr\u00e9tien, on ne peut s'emp\u00eacher d'\u00eatre boulevers\u00e9 int\u00e9rieurement lorsqu'il y a la guerre et que des enfants, des femmes et des hommes meurent. Si ce n'est pas le cas pour lui, il doit probablement remettre en question son christianisme\", d\u00e9clare l'abb\u00e9 de Stift Admont.<\/p>\n<h6 class=\"heading-s line line--red\" style=\"z-index: var(--z-content);\">LANCEMENT DE LA CAMPAGNE DE DONS<\/h6>\n<p>Outre l'accueil des r\u00e9fugi\u00e9s, le monast\u00e8re b\u00e9n\u00e9dictin souhaite \u00e9galement apporter son aide \u00e0 ceux qui sont rest\u00e9s sur place en Ukraine. Pour ce faire, le monast\u00e8re de Haute-Autriche utilise la grande port\u00e9e qu'il atteint sur les canaux en ligne et lance un appel aux dons pour soutenir la population ukrainienne :<\/p>\n<p><strong>Action de soutien aux familles en Ukraine<br \/><\/strong>Compte pour les dons : Banque Raiffeisen Admont<br \/>IBAN : AT14 3800 1000 0007 5556<br \/>BIC : RZSTAT2G001<br \/>Mot-cl\u00e9 : Ukraine<\/p>\n<\/div>\n                    \n                            <\/div>\n        \n            <\/div>\n<\/div>\n\n<\/section>","protected":false},"excerpt":{"rendered":"<p>L'abbaye b\u00e9n\u00e9dictine d'Admont met \u00e0 disposition des appartements libres pour les personnes qui ont fui l'Ukraine. En outre, le monast\u00e8re lance un appel aux dons pour la population locale.<\/p>","protected":false},"author":7,"featured_media":7794,"comment_status":"closed","ping_status":"closed","sticky":false,"template":"","format":"standard","meta":{"_acf_changed":false,"footnotes":""},"categories":[22],"class_list":["post-11140","post","type-post","status-publish","format-standard","has-post-thumbnail","hentry","category-kloster-aktuell"],"acf":[],"yoast_head":"<!-- This site is optimized with the Yoast SEO Premium plugin v26.0 (Yoast SEO v26.8) - https:\/\/yoast.com\/product\/yoast-seo-premium-wordpress\/ -->\n<title>Stift Admont versorgt Fl\u00fcchtlinge und startet Spendenaktion - Stift Admont<\/title>\n<meta name=\"description\" content=\"Lesen Sie aktuelle Informationen zum Thema Stift Admont versorgt Fl\u00fcchtlinge und startet Spendenaktion und vieles mehr aus dem Konvent und der Pfarre Admont.\" \/>\n<meta name=\"robots\" content=\"index, follow, max-snippet:-1, max-image-preview:large, max-video-preview:-1\" \/>\n<link rel=\"canonical\" href=\"https:\/\/stiftadmont.at\/fr\/blog\/le-couvent-dadmont-accueille-des-refugies-et-lance-une-campagne-de-dons\/\" \/>\n<meta property=\"og:locale\" content=\"fr_FR\" \/>\n<meta property=\"og:type\" content=\"article\" \/>\n<meta property=\"og:title\" content=\"Stift Admont versorgt Fl\u00fcchtlinge und startet Spendenaktion\" \/>\n<meta property=\"og:description\" content=\"Lesen Sie aktuelle Informationen zum Thema Stift Admont versorgt Fl\u00fcchtlinge und startet Spendenaktion und vieles mehr aus dem Konvent und der Pfarre Admont.\" \/>\n<meta property=\"og:url\" content=\"https:\/\/stiftadmont.at\/fr\/blog\/le-couvent-dadmont-accueille-des-refugies-et-lance-une-campagne-de-dons\/\" \/>\n<meta property=\"og:site_name\" content=\"Stift Admont\" \/>\n<meta property=\"article:published_time\" content=\"2022-03-03T10:00:00+00:00\" \/>\n<meta property=\"article:modified_time\" content=\"2022-05-23T23:53:30+00:00\" \/>\n<meta property=\"og:image\" content=\"https:\/\/stiftadmont.at\/wp-content\/uploads\/Benediktinerstift-Admont-Ukrainekrieg.jpg\" \/>\n\t<meta property=\"og:image:width\" content=\"853\" \/>\n\t<meta property=\"og:image:height\" content=\"569\" \/>\n\t<meta property=\"og:image:type\" content=\"image\/jpeg\" \/>\n<meta name=\"author\" content=\"Mario Brandm\u00fcller\" \/>\n<meta name=\"twitter:card\" content=\"summary_large_image\" \/>\n<meta name=\"twitter:label1\" content=\"\u00c9crit par\" \/>\n\t<meta name=\"twitter:data1\" content=\"Mario Brandm\u00fcller\" \/>\n<script type=\"application\/ld+json\" class=\"yoast-schema-graph\">{\"@context\":\"https:\/\/schema.org\",\"@graph\":[{\"@type\":\"Article\",\"@id\":\"https:\/\/stiftadmont.at\/blog\/stift-admont-versorgt-fluechtlinge-und-startet-spendenaktion\/#article\",\"isPartOf\":{\"@id\":\"https:\/\/stiftadmont.at\/blog\/stift-admont-versorgt-fluechtlinge-und-startet-spendenaktion\/\"},\"author\":{\"name\":\"Mario Brandm\u00fcller\",\"@id\":\"https:\/\/stiftadmont.at\/#\/schema\/person\/30535548b241d5f33a2e8b839db11869\"},\"headline\":\"Stift Admont versorgt Fl\u00fcchtlinge und startet Spendenaktion\",\"datePublished\":\"2022-03-03T10:00:00+00:00\",\"dateModified\":\"2022-05-23T23:53:30+00:00\",\"mainEntityOfPage\":{\"@id\":\"https:\/\/stiftadmont.at\/blog\/stift-admont-versorgt-fluechtlinge-und-startet-spendenaktion\/\"},\"wordCount\":8,\"image\":{\"@id\":\"https:\/\/stiftadmont.at\/blog\/stift-admont-versorgt-fluechtlinge-und-startet-spendenaktion\/#primaryimage\"},\"thumbnailUrl\":\"https:\/\/stiftadmont.at\/wp-content\/uploads\/Benediktinerstift-Admont-Ukrainekrieg.jpg\",\"articleSection\":[\"Kloster aktuell\"],\"inLanguage\":\"fr-FR\"},{\"@type\":\"WebPage\",\"@id\":\"https:\/\/stiftadmont.at\/blog\/stift-admont-versorgt-fluechtlinge-und-startet-spendenaktion\/\",\"url\":\"https:\/\/stiftadmont.at\/blog\/stift-admont-versorgt-fluechtlinge-und-startet-spendenaktion\/\",\"name\":\"Stift Admont versorgt Fl\u00fcchtlinge und startet Spendenaktion - Stift Admont\",\"isPartOf\":{\"@id\":\"https:\/\/stiftadmont.at\/#website\"},\"primaryImageOfPage\":{\"@id\":\"https:\/\/stiftadmont.at\/blog\/stift-admont-versorgt-fluechtlinge-und-startet-spendenaktion\/#primaryimage\"},\"image\":{\"@id\":\"https:\/\/stiftadmont.at\/blog\/stift-admont-versorgt-fluechtlinge-und-startet-spendenaktion\/#primaryimage\"},\"thumbnailUrl\":\"https:\/\/stiftadmont.at\/wp-content\/uploads\/Benediktinerstift-Admont-Ukrainekrieg.jpg\",\"datePublished\":\"2022-03-03T10:00:00+00:00\",\"dateModified\":\"2022-05-23T23:53:30+00:00\",\"author\":{\"@id\":\"https:\/\/stiftadmont.at\/#\/schema\/person\/30535548b241d5f33a2e8b839db11869\"},\"description\":\"Lesen Sie aktuelle Informationen zum Thema Stift Admont versorgt Fl\u00fcchtlinge und startet Spendenaktion und vieles mehr aus dem Konvent und der Pfarre Admont.\",\"breadcrumb\":{\"@id\":\"https:\/\/stiftadmont.at\/blog\/stift-admont-versorgt-fluechtlinge-und-startet-spendenaktion\/#breadcrumb\"},\"inLanguage\":\"fr-FR\",\"potentialAction\":[{\"@type\":\"ReadAction\",\"target\":[\"https:\/\/stiftadmont.at\/blog\/stift-admont-versorgt-fluechtlinge-und-startet-spendenaktion\/\"]}]},{\"@type\":\"ImageObject\",\"inLanguage\":\"fr-FR\",\"@id\":\"https:\/\/stiftadmont.at\/blog\/stift-admont-versorgt-fluechtlinge-und-startet-spendenaktion\/#primaryimage\",\"url\":\"https:\/\/stiftadmont.at\/wp-content\/uploads\/Benediktinerstift-Admont-Ukrainekrieg.jpg\",\"contentUrl\":\"https:\/\/stiftadmont.at\/wp-content\/uploads\/Benediktinerstift-Admont-Ukrainekrieg.jpg\",\"width\":853,\"height\":569,\"caption\":\"Benediktinerstift Admont Ukrainekrieg\"},{\"@type\":\"BreadcrumbList\",\"@id\":\"https:\/\/stiftadmont.at\/blog\/stift-admont-versorgt-fluechtlinge-und-startet-spendenaktion\/#breadcrumb\",\"itemListElement\":[{\"@type\":\"ListItem\",\"position\":1,\"name\":\"Start\",\"item\":\"https:\/\/stiftadmont.at\/\"},{\"@type\":\"ListItem\",\"position\":2,\"name\":\"Stift Admont versorgt Fl\u00fcchtlinge und startet Spendenaktion\"}]},{\"@type\":\"WebSite\",\"@id\":\"https:\/\/stiftadmont.at\/#website\",\"url\":\"https:\/\/stiftadmont.at\/\",\"name\":\"Stift Admont\",\"description\":\"Benediktinerkloster und Sehensw\u00fcrdigkeit im Ges\u00e4use\",\"potentialAction\":[{\"@type\":\"SearchAction\",\"target\":{\"@type\":\"EntryPoint\",\"urlTemplate\":\"https:\/\/stiftadmont.at\/?s={search_term_string}\"},\"query-input\":{\"@type\":\"PropertyValueSpecification\",\"valueRequired\":true,\"valueName\":\"search_term_string\"}}],\"inLanguage\":\"fr-FR\"},{\"@type\":\"Person\",\"@id\":\"https:\/\/stiftadmont.at\/#\/schema\/person\/30535548b241d5f33a2e8b839db11869\",\"name\":\"Mario Brandm\u00fcller\"}]}<\/script>\n<!-- \/ Yoast SEO Premium plugin. -->","yoast_head_json":{"title":"L'abbaye d'Admont prend soin des r\u00e9fugi\u00e9s et lance une campagne de dons - Stift Admont","description":"Lisez les informations actuelles sur le th\u00e8me \"L'abbaye d'Admont prend en charge les r\u00e9fugi\u00e9s et lance une campagne de dons\" et bien d'autres informations sur le couvent et la paroisse d'Admont.","robots":{"index":"index","follow":"follow","max-snippet":"max-snippet:-1","max-image-preview":"max-image-preview:large","max-video-preview":"max-video-preview:-1"},"canonical":"https:\/\/stiftadmont.at\/fr\/blog\/le-couvent-dadmont-accueille-des-refugies-et-lance-une-campagne-de-dons\/","og_locale":"fr_FR","og_type":"article","og_title":"Stift Admont versorgt Fl\u00fcchtlinge und startet Spendenaktion","og_description":"Lesen Sie aktuelle Informationen zum Thema Stift Admont versorgt Fl\u00fcchtlinge und startet Spendenaktion und vieles mehr aus dem Konvent und der Pfarre Admont.","og_url":"https:\/\/stiftadmont.at\/fr\/blog\/le-couvent-dadmont-accueille-des-refugies-et-lance-une-campagne-de-dons\/","og_site_name":"Stift Admont","article_published_time":"2022-03-03T10:00:00+00:00","article_modified_time":"2022-05-23T23:53:30+00:00","og_image":[{"width":853,"height":569,"url":"https:\/\/stiftadmont.at\/wp-content\/uploads\/Benediktinerstift-Admont-Ukrainekrieg.jpg","type":"image\/jpeg"}],"author":"Mario Brandm\u00fcller","twitter_card":"summary_large_image","twitter_misc":{"\u00c9crit par":"Mario Brandm\u00fcller"},"schema":{"@context":"https:\/\/schema.org","@graph":[{"@type":"Article","@id":"https:\/\/stiftadmont.at\/blog\/stift-admont-versorgt-fluechtlinge-und-startet-spendenaktion\/#article","isPartOf":{"@id":"https:\/\/stiftadmont.at\/blog\/stift-admont-versorgt-fluechtlinge-und-startet-spendenaktion\/"},"author":{"name":"Mario Brandm\u00fcller","@id":"https:\/\/stiftadmont.at\/#\/schema\/person\/30535548b241d5f33a2e8b839db11869"},"headline":"Stift Admont versorgt Fl\u00fcchtlinge und startet Spendenaktion","datePublished":"2022-03-03T10:00:00+00:00","dateModified":"2022-05-23T23:53:30+00:00","mainEntityOfPage":{"@id":"https:\/\/stiftadmont.at\/blog\/stift-admont-versorgt-fluechtlinge-und-startet-spendenaktion\/"},"wordCount":8,"image":{"@id":"https:\/\/stiftadmont.at\/blog\/stift-admont-versorgt-fluechtlinge-und-startet-spendenaktion\/#primaryimage"},"thumbnailUrl":"https:\/\/stiftadmont.at\/wp-content\/uploads\/Benediktinerstift-Admont-Ukrainekrieg.jpg","articleSection":["Kloster aktuell"],"inLanguage":"fr-FR"},{"@type":"WebPage","@id":"https:\/\/stiftadmont.at\/blog\/stift-admont-versorgt-fluechtlinge-und-startet-spendenaktion\/","url":"https:\/\/stiftadmont.at\/blog\/stift-admont-versorgt-fluechtlinge-und-startet-spendenaktion\/","name":"L'abbaye d'Admont prend soin des r\u00e9fugi\u00e9s et lance une campagne de dons - Stift Admont","isPartOf":{"@id":"https:\/\/stiftadmont.at\/#website"},"primaryImageOfPage":{"@id":"https:\/\/stiftadmont.at\/blog\/stift-admont-versorgt-fluechtlinge-und-startet-spendenaktion\/#primaryimage"},"image":{"@id":"https:\/\/stiftadmont.at\/blog\/stift-admont-versorgt-fluechtlinge-und-startet-spendenaktion\/#primaryimage"},"thumbnailUrl":"https:\/\/stiftadmont.at\/wp-content\/uploads\/Benediktinerstift-Admont-Ukrainekrieg.jpg","datePublished":"2022-03-03T10:00:00+00:00","dateModified":"2022-05-23T23:53:30+00:00","author":{"@id":"https:\/\/stiftadmont.at\/#\/schema\/person\/30535548b241d5f33a2e8b839db11869"},"description":"Lisez les informations actuelles sur le th\u00e8me \"L'abbaye d'Admont prend en charge les r\u00e9fugi\u00e9s et lance une campagne de dons\" et bien d'autres informations sur le couvent et la paroisse d'Admont.","breadcrumb":{"@id":"https:\/\/stiftadmont.at\/blog\/stift-admont-versorgt-fluechtlinge-und-startet-spendenaktion\/#breadcrumb"},"inLanguage":"fr-FR","potentialAction":[{"@type":"ReadAction","target":["https:\/\/stiftadmont.at\/blog\/stift-admont-versorgt-fluechtlinge-und-startet-spendenaktion\/"]}]},{"@type":"ImageObject","inLanguage":"fr-FR","@id":"https:\/\/stiftadmont.at\/blog\/stift-admont-versorgt-fluechtlinge-und-startet-spendenaktion\/#primaryimage","url":"https:\/\/stiftadmont.at\/wp-content\/uploads\/Benediktinerstift-Admont-Ukrainekrieg.jpg","contentUrl":"https:\/\/stiftadmont.at\/wp-content\/uploads\/Benediktinerstift-Admont-Ukrainekrieg.jpg","width":853,"height":569,"caption":"Benediktinerstift Admont Ukrainekrieg"},{"@type":"BreadcrumbList","@id":"https:\/\/stiftadmont.at\/blog\/stift-admont-versorgt-fluechtlinge-und-startet-spendenaktion\/#breadcrumb","itemListElement":[{"@type":"ListItem","position":1,"name":"Start","item":"https:\/\/stiftadmont.at\/"},{"@type":"ListItem","position":2,"name":"Stift Admont versorgt Fl\u00fcchtlinge und startet Spendenaktion"}]},{"@type":"WebSite","@id":"https:\/\/stiftadmont.at\/#website","url":"https:\/\/stiftadmont.at\/","name":"Abbaye d'Admont","description":"Monast\u00e8re b\u00e9n\u00e9dictin et attraction touristique dans le Ges\u00e4use","potentialAction":[{"@type":"SearchAction","target":{"@type":"EntryPoint","urlTemplate":"https:\/\/stiftadmont.at\/?s={search_term_string}"},"query-input":{"@type":"PropertyValueSpecification","valueRequired":true,"valueName":"search_term_string"}}],"inLanguage":"fr-FR"},{"@type":"Person","@id":"https:\/\/stiftadmont.at\/#\/schema\/person\/30535548b241d5f33a2e8b839db11869","name":"Mario Brandm\u00fcller"}]}},"_links":{"self":[{"href":"https:\/\/stiftadmont.at\/fr\/wp-json\/wp\/v2\/posts\/11140","targetHints":{"allow":["GET"]}}],"collection":[{"href":"https:\/\/stiftadmont.at\/fr\/wp-json\/wp\/v2\/posts"}],"about":[{"href":"https:\/\/stiftadmont.at\/fr\/wp-json\/wp\/v2\/types\/post"}],"author":[{"embeddable":true,"href":"https:\/\/stiftadmont.at\/fr\/wp-json\/wp\/v2\/users\/7"}],"replies":[{"embeddable":true,"href":"https:\/\/stiftadmont.at\/fr\/wp-json\/wp\/v2\/comments?post=11140"}],"version-history":[{"count":16,"href":"https:\/\/stiftadmont.at\/fr\/wp-json\/wp\/v2\/posts\/11140\/revisions"}],"predecessor-version":[{"id":11160,"href":"https:\/\/stiftadmont.at\/fr\/wp-json\/wp\/v2\/posts\/11140\/revisions\/11160"}],"wp:featuredmedia":[{"embeddable":true,"href":"https:\/\/stiftadmont.at\/fr\/wp-json\/wp\/v2\/media\/7794"}],"wp:attachment":[{"href":"https:\/\/stiftadmont.at\/fr\/wp-json\/wp\/v2\/media?parent=11140"}],"wp:term":[{"taxonomy":"category","embeddable":true,"href":"https:\/\/stiftadmont.at\/fr\/wp-json\/wp\/v2\/categories?post=11140"}],"curies":[{"name":"wp","href":"https:\/\/api.w.org\/{rel}","templated":true}]}}