{"id":11459,"date":"2019-09-25T12:00:00","date_gmt":"2019-09-25T10:00:00","guid":{"rendered":"https:\/\/stiftadmont.at\/?p=11459"},"modified":"2022-05-29T10:59:42","modified_gmt":"2022-05-29T08:59:42","slug":"sante-et-vitalite-pour-la-nouvelle-annee-scolaire","status":"publish","type":"post","link":"https:\/\/stiftadmont.at\/fr\/blog\/gesund-und-vital-ins-neue-schuljahr\/","title":{"rendered":"Une nouvelle ann\u00e9e scolaire en bonne sant\u00e9 et pleine de vitalit\u00e9"},"content":{"rendered":"<section id='lightpress__section--block_6293350ca24f8' class='lightpress__section--default-section-space lightpress__section lightpress__section--content'><div class=\"content__inner\"\n         x-init=\"initContentBlockAnim($el)\">\n        \n    <div class=\"content__grid content__grid--fifty-fifty\">\n                                            <div class=\"content__box content__box\"\n                 style=\"\">\n                                \n                \n                                            <div class=\"prose\"><h2 class=\"heading-xxl line line--gold\">Une nouvelle ann\u00e9e scolaire en bonne sant\u00e9 et pleine de vitalit\u00e9<\/h2>\n<p><strong>Mercredi 25 septembre 2019<\/strong><\/p>\n<p>Depuis le d\u00e9but de l'ann\u00e9e scolaire 2019\/20, le buffet scolaire, g\u00e9r\u00e9 par Lebenshilfe Admont, a \u00e9t\u00e9 modifi\u00e9. Conform\u00e9ment aux propositions de l'institut SIPCAN (Special Institute for Preventive Cardiology And Nutrition), mandat\u00e9 par le minist\u00e8re, les aliments \u00e0 forte teneur en sucre et en graisse ont \u00e9t\u00e9 \u00e9limin\u00e9s et remplac\u00e9s par des alternatives plus saines et plus savoureuses. Ainsi, les barres de chocolat ont \u00e9t\u00e9 remplac\u00e9es par des aliments pour \u00e9tudiants, le pain blanc et les petits pains par des pains complets et les beignets et muffins par des fruits frais et des b\u00e2tonnets de l\u00e9gumes. Non seulement les enseignants, mais aussi les \u00e9l\u00e8ves se r\u00e9jouissent chaque jour de ces produits bio nutritifs, frais et durables.<\/p>\n<p>De plus, le Stiftsgymnasium Admont participe \u00e0 une \u00e9tude sur le comportement des \u00e9l\u00e8ves en mati\u00e8re de boisson, qui durera jusqu'\u00e0 No\u00ebl environ. Apr\u00e8s l'\u00e9valuation, l'offre de boissons dans les distributeurs automatiques sera modifi\u00e9e. L'objectif de toutes ces mesures est de sensibiliser les \u00e9l\u00e8ves et les enseignants \u00e0 un mode de vie plus sain. L'une des cons\u00e9quences est une certification officielle SIPCAN de notre \u00e9cole.<\/p>\n<\/div>\n                    \n                            <\/div>\n        \n                                                    <div class=\"content__box content__box--2\"\n                     >\n                                        \n                    \n                                                <div class=\"content__media stickyTo\" x-init=\"imageSticky($el)\">\n\n                                                                                    <picture\n                                    class=\"content__image sticky image-overlay\">\n                                <source srcset=\"https:\/\/stiftadmont.at\/wp-content\/uploads\/Stiftsgymnasium-Admont-Gesund-Vital-2019-2-1024x768.webp\" type=\"image\/webp\">\n                                <source srcset=\"https:\/\/stiftadmont.at\/wp-content\/uploads\/Stiftsgymnasium-Admont-Gesund-Vital-2019-2-1024x768.jpg\" type=\"image\/jpeg\">\n                                <img decoding=\"async\" class=\"sticky\" loading=\"lazy\" src=\"https:\/\/stiftadmont.at\/wp-content\/uploads\/Stiftsgymnasium-Admont-Gesund-Vital-2019-2-1024x768.jpg\" alt=\"Stiftsgymnasium Admont Gesund Vital 2019 2\" \/>\n\n                                                                                                                            <\/picture>\n\n                        <\/div>\n\n                                    <\/div>\n            \n            <\/div>\n<\/div>\n\n<\/section>","protected":false},"excerpt":{"rendered":"<p>Le buffet de l'\u00e9cole du Stiftsgymnasium Admont a \u00e9t\u00e9 compl\u00e8tement transform\u00e9 et d\u00e9sormais, des snacks sains \"adoucissent\" le quotidien des \u00e9l\u00e8ves et des enseignants.<\/p>","protected":false},"author":7,"featured_media":11461,"comment_status":"closed","ping_status":"closed","sticky":false,"template":"","format":"standard","meta":{"_acf_changed":false,"footnotes":""},"categories":[23],"class_list":["post-11459","post","type-post","status-publish","format-standard","has-post-thumbnail","hentry","category-einrichtungen-aktuell"],"acf":[],"yoast_head":"<!-- This site is optimized with the Yoast SEO Premium plugin v26.0 (Yoast SEO v26.8) - https:\/\/yoast.com\/product\/yoast-seo-premium-wordpress\/ -->\n<title>Gesund und vital ins neue Schuljahr - Stift Admont<\/title>\n<meta name=\"description\" content=\"Lesen Sie aktuelle Informationen zum Thema Gesund und vital ins neue Schuljahr und vieles mehr aus dem Konvent und der Pfarre Admont.\" \/>\n<meta name=\"robots\" content=\"index, follow, max-snippet:-1, max-image-preview:large, max-video-preview:-1\" \/>\n<link rel=\"canonical\" href=\"https:\/\/stiftadmont.at\/fr\/blog\/sante-et-vitalite-pour-la-nouvelle-annee-scolaire\/\" \/>\n<meta property=\"og:locale\" content=\"fr_FR\" \/>\n<meta property=\"og:type\" content=\"article\" \/>\n<meta property=\"og:title\" content=\"Gesund und vital ins neue Schuljahr\" \/>\n<meta property=\"og:description\" content=\"Lesen Sie aktuelle Informationen zum Thema Gesund und vital ins neue Schuljahr und vieles mehr aus dem Konvent und der Pfarre Admont.\" \/>\n<meta property=\"og:url\" content=\"https:\/\/stiftadmont.at\/fr\/blog\/sante-et-vitalite-pour-la-nouvelle-annee-scolaire\/\" \/>\n<meta property=\"og:site_name\" content=\"Stift Admont\" \/>\n<meta property=\"article:published_time\" content=\"2019-09-25T10:00:00+00:00\" \/>\n<meta property=\"article:modified_time\" content=\"2022-05-29T08:59:42+00:00\" \/>\n<meta property=\"og:image\" content=\"https:\/\/stiftadmont.at\/wp-content\/uploads\/Stiftsgymnasium-Admont-Gesund-Vital-2019-2.jpg\" \/>\n\t<meta property=\"og:image:width\" content=\"1600\" \/>\n\t<meta property=\"og:image:height\" content=\"1200\" \/>\n\t<meta property=\"og:image:type\" content=\"image\/jpeg\" \/>\n<meta name=\"author\" content=\"Mario Brandm\u00fcller\" \/>\n<meta name=\"twitter:card\" content=\"summary_large_image\" \/>\n<meta name=\"twitter:label1\" content=\"\u00c9crit par\" \/>\n\t<meta name=\"twitter:data1\" content=\"Mario Brandm\u00fcller\" \/>\n<script type=\"application\/ld+json\" class=\"yoast-schema-graph\">{\"@context\":\"https:\/\/schema.org\",\"@graph\":[{\"@type\":\"Article\",\"@id\":\"https:\/\/stiftadmont.at\/blog\/gesund-und-vital-ins-neue-schuljahr\/#article\",\"isPartOf\":{\"@id\":\"https:\/\/stiftadmont.at\/blog\/gesund-und-vital-ins-neue-schuljahr\/\"},\"author\":{\"name\":\"Mario Brandm\u00fcller\",\"@id\":\"https:\/\/stiftadmont.at\/#\/schema\/person\/30535548b241d5f33a2e8b839db11869\"},\"headline\":\"Gesund und vital ins neue Schuljahr\",\"datePublished\":\"2019-09-25T10:00:00+00:00\",\"dateModified\":\"2022-05-29T08:59:42+00:00\",\"mainEntityOfPage\":{\"@id\":\"https:\/\/stiftadmont.at\/blog\/gesund-und-vital-ins-neue-schuljahr\/\"},\"wordCount\":6,\"image\":{\"@id\":\"https:\/\/stiftadmont.at\/blog\/gesund-und-vital-ins-neue-schuljahr\/#primaryimage\"},\"thumbnailUrl\":\"https:\/\/stiftadmont.at\/wp-content\/uploads\/Stiftsgymnasium-Admont-Gesund-Vital-2019-2.jpg\",\"articleSection\":[\"Einrichtungen aktuell\"],\"inLanguage\":\"fr-FR\"},{\"@type\":\"WebPage\",\"@id\":\"https:\/\/stiftadmont.at\/blog\/gesund-und-vital-ins-neue-schuljahr\/\",\"url\":\"https:\/\/stiftadmont.at\/blog\/gesund-und-vital-ins-neue-schuljahr\/\",\"name\":\"Gesund und vital ins neue Schuljahr - Stift Admont\",\"isPartOf\":{\"@id\":\"https:\/\/stiftadmont.at\/#website\"},\"primaryImageOfPage\":{\"@id\":\"https:\/\/stiftadmont.at\/blog\/gesund-und-vital-ins-neue-schuljahr\/#primaryimage\"},\"image\":{\"@id\":\"https:\/\/stiftadmont.at\/blog\/gesund-und-vital-ins-neue-schuljahr\/#primaryimage\"},\"thumbnailUrl\":\"https:\/\/stiftadmont.at\/wp-content\/uploads\/Stiftsgymnasium-Admont-Gesund-Vital-2019-2.jpg\",\"datePublished\":\"2019-09-25T10:00:00+00:00\",\"dateModified\":\"2022-05-29T08:59:42+00:00\",\"author\":{\"@id\":\"https:\/\/stiftadmont.at\/#\/schema\/person\/30535548b241d5f33a2e8b839db11869\"},\"description\":\"Lesen Sie aktuelle Informationen zum Thema Gesund und vital ins neue Schuljahr und vieles mehr aus dem Konvent und der Pfarre Admont.\",\"breadcrumb\":{\"@id\":\"https:\/\/stiftadmont.at\/blog\/gesund-und-vital-ins-neue-schuljahr\/#breadcrumb\"},\"inLanguage\":\"fr-FR\",\"potentialAction\":[{\"@type\":\"ReadAction\",\"target\":[\"https:\/\/stiftadmont.at\/blog\/gesund-und-vital-ins-neue-schuljahr\/\"]}]},{\"@type\":\"ImageObject\",\"inLanguage\":\"fr-FR\",\"@id\":\"https:\/\/stiftadmont.at\/blog\/gesund-und-vital-ins-neue-schuljahr\/#primaryimage\",\"url\":\"https:\/\/stiftadmont.at\/wp-content\/uploads\/Stiftsgymnasium-Admont-Gesund-Vital-2019-2.jpg\",\"contentUrl\":\"https:\/\/stiftadmont.at\/wp-content\/uploads\/Stiftsgymnasium-Admont-Gesund-Vital-2019-2.jpg\",\"width\":1600,\"height\":1200,\"caption\":\"Stiftsgymnasium Admont Gesund Vital 2019 2\"},{\"@type\":\"BreadcrumbList\",\"@id\":\"https:\/\/stiftadmont.at\/blog\/gesund-und-vital-ins-neue-schuljahr\/#breadcrumb\",\"itemListElement\":[{\"@type\":\"ListItem\",\"position\":1,\"name\":\"Start\",\"item\":\"https:\/\/stiftadmont.at\/\"},{\"@type\":\"ListItem\",\"position\":2,\"name\":\"Gesund und vital ins neue Schuljahr\"}]},{\"@type\":\"WebSite\",\"@id\":\"https:\/\/stiftadmont.at\/#website\",\"url\":\"https:\/\/stiftadmont.at\/\",\"name\":\"Stift Admont\",\"description\":\"Benediktinerkloster und Sehensw\u00fcrdigkeit im Ges\u00e4use\",\"potentialAction\":[{\"@type\":\"SearchAction\",\"target\":{\"@type\":\"EntryPoint\",\"urlTemplate\":\"https:\/\/stiftadmont.at\/?s={search_term_string}\"},\"query-input\":{\"@type\":\"PropertyValueSpecification\",\"valueRequired\":true,\"valueName\":\"search_term_string\"}}],\"inLanguage\":\"fr-FR\"},{\"@type\":\"Person\",\"@id\":\"https:\/\/stiftadmont.at\/#\/schema\/person\/30535548b241d5f33a2e8b839db11869\",\"name\":\"Mario Brandm\u00fcller\"}]}<\/script>\n<!-- \/ Yoast SEO Premium plugin. -->","yoast_head_json":{"title":"Une nouvelle ann\u00e9e scolaire en bonne sant\u00e9 et pleine de vitalit\u00e9 - Stift Admont","description":"Lisez les informations actuelles sur le th\u00e8me \"En bonne sant\u00e9 et plein de vitalit\u00e9 pour la nouvelle ann\u00e9e scolaire\" et bien d'autres choses encore sur le couvent et la paroisse d'Admont.","robots":{"index":"index","follow":"follow","max-snippet":"max-snippet:-1","max-image-preview":"max-image-preview:large","max-video-preview":"max-video-preview:-1"},"canonical":"https:\/\/stiftadmont.at\/fr\/blog\/sante-et-vitalite-pour-la-nouvelle-annee-scolaire\/","og_locale":"fr_FR","og_type":"article","og_title":"Gesund und vital ins neue Schuljahr","og_description":"Lesen Sie aktuelle Informationen zum Thema Gesund und vital ins neue Schuljahr und vieles mehr aus dem Konvent und der Pfarre Admont.","og_url":"https:\/\/stiftadmont.at\/fr\/blog\/sante-et-vitalite-pour-la-nouvelle-annee-scolaire\/","og_site_name":"Stift Admont","article_published_time":"2019-09-25T10:00:00+00:00","article_modified_time":"2022-05-29T08:59:42+00:00","og_image":[{"width":1600,"height":1200,"url":"https:\/\/stiftadmont.at\/wp-content\/uploads\/Stiftsgymnasium-Admont-Gesund-Vital-2019-2.jpg","type":"image\/jpeg"}],"author":"Mario Brandm\u00fcller","twitter_card":"summary_large_image","twitter_misc":{"\u00c9crit par":"Mario Brandm\u00fcller"},"schema":{"@context":"https:\/\/schema.org","@graph":[{"@type":"Article","@id":"https:\/\/stiftadmont.at\/blog\/gesund-und-vital-ins-neue-schuljahr\/#article","isPartOf":{"@id":"https:\/\/stiftadmont.at\/blog\/gesund-und-vital-ins-neue-schuljahr\/"},"author":{"name":"Mario Brandm\u00fcller","@id":"https:\/\/stiftadmont.at\/#\/schema\/person\/30535548b241d5f33a2e8b839db11869"},"headline":"Gesund und vital ins neue Schuljahr","datePublished":"2019-09-25T10:00:00+00:00","dateModified":"2022-05-29T08:59:42+00:00","mainEntityOfPage":{"@id":"https:\/\/stiftadmont.at\/blog\/gesund-und-vital-ins-neue-schuljahr\/"},"wordCount":6,"image":{"@id":"https:\/\/stiftadmont.at\/blog\/gesund-und-vital-ins-neue-schuljahr\/#primaryimage"},"thumbnailUrl":"https:\/\/stiftadmont.at\/wp-content\/uploads\/Stiftsgymnasium-Admont-Gesund-Vital-2019-2.jpg","articleSection":["Einrichtungen aktuell"],"inLanguage":"fr-FR"},{"@type":"WebPage","@id":"https:\/\/stiftadmont.at\/blog\/gesund-und-vital-ins-neue-schuljahr\/","url":"https:\/\/stiftadmont.at\/blog\/gesund-und-vital-ins-neue-schuljahr\/","name":"Une nouvelle ann\u00e9e scolaire en bonne sant\u00e9 et pleine de vitalit\u00e9 - Stift Admont","isPartOf":{"@id":"https:\/\/stiftadmont.at\/#website"},"primaryImageOfPage":{"@id":"https:\/\/stiftadmont.at\/blog\/gesund-und-vital-ins-neue-schuljahr\/#primaryimage"},"image":{"@id":"https:\/\/stiftadmont.at\/blog\/gesund-und-vital-ins-neue-schuljahr\/#primaryimage"},"thumbnailUrl":"https:\/\/stiftadmont.at\/wp-content\/uploads\/Stiftsgymnasium-Admont-Gesund-Vital-2019-2.jpg","datePublished":"2019-09-25T10:00:00+00:00","dateModified":"2022-05-29T08:59:42+00:00","author":{"@id":"https:\/\/stiftadmont.at\/#\/schema\/person\/30535548b241d5f33a2e8b839db11869"},"description":"Lisez les informations actuelles sur le th\u00e8me \"En bonne sant\u00e9 et plein de vitalit\u00e9 pour la nouvelle ann\u00e9e scolaire\" et bien d'autres choses encore sur le couvent et la paroisse d'Admont.","breadcrumb":{"@id":"https:\/\/stiftadmont.at\/blog\/gesund-und-vital-ins-neue-schuljahr\/#breadcrumb"},"inLanguage":"fr-FR","potentialAction":[{"@type":"ReadAction","target":["https:\/\/stiftadmont.at\/blog\/gesund-und-vital-ins-neue-schuljahr\/"]}]},{"@type":"ImageObject","inLanguage":"fr-FR","@id":"https:\/\/stiftadmont.at\/blog\/gesund-und-vital-ins-neue-schuljahr\/#primaryimage","url":"https:\/\/stiftadmont.at\/wp-content\/uploads\/Stiftsgymnasium-Admont-Gesund-Vital-2019-2.jpg","contentUrl":"https:\/\/stiftadmont.at\/wp-content\/uploads\/Stiftsgymnasium-Admont-Gesund-Vital-2019-2.jpg","width":1600,"height":1200,"caption":"Stiftsgymnasium Admont Gesund Vital 2019 2"},{"@type":"BreadcrumbList","@id":"https:\/\/stiftadmont.at\/blog\/gesund-und-vital-ins-neue-schuljahr\/#breadcrumb","itemListElement":[{"@type":"ListItem","position":1,"name":"Start","item":"https:\/\/stiftadmont.at\/"},{"@type":"ListItem","position":2,"name":"Gesund und vital ins neue Schuljahr"}]},{"@type":"WebSite","@id":"https:\/\/stiftadmont.at\/#website","url":"https:\/\/stiftadmont.at\/","name":"Abbaye d'Admont","description":"Monast\u00e8re b\u00e9n\u00e9dictin et attraction touristique dans le Ges\u00e4use","potentialAction":[{"@type":"SearchAction","target":{"@type":"EntryPoint","urlTemplate":"https:\/\/stiftadmont.at\/?s={search_term_string}"},"query-input":{"@type":"PropertyValueSpecification","valueRequired":true,"valueName":"search_term_string"}}],"inLanguage":"fr-FR"},{"@type":"Person","@id":"https:\/\/stiftadmont.at\/#\/schema\/person\/30535548b241d5f33a2e8b839db11869","name":"Mario Brandm\u00fcller"}]}},"_links":{"self":[{"href":"https:\/\/stiftadmont.at\/fr\/wp-json\/wp\/v2\/posts\/11459","targetHints":{"allow":["GET"]}}],"collection":[{"href":"https:\/\/stiftadmont.at\/fr\/wp-json\/wp\/v2\/posts"}],"about":[{"href":"https:\/\/stiftadmont.at\/fr\/wp-json\/wp\/v2\/types\/post"}],"author":[{"embeddable":true,"href":"https:\/\/stiftadmont.at\/fr\/wp-json\/wp\/v2\/users\/7"}],"replies":[{"embeddable":true,"href":"https:\/\/stiftadmont.at\/fr\/wp-json\/wp\/v2\/comments?post=11459"}],"version-history":[{"count":5,"href":"https:\/\/stiftadmont.at\/fr\/wp-json\/wp\/v2\/posts\/11459\/revisions"}],"predecessor-version":[{"id":11466,"href":"https:\/\/stiftadmont.at\/fr\/wp-json\/wp\/v2\/posts\/11459\/revisions\/11466"}],"wp:featuredmedia":[{"embeddable":true,"href":"https:\/\/stiftadmont.at\/fr\/wp-json\/wp\/v2\/media\/11461"}],"wp:attachment":[{"href":"https:\/\/stiftadmont.at\/fr\/wp-json\/wp\/v2\/media?parent=11459"}],"wp:term":[{"taxonomy":"category","embeddable":true,"href":"https:\/\/stiftadmont.at\/fr\/wp-json\/wp\/v2\/categories?post=11459"}],"curies":[{"name":"wp","href":"https:\/\/api.w.org\/{rel}","templated":true}]}}