{"id":11486,"date":"2019-10-22T12:00:00","date_gmt":"2019-10-22T10:00:00","guid":{"rendered":"https:\/\/stiftadmont.at\/?p=11486"},"modified":"2022-05-29T11:12:05","modified_gmt":"2022-05-29T09:12:05","slug":"fete-doctobre-et-fete-de-depart-a-la-retraite-de-gabi-eckmann","status":"publish","type":"post","link":"https:\/\/stiftadmont.at\/fr\/blog\/oktoberfest-mit-pensionierungsfeier-von-gabi-eckmann\/","title":{"rendered":"Oktoberfest et f\u00eate de d\u00e9part \u00e0 la retraite de Gabi Eckmann"},"content":{"rendered":"<section id='lightpress__section--block_629337de6fe02' class='lightpress__section--default-section-space lightpress__section lightpress__section--content'><div class=\"content__inner\"\n         x-init=\"initContentBlockAnim($el)\">\n        \n    <div class=\"content__grid content__grid\">\n                                            <div class=\"content__box content__box--one-hundred\"\n                 style=\"\">\n                                \n                \n                                            <div class=\"prose\"><h2 class=\"heading-xxl line line--gold\">Oktoberfest mit Pensionierungsfeier von Gabi Eckmann<\/h2>\n<p><strong>Dienstag, 22. Oktober 2019<\/strong><\/p>\n<p>Beim diesj\u00e4hrigen Oktoberfest wurde auch Gabi Eckmann in die Pension verabschiedet.<\/p>\n<\/div>\n                    \n                            <\/div>\n        \n            <\/div>\n<\/div>\n\n<\/section>\n\n<section id='lightpress__section--block_6293380c6fe03' class='lightpress__section--default-section-space lightpress__section lightpress__section--image-slider'>\n<div class=\"image-slider\"\n     x-data=\"{ gallery: null, shown: false }\"\n     x-init=\"gallery = initSliderGallery([{&quot;href&quot;:&quot;https:\\\/\\\/stiftadmont.at\\\/wp-content\\\/uploads\\\/Pflegeheim-St.-Benedikt-Oktoberfest-mit-Pensionierungsfeier-2019-1.jpg&quot;,&quot;type&quot;:&quot;image&quot;},{&quot;href&quot;:&quot;https:\\\/\\\/stiftadmont.at\\\/wp-content\\\/uploads\\\/Pflegeheim-St.-Benedikt-Oktoberfest-mit-Pensionierungsfeier-2019-2.jpg&quot;,&quot;type&quot;:&quot;image&quot;},{&quot;href&quot;:&quot;https:\\\/\\\/stiftadmont.at\\\/wp-content\\\/uploads\\\/Pflegeheim-St.-Benedikt-Oktoberfest-mit-Pensionierungsfeier-2019-3.jpg&quot;,&quot;type&quot;:&quot;image&quot;},{&quot;href&quot;:&quot;https:\\\/\\\/stiftadmont.at\\\/wp-content\\\/uploads\\\/Pflegeheim-St.-Benedikt-Oktoberfest-mit-Pensionierungsfeier-2019-4.jpg&quot;,&quot;type&quot;:&quot;image&quot;},{&quot;href&quot;:&quot;https:\\\/\\\/stiftadmont.at\\\/wp-content\\\/uploads\\\/Pflegeheim-St.-Benedikt-Oktoberfest-mit-Pensionierungsfeier-2019-5.jpg&quot;,&quot;type&quot;:&quot;image&quot;},{&quot;href&quot;:&quot;https:\\\/\\\/stiftadmont.at\\\/wp-content\\\/uploads\\\/Pflegeheim-St.-Benedikt-Oktoberfest-mit-Pensionierungsfeier-2019-6.jpg&quot;,&quot;type&quot;:&quot;image&quot;},{&quot;href&quot;:&quot;https:\\\/\\\/stiftadmont.at\\\/wp-content\\\/uploads\\\/Pflegeheim-St.-Benedikt-Oktoberfest-mit-Pensionierungsfeier-2019-7.jpg&quot;,&quot;type&quot;:&quot;image&quot;},{&quot;href&quot;:&quot;https:\\\/\\\/stiftadmont.at\\\/wp-content\\\/uploads\\\/Pflegeheim-St.-Benedikt-Oktoberfest-mit-Pensionierungsfeier-2019-8.jpg&quot;,&quot;type&quot;:&quot;image&quot;},{&quot;href&quot;:&quot;https:\\\/\\\/stiftadmont.at\\\/wp-content\\\/uploads\\\/Pflegeheim-St.-Benedikt-Oktoberfest-mit-Pensionierungsfeier-2019-9.jpg&quot;,&quot;type&quot;:&quot;image&quot;},{&quot;href&quot;:&quot;https:\\\/\\\/stiftadmont.at\\\/wp-content\\\/uploads\\\/Pflegeheim-St.-Benedikt-Oktoberfest-mit-Pensionierungsfeier-2019-10.jpg&quot;,&quot;type&quot;:&quot;image&quot;},{&quot;href&quot;:&quot;https:\\\/\\\/stiftadmont.at\\\/wp-content\\\/uploads\\\/Pflegeheim-St.-Benedikt-Oktoberfest-mit-Pensionierungsfeier-2019-11.jpg&quot;,&quot;type&quot;:&quot;image&quot;},{&quot;href&quot;:&quot;https:\\\/\\\/stiftadmont.at\\\/wp-content\\\/uploads\\\/Pflegeheim-St.-Benedikt-Oktoberfest-mit-Pensionierungsfeier-2019-12.jpg&quot;,&quot;type&quot;:&quot;image&quot;},{&quot;href&quot;:&quot;https:\\\/\\\/stiftadmont.at\\\/wp-content\\\/uploads\\\/Pflegeheim-St.-Benedikt-Oktoberfest-mit-Pensionierungsfeier-2019-13.jpg&quot;,&quot;type&quot;:&quot;image&quot;},{&quot;href&quot;:&quot;https:\\\/\\\/stiftadmont.at\\\/wp-content\\\/uploads\\\/Pflegeheim-St.-Benedikt-Oktoberfest-mit-Pensionierungsfeier-2019-14.jpg&quot;,&quot;type&quot;:&quot;image&quot;},{&quot;href&quot;:&quot;https:\\\/\\\/stiftadmont.at\\\/wp-content\\\/uploads\\\/Pflegeheim-St.-Benedikt-Oktoberfest-mit-Pensionierungsfeier-2019-15.jpg&quot;,&quot;type&quot;:&quot;image&quot;},{&quot;href&quot;:&quot;https:\\\/\\\/stiftadmont.at\\\/wp-content\\\/uploads\\\/Pflegeheim-St.-Benedikt-Oktoberfest-mit-Pensionierungsfeier-2019-16.jpg&quot;,&quot;type&quot;:&quot;image&quot;},{&quot;href&quot;:&quot;https:\\\/\\\/stiftadmont.at\\\/wp-content\\\/uploads\\\/Pflegeheim-St.-Benedikt-Oktoberfest-mit-Pensionierungsfeier-2019-17.jpg&quot;,&quot;type&quot;:&quot;image&quot;},{&quot;href&quot;:&quot;https:\\\/\\\/stiftadmont.at\\\/wp-content\\\/uploads\\\/Pflegeheim-St.-Benedikt-Oktoberfest-mit-Pensionierungsfeier-2019-18.jpg&quot;,&quot;type&quot;:&quot;image&quot;}]); initImageSliderBlockAnim($el);\">\n    <div class=\"image-slider__inner\">\n\n        <div class=\"swiper-container\" x-init=\"initImageSliderBlock($el, $refs.btnPrev, $refs.btnNext)\">\n            <div class=\"swiper-wrapper\">\n                                    <div class=\"swiper-slide\">\n                        <div class=\"image-slider__media\">\n                            <img decoding=\"async\" class=\"image-slider__image\"\n                                 src=\"https:\/\/stiftadmont.at\/wp-content\/uploads\/Pflegeheim-St.-Benedikt-Oktoberfest-mit-Pensionierungsfeier-2019-1-768x512.jpg\"\n                                 alt=\"Pflegeheim St. Benedikt Oktoberfest mit Pensionierungsfeier 2019 1\">\n                        <\/div>\n                    <\/div>\n                                    <div class=\"swiper-slide\">\n                        <div class=\"image-slider__media\">\n                            <img decoding=\"async\" class=\"image-slider__image\"\n                                 src=\"https:\/\/stiftadmont.at\/wp-content\/uploads\/Pflegeheim-St.-Benedikt-Oktoberfest-mit-Pensionierungsfeier-2019-2-768x512.jpg\"\n                                 alt=\"Pflegeheim St. Benedikt Oktoberfest mit Pensionierungsfeier 2019 2\">\n                        <\/div>\n                    <\/div>\n                                    <div class=\"swiper-slide\">\n                        <div class=\"image-slider__media\">\n                            <img decoding=\"async\" class=\"image-slider__image\"\n                                 src=\"https:\/\/stiftadmont.at\/wp-content\/uploads\/Pflegeheim-St.-Benedikt-Oktoberfest-mit-Pensionierungsfeier-2019-3-768x512.jpg\"\n                                 alt=\"Pflegeheim St. Benedikt Oktoberfest mit Pensionierungsfeier 2019 3\">\n                        <\/div>\n                    <\/div>\n                                    <div class=\"swiper-slide\">\n                        <div class=\"image-slider__media\">\n                            <img decoding=\"async\" class=\"image-slider__image\"\n                                 src=\"https:\/\/stiftadmont.at\/wp-content\/uploads\/Pflegeheim-St.-Benedikt-Oktoberfest-mit-Pensionierungsfeier-2019-4-768x512.jpg\"\n                                 alt=\"Pflegeheim St. Benedikt Oktoberfest mit Pensionierungsfeier 2019 4\">\n                        <\/div>\n                    <\/div>\n                                    <div class=\"swiper-slide\">\n                        <div class=\"image-slider__media\">\n                            <img decoding=\"async\" class=\"image-slider__image\"\n                                 src=\"https:\/\/stiftadmont.at\/wp-content\/uploads\/Pflegeheim-St.-Benedikt-Oktoberfest-mit-Pensionierungsfeier-2019-5-768x512.jpg\"\n                                 alt=\"Pflegeheim St. Benedikt Oktoberfest mit Pensionierungsfeier 2019 5\">\n                        <\/div>\n                    <\/div>\n                                    <div class=\"swiper-slide\">\n                        <div class=\"image-slider__media\">\n                            <img decoding=\"async\" class=\"image-slider__image\"\n                                 src=\"https:\/\/stiftadmont.at\/wp-content\/uploads\/Pflegeheim-St.-Benedikt-Oktoberfest-mit-Pensionierungsfeier-2019-6-768x512.jpg\"\n                                 alt=\"Pflegeheim St. Benedikt Oktoberfest mit Pensionierungsfeier 2019 6\">\n                        <\/div>\n                    <\/div>\n                                    <div class=\"swiper-slide\">\n                        <div class=\"image-slider__media\">\n                            <img decoding=\"async\" class=\"image-slider__image\"\n                                 src=\"https:\/\/stiftadmont.at\/wp-content\/uploads\/Pflegeheim-St.-Benedikt-Oktoberfest-mit-Pensionierungsfeier-2019-7-768x512.jpg\"\n                                 alt=\"Pflegeheim St. Benedikt Oktoberfest mit Pensionierungsfeier 2019 7\">\n                        <\/div>\n                    <\/div>\n                                    <div class=\"swiper-slide\">\n                        <div class=\"image-slider__media\">\n                            <img decoding=\"async\" class=\"image-slider__image\"\n                                 src=\"https:\/\/stiftadmont.at\/wp-content\/uploads\/Pflegeheim-St.-Benedikt-Oktoberfest-mit-Pensionierungsfeier-2019-8-768x512.jpg\"\n                                 alt=\"Pflegeheim St. Benedikt Oktoberfest mit Pensionierungsfeier 2019 8\">\n                        <\/div>\n                    <\/div>\n                                    <div class=\"swiper-slide\">\n                        <div class=\"image-slider__media\">\n                            <img decoding=\"async\" class=\"image-slider__image\"\n                                 src=\"https:\/\/stiftadmont.at\/wp-content\/uploads\/Pflegeheim-St.-Benedikt-Oktoberfest-mit-Pensionierungsfeier-2019-9-768x512.jpg\"\n                                 alt=\"Pflegeheim St. Benedikt Oktoberfest mit Pensionierungsfeier 2019 9\">\n                        <\/div>\n                    <\/div>\n                                    <div class=\"swiper-slide\">\n                        <div class=\"image-slider__media\">\n                            <img decoding=\"async\" class=\"image-slider__image\"\n                                 src=\"https:\/\/stiftadmont.at\/wp-content\/uploads\/Pflegeheim-St.-Benedikt-Oktoberfest-mit-Pensionierungsfeier-2019-10-768x1153.jpg\"\n                                 alt=\"Pflegeheim St. Benedikt Oktoberfest mit Pensionierungsfeier 2019 10\">\n                        <\/div>\n                    <\/div>\n                                    <div class=\"swiper-slide\">\n                        <div class=\"image-slider__media\">\n                            <img decoding=\"async\" class=\"image-slider__image\"\n                                 src=\"https:\/\/stiftadmont.at\/wp-content\/uploads\/Pflegeheim-St.-Benedikt-Oktoberfest-mit-Pensionierungsfeier-2019-11-768x512.jpg\"\n                                 alt=\"Pflegeheim St. Benedikt Oktoberfest mit Pensionierungsfeier 2019 11\">\n                        <\/div>\n                    <\/div>\n                                    <div class=\"swiper-slide\">\n                        <div class=\"image-slider__media\">\n                            <img decoding=\"async\" class=\"image-slider__image\"\n                                 src=\"https:\/\/stiftadmont.at\/wp-content\/uploads\/Pflegeheim-St.-Benedikt-Oktoberfest-mit-Pensionierungsfeier-2019-12-768x512.jpg\"\n                                 alt=\"Pflegeheim St. Benedikt Oktoberfest mit Pensionierungsfeier 2019 12\">\n                        <\/div>\n                    <\/div>\n                                    <div class=\"swiper-slide\">\n                        <div class=\"image-slider__media\">\n                            <img decoding=\"async\" class=\"image-slider__image\"\n                                 src=\"https:\/\/stiftadmont.at\/wp-content\/uploads\/Pflegeheim-St.-Benedikt-Oktoberfest-mit-Pensionierungsfeier-2019-13-768x512.jpg\"\n                                 alt=\"Pflegeheim St. Benedikt Oktoberfest mit Pensionierungsfeier 2019 13\">\n                        <\/div>\n                    <\/div>\n                                    <div class=\"swiper-slide\">\n                        <div class=\"image-slider__media\">\n                            <img decoding=\"async\" class=\"image-slider__image\"\n                                 src=\"https:\/\/stiftadmont.at\/wp-content\/uploads\/Pflegeheim-St.-Benedikt-Oktoberfest-mit-Pensionierungsfeier-2019-14-768x512.jpg\"\n                                 alt=\"Pflegeheim St. Benedikt Oktoberfest mit Pensionierungsfeier 2019 14\">\n                        <\/div>\n                    <\/div>\n                                    <div class=\"swiper-slide\">\n                        <div class=\"image-slider__media\">\n                            <img decoding=\"async\" class=\"image-slider__image\"\n                                 src=\"https:\/\/stiftadmont.at\/wp-content\/uploads\/Pflegeheim-St.-Benedikt-Oktoberfest-mit-Pensionierungsfeier-2019-15-768x512.jpg\"\n                                 alt=\"Pflegeheim St. Benedikt Oktoberfest mit Pensionierungsfeier 2019 15\">\n                        <\/div>\n                    <\/div>\n                                    <div class=\"swiper-slide\">\n                        <div class=\"image-slider__media\">\n                            <img decoding=\"async\" class=\"image-slider__image\"\n                                 src=\"https:\/\/stiftadmont.at\/wp-content\/uploads\/Pflegeheim-St.-Benedikt-Oktoberfest-mit-Pensionierungsfeier-2019-16-768x512.jpg\"\n                                 alt=\"Pflegeheim St. Benedikt Oktoberfest mit Pensionierungsfeier 2019 16\">\n                        <\/div>\n                    <\/div>\n                                    <div class=\"swiper-slide\">\n                        <div class=\"image-slider__media\">\n                            <img decoding=\"async\" class=\"image-slider__image\"\n                                 src=\"https:\/\/stiftadmont.at\/wp-content\/uploads\/Pflegeheim-St.-Benedikt-Oktoberfest-mit-Pensionierungsfeier-2019-17-768x512.jpg\"\n                                 alt=\"Pflegeheim St. Benedikt Oktoberfest mit Pensionierungsfeier 2019 17\">\n                        <\/div>\n                    <\/div>\n                                    <div class=\"swiper-slide\">\n                        <div class=\"image-slider__media\">\n                            <img decoding=\"async\" class=\"image-slider__image\"\n                                 src=\"https:\/\/stiftadmont.at\/wp-content\/uploads\/Pflegeheim-St.-Benedikt-Oktoberfest-mit-Pensionierungsfeier-2019-18-768x512.jpg\"\n                                 alt=\"Pflegeheim St. Benedikt Oktoberfest mit Pensionierungsfeier 2019 18\">\n                        <\/div>\n                    <\/div>\n                            <\/div>\n\n            <div class=\"swiper-nav-wrapper\">\n                <button class=\"swiper-button-prev slider-button--prev\" x-ref=\"btnPrev\"\n                        aria-label=\"Vorige Bilder anzeigen\">\n                    <img decoding=\"async\" src=\"\/wp-content\/themes\/stift-admont\/src\/assets\/img\/arrow-left-big-new.svg\" alt=\"Pfeil nach Links\">\n                <\/button>\n\n\n                <a class=\"image-slider__gallery\" @click=\"openGallery(gallery)\"><i class=\"fa-thin fa-plus\"><\/i><\/a>\n                <button class=\"swiper-button-next slider-button--next\"\n                        x-ref=\"btnNext\"\n                        aria-label=\"N\u00e4chste Bilder anzeigen\">\n                    <img decoding=\"async\" src=\"\/wp-content\/themes\/stift-admont\/src\/assets\/img\/arrow-right-big-new.svg\" alt=\"Pfeil nach Rechts\">\n                <\/button>\n            <\/div>\n        <\/div>\n    <\/div>\n\n\n<\/div><\/section>","protected":false},"excerpt":{"rendered":"<p>Lors de la f\u00eate de la bi\u00e8re de cette ann\u00e9e, Gabi Eckmann a \u00e9galement pris sa retraite !<\/p>","protected":false},"author":7,"featured_media":11489,"comment_status":"closed","ping_status":"closed","sticky":false,"template":"","format":"standard","meta":{"_acf_changed":false,"footnotes":""},"categories":[23],"class_list":["post-11486","post","type-post","status-publish","format-standard","has-post-thumbnail","hentry","category-einrichtungen-aktuell"],"acf":[],"yoast_head":"<!-- This site is optimized with the Yoast SEO Premium plugin v26.0 (Yoast SEO v26.8) - https:\/\/yoast.com\/product\/yoast-seo-premium-wordpress\/ -->\n<title>Oktoberfest mit Pensionierungsfeier von Gabi Eckmann - Stift Admont<\/title>\n<meta name=\"description\" content=\"Lesen Sie aktuelle Informationen zum Thema Oktoberfest mit Pensionierungsfeier von Gabi Eckmann und vieles mehr aus dem Konvent und der Pfarre Admont.\" \/>\n<meta name=\"robots\" content=\"index, follow, max-snippet:-1, max-image-preview:large, max-video-preview:-1\" \/>\n<link rel=\"canonical\" href=\"https:\/\/stiftadmont.at\/fr\/blog\/fete-doctobre-et-fete-de-depart-a-la-retraite-de-gabi-eckmann\/\" \/>\n<meta property=\"og:locale\" content=\"fr_FR\" \/>\n<meta property=\"og:type\" content=\"article\" \/>\n<meta property=\"og:title\" content=\"Oktoberfest mit Pensionierungsfeier von Gabi Eckmann\" \/>\n<meta property=\"og:description\" content=\"Lesen Sie aktuelle Informationen zum Thema Oktoberfest mit Pensionierungsfeier von Gabi Eckmann und vieles mehr aus dem Konvent und der Pfarre Admont.\" \/>\n<meta property=\"og:url\" content=\"https:\/\/stiftadmont.at\/fr\/blog\/fete-doctobre-et-fete-de-depart-a-la-retraite-de-gabi-eckmann\/\" \/>\n<meta property=\"og:site_name\" content=\"Stift Admont\" \/>\n<meta property=\"article:published_time\" content=\"2019-10-22T10:00:00+00:00\" \/>\n<meta property=\"article:modified_time\" content=\"2022-05-29T09:12:05+00:00\" \/>\n<meta property=\"og:image\" content=\"https:\/\/stiftadmont.at\/wp-content\/uploads\/Pflegeheim-St.-Benedikt-Oktoberfest-mit-Pensionierungsfeier-2019-3.jpg\" \/>\n\t<meta property=\"og:image:width\" content=\"1600\" \/>\n\t<meta property=\"og:image:height\" content=\"1066\" \/>\n\t<meta property=\"og:image:type\" content=\"image\/jpeg\" \/>\n<meta name=\"author\" content=\"Mario Brandm\u00fcller\" \/>\n<meta name=\"twitter:card\" content=\"summary_large_image\" \/>\n<meta name=\"twitter:label1\" content=\"\u00c9crit par\" \/>\n\t<meta name=\"twitter:data1\" content=\"Mario Brandm\u00fcller\" \/>\n<script type=\"application\/ld+json\" class=\"yoast-schema-graph\">{\"@context\":\"https:\/\/schema.org\",\"@graph\":[{\"@type\":\"Article\",\"@id\":\"https:\/\/stiftadmont.at\/blog\/oktoberfest-mit-pensionierungsfeier-von-gabi-eckmann\/#article\",\"isPartOf\":{\"@id\":\"https:\/\/stiftadmont.at\/blog\/oktoberfest-mit-pensionierungsfeier-von-gabi-eckmann\/\"},\"author\":{\"name\":\"Mario Brandm\u00fcller\",\"@id\":\"https:\/\/stiftadmont.at\/#\/schema\/person\/30535548b241d5f33a2e8b839db11869\"},\"headline\":\"Oktoberfest mit Pensionierungsfeier von Gabi Eckmann\",\"datePublished\":\"2019-10-22T10:00:00+00:00\",\"dateModified\":\"2022-05-29T09:12:05+00:00\",\"mainEntityOfPage\":{\"@id\":\"https:\/\/stiftadmont.at\/blog\/oktoberfest-mit-pensionierungsfeier-von-gabi-eckmann\/\"},\"wordCount\":6,\"image\":{\"@id\":\"https:\/\/stiftadmont.at\/blog\/oktoberfest-mit-pensionierungsfeier-von-gabi-eckmann\/#primaryimage\"},\"thumbnailUrl\":\"https:\/\/stiftadmont.at\/wp-content\/uploads\/Pflegeheim-St.-Benedikt-Oktoberfest-mit-Pensionierungsfeier-2019-3.jpg\",\"articleSection\":[\"Einrichtungen aktuell\"],\"inLanguage\":\"fr-FR\"},{\"@type\":\"WebPage\",\"@id\":\"https:\/\/stiftadmont.at\/blog\/oktoberfest-mit-pensionierungsfeier-von-gabi-eckmann\/\",\"url\":\"https:\/\/stiftadmont.at\/blog\/oktoberfest-mit-pensionierungsfeier-von-gabi-eckmann\/\",\"name\":\"Oktoberfest mit Pensionierungsfeier von Gabi Eckmann - Stift Admont\",\"isPartOf\":{\"@id\":\"https:\/\/stiftadmont.at\/#website\"},\"primaryImageOfPage\":{\"@id\":\"https:\/\/stiftadmont.at\/blog\/oktoberfest-mit-pensionierungsfeier-von-gabi-eckmann\/#primaryimage\"},\"image\":{\"@id\":\"https:\/\/stiftadmont.at\/blog\/oktoberfest-mit-pensionierungsfeier-von-gabi-eckmann\/#primaryimage\"},\"thumbnailUrl\":\"https:\/\/stiftadmont.at\/wp-content\/uploads\/Pflegeheim-St.-Benedikt-Oktoberfest-mit-Pensionierungsfeier-2019-3.jpg\",\"datePublished\":\"2019-10-22T10:00:00+00:00\",\"dateModified\":\"2022-05-29T09:12:05+00:00\",\"author\":{\"@id\":\"https:\/\/stiftadmont.at\/#\/schema\/person\/30535548b241d5f33a2e8b839db11869\"},\"description\":\"Lesen Sie aktuelle Informationen zum Thema Oktoberfest mit Pensionierungsfeier von Gabi Eckmann und vieles mehr aus dem Konvent und der Pfarre Admont.\",\"breadcrumb\":{\"@id\":\"https:\/\/stiftadmont.at\/blog\/oktoberfest-mit-pensionierungsfeier-von-gabi-eckmann\/#breadcrumb\"},\"inLanguage\":\"fr-FR\",\"potentialAction\":[{\"@type\":\"ReadAction\",\"target\":[\"https:\/\/stiftadmont.at\/blog\/oktoberfest-mit-pensionierungsfeier-von-gabi-eckmann\/\"]}]},{\"@type\":\"ImageObject\",\"inLanguage\":\"fr-FR\",\"@id\":\"https:\/\/stiftadmont.at\/blog\/oktoberfest-mit-pensionierungsfeier-von-gabi-eckmann\/#primaryimage\",\"url\":\"https:\/\/stiftadmont.at\/wp-content\/uploads\/Pflegeheim-St.-Benedikt-Oktoberfest-mit-Pensionierungsfeier-2019-3.jpg\",\"contentUrl\":\"https:\/\/stiftadmont.at\/wp-content\/uploads\/Pflegeheim-St.-Benedikt-Oktoberfest-mit-Pensionierungsfeier-2019-3.jpg\",\"width\":1600,\"height\":1066,\"caption\":\"Pflegeheim St. Benedikt Oktoberfest mit Pensionierungsfeier 2019 3\"},{\"@type\":\"BreadcrumbList\",\"@id\":\"https:\/\/stiftadmont.at\/blog\/oktoberfest-mit-pensionierungsfeier-von-gabi-eckmann\/#breadcrumb\",\"itemListElement\":[{\"@type\":\"ListItem\",\"position\":1,\"name\":\"Start\",\"item\":\"https:\/\/stiftadmont.at\/\"},{\"@type\":\"ListItem\",\"position\":2,\"name\":\"Oktoberfest mit Pensionierungsfeier von Gabi Eckmann\"}]},{\"@type\":\"WebSite\",\"@id\":\"https:\/\/stiftadmont.at\/#website\",\"url\":\"https:\/\/stiftadmont.at\/\",\"name\":\"Stift Admont\",\"description\":\"Benediktinerkloster und Sehensw\u00fcrdigkeit im Ges\u00e4use\",\"potentialAction\":[{\"@type\":\"SearchAction\",\"target\":{\"@type\":\"EntryPoint\",\"urlTemplate\":\"https:\/\/stiftadmont.at\/?s={search_term_string}\"},\"query-input\":{\"@type\":\"PropertyValueSpecification\",\"valueRequired\":true,\"valueName\":\"search_term_string\"}}],\"inLanguage\":\"fr-FR\"},{\"@type\":\"Person\",\"@id\":\"https:\/\/stiftadmont.at\/#\/schema\/person\/30535548b241d5f33a2e8b839db11869\",\"name\":\"Mario Brandm\u00fcller\"}]}<\/script>\n<!-- \/ Yoast SEO Premium plugin. -->","yoast_head_json":{"title":"Oktoberfest et f\u00eate de d\u00e9part \u00e0 la retraite de Gabi Eckmann - Stift Admont","description":"Lisez les informations actuelles sur le th\u00e8me de l'Oktoberfest avec la f\u00eate de d\u00e9part \u00e0 la retraite de Gabi Eckmann et bien d'autres informations sur le couvent et la paroisse d'Admont.","robots":{"index":"index","follow":"follow","max-snippet":"max-snippet:-1","max-image-preview":"max-image-preview:large","max-video-preview":"max-video-preview:-1"},"canonical":"https:\/\/stiftadmont.at\/fr\/blog\/fete-doctobre-et-fete-de-depart-a-la-retraite-de-gabi-eckmann\/","og_locale":"fr_FR","og_type":"article","og_title":"Oktoberfest mit Pensionierungsfeier von Gabi Eckmann","og_description":"Lesen Sie aktuelle Informationen zum Thema Oktoberfest mit Pensionierungsfeier von Gabi Eckmann und vieles mehr aus dem Konvent und der Pfarre Admont.","og_url":"https:\/\/stiftadmont.at\/fr\/blog\/fete-doctobre-et-fete-de-depart-a-la-retraite-de-gabi-eckmann\/","og_site_name":"Stift Admont","article_published_time":"2019-10-22T10:00:00+00:00","article_modified_time":"2022-05-29T09:12:05+00:00","og_image":[{"width":1600,"height":1066,"url":"https:\/\/stiftadmont.at\/wp-content\/uploads\/Pflegeheim-St.-Benedikt-Oktoberfest-mit-Pensionierungsfeier-2019-3.jpg","type":"image\/jpeg"}],"author":"Mario Brandm\u00fcller","twitter_card":"summary_large_image","twitter_misc":{"\u00c9crit par":"Mario Brandm\u00fcller"},"schema":{"@context":"https:\/\/schema.org","@graph":[{"@type":"Article","@id":"https:\/\/stiftadmont.at\/blog\/oktoberfest-mit-pensionierungsfeier-von-gabi-eckmann\/#article","isPartOf":{"@id":"https:\/\/stiftadmont.at\/blog\/oktoberfest-mit-pensionierungsfeier-von-gabi-eckmann\/"},"author":{"name":"Mario Brandm\u00fcller","@id":"https:\/\/stiftadmont.at\/#\/schema\/person\/30535548b241d5f33a2e8b839db11869"},"headline":"Oktoberfest mit Pensionierungsfeier von Gabi Eckmann","datePublished":"2019-10-22T10:00:00+00:00","dateModified":"2022-05-29T09:12:05+00:00","mainEntityOfPage":{"@id":"https:\/\/stiftadmont.at\/blog\/oktoberfest-mit-pensionierungsfeier-von-gabi-eckmann\/"},"wordCount":6,"image":{"@id":"https:\/\/stiftadmont.at\/blog\/oktoberfest-mit-pensionierungsfeier-von-gabi-eckmann\/#primaryimage"},"thumbnailUrl":"https:\/\/stiftadmont.at\/wp-content\/uploads\/Pflegeheim-St.-Benedikt-Oktoberfest-mit-Pensionierungsfeier-2019-3.jpg","articleSection":["Einrichtungen aktuell"],"inLanguage":"fr-FR"},{"@type":"WebPage","@id":"https:\/\/stiftadmont.at\/blog\/oktoberfest-mit-pensionierungsfeier-von-gabi-eckmann\/","url":"https:\/\/stiftadmont.at\/blog\/oktoberfest-mit-pensionierungsfeier-von-gabi-eckmann\/","name":"Oktoberfest et f\u00eate de d\u00e9part \u00e0 la retraite de Gabi Eckmann - Stift Admont","isPartOf":{"@id":"https:\/\/stiftadmont.at\/#website"},"primaryImageOfPage":{"@id":"https:\/\/stiftadmont.at\/blog\/oktoberfest-mit-pensionierungsfeier-von-gabi-eckmann\/#primaryimage"},"image":{"@id":"https:\/\/stiftadmont.at\/blog\/oktoberfest-mit-pensionierungsfeier-von-gabi-eckmann\/#primaryimage"},"thumbnailUrl":"https:\/\/stiftadmont.at\/wp-content\/uploads\/Pflegeheim-St.-Benedikt-Oktoberfest-mit-Pensionierungsfeier-2019-3.jpg","datePublished":"2019-10-22T10:00:00+00:00","dateModified":"2022-05-29T09:12:05+00:00","author":{"@id":"https:\/\/stiftadmont.at\/#\/schema\/person\/30535548b241d5f33a2e8b839db11869"},"description":"Lisez les informations actuelles sur le th\u00e8me de l'Oktoberfest avec la f\u00eate de d\u00e9part \u00e0 la retraite de Gabi Eckmann et bien d'autres informations sur le couvent et la paroisse d'Admont.","breadcrumb":{"@id":"https:\/\/stiftadmont.at\/blog\/oktoberfest-mit-pensionierungsfeier-von-gabi-eckmann\/#breadcrumb"},"inLanguage":"fr-FR","potentialAction":[{"@type":"ReadAction","target":["https:\/\/stiftadmont.at\/blog\/oktoberfest-mit-pensionierungsfeier-von-gabi-eckmann\/"]}]},{"@type":"ImageObject","inLanguage":"fr-FR","@id":"https:\/\/stiftadmont.at\/blog\/oktoberfest-mit-pensionierungsfeier-von-gabi-eckmann\/#primaryimage","url":"https:\/\/stiftadmont.at\/wp-content\/uploads\/Pflegeheim-St.-Benedikt-Oktoberfest-mit-Pensionierungsfeier-2019-3.jpg","contentUrl":"https:\/\/stiftadmont.at\/wp-content\/uploads\/Pflegeheim-St.-Benedikt-Oktoberfest-mit-Pensionierungsfeier-2019-3.jpg","width":1600,"height":1066,"caption":"Pflegeheim St. Benedikt Oktoberfest mit Pensionierungsfeier 2019 3"},{"@type":"BreadcrumbList","@id":"https:\/\/stiftadmont.at\/blog\/oktoberfest-mit-pensionierungsfeier-von-gabi-eckmann\/#breadcrumb","itemListElement":[{"@type":"ListItem","position":1,"name":"Start","item":"https:\/\/stiftadmont.at\/"},{"@type":"ListItem","position":2,"name":"Oktoberfest mit Pensionierungsfeier von Gabi Eckmann"}]},{"@type":"WebSite","@id":"https:\/\/stiftadmont.at\/#website","url":"https:\/\/stiftadmont.at\/","name":"Abbaye d'Admont","description":"Monast\u00e8re b\u00e9n\u00e9dictin et attraction touristique dans le Ges\u00e4use","potentialAction":[{"@type":"SearchAction","target":{"@type":"EntryPoint","urlTemplate":"https:\/\/stiftadmont.at\/?s={search_term_string}"},"query-input":{"@type":"PropertyValueSpecification","valueRequired":true,"valueName":"search_term_string"}}],"inLanguage":"fr-FR"},{"@type":"Person","@id":"https:\/\/stiftadmont.at\/#\/schema\/person\/30535548b241d5f33a2e8b839db11869","name":"Mario Brandm\u00fcller"}]}},"_links":{"self":[{"href":"https:\/\/stiftadmont.at\/fr\/wp-json\/wp\/v2\/posts\/11486","targetHints":{"allow":["GET"]}}],"collection":[{"href":"https:\/\/stiftadmont.at\/fr\/wp-json\/wp\/v2\/posts"}],"about":[{"href":"https:\/\/stiftadmont.at\/fr\/wp-json\/wp\/v2\/types\/post"}],"author":[{"embeddable":true,"href":"https:\/\/stiftadmont.at\/fr\/wp-json\/wp\/v2\/users\/7"}],"replies":[{"embeddable":true,"href":"https:\/\/stiftadmont.at\/fr\/wp-json\/wp\/v2\/comments?post=11486"}],"version-history":[{"count":5,"href":"https:\/\/stiftadmont.at\/fr\/wp-json\/wp\/v2\/posts\/11486\/revisions"}],"predecessor-version":[{"id":11509,"href":"https:\/\/stiftadmont.at\/fr\/wp-json\/wp\/v2\/posts\/11486\/revisions\/11509"}],"wp:featuredmedia":[{"embeddable":true,"href":"https:\/\/stiftadmont.at\/fr\/wp-json\/wp\/v2\/media\/11489"}],"wp:attachment":[{"href":"https:\/\/stiftadmont.at\/fr\/wp-json\/wp\/v2\/media?parent=11486"}],"wp:term":[{"taxonomy":"category","embeddable":true,"href":"https:\/\/stiftadmont.at\/fr\/wp-json\/wp\/v2\/categories?post=11486"}],"curies":[{"name":"wp","href":"https:\/\/api.w.org\/{rel}","templated":true}]}}