{"id":11517,"date":"2019-03-01T12:00:00","date_gmt":"2019-03-01T10:00:00","guid":{"rendered":"https:\/\/stiftadmont.at\/?p=11517"},"modified":"2022-05-29T11:28:15","modified_gmt":"2022-05-29T09:28:15","slug":"journee-portes-ouvertes-du-jardin-botanique-du-college","status":"publish","type":"post","link":"https:\/\/stiftadmont.at\/fr\/blog\/tag-der-offenen-stiftsgaertnerei\/","title":{"rendered":"Journ\u00e9e portes ouvertes de la p\u00e9pini\u00e8re de l'abbaye"},"content":{"rendered":"<section id='lightpress__section--block_62933a9295616' class='lightpress__section--default-section-space lightpress__section lightpress__section--content'><div class=\"content__inner\"\n         x-init=\"initContentBlockAnim($el)\">\n        \n    <div class=\"content__grid content__grid\">\n                                            <div class=\"content__box content__box--one-hundred\"\n                 style=\"\">\n                                \n                \n                                            <div class=\"prose\"><h2 class=\"heading-xxl line line--gold\">Journ\u00e9e portes ouvertes de la p\u00e9pini\u00e8re de l'abbaye<\/h2>\n<p>Vendredi 1er mars 2019<\/p>\n<p>Lors de la journ\u00e9e portes ouvertes de l'abbaye d'Admont de cette ann\u00e9e, nous avons pr\u00e9par\u00e9 les \"sucreries\" suivantes :<\/p>\n<ul>\n<li>-10 % sur tout<\/li>\n<li>Fleur de l'ann\u00e9e<\/li>\n<li>L\u00e9gume de l'ann\u00e9e<\/li>\n<li>Jeu-concours<\/li>\n<li>Cadeau surprise pour les enfants<\/li>\n<li>Art floral chez Blumenhaus<\/li>\n<li>-10 % sur tous les vins<\/li>\n<\/ul>\n<p>Nous nous r\u00e9jouissons de votre visite !<\/p>\n<\/div>\n                    \n                            <\/div>\n        \n            <\/div>\n<\/div>\n\n<\/section>","protected":false},"excerpt":{"rendered":"<p>Le samedi 27 avril 2019 aura lieu la journ\u00e9e portes ouvertes de la p\u00e9pini\u00e8re de l'abbaye d'Admont, de 08h00 \u00e0 18h00.<\/p>","protected":false},"author":7,"featured_media":11522,"comment_status":"closed","ping_status":"closed","sticky":false,"template":"","format":"standard","meta":{"_acf_changed":false,"footnotes":""},"categories":[23],"class_list":["post-11517","post","type-post","status-publish","format-standard","has-post-thumbnail","hentry","category-einrichtungen-aktuell"],"acf":[],"yoast_head":"<!-- This site is optimized with the Yoast SEO Premium plugin v26.0 (Yoast SEO v26.8) - https:\/\/yoast.com\/product\/yoast-seo-premium-wordpress\/ -->\n<title>Tag der offenen Stiftsg\u00e4rtnerei - Stift Admont<\/title>\n<meta name=\"description\" content=\"Lesen Sie aktuelle Informationen zum Thema Tag der offenen Stiftsg\u00e4rtnerei und vieles mehr aus dem Konvent und der Pfarre Admont.\" \/>\n<meta name=\"robots\" content=\"index, follow, max-snippet:-1, max-image-preview:large, max-video-preview:-1\" \/>\n<link rel=\"canonical\" href=\"https:\/\/stiftadmont.at\/fr\/blog\/journee-portes-ouvertes-du-jardin-botanique-du-college\/\" \/>\n<meta property=\"og:locale\" content=\"fr_FR\" \/>\n<meta property=\"og:type\" content=\"article\" \/>\n<meta property=\"og:title\" content=\"Tag der offenen Stiftsg\u00e4rtnerei\" \/>\n<meta property=\"og:description\" content=\"Lesen Sie aktuelle Informationen zum Thema Tag der offenen Stiftsg\u00e4rtnerei und vieles mehr aus dem Konvent und der Pfarre Admont.\" \/>\n<meta property=\"og:url\" content=\"https:\/\/stiftadmont.at\/fr\/blog\/journee-portes-ouvertes-du-jardin-botanique-du-college\/\" \/>\n<meta property=\"og:site_name\" content=\"Stift Admont\" \/>\n<meta property=\"article:published_time\" content=\"2019-03-01T10:00:00+00:00\" \/>\n<meta property=\"article:modified_time\" content=\"2022-05-29T09:28:15+00:00\" \/>\n<meta property=\"og:image\" content=\"https:\/\/stiftadmont.at\/wp-content\/uploads\/Blumenhaus.jpg\" \/>\n\t<meta property=\"og:image:width\" content=\"853\" \/>\n\t<meta property=\"og:image:height\" content=\"640\" \/>\n\t<meta property=\"og:image:type\" content=\"image\/jpeg\" \/>\n<meta name=\"author\" content=\"Mario Brandm\u00fcller\" \/>\n<meta name=\"twitter:card\" content=\"summary_large_image\" \/>\n<meta name=\"twitter:label1\" content=\"\u00c9crit par\" \/>\n\t<meta name=\"twitter:data1\" content=\"Mario Brandm\u00fcller\" \/>\n<script type=\"application\/ld+json\" class=\"yoast-schema-graph\">{\"@context\":\"https:\/\/schema.org\",\"@graph\":[{\"@type\":\"Article\",\"@id\":\"https:\/\/stiftadmont.at\/blog\/tag-der-offenen-stiftsgaertnerei\/#article\",\"isPartOf\":{\"@id\":\"https:\/\/stiftadmont.at\/blog\/tag-der-offenen-stiftsgaertnerei\/\"},\"author\":{\"name\":\"Mario Brandm\u00fcller\",\"@id\":\"https:\/\/stiftadmont.at\/#\/schema\/person\/30535548b241d5f33a2e8b839db11869\"},\"headline\":\"Tag der offenen Stiftsg\u00e4rtnerei\",\"datePublished\":\"2019-03-01T10:00:00+00:00\",\"dateModified\":\"2022-05-29T09:28:15+00:00\",\"mainEntityOfPage\":{\"@id\":\"https:\/\/stiftadmont.at\/blog\/tag-der-offenen-stiftsgaertnerei\/\"},\"wordCount\":5,\"image\":{\"@id\":\"https:\/\/stiftadmont.at\/blog\/tag-der-offenen-stiftsgaertnerei\/#primaryimage\"},\"thumbnailUrl\":\"https:\/\/stiftadmont.at\/wp-content\/uploads\/Blumenhaus.jpg\",\"articleSection\":[\"Einrichtungen aktuell\"],\"inLanguage\":\"fr-FR\"},{\"@type\":\"WebPage\",\"@id\":\"https:\/\/stiftadmont.at\/blog\/tag-der-offenen-stiftsgaertnerei\/\",\"url\":\"https:\/\/stiftadmont.at\/blog\/tag-der-offenen-stiftsgaertnerei\/\",\"name\":\"Tag der offenen Stiftsg\u00e4rtnerei - Stift Admont\",\"isPartOf\":{\"@id\":\"https:\/\/stiftadmont.at\/#website\"},\"primaryImageOfPage\":{\"@id\":\"https:\/\/stiftadmont.at\/blog\/tag-der-offenen-stiftsgaertnerei\/#primaryimage\"},\"image\":{\"@id\":\"https:\/\/stiftadmont.at\/blog\/tag-der-offenen-stiftsgaertnerei\/#primaryimage\"},\"thumbnailUrl\":\"https:\/\/stiftadmont.at\/wp-content\/uploads\/Blumenhaus.jpg\",\"datePublished\":\"2019-03-01T10:00:00+00:00\",\"dateModified\":\"2022-05-29T09:28:15+00:00\",\"author\":{\"@id\":\"https:\/\/stiftadmont.at\/#\/schema\/person\/30535548b241d5f33a2e8b839db11869\"},\"description\":\"Lesen Sie aktuelle Informationen zum Thema Tag der offenen Stiftsg\u00e4rtnerei und vieles mehr aus dem Konvent und der Pfarre Admont.\",\"breadcrumb\":{\"@id\":\"https:\/\/stiftadmont.at\/blog\/tag-der-offenen-stiftsgaertnerei\/#breadcrumb\"},\"inLanguage\":\"fr-FR\",\"potentialAction\":[{\"@type\":\"ReadAction\",\"target\":[\"https:\/\/stiftadmont.at\/blog\/tag-der-offenen-stiftsgaertnerei\/\"]}]},{\"@type\":\"ImageObject\",\"inLanguage\":\"fr-FR\",\"@id\":\"https:\/\/stiftadmont.at\/blog\/tag-der-offenen-stiftsgaertnerei\/#primaryimage\",\"url\":\"https:\/\/stiftadmont.at\/wp-content\/uploads\/Blumenhaus.jpg\",\"contentUrl\":\"https:\/\/stiftadmont.at\/wp-content\/uploads\/Blumenhaus.jpg\",\"width\":853,\"height\":640,\"caption\":\"Blumenhaus\"},{\"@type\":\"BreadcrumbList\",\"@id\":\"https:\/\/stiftadmont.at\/blog\/tag-der-offenen-stiftsgaertnerei\/#breadcrumb\",\"itemListElement\":[{\"@type\":\"ListItem\",\"position\":1,\"name\":\"Start\",\"item\":\"https:\/\/stiftadmont.at\/\"},{\"@type\":\"ListItem\",\"position\":2,\"name\":\"Tag der offenen Stiftsg\u00e4rtnerei\"}]},{\"@type\":\"WebSite\",\"@id\":\"https:\/\/stiftadmont.at\/#website\",\"url\":\"https:\/\/stiftadmont.at\/\",\"name\":\"Stift Admont\",\"description\":\"Benediktinerkloster und Sehensw\u00fcrdigkeit im Ges\u00e4use\",\"potentialAction\":[{\"@type\":\"SearchAction\",\"target\":{\"@type\":\"EntryPoint\",\"urlTemplate\":\"https:\/\/stiftadmont.at\/?s={search_term_string}\"},\"query-input\":{\"@type\":\"PropertyValueSpecification\",\"valueRequired\":true,\"valueName\":\"search_term_string\"}}],\"inLanguage\":\"fr-FR\"},{\"@type\":\"Person\",\"@id\":\"https:\/\/stiftadmont.at\/#\/schema\/person\/30535548b241d5f33a2e8b839db11869\",\"name\":\"Mario Brandm\u00fcller\"}]}<\/script>\n<!-- \/ Yoast SEO Premium plugin. -->","yoast_head_json":{"title":"Journ\u00e9e portes ouvertes de la p\u00e9pini\u00e8re de l'abbaye - Stift Admont","description":"Lisez les informations actuelles sur le th\u00e8me de la journ\u00e9e portes ouvertes de la p\u00e9pini\u00e8re de l'abbaye et bien d'autres informations sur le couvent et la paroisse d'Admont.","robots":{"index":"index","follow":"follow","max-snippet":"max-snippet:-1","max-image-preview":"max-image-preview:large","max-video-preview":"max-video-preview:-1"},"canonical":"https:\/\/stiftadmont.at\/fr\/blog\/journee-portes-ouvertes-du-jardin-botanique-du-college\/","og_locale":"fr_FR","og_type":"article","og_title":"Tag der offenen Stiftsg\u00e4rtnerei","og_description":"Lesen Sie aktuelle Informationen zum Thema Tag der offenen Stiftsg\u00e4rtnerei und vieles mehr aus dem Konvent und der Pfarre Admont.","og_url":"https:\/\/stiftadmont.at\/fr\/blog\/journee-portes-ouvertes-du-jardin-botanique-du-college\/","og_site_name":"Stift Admont","article_published_time":"2019-03-01T10:00:00+00:00","article_modified_time":"2022-05-29T09:28:15+00:00","og_image":[{"width":853,"height":640,"url":"https:\/\/stiftadmont.at\/wp-content\/uploads\/Blumenhaus.jpg","type":"image\/jpeg"}],"author":"Mario Brandm\u00fcller","twitter_card":"summary_large_image","twitter_misc":{"\u00c9crit par":"Mario Brandm\u00fcller"},"schema":{"@context":"https:\/\/schema.org","@graph":[{"@type":"Article","@id":"https:\/\/stiftadmont.at\/blog\/tag-der-offenen-stiftsgaertnerei\/#article","isPartOf":{"@id":"https:\/\/stiftadmont.at\/blog\/tag-der-offenen-stiftsgaertnerei\/"},"author":{"name":"Mario Brandm\u00fcller","@id":"https:\/\/stiftadmont.at\/#\/schema\/person\/30535548b241d5f33a2e8b839db11869"},"headline":"Tag der offenen Stiftsg\u00e4rtnerei","datePublished":"2019-03-01T10:00:00+00:00","dateModified":"2022-05-29T09:28:15+00:00","mainEntityOfPage":{"@id":"https:\/\/stiftadmont.at\/blog\/tag-der-offenen-stiftsgaertnerei\/"},"wordCount":5,"image":{"@id":"https:\/\/stiftadmont.at\/blog\/tag-der-offenen-stiftsgaertnerei\/#primaryimage"},"thumbnailUrl":"https:\/\/stiftadmont.at\/wp-content\/uploads\/Blumenhaus.jpg","articleSection":["Einrichtungen aktuell"],"inLanguage":"fr-FR"},{"@type":"WebPage","@id":"https:\/\/stiftadmont.at\/blog\/tag-der-offenen-stiftsgaertnerei\/","url":"https:\/\/stiftadmont.at\/blog\/tag-der-offenen-stiftsgaertnerei\/","name":"Journ\u00e9e portes ouvertes de la p\u00e9pini\u00e8re de l'abbaye - Stift Admont","isPartOf":{"@id":"https:\/\/stiftadmont.at\/#website"},"primaryImageOfPage":{"@id":"https:\/\/stiftadmont.at\/blog\/tag-der-offenen-stiftsgaertnerei\/#primaryimage"},"image":{"@id":"https:\/\/stiftadmont.at\/blog\/tag-der-offenen-stiftsgaertnerei\/#primaryimage"},"thumbnailUrl":"https:\/\/stiftadmont.at\/wp-content\/uploads\/Blumenhaus.jpg","datePublished":"2019-03-01T10:00:00+00:00","dateModified":"2022-05-29T09:28:15+00:00","author":{"@id":"https:\/\/stiftadmont.at\/#\/schema\/person\/30535548b241d5f33a2e8b839db11869"},"description":"Lisez les informations actuelles sur le th\u00e8me de la journ\u00e9e portes ouvertes de la p\u00e9pini\u00e8re de l'abbaye et bien d'autres informations sur le couvent et la paroisse d'Admont.","breadcrumb":{"@id":"https:\/\/stiftadmont.at\/blog\/tag-der-offenen-stiftsgaertnerei\/#breadcrumb"},"inLanguage":"fr-FR","potentialAction":[{"@type":"ReadAction","target":["https:\/\/stiftadmont.at\/blog\/tag-der-offenen-stiftsgaertnerei\/"]}]},{"@type":"ImageObject","inLanguage":"fr-FR","@id":"https:\/\/stiftadmont.at\/blog\/tag-der-offenen-stiftsgaertnerei\/#primaryimage","url":"https:\/\/stiftadmont.at\/wp-content\/uploads\/Blumenhaus.jpg","contentUrl":"https:\/\/stiftadmont.at\/wp-content\/uploads\/Blumenhaus.jpg","width":853,"height":640,"caption":"Blumenhaus"},{"@type":"BreadcrumbList","@id":"https:\/\/stiftadmont.at\/blog\/tag-der-offenen-stiftsgaertnerei\/#breadcrumb","itemListElement":[{"@type":"ListItem","position":1,"name":"Start","item":"https:\/\/stiftadmont.at\/"},{"@type":"ListItem","position":2,"name":"Tag der offenen Stiftsg\u00e4rtnerei"}]},{"@type":"WebSite","@id":"https:\/\/stiftadmont.at\/#website","url":"https:\/\/stiftadmont.at\/","name":"Abbaye d'Admont","description":"Monast\u00e8re b\u00e9n\u00e9dictin et attraction touristique dans le Ges\u00e4use","potentialAction":[{"@type":"SearchAction","target":{"@type":"EntryPoint","urlTemplate":"https:\/\/stiftadmont.at\/?s={search_term_string}"},"query-input":{"@type":"PropertyValueSpecification","valueRequired":true,"valueName":"search_term_string"}}],"inLanguage":"fr-FR"},{"@type":"Person","@id":"https:\/\/stiftadmont.at\/#\/schema\/person\/30535548b241d5f33a2e8b839db11869","name":"Mario Brandm\u00fcller"}]}},"_links":{"self":[{"href":"https:\/\/stiftadmont.at\/fr\/wp-json\/wp\/v2\/posts\/11517","targetHints":{"allow":["GET"]}}],"collection":[{"href":"https:\/\/stiftadmont.at\/fr\/wp-json\/wp\/v2\/posts"}],"about":[{"href":"https:\/\/stiftadmont.at\/fr\/wp-json\/wp\/v2\/types\/post"}],"author":[{"embeddable":true,"href":"https:\/\/stiftadmont.at\/fr\/wp-json\/wp\/v2\/users\/7"}],"replies":[{"embeddable":true,"href":"https:\/\/stiftadmont.at\/fr\/wp-json\/wp\/v2\/comments?post=11517"}],"version-history":[{"count":10,"href":"https:\/\/stiftadmont.at\/fr\/wp-json\/wp\/v2\/posts\/11517\/revisions"}],"predecessor-version":[{"id":11529,"href":"https:\/\/stiftadmont.at\/fr\/wp-json\/wp\/v2\/posts\/11517\/revisions\/11529"}],"wp:featuredmedia":[{"embeddable":true,"href":"https:\/\/stiftadmont.at\/fr\/wp-json\/wp\/v2\/media\/11522"}],"wp:attachment":[{"href":"https:\/\/stiftadmont.at\/fr\/wp-json\/wp\/v2\/media?parent=11517"}],"wp:term":[{"taxonomy":"category","embeddable":true,"href":"https:\/\/stiftadmont.at\/fr\/wp-json\/wp\/v2\/categories?post=11517"}],"curies":[{"name":"wp","href":"https:\/\/api.w.org\/{rel}","templated":true}]}}