{"id":11530,"date":"2019-04-08T12:00:00","date_gmt":"2019-04-08T10:00:00","guid":{"rendered":"https:\/\/stiftadmont.at\/?p=11530"},"modified":"2023-09-12T11:19:29","modified_gmt":"2023-09-12T09:19:29","slug":"wolfgang-moser-a-assure-un-spectacle-de-magie-de-grande-classe","status":"publish","type":"post","link":"https:\/\/stiftadmont.at\/fr\/blog\/wolfgang-moser-sorgte-fuer-eine-zauber-show-der-extraklasse\/","title":{"rendered":"Wolfgang Moser a assur\u00e9 un spectacle de magie de grande classe"},"content":{"rendered":"<section id='lightpress__section--block_e6364c5a2997d84f57a46f04ccf94f47' class='lightpress__section--default-section-space lightpress__section lightpress__section--content'><div class=\"content__inner\"\n         x-init=\"initContentBlockAnim($el)\">\n        \n    <div class=\"content__grid content__grid\">\n                                            <div class=\"content__box content__box--one-hundred\"\n                 style=\"\">\n                                \n                \n                                            <div class=\"prose\"><p><strong>Montag, 8. April 2019<\/strong><\/p>\n<p>Im v\u00f6llig ausverkauften Festsaal des Stiftes Admont sorgte Wolfgang Moser \u2013 einer der besten Magier der Welt \u2013 f\u00fcr eine Show der Extraklasse. Wolfgang Moser ist \u00d6sterreichs Aush\u00e4ngeschild in Sachen Zauberei, amtierender Vize-Weltmeister und mehrfacher \u00f6sterreichischer Staatsmeister der Magie. Er zeigte den Zuschauern im komplett ausverkauften Festsaal des Stiftes Admont seine hochkar\u00e4tige Zauberkunst. \u201eSo eine beeindruckende Show habe ich noch nie gesehen. Das Publikum war durch die Bank begeistert,\u201c so Mario Brandm\u00fcller, Leiter f\u00fcr Kultur, Tourismus und PR im Stift Admont. Wir haben im J\u00e4nner schon die meisten Tickets verkauft und mehr als 100 Personen auf der Warteliste gehabt. Nachdem wir seit der Show so viele positive R\u00fcckmeldungen bekommen haben, werden wir im kommenden Jahr ein \u201eMagie-Feuerwerk\u201c im Stift Admont entz\u00fcnden\u2026 So viel kann ich schon verraten, es werden die allerbesten Magier der Welt in Admont auftreten, so Brandm\u00fcller.\u00a0<\/p>\n<\/div>\n                    \n                            <\/div>\n        \n            <\/div>\n<\/div>\n\n<\/section>\n\n<section id='lightpress__section--block_980c6c69ff3f5d5ab935b6e2d0711197' class='lightpress__section--default-section-space lightpress__section lightpress__section--image-slider'>\n<div class=\"image-slider\"\n     x-data=\"{ gallery: null, shown: false }\"\n     x-init=\"gallery = initSliderGallery([{&quot;href&quot;:&quot;https:\\\/\\\/stiftadmont.at\\\/wp-content\\\/uploads\\\/Stift-Admont-Zauberer-Wolfgang-Moser-2019-1.jpg&quot;,&quot;type&quot;:&quot;image&quot;},{&quot;href&quot;:&quot;https:\\\/\\\/stiftadmont.at\\\/wp-content\\\/uploads\\\/Stift-Admont-Zauberer-Wolfgang-Moser-2019-2.jpg&quot;,&quot;type&quot;:&quot;image&quot;},{&quot;href&quot;:&quot;https:\\\/\\\/stiftadmont.at\\\/wp-content\\\/uploads\\\/Stift-Admont-Zauberer-Wolfgang-Moser-2019-3.jpg&quot;,&quot;type&quot;:&quot;image&quot;},{&quot;href&quot;:&quot;https:\\\/\\\/stiftadmont.at\\\/wp-content\\\/uploads\\\/Stift-Admont-Zauberer-Wolfgang-Moser-2019-4.jpg&quot;,&quot;type&quot;:&quot;image&quot;},{&quot;href&quot;:&quot;https:\\\/\\\/stiftadmont.at\\\/wp-content\\\/uploads\\\/Stift-Admont-Zauberer-Wolfgang-Moser-2019-5.jpg&quot;,&quot;type&quot;:&quot;image&quot;},{&quot;href&quot;:&quot;https:\\\/\\\/stiftadmont.at\\\/wp-content\\\/uploads\\\/Stift-Admont-Zauberer-Wolfgang-Moser-2019-6.jpg&quot;,&quot;type&quot;:&quot;image&quot;},{&quot;href&quot;:&quot;https:\\\/\\\/stiftadmont.at\\\/wp-content\\\/uploads\\\/Stift-Admont-Zauberer-Wolfgang-Moser-2019-7.jpg&quot;,&quot;type&quot;:&quot;image&quot;},{&quot;href&quot;:&quot;https:\\\/\\\/stiftadmont.at\\\/wp-content\\\/uploads\\\/Stift-Admont-Zauberer-Wolfgang-Moser-2019-8.jpg&quot;,&quot;type&quot;:&quot;image&quot;},{&quot;href&quot;:&quot;https:\\\/\\\/stiftadmont.at\\\/wp-content\\\/uploads\\\/Stift-Admont-Zauberer-Wolfgang-Moser-2019-9.jpg&quot;,&quot;type&quot;:&quot;image&quot;},{&quot;href&quot;:&quot;https:\\\/\\\/stiftadmont.at\\\/wp-content\\\/uploads\\\/Stift-Admont-Zauberer-Wolfgang-Moser-2019-10.jpg&quot;,&quot;type&quot;:&quot;image&quot;},{&quot;href&quot;:&quot;https:\\\/\\\/stiftadmont.at\\\/wp-content\\\/uploads\\\/Stift-Admont-Zauberer-Wolfgang-Moser-2019-11.jpg&quot;,&quot;type&quot;:&quot;image&quot;},{&quot;href&quot;:&quot;https:\\\/\\\/stiftadmont.at\\\/wp-content\\\/uploads\\\/Stift-Admont-Zauberer-Wolfgang-Moser-2019-12.jpg&quot;,&quot;type&quot;:&quot;image&quot;},{&quot;href&quot;:&quot;https:\\\/\\\/stiftadmont.at\\\/wp-content\\\/uploads\\\/Stift-Admont-Zauberer-Wolfgang-Moser-2019-13.jpg&quot;,&quot;type&quot;:&quot;image&quot;},{&quot;href&quot;:&quot;https:\\\/\\\/stiftadmont.at\\\/wp-content\\\/uploads\\\/Stift-Admont-Zauberer-Wolfgang-Moser-2019-14.jpg&quot;,&quot;type&quot;:&quot;image&quot;},{&quot;href&quot;:&quot;https:\\\/\\\/stiftadmont.at\\\/wp-content\\\/uploads\\\/Stift-Admont-Zauberer-Wolfgang-Moser-2019-15.jpg&quot;,&quot;type&quot;:&quot;image&quot;},{&quot;href&quot;:&quot;https:\\\/\\\/stiftadmont.at\\\/wp-content\\\/uploads\\\/Stift-Admont-Zauberer-Wolfgang-Moser-2019-16.jpg&quot;,&quot;type&quot;:&quot;image&quot;},{&quot;href&quot;:&quot;https:\\\/\\\/stiftadmont.at\\\/wp-content\\\/uploads\\\/Stift-Admont-Zauberer-Wolfgang-Moser-2019-17.jpg&quot;,&quot;type&quot;:&quot;image&quot;},{&quot;href&quot;:&quot;https:\\\/\\\/stiftadmont.at\\\/wp-content\\\/uploads\\\/Stift-Admont-Zauberer-Wolfgang-Moser-2019-18.jpg&quot;,&quot;type&quot;:&quot;image&quot;},{&quot;href&quot;:&quot;https:\\\/\\\/stiftadmont.at\\\/wp-content\\\/uploads\\\/Stift-Admont-Zauberer-Wolfgang-Moser-2019-19.jpg&quot;,&quot;type&quot;:&quot;image&quot;},{&quot;href&quot;:&quot;https:\\\/\\\/stiftadmont.at\\\/wp-content\\\/uploads\\\/Stift-Admont-Zauberer-Wolfgang-Moser-2019-20.jpg&quot;,&quot;type&quot;:&quot;image&quot;},{&quot;href&quot;:&quot;https:\\\/\\\/stiftadmont.at\\\/wp-content\\\/uploads\\\/Stift-Admont-Zauberer-Wolfgang-Moser-2019-21.jpg&quot;,&quot;type&quot;:&quot;image&quot;}]); initImageSliderBlockAnim($el);\">\n    <div class=\"image-slider__inner\">\n\n        <div class=\"swiper-container\" x-init=\"initImageSliderBlock($el, $refs.btnPrev, $refs.btnNext)\">\n            <div class=\"swiper-wrapper\">\n                                    <div class=\"swiper-slide\">\n                        <div class=\"image-slider__media\">\n                            <img decoding=\"async\" class=\"image-slider__image\"\n                                 src=\"https:\/\/stiftadmont.at\/wp-content\/uploads\/Stift-Admont-Zauberer-Wolfgang-Moser-2019-1-768x512.jpg\"\n                                 alt=\"Stift Admont Zauberer Wolfgang Moser 2019 1\">\n                        <\/div>\n                    <\/div>\n                                    <div class=\"swiper-slide\">\n                        <div class=\"image-slider__media\">\n                            <img decoding=\"async\" class=\"image-slider__image\"\n                                 src=\"https:\/\/stiftadmont.at\/wp-content\/uploads\/Stift-Admont-Zauberer-Wolfgang-Moser-2019-2-768x512.jpg\"\n                                 alt=\"Stift Admont Zauberer Wolfgang Moser 2019 2\">\n                        <\/div>\n                    <\/div>\n                                    <div class=\"swiper-slide\">\n                        <div class=\"image-slider__media\">\n                            <img decoding=\"async\" class=\"image-slider__image\"\n                                 src=\"https:\/\/stiftadmont.at\/wp-content\/uploads\/Stift-Admont-Zauberer-Wolfgang-Moser-2019-3-768x512.jpg\"\n                                 alt=\"Stift Admont Zauberer Wolfgang Moser 2019 3\">\n                        <\/div>\n                    <\/div>\n                                    <div class=\"swiper-slide\">\n                        <div class=\"image-slider__media\">\n                            <img decoding=\"async\" class=\"image-slider__image\"\n                                 src=\"https:\/\/stiftadmont.at\/wp-content\/uploads\/Stift-Admont-Zauberer-Wolfgang-Moser-2019-4-768x512.jpg\"\n                                 alt=\"Stift Admont Zauberer Wolfgang Moser 2019 4\">\n                        <\/div>\n                    <\/div>\n                                    <div class=\"swiper-slide\">\n                        <div class=\"image-slider__media\">\n                            <img decoding=\"async\" class=\"image-slider__image\"\n                                 src=\"https:\/\/stiftadmont.at\/wp-content\/uploads\/Stift-Admont-Zauberer-Wolfgang-Moser-2019-5-768x1152.jpg\"\n                                 alt=\"Stift Admont Zauberer Wolfgang Moser 2019 5\">\n                        <\/div>\n                    <\/div>\n                                    <div class=\"swiper-slide\">\n                        <div class=\"image-slider__media\">\n                            <img decoding=\"async\" class=\"image-slider__image\"\n                                 src=\"https:\/\/stiftadmont.at\/wp-content\/uploads\/Stift-Admont-Zauberer-Wolfgang-Moser-2019-6-768x512.jpg\"\n                                 alt=\"Stift Admont Zauberer Wolfgang Moser 2019 6\">\n                        <\/div>\n                    <\/div>\n                                    <div class=\"swiper-slide\">\n                        <div class=\"image-slider__media\">\n                            <img decoding=\"async\" class=\"image-slider__image\"\n                                 src=\"https:\/\/stiftadmont.at\/wp-content\/uploads\/Stift-Admont-Zauberer-Wolfgang-Moser-2019-7-768x512.jpg\"\n                                 alt=\"Stift Admont Zauberer Wolfgang Moser 2019 7\">\n                        <\/div>\n                    <\/div>\n                                    <div class=\"swiper-slide\">\n                        <div class=\"image-slider__media\">\n                            <img decoding=\"async\" class=\"image-slider__image\"\n                                 src=\"https:\/\/stiftadmont.at\/wp-content\/uploads\/Stift-Admont-Zauberer-Wolfgang-Moser-2019-8-768x1152.jpg\"\n                                 alt=\"Stift Admont Zauberer Wolfgang Moser 2019 8\">\n                        <\/div>\n                    <\/div>\n                                    <div class=\"swiper-slide\">\n                        <div class=\"image-slider__media\">\n                            <img decoding=\"async\" class=\"image-slider__image\"\n                                 src=\"https:\/\/stiftadmont.at\/wp-content\/uploads\/Stift-Admont-Zauberer-Wolfgang-Moser-2019-9-768x512.jpg\"\n                                 alt=\"Stift Admont Zauberer Wolfgang Moser 2019 9\">\n                        <\/div>\n                    <\/div>\n                                    <div class=\"swiper-slide\">\n                        <div class=\"image-slider__media\">\n                            <img decoding=\"async\" class=\"image-slider__image\"\n                                 src=\"https:\/\/stiftadmont.at\/wp-content\/uploads\/Stift-Admont-Zauberer-Wolfgang-Moser-2019-10-768x512.jpg\"\n                                 alt=\"Stift Admont Zauberer Wolfgang Moser 2019 10\">\n                        <\/div>\n                    <\/div>\n                                    <div class=\"swiper-slide\">\n                        <div class=\"image-slider__media\">\n                            <img decoding=\"async\" class=\"image-slider__image\"\n                                 src=\"https:\/\/stiftadmont.at\/wp-content\/uploads\/Stift-Admont-Zauberer-Wolfgang-Moser-2019-11-768x1152.jpg\"\n                                 alt=\"Stift Admont Zauberer Wolfgang Moser 2019 11\">\n                        <\/div>\n                    <\/div>\n                                    <div class=\"swiper-slide\">\n                        <div class=\"image-slider__media\">\n                            <img decoding=\"async\" class=\"image-slider__image\"\n                                 src=\"https:\/\/stiftadmont.at\/wp-content\/uploads\/Stift-Admont-Zauberer-Wolfgang-Moser-2019-12-768x1152.jpg\"\n                                 alt=\"Stift Admont Zauberer Wolfgang Moser 2019 12\">\n                        <\/div>\n                    <\/div>\n                                    <div class=\"swiper-slide\">\n                        <div class=\"image-slider__media\">\n                            <img decoding=\"async\" class=\"image-slider__image\"\n                                 src=\"https:\/\/stiftadmont.at\/wp-content\/uploads\/Stift-Admont-Zauberer-Wolfgang-Moser-2019-13-768x512.jpg\"\n                                 alt=\"Stift Admont Zauberer Wolfgang Moser 2019 13\">\n                        <\/div>\n                    <\/div>\n                                    <div class=\"swiper-slide\">\n                        <div class=\"image-slider__media\">\n                            <img decoding=\"async\" class=\"image-slider__image\"\n                                 src=\"https:\/\/stiftadmont.at\/wp-content\/uploads\/Stift-Admont-Zauberer-Wolfgang-Moser-2019-14-768x512.jpg\"\n                                 alt=\"Stift Admont Zauberer Wolfgang Moser 2019 14\">\n                        <\/div>\n                    <\/div>\n                                    <div class=\"swiper-slide\">\n                        <div class=\"image-slider__media\">\n                            <img decoding=\"async\" class=\"image-slider__image\"\n                                 src=\"https:\/\/stiftadmont.at\/wp-content\/uploads\/Stift-Admont-Zauberer-Wolfgang-Moser-2019-15-768x512.jpg\"\n                                 alt=\"Stift Admont Zauberer Wolfgang Moser 2019 15\">\n                        <\/div>\n                    <\/div>\n                                    <div class=\"swiper-slide\">\n                        <div class=\"image-slider__media\">\n                            <img decoding=\"async\" class=\"image-slider__image\"\n                                 src=\"https:\/\/stiftadmont.at\/wp-content\/uploads\/Stift-Admont-Zauberer-Wolfgang-Moser-2019-16-768x512.jpg\"\n                                 alt=\"Stift Admont Zauberer Wolfgang Moser 2019 16\">\n                        <\/div>\n                    <\/div>\n                                    <div class=\"swiper-slide\">\n                        <div class=\"image-slider__media\">\n                            <img decoding=\"async\" class=\"image-slider__image\"\n                                 src=\"https:\/\/stiftadmont.at\/wp-content\/uploads\/Stift-Admont-Zauberer-Wolfgang-Moser-2019-17-768x512.jpg\"\n                                 alt=\"Stift Admont Zauberer Wolfgang Moser 2019 17\">\n                        <\/div>\n                    <\/div>\n                                    <div class=\"swiper-slide\">\n                        <div class=\"image-slider__media\">\n                            <img decoding=\"async\" class=\"image-slider__image\"\n                                 src=\"https:\/\/stiftadmont.at\/wp-content\/uploads\/Stift-Admont-Zauberer-Wolfgang-Moser-2019-18-768x512.jpg\"\n                                 alt=\"Stift Admont Zauberer Wolfgang Moser 2019 18\">\n                        <\/div>\n                    <\/div>\n                                    <div class=\"swiper-slide\">\n                        <div class=\"image-slider__media\">\n                            <img decoding=\"async\" class=\"image-slider__image\"\n                                 src=\"https:\/\/stiftadmont.at\/wp-content\/uploads\/Stift-Admont-Zauberer-Wolfgang-Moser-2019-19-768x512.jpg\"\n                                 alt=\"Stift Admont Zauberer Wolfgang Moser 2019 19\">\n                        <\/div>\n                    <\/div>\n                                    <div class=\"swiper-slide\">\n                        <div class=\"image-slider__media\">\n                            <img decoding=\"async\" class=\"image-slider__image\"\n                                 src=\"https:\/\/stiftadmont.at\/wp-content\/uploads\/Stift-Admont-Zauberer-Wolfgang-Moser-2019-20-768x512.jpg\"\n                                 alt=\"Stift Admont Zauberer Wolfgang Moser 2019 20\">\n                        <\/div>\n                    <\/div>\n                                    <div class=\"swiper-slide\">\n                        <div class=\"image-slider__media\">\n                            <img decoding=\"async\" class=\"image-slider__image\"\n                                 src=\"https:\/\/stiftadmont.at\/wp-content\/uploads\/Stift-Admont-Zauberer-Wolfgang-Moser-2019-21-768x576.jpg\"\n                                 alt=\"Stift Admont Zauberer Wolfgang Moser 2019 21\">\n                        <\/div>\n                    <\/div>\n                            <\/div>\n\n            <div class=\"swiper-nav-wrapper\">\n                <button class=\"swiper-button-prev slider-button--prev\" x-ref=\"btnPrev\"\n                        aria-label=\"Vorige Bilder anzeigen\">\n                    <img decoding=\"async\" src=\"\/wp-content\/themes\/stift-admont\/src\/assets\/img\/arrow-left-big-new.svg\" alt=\"Pfeil nach Links\">\n                <\/button>\n\n\n                <a class=\"image-slider__gallery\" @click=\"openGallery(gallery)\"><i class=\"fa-thin fa-plus\"><\/i><\/a>\n                <button class=\"swiper-button-next slider-button--next\"\n                        x-ref=\"btnNext\"\n                        aria-label=\"N\u00e4chste Bilder anzeigen\">\n                    <img decoding=\"async\" src=\"\/wp-content\/themes\/stift-admont\/src\/assets\/img\/arrow-right-big-new.svg\" alt=\"Pfeil nach Rechts\">\n                <\/button>\n            <\/div>\n        <\/div>\n    <\/div>\n\n\n<\/div><\/section>","protected":false},"excerpt":{"rendered":"<p>L'un des meilleurs magiciens du monde a enchant\u00e9 quelque 440 spectateurs samedi dernier \u00e0 l'abbaye d'Admont.<\/p>","protected":false},"author":7,"featured_media":11552,"comment_status":"closed","ping_status":"closed","sticky":false,"template":"","format":"standard","meta":{"_acf_changed":false,"footnotes":""},"categories":[23],"class_list":["post-11530","post","type-post","status-publish","format-standard","has-post-thumbnail","hentry","category-einrichtungen-aktuell"],"acf":[],"yoast_head":"<!-- This site is optimized with the Yoast SEO Premium plugin v26.0 (Yoast SEO v26.8) - https:\/\/yoast.com\/product\/yoast-seo-premium-wordpress\/ -->\n<title>Wolfgang Moser sorgte f\u00fcr eine Zauber-Show der Extraklasse - Stift Admont<\/title>\n<meta name=\"description\" content=\"Lesen Sie aktuelle Informationen zum Thema Wolfgang Moser sorgte f\u00fcr eine Zauber-Show der Extraklasse und vieles mehr aus dem Konvent und der Pfarre Admont.\" \/>\n<meta name=\"robots\" content=\"index, follow, max-snippet:-1, max-image-preview:large, max-video-preview:-1\" \/>\n<link rel=\"canonical\" href=\"https:\/\/stiftadmont.at\/fr\/blog\/wolfgang-moser-a-assure-un-spectacle-de-magie-de-grande-classe\/\" \/>\n<meta property=\"og:locale\" content=\"fr_FR\" \/>\n<meta property=\"og:type\" content=\"article\" \/>\n<meta property=\"og:title\" content=\"Wolfgang Moser sorgte f\u00fcr eine Zauber-Show der Extraklasse\" \/>\n<meta property=\"og:description\" content=\"Lesen Sie aktuelle Informationen zum Thema Wolfgang Moser sorgte f\u00fcr eine Zauber-Show der Extraklasse und vieles mehr aus dem Konvent und der Pfarre Admont.\" \/>\n<meta property=\"og:url\" content=\"https:\/\/stiftadmont.at\/fr\/blog\/wolfgang-moser-a-assure-un-spectacle-de-magie-de-grande-classe\/\" \/>\n<meta property=\"og:site_name\" content=\"Stift Admont\" \/>\n<meta property=\"article:published_time\" content=\"2019-04-08T10:00:00+00:00\" \/>\n<meta property=\"article:modified_time\" content=\"2023-09-12T09:19:29+00:00\" \/>\n<meta property=\"og:image\" content=\"https:\/\/stiftadmont.at\/wp-content\/uploads\/Stift-Admont-Zauberer-Wolfgang-Moser-2019-0.jpg\" \/>\n\t<meta property=\"og:image:width\" content=\"853\" \/>\n\t<meta property=\"og:image:height\" content=\"480\" \/>\n\t<meta property=\"og:image:type\" content=\"image\/jpeg\" \/>\n<meta name=\"author\" content=\"Mario Brandm\u00fcller\" \/>\n<meta name=\"twitter:card\" content=\"summary_large_image\" \/>\n<meta name=\"twitter:label1\" content=\"\u00c9crit par\" \/>\n\t<meta name=\"twitter:data1\" content=\"Mario Brandm\u00fcller\" \/>\n<script type=\"application\/ld+json\" class=\"yoast-schema-graph\">{\"@context\":\"https:\/\/schema.org\",\"@graph\":[{\"@type\":\"Article\",\"@id\":\"https:\/\/stiftadmont.at\/blog\/wolfgang-moser-sorgte-fuer-eine-zauber-show-der-extraklasse\/#article\",\"isPartOf\":{\"@id\":\"https:\/\/stiftadmont.at\/blog\/wolfgang-moser-sorgte-fuer-eine-zauber-show-der-extraklasse\/\"},\"author\":{\"name\":\"Mario Brandm\u00fcller\",\"@id\":\"https:\/\/stiftadmont.at\/#\/schema\/person\/30535548b241d5f33a2e8b839db11869\"},\"headline\":\"Wolfgang Moser sorgte f\u00fcr eine Zauber-Show der Extraklasse\",\"datePublished\":\"2019-04-08T10:00:00+00:00\",\"dateModified\":\"2023-09-12T09:19:29+00:00\",\"mainEntityOfPage\":{\"@id\":\"https:\/\/stiftadmont.at\/blog\/wolfgang-moser-sorgte-fuer-eine-zauber-show-der-extraklasse\/\"},\"wordCount\":9,\"image\":{\"@id\":\"https:\/\/stiftadmont.at\/blog\/wolfgang-moser-sorgte-fuer-eine-zauber-show-der-extraklasse\/#primaryimage\"},\"thumbnailUrl\":\"https:\/\/stiftadmont.at\/wp-content\/uploads\/Stift-Admont-Zauberer-Wolfgang-Moser-2019-0.jpg\",\"articleSection\":[\"Einrichtungen aktuell\"],\"inLanguage\":\"fr-FR\"},{\"@type\":\"WebPage\",\"@id\":\"https:\/\/stiftadmont.at\/blog\/wolfgang-moser-sorgte-fuer-eine-zauber-show-der-extraklasse\/\",\"url\":\"https:\/\/stiftadmont.at\/blog\/wolfgang-moser-sorgte-fuer-eine-zauber-show-der-extraklasse\/\",\"name\":\"Wolfgang Moser sorgte f\u00fcr eine Zauber-Show der Extraklasse - Stift Admont\",\"isPartOf\":{\"@id\":\"https:\/\/stiftadmont.at\/#website\"},\"primaryImageOfPage\":{\"@id\":\"https:\/\/stiftadmont.at\/blog\/wolfgang-moser-sorgte-fuer-eine-zauber-show-der-extraklasse\/#primaryimage\"},\"image\":{\"@id\":\"https:\/\/stiftadmont.at\/blog\/wolfgang-moser-sorgte-fuer-eine-zauber-show-der-extraklasse\/#primaryimage\"},\"thumbnailUrl\":\"https:\/\/stiftadmont.at\/wp-content\/uploads\/Stift-Admont-Zauberer-Wolfgang-Moser-2019-0.jpg\",\"datePublished\":\"2019-04-08T10:00:00+00:00\",\"dateModified\":\"2023-09-12T09:19:29+00:00\",\"author\":{\"@id\":\"https:\/\/stiftadmont.at\/#\/schema\/person\/30535548b241d5f33a2e8b839db11869\"},\"description\":\"Lesen Sie aktuelle Informationen zum Thema Wolfgang Moser sorgte f\u00fcr eine Zauber-Show der Extraklasse und vieles mehr aus dem Konvent und der Pfarre Admont.\",\"breadcrumb\":{\"@id\":\"https:\/\/stiftadmont.at\/blog\/wolfgang-moser-sorgte-fuer-eine-zauber-show-der-extraklasse\/#breadcrumb\"},\"inLanguage\":\"fr-FR\",\"potentialAction\":[{\"@type\":\"ReadAction\",\"target\":[\"https:\/\/stiftadmont.at\/blog\/wolfgang-moser-sorgte-fuer-eine-zauber-show-der-extraklasse\/\"]}]},{\"@type\":\"ImageObject\",\"inLanguage\":\"fr-FR\",\"@id\":\"https:\/\/stiftadmont.at\/blog\/wolfgang-moser-sorgte-fuer-eine-zauber-show-der-extraklasse\/#primaryimage\",\"url\":\"https:\/\/stiftadmont.at\/wp-content\/uploads\/Stift-Admont-Zauberer-Wolfgang-Moser-2019-0.jpg\",\"contentUrl\":\"https:\/\/stiftadmont.at\/wp-content\/uploads\/Stift-Admont-Zauberer-Wolfgang-Moser-2019-0.jpg\",\"width\":853,\"height\":480,\"caption\":\"Stift Admont Zauberer Wolfgang Moser 2019 0\"},{\"@type\":\"BreadcrumbList\",\"@id\":\"https:\/\/stiftadmont.at\/blog\/wolfgang-moser-sorgte-fuer-eine-zauber-show-der-extraklasse\/#breadcrumb\",\"itemListElement\":[{\"@type\":\"ListItem\",\"position\":1,\"name\":\"Start\",\"item\":\"https:\/\/stiftadmont.at\/\"},{\"@type\":\"ListItem\",\"position\":2,\"name\":\"Wolfgang Moser sorgte f\u00fcr eine Zauber-Show der Extraklasse\"}]},{\"@type\":\"WebSite\",\"@id\":\"https:\/\/stiftadmont.at\/#website\",\"url\":\"https:\/\/stiftadmont.at\/\",\"name\":\"Stift Admont\",\"description\":\"Benediktinerkloster und Sehensw\u00fcrdigkeit im Ges\u00e4use\",\"potentialAction\":[{\"@type\":\"SearchAction\",\"target\":{\"@type\":\"EntryPoint\",\"urlTemplate\":\"https:\/\/stiftadmont.at\/?s={search_term_string}\"},\"query-input\":{\"@type\":\"PropertyValueSpecification\",\"valueRequired\":true,\"valueName\":\"search_term_string\"}}],\"inLanguage\":\"fr-FR\"},{\"@type\":\"Person\",\"@id\":\"https:\/\/stiftadmont.at\/#\/schema\/person\/30535548b241d5f33a2e8b839db11869\",\"name\":\"Mario Brandm\u00fcller\"}]}<\/script>\n<!-- \/ Yoast SEO Premium plugin. -->","yoast_head_json":{"title":"Wolfgang Moser a assur\u00e9 un spectacle de magie de grande classe - Stift Admont","description":"Lisez les derni\u00e8res informations sur le th\u00e8me Wolfgang Moser a assur\u00e9 un spectacle de magie de grande classe et bien d'autres choses encore sur le couvent et la paroisse d'Admont.","robots":{"index":"index","follow":"follow","max-snippet":"max-snippet:-1","max-image-preview":"max-image-preview:large","max-video-preview":"max-video-preview:-1"},"canonical":"https:\/\/stiftadmont.at\/fr\/blog\/wolfgang-moser-a-assure-un-spectacle-de-magie-de-grande-classe\/","og_locale":"fr_FR","og_type":"article","og_title":"Wolfgang Moser sorgte f\u00fcr eine Zauber-Show der Extraklasse","og_description":"Lesen Sie aktuelle Informationen zum Thema Wolfgang Moser sorgte f\u00fcr eine Zauber-Show der Extraklasse und vieles mehr aus dem Konvent und der Pfarre Admont.","og_url":"https:\/\/stiftadmont.at\/fr\/blog\/wolfgang-moser-a-assure-un-spectacle-de-magie-de-grande-classe\/","og_site_name":"Stift Admont","article_published_time":"2019-04-08T10:00:00+00:00","article_modified_time":"2023-09-12T09:19:29+00:00","og_image":[{"width":853,"height":480,"url":"https:\/\/stiftadmont.at\/wp-content\/uploads\/Stift-Admont-Zauberer-Wolfgang-Moser-2019-0.jpg","type":"image\/jpeg"}],"author":"Mario Brandm\u00fcller","twitter_card":"summary_large_image","twitter_misc":{"\u00c9crit par":"Mario Brandm\u00fcller"},"schema":{"@context":"https:\/\/schema.org","@graph":[{"@type":"Article","@id":"https:\/\/stiftadmont.at\/blog\/wolfgang-moser-sorgte-fuer-eine-zauber-show-der-extraklasse\/#article","isPartOf":{"@id":"https:\/\/stiftadmont.at\/blog\/wolfgang-moser-sorgte-fuer-eine-zauber-show-der-extraklasse\/"},"author":{"name":"Mario Brandm\u00fcller","@id":"https:\/\/stiftadmont.at\/#\/schema\/person\/30535548b241d5f33a2e8b839db11869"},"headline":"Wolfgang Moser sorgte f\u00fcr eine Zauber-Show der Extraklasse","datePublished":"2019-04-08T10:00:00+00:00","dateModified":"2023-09-12T09:19:29+00:00","mainEntityOfPage":{"@id":"https:\/\/stiftadmont.at\/blog\/wolfgang-moser-sorgte-fuer-eine-zauber-show-der-extraklasse\/"},"wordCount":9,"image":{"@id":"https:\/\/stiftadmont.at\/blog\/wolfgang-moser-sorgte-fuer-eine-zauber-show-der-extraklasse\/#primaryimage"},"thumbnailUrl":"https:\/\/stiftadmont.at\/wp-content\/uploads\/Stift-Admont-Zauberer-Wolfgang-Moser-2019-0.jpg","articleSection":["Einrichtungen aktuell"],"inLanguage":"fr-FR"},{"@type":"WebPage","@id":"https:\/\/stiftadmont.at\/blog\/wolfgang-moser-sorgte-fuer-eine-zauber-show-der-extraklasse\/","url":"https:\/\/stiftadmont.at\/blog\/wolfgang-moser-sorgte-fuer-eine-zauber-show-der-extraklasse\/","name":"Wolfgang Moser a assur\u00e9 un spectacle de magie de grande classe - Stift Admont","isPartOf":{"@id":"https:\/\/stiftadmont.at\/#website"},"primaryImageOfPage":{"@id":"https:\/\/stiftadmont.at\/blog\/wolfgang-moser-sorgte-fuer-eine-zauber-show-der-extraklasse\/#primaryimage"},"image":{"@id":"https:\/\/stiftadmont.at\/blog\/wolfgang-moser-sorgte-fuer-eine-zauber-show-der-extraklasse\/#primaryimage"},"thumbnailUrl":"https:\/\/stiftadmont.at\/wp-content\/uploads\/Stift-Admont-Zauberer-Wolfgang-Moser-2019-0.jpg","datePublished":"2019-04-08T10:00:00+00:00","dateModified":"2023-09-12T09:19:29+00:00","author":{"@id":"https:\/\/stiftadmont.at\/#\/schema\/person\/30535548b241d5f33a2e8b839db11869"},"description":"Lisez les derni\u00e8res informations sur le th\u00e8me Wolfgang Moser a assur\u00e9 un spectacle de magie de grande classe et bien d'autres choses encore sur le couvent et la paroisse d'Admont.","breadcrumb":{"@id":"https:\/\/stiftadmont.at\/blog\/wolfgang-moser-sorgte-fuer-eine-zauber-show-der-extraklasse\/#breadcrumb"},"inLanguage":"fr-FR","potentialAction":[{"@type":"ReadAction","target":["https:\/\/stiftadmont.at\/blog\/wolfgang-moser-sorgte-fuer-eine-zauber-show-der-extraklasse\/"]}]},{"@type":"ImageObject","inLanguage":"fr-FR","@id":"https:\/\/stiftadmont.at\/blog\/wolfgang-moser-sorgte-fuer-eine-zauber-show-der-extraklasse\/#primaryimage","url":"https:\/\/stiftadmont.at\/wp-content\/uploads\/Stift-Admont-Zauberer-Wolfgang-Moser-2019-0.jpg","contentUrl":"https:\/\/stiftadmont.at\/wp-content\/uploads\/Stift-Admont-Zauberer-Wolfgang-Moser-2019-0.jpg","width":853,"height":480,"caption":"Stift Admont Zauberer Wolfgang Moser 2019 0"},{"@type":"BreadcrumbList","@id":"https:\/\/stiftadmont.at\/blog\/wolfgang-moser-sorgte-fuer-eine-zauber-show-der-extraklasse\/#breadcrumb","itemListElement":[{"@type":"ListItem","position":1,"name":"Start","item":"https:\/\/stiftadmont.at\/"},{"@type":"ListItem","position":2,"name":"Wolfgang Moser sorgte f\u00fcr eine Zauber-Show der Extraklasse"}]},{"@type":"WebSite","@id":"https:\/\/stiftadmont.at\/#website","url":"https:\/\/stiftadmont.at\/","name":"Abbaye d'Admont","description":"Monast\u00e8re b\u00e9n\u00e9dictin et attraction touristique dans le Ges\u00e4use","potentialAction":[{"@type":"SearchAction","target":{"@type":"EntryPoint","urlTemplate":"https:\/\/stiftadmont.at\/?s={search_term_string}"},"query-input":{"@type":"PropertyValueSpecification","valueRequired":true,"valueName":"search_term_string"}}],"inLanguage":"fr-FR"},{"@type":"Person","@id":"https:\/\/stiftadmont.at\/#\/schema\/person\/30535548b241d5f33a2e8b839db11869","name":"Mario Brandm\u00fcller"}]}},"_links":{"self":[{"href":"https:\/\/stiftadmont.at\/fr\/wp-json\/wp\/v2\/posts\/11530","targetHints":{"allow":["GET"]}}],"collection":[{"href":"https:\/\/stiftadmont.at\/fr\/wp-json\/wp\/v2\/posts"}],"about":[{"href":"https:\/\/stiftadmont.at\/fr\/wp-json\/wp\/v2\/types\/post"}],"author":[{"embeddable":true,"href":"https:\/\/stiftadmont.at\/fr\/wp-json\/wp\/v2\/users\/7"}],"replies":[{"embeddable":true,"href":"https:\/\/stiftadmont.at\/fr\/wp-json\/wp\/v2\/comments?post=11530"}],"version-history":[{"count":8,"href":"https:\/\/stiftadmont.at\/fr\/wp-json\/wp\/v2\/posts\/11530\/revisions"}],"predecessor-version":[{"id":20014,"href":"https:\/\/stiftadmont.at\/fr\/wp-json\/wp\/v2\/posts\/11530\/revisions\/20014"}],"wp:featuredmedia":[{"embeddable":true,"href":"https:\/\/stiftadmont.at\/fr\/wp-json\/wp\/v2\/media\/11552"}],"wp:attachment":[{"href":"https:\/\/stiftadmont.at\/fr\/wp-json\/wp\/v2\/media?parent=11530"}],"wp:term":[{"taxonomy":"category","embeddable":true,"href":"https:\/\/stiftadmont.at\/fr\/wp-json\/wp\/v2\/categories?post=11530"}],"curies":[{"name":"wp","href":"https:\/\/api.w.org\/{rel}","templated":true}]}}