{"id":11558,"date":"2019-05-13T12:00:00","date_gmt":"2019-05-13T10:00:00","guid":{"rendered":"https:\/\/stiftadmont.at\/?p=11558"},"modified":"2022-05-29T11:43:37","modified_gmt":"2022-05-29T09:43:37","slug":"le-college-dadmont-accueille-les-meilleurs-conferenciers-dans-la-region","status":"publish","type":"post","link":"https:\/\/stiftadmont.at\/fr\/blog\/stift-admont-holt-top-speaker-in-die-region\/","title":{"rendered":"L'abbaye d'Admont fait venir des conf\u00e9renciers de haut niveau dans la r\u00e9gion"},"content":{"rendered":"<section id='lightpress__section--block_62933f8655c37' class='lightpress__section--default-section-space lightpress__section lightpress__section--content'><div class=\"content__inner\"\n         x-init=\"initContentBlockAnim($el)\">\n        \n    <div class=\"content__grid content__grid\">\n                                            <div class=\"content__box content__box--one-hundred\"\n                 style=\"\">\n                                \n                \n                                            <div class=\"prose\"><h2 class=\"heading-xxl line line--gold\">L'abbaye d'Admont fait venir des conf\u00e9renciers de haut niveau dans la r\u00e9gion<\/h2>\n<p><strong>Lundi 13 mai 2019<\/strong><\/p>\n<p>Stefan Verra est l'expert en langage corporel le plus demand\u00e9 dans l'espace europ\u00e9en. Ses conf\u00e9rences, s\u00e9minaires et spectacles enthousiasment chaque ann\u00e9e des dizaines de milliers de participants, de l'Europe \u00e0 la Chine en passant par les \u00c9tats-Unis. Sa m\u00e9thodologie globale, qui consiste \u00e0 ne pas se disperser dans des signaux individuels fragmentaires lors de l'analyse du langage corporel, mais \u00e0 toujours consid\u00e9rer le contexte global, convainc les m\u00e9decins et les scientifiques. Il enseigne dans plusieurs universit\u00e9s, est un auteur \u00e0 succ\u00e8s et un expert tr\u00e8s demand\u00e9 par les m\u00e9dias.<\/p>\n<p>PARLEMENT CORPOREL.<br \/>Personne n'en a besoin ? Et comment !<br \/>L'\u00e9merveillement. Apprendre, apprendre. Rire de bon c\u0153ur. Stefan Verra en direct de l'abbaye b\u00e9n\u00e9dictine d'Admont.<\/p>\n<p>Les personnes qui gagnent font preuve de plus de force de conviction, de franchise et d'assurance que les autres. Et c'est ainsi qu'elles marquent des points. Ceux qui connaissent le langage corporel de la confiance en soi, de la sympathie et de la fiabilit\u00e9 ont un net avantage. Un homme, un regard, une analyse\".<\/p>\n<p>Stefan Verra est consid\u00e9r\u00e9 comme la rock star du langage corporel. Proche de la vie, plein d'autod\u00e9rision et incroyablement clair, Stefan Verra d\u00e9masque tous les signaux que nous n\u00e9gligeons trop souvent dans la vie quotidienne ou que nous nous sommes toujours demand\u00e9 ce qu'ils signifiaient r\u00e9ellement.<\/p>\n<p>Assistez \u00e0 un spectacle de divertissement scientifique ou \u00e0 une soir\u00e9e de connaissances divertissante. Appelez cela comme vous voulez. Dans tous les cas, vous ne saurez pas \u00e0 la fin si vous avez plus appris ou si vous avez plus ri !<\/p>\n<p>Obtenez vous aussi des conseils et tirez le meilleur de vous-m\u00eame !<\/p>\n<p>Vendredi 27 septembre 2019<br \/>Lieu : Grande salle de f\u00eate du coll\u00e8ge d'Admont<br \/>D\u00e9but : 20:00 heures<br \/>Entr\u00e9e : 19:00 heures<br \/>Entr\u00e9e : \u20ac 30,00<\/p>\n<p>R\u00e9servation des billets au : <a class=\"email\" href=\"mailto:events@stiftadmont.at\"><span class=\"icon-outer\"><span class=\"email-icon\"><\/span><\/span>events@stiftadmont.at<\/a> ou <a class=\"phone\" href=\"tel:+43 (0)3613 \/ 2312 601\"><span class=\"icon-outer\"><span class=\"phone-icon\"><\/span><\/span>+43 (0)3613 \/ 2312 601<\/a><\/p>\n<\/div>\n                    \n                            <\/div>\n        \n            <\/div>\n<\/div>\n\n<\/section>","protected":false},"excerpt":{"rendered":"<p>Stefan Verra - l'un des experts en langage corporel les plus demand\u00e9s vient \u00e0 Admont.<\/p>","protected":false},"author":7,"featured_media":11559,"comment_status":"closed","ping_status":"closed","sticky":false,"template":"","format":"standard","meta":{"_acf_changed":false,"footnotes":""},"categories":[23],"class_list":["post-11558","post","type-post","status-publish","format-standard","has-post-thumbnail","hentry","category-einrichtungen-aktuell"],"acf":[],"yoast_head":"<!-- This site is optimized with the Yoast SEO Premium plugin v26.0 (Yoast SEO v26.8) - https:\/\/yoast.com\/product\/yoast-seo-premium-wordpress\/ -->\n<title>Stift Admont holt Top-Speaker in die Region - Stift Admont<\/title>\n<meta name=\"description\" content=\"Lesen Sie aktuelle Informationen zum Thema Stift Admont holt Top-Speaker in die Region und vieles mehr aus dem Konvent und der Pfarre Admont.\" \/>\n<meta name=\"robots\" content=\"index, follow, max-snippet:-1, max-image-preview:large, max-video-preview:-1\" \/>\n<link rel=\"canonical\" href=\"https:\/\/stiftadmont.at\/fr\/blog\/le-college-dadmont-accueille-les-meilleurs-conferenciers-dans-la-region\/\" \/>\n<meta property=\"og:locale\" content=\"fr_FR\" \/>\n<meta property=\"og:type\" content=\"article\" \/>\n<meta property=\"og:title\" content=\"Stift Admont holt Top-Speaker in die Region\" \/>\n<meta property=\"og:description\" content=\"Lesen Sie aktuelle Informationen zum Thema Stift Admont holt Top-Speaker in die Region und vieles mehr aus dem Konvent und der Pfarre Admont.\" \/>\n<meta property=\"og:url\" content=\"https:\/\/stiftadmont.at\/fr\/blog\/le-college-dadmont-accueille-les-meilleurs-conferenciers-dans-la-region\/\" \/>\n<meta property=\"og:site_name\" content=\"Stift Admont\" \/>\n<meta property=\"article:published_time\" content=\"2019-05-13T10:00:00+00:00\" \/>\n<meta property=\"article:modified_time\" content=\"2022-05-29T09:43:37+00:00\" \/>\n<meta property=\"og:image\" content=\"https:\/\/stiftadmont.at\/wp-content\/uploads\/Stefan-Verra-1.jpg\" \/>\n\t<meta property=\"og:image:width\" content=\"853\" \/>\n\t<meta property=\"og:image:height\" content=\"640\" \/>\n\t<meta property=\"og:image:type\" content=\"image\/jpeg\" \/>\n<meta name=\"author\" content=\"Mario Brandm\u00fcller\" \/>\n<meta name=\"twitter:card\" content=\"summary_large_image\" \/>\n<meta name=\"twitter:label1\" content=\"\u00c9crit par\" \/>\n\t<meta name=\"twitter:data1\" content=\"Mario Brandm\u00fcller\" \/>\n<script type=\"application\/ld+json\" class=\"yoast-schema-graph\">{\"@context\":\"https:\/\/schema.org\",\"@graph\":[{\"@type\":\"Article\",\"@id\":\"https:\/\/stiftadmont.at\/blog\/stift-admont-holt-top-speaker-in-die-region\/#article\",\"isPartOf\":{\"@id\":\"https:\/\/stiftadmont.at\/blog\/stift-admont-holt-top-speaker-in-die-region\/\"},\"author\":{\"name\":\"Mario Brandm\u00fcller\",\"@id\":\"https:\/\/stiftadmont.at\/#\/schema\/person\/30535548b241d5f33a2e8b839db11869\"},\"headline\":\"Stift Admont holt Top-Speaker in die Region\",\"datePublished\":\"2019-05-13T10:00:00+00:00\",\"dateModified\":\"2022-05-29T09:43:37+00:00\",\"mainEntityOfPage\":{\"@id\":\"https:\/\/stiftadmont.at\/blog\/stift-admont-holt-top-speaker-in-die-region\/\"},\"wordCount\":7,\"image\":{\"@id\":\"https:\/\/stiftadmont.at\/blog\/stift-admont-holt-top-speaker-in-die-region\/#primaryimage\"},\"thumbnailUrl\":\"https:\/\/stiftadmont.at\/wp-content\/uploads\/Stefan-Verra-1.jpg\",\"articleSection\":[\"Einrichtungen aktuell\"],\"inLanguage\":\"fr-FR\"},{\"@type\":\"WebPage\",\"@id\":\"https:\/\/stiftadmont.at\/blog\/stift-admont-holt-top-speaker-in-die-region\/\",\"url\":\"https:\/\/stiftadmont.at\/blog\/stift-admont-holt-top-speaker-in-die-region\/\",\"name\":\"Stift Admont holt Top-Speaker in die Region - Stift Admont\",\"isPartOf\":{\"@id\":\"https:\/\/stiftadmont.at\/#website\"},\"primaryImageOfPage\":{\"@id\":\"https:\/\/stiftadmont.at\/blog\/stift-admont-holt-top-speaker-in-die-region\/#primaryimage\"},\"image\":{\"@id\":\"https:\/\/stiftadmont.at\/blog\/stift-admont-holt-top-speaker-in-die-region\/#primaryimage\"},\"thumbnailUrl\":\"https:\/\/stiftadmont.at\/wp-content\/uploads\/Stefan-Verra-1.jpg\",\"datePublished\":\"2019-05-13T10:00:00+00:00\",\"dateModified\":\"2022-05-29T09:43:37+00:00\",\"author\":{\"@id\":\"https:\/\/stiftadmont.at\/#\/schema\/person\/30535548b241d5f33a2e8b839db11869\"},\"description\":\"Lesen Sie aktuelle Informationen zum Thema Stift Admont holt Top-Speaker in die Region und vieles mehr aus dem Konvent und der Pfarre Admont.\",\"breadcrumb\":{\"@id\":\"https:\/\/stiftadmont.at\/blog\/stift-admont-holt-top-speaker-in-die-region\/#breadcrumb\"},\"inLanguage\":\"fr-FR\",\"potentialAction\":[{\"@type\":\"ReadAction\",\"target\":[\"https:\/\/stiftadmont.at\/blog\/stift-admont-holt-top-speaker-in-die-region\/\"]}]},{\"@type\":\"ImageObject\",\"inLanguage\":\"fr-FR\",\"@id\":\"https:\/\/stiftadmont.at\/blog\/stift-admont-holt-top-speaker-in-die-region\/#primaryimage\",\"url\":\"https:\/\/stiftadmont.at\/wp-content\/uploads\/Stefan-Verra-1.jpg\",\"contentUrl\":\"https:\/\/stiftadmont.at\/wp-content\/uploads\/Stefan-Verra-1.jpg\",\"width\":853,\"height\":640,\"caption\":\"Stefan Verra 1\"},{\"@type\":\"BreadcrumbList\",\"@id\":\"https:\/\/stiftadmont.at\/blog\/stift-admont-holt-top-speaker-in-die-region\/#breadcrumb\",\"itemListElement\":[{\"@type\":\"ListItem\",\"position\":1,\"name\":\"Start\",\"item\":\"https:\/\/stiftadmont.at\/\"},{\"@type\":\"ListItem\",\"position\":2,\"name\":\"Stift Admont holt Top-Speaker in die Region\"}]},{\"@type\":\"WebSite\",\"@id\":\"https:\/\/stiftadmont.at\/#website\",\"url\":\"https:\/\/stiftadmont.at\/\",\"name\":\"Stift Admont\",\"description\":\"Benediktinerkloster und Sehensw\u00fcrdigkeit im Ges\u00e4use\",\"potentialAction\":[{\"@type\":\"SearchAction\",\"target\":{\"@type\":\"EntryPoint\",\"urlTemplate\":\"https:\/\/stiftadmont.at\/?s={search_term_string}\"},\"query-input\":{\"@type\":\"PropertyValueSpecification\",\"valueRequired\":true,\"valueName\":\"search_term_string\"}}],\"inLanguage\":\"fr-FR\"},{\"@type\":\"Person\",\"@id\":\"https:\/\/stiftadmont.at\/#\/schema\/person\/30535548b241d5f33a2e8b839db11869\",\"name\":\"Mario Brandm\u00fcller\"}]}<\/script>\n<!-- \/ Yoast SEO Premium plugin. -->","yoast_head_json":{"title":"L'abbaye d'Admont accueille des conf\u00e9renciers de renom - Stift Admont","description":"Lisez les informations actuelles sur le th\u00e8me \"L'abbaye d'Admont fait venir des conf\u00e9renciers de haut niveau dans la r\u00e9gion\" et bien d'autres informations sur le couvent et la paroisse d'Admont.","robots":{"index":"index","follow":"follow","max-snippet":"max-snippet:-1","max-image-preview":"max-image-preview:large","max-video-preview":"max-video-preview:-1"},"canonical":"https:\/\/stiftadmont.at\/fr\/blog\/le-college-dadmont-accueille-les-meilleurs-conferenciers-dans-la-region\/","og_locale":"fr_FR","og_type":"article","og_title":"Stift Admont holt Top-Speaker in die Region","og_description":"Lesen Sie aktuelle Informationen zum Thema Stift Admont holt Top-Speaker in die Region und vieles mehr aus dem Konvent und der Pfarre Admont.","og_url":"https:\/\/stiftadmont.at\/fr\/blog\/le-college-dadmont-accueille-les-meilleurs-conferenciers-dans-la-region\/","og_site_name":"Stift Admont","article_published_time":"2019-05-13T10:00:00+00:00","article_modified_time":"2022-05-29T09:43:37+00:00","og_image":[{"width":853,"height":640,"url":"https:\/\/stiftadmont.at\/wp-content\/uploads\/Stefan-Verra-1.jpg","type":"image\/jpeg"}],"author":"Mario Brandm\u00fcller","twitter_card":"summary_large_image","twitter_misc":{"\u00c9crit par":"Mario Brandm\u00fcller"},"schema":{"@context":"https:\/\/schema.org","@graph":[{"@type":"Article","@id":"https:\/\/stiftadmont.at\/blog\/stift-admont-holt-top-speaker-in-die-region\/#article","isPartOf":{"@id":"https:\/\/stiftadmont.at\/blog\/stift-admont-holt-top-speaker-in-die-region\/"},"author":{"name":"Mario Brandm\u00fcller","@id":"https:\/\/stiftadmont.at\/#\/schema\/person\/30535548b241d5f33a2e8b839db11869"},"headline":"Stift Admont holt Top-Speaker in die Region","datePublished":"2019-05-13T10:00:00+00:00","dateModified":"2022-05-29T09:43:37+00:00","mainEntityOfPage":{"@id":"https:\/\/stiftadmont.at\/blog\/stift-admont-holt-top-speaker-in-die-region\/"},"wordCount":7,"image":{"@id":"https:\/\/stiftadmont.at\/blog\/stift-admont-holt-top-speaker-in-die-region\/#primaryimage"},"thumbnailUrl":"https:\/\/stiftadmont.at\/wp-content\/uploads\/Stefan-Verra-1.jpg","articleSection":["Einrichtungen aktuell"],"inLanguage":"fr-FR"},{"@type":"WebPage","@id":"https:\/\/stiftadmont.at\/blog\/stift-admont-holt-top-speaker-in-die-region\/","url":"https:\/\/stiftadmont.at\/blog\/stift-admont-holt-top-speaker-in-die-region\/","name":"L'abbaye d'Admont accueille des conf\u00e9renciers de renom - Stift Admont","isPartOf":{"@id":"https:\/\/stiftadmont.at\/#website"},"primaryImageOfPage":{"@id":"https:\/\/stiftadmont.at\/blog\/stift-admont-holt-top-speaker-in-die-region\/#primaryimage"},"image":{"@id":"https:\/\/stiftadmont.at\/blog\/stift-admont-holt-top-speaker-in-die-region\/#primaryimage"},"thumbnailUrl":"https:\/\/stiftadmont.at\/wp-content\/uploads\/Stefan-Verra-1.jpg","datePublished":"2019-05-13T10:00:00+00:00","dateModified":"2022-05-29T09:43:37+00:00","author":{"@id":"https:\/\/stiftadmont.at\/#\/schema\/person\/30535548b241d5f33a2e8b839db11869"},"description":"Lisez les informations actuelles sur le th\u00e8me \"L'abbaye d'Admont fait venir des conf\u00e9renciers de haut niveau dans la r\u00e9gion\" et bien d'autres informations sur le couvent et la paroisse d'Admont.","breadcrumb":{"@id":"https:\/\/stiftadmont.at\/blog\/stift-admont-holt-top-speaker-in-die-region\/#breadcrumb"},"inLanguage":"fr-FR","potentialAction":[{"@type":"ReadAction","target":["https:\/\/stiftadmont.at\/blog\/stift-admont-holt-top-speaker-in-die-region\/"]}]},{"@type":"ImageObject","inLanguage":"fr-FR","@id":"https:\/\/stiftadmont.at\/blog\/stift-admont-holt-top-speaker-in-die-region\/#primaryimage","url":"https:\/\/stiftadmont.at\/wp-content\/uploads\/Stefan-Verra-1.jpg","contentUrl":"https:\/\/stiftadmont.at\/wp-content\/uploads\/Stefan-Verra-1.jpg","width":853,"height":640,"caption":"Stefan Verra 1"},{"@type":"BreadcrumbList","@id":"https:\/\/stiftadmont.at\/blog\/stift-admont-holt-top-speaker-in-die-region\/#breadcrumb","itemListElement":[{"@type":"ListItem","position":1,"name":"Start","item":"https:\/\/stiftadmont.at\/"},{"@type":"ListItem","position":2,"name":"Stift Admont holt Top-Speaker in die Region"}]},{"@type":"WebSite","@id":"https:\/\/stiftadmont.at\/#website","url":"https:\/\/stiftadmont.at\/","name":"Abbaye d'Admont","description":"Monast\u00e8re b\u00e9n\u00e9dictin et attraction touristique dans le Ges\u00e4use","potentialAction":[{"@type":"SearchAction","target":{"@type":"EntryPoint","urlTemplate":"https:\/\/stiftadmont.at\/?s={search_term_string}"},"query-input":{"@type":"PropertyValueSpecification","valueRequired":true,"valueName":"search_term_string"}}],"inLanguage":"fr-FR"},{"@type":"Person","@id":"https:\/\/stiftadmont.at\/#\/schema\/person\/30535548b241d5f33a2e8b839db11869","name":"Mario Brandm\u00fcller"}]}},"_links":{"self":[{"href":"https:\/\/stiftadmont.at\/fr\/wp-json\/wp\/v2\/posts\/11558","targetHints":{"allow":["GET"]}}],"collection":[{"href":"https:\/\/stiftadmont.at\/fr\/wp-json\/wp\/v2\/posts"}],"about":[{"href":"https:\/\/stiftadmont.at\/fr\/wp-json\/wp\/v2\/types\/post"}],"author":[{"embeddable":true,"href":"https:\/\/stiftadmont.at\/fr\/wp-json\/wp\/v2\/users\/7"}],"replies":[{"embeddable":true,"href":"https:\/\/stiftadmont.at\/fr\/wp-json\/wp\/v2\/comments?post=11558"}],"version-history":[{"count":8,"href":"https:\/\/stiftadmont.at\/fr\/wp-json\/wp\/v2\/posts\/11558\/revisions"}],"predecessor-version":[{"id":11567,"href":"https:\/\/stiftadmont.at\/fr\/wp-json\/wp\/v2\/posts\/11558\/revisions\/11567"}],"wp:featuredmedia":[{"embeddable":true,"href":"https:\/\/stiftadmont.at\/fr\/wp-json\/wp\/v2\/media\/11559"}],"wp:attachment":[{"href":"https:\/\/stiftadmont.at\/fr\/wp-json\/wp\/v2\/media?parent=11558"}],"wp:term":[{"taxonomy":"category","embeddable":true,"href":"https:\/\/stiftadmont.at\/fr\/wp-json\/wp\/v2\/categories?post=11558"}],"curies":[{"name":"wp","href":"https:\/\/api.w.org\/{rel}","templated":true}]}}