{"id":11633,"date":"2021-12-19T12:00:00","date_gmt":"2021-12-19T10:00:00","guid":{"rendered":"https:\/\/stiftadmont.at\/?p=11633"},"modified":"2022-05-29T13:49:49","modified_gmt":"2022-05-29T11:49:49","slug":"action-des-chanteurs-a-letoile-dans-la-paroisse-dadmont","status":"publish","type":"post","link":"https:\/\/stiftadmont.at\/fr\/blog\/sternsingeraktion-in-der-pfarre-admont\/","title":{"rendered":"Campagne de chants \u00e0 l'\u00e9toile dans la paroisse d'Admont"},"content":{"rendered":"<section id='lightpress__section--block_62935d5dd8e43' class='lightpress__section--default-section-space lightpress__section lightpress__section--content'><div class=\"content__inner\"\n         x-init=\"initContentBlockAnim($el)\">\n        \n    <div class=\"content__grid content__grid--fifty-fifty\">\n                                            <div class=\"content__box content__box\"\n                 style=\"\">\n                                \n                \n                                            <div class=\"prose\"><h2 class=\"heading-xxl line line--gold\">Campagne de chants \u00e0 l'\u00e9toile dans la paroisse d'Admont<\/h2>\n<p><strong>Dimanche 19 d\u00e9cembre 2021<\/strong><\/p>\n<p>Malheureusement, il n'est pas encore possible cette ann\u00e9e de faire passer les chanteurs \u00e0 l'\u00e9toile de maison en maison. Si vous habitez dans la paroisse d'Admont et que vous souhaitez que les chanteurs \u00e0 l'\u00e9toile vous rendent visite, nous vous prions de bien vouloir nous en faire part jusqu'au :<\/p>\n<p>23 d\u00e9cembre<br \/>sur<br \/><a class=\"phone\" href=\"tel:+43 (0)3613 \/ 2312 250\"><span class=\"icon-outer\"><span class=\"phone-icon\"><\/span><\/span>+43 (0)3613 \/ 2312 250<\/a> ou <a class=\"email\" href=\"mailto:pfarre.admont@stiftadmont.at\"><span class=\"icon-outer\"><span class=\"email-icon\"><\/span><\/span>pfarre.admont@stiftadmont.at<\/a><br \/>de l'entreprise.<\/p>\n<p>Plus d'informations dans la vid\u00e9o :<\/p>\n<\/div>\n                    \n                            <\/div>\n        \n                                                    <div class=\"content__box content__box--2\"\n                     >\n                                        \n                                            \n                                                    <a href=\"https:\/\/youtu.be\/x54IwkkwYdM\" class=\"content__video content__media\"\n                               x-data\n x-init=\"initContentLightBox('#lightpress__section--block_62935d5dd8e43 .content__video')\">\n                                                                \n                                <picture class=\"content__image\">\n                                    <source srcset=\"\" type=\"image\/webp\">\n                                    <source srcset=\"\" type=\"image\/jpeg\">\n                                    <img decoding=\"async\" class=\"content__image\" loading=\"lazy\" src=\"\"\n                                         alt=\"\" width=\"600\" height=\"450\">\n                                <\/picture>\n\n                                <span class=\"overlay-dark\"><\/span>\n                                <span class=\"content-overlay\"><\/span>\n                                <div class=\"content__plaque\">\n                                    <div class=\"content__plaque-inner\">\n                                        <span><i class=\"fas fa-play content__icon\"><\/i><\/span>\n                                        <p class=\"paragraph-m\">Jouer<\/p>\n                                    <\/div>\n                                <\/div>\n                            <\/a>\n                        \n                                    <\/div>\n            \n            <\/div>\n<\/div>\n\n<\/section>","protected":false},"excerpt":{"rendered":"<p>Malheureusement, cette ann\u00e9e encore, il n'est pas possible que les chanteurs \u00e0 l'\u00e9toile passent de maison en maison.<\/p>","protected":false},"author":7,"featured_media":11634,"comment_status":"closed","ping_status":"closed","sticky":false,"template":"","format":"standard","meta":{"_acf_changed":false,"footnotes":""},"categories":[22],"class_list":["post-11633","post","type-post","status-publish","format-standard","has-post-thumbnail","hentry","category-kloster-aktuell"],"acf":[],"yoast_head":"<!-- This site is optimized with the Yoast SEO Premium plugin v26.0 (Yoast SEO v26.8) - https:\/\/yoast.com\/product\/yoast-seo-premium-wordpress\/ -->\n<title>Sternsingeraktion in der Pfarre Admont - Stift Admont<\/title>\n<meta name=\"description\" content=\"Lesen Sie aktuelle Informationen zum Thema Sternsingeraktion in der Pfarre Admont und vieles mehr aus dem Konvent und der Pfarre Admont.\" \/>\n<meta name=\"robots\" content=\"index, follow, max-snippet:-1, max-image-preview:large, max-video-preview:-1\" \/>\n<link rel=\"canonical\" href=\"https:\/\/stiftadmont.at\/fr\/blog\/action-des-chanteurs-a-letoile-dans-la-paroisse-dadmont\/\" \/>\n<meta property=\"og:locale\" content=\"fr_FR\" \/>\n<meta property=\"og:type\" content=\"article\" \/>\n<meta property=\"og:title\" content=\"Sternsingeraktion in der Pfarre Admont\" \/>\n<meta property=\"og:description\" content=\"Lesen Sie aktuelle Informationen zum Thema Sternsingeraktion in der Pfarre Admont und vieles mehr aus dem Konvent und der Pfarre Admont.\" \/>\n<meta property=\"og:url\" content=\"https:\/\/stiftadmont.at\/fr\/blog\/action-des-chanteurs-a-letoile-dans-la-paroisse-dadmont\/\" \/>\n<meta property=\"og:site_name\" content=\"Stift Admont\" \/>\n<meta property=\"article:published_time\" content=\"2021-12-19T10:00:00+00:00\" \/>\n<meta property=\"article:modified_time\" content=\"2022-05-29T11:49:49+00:00\" \/>\n<meta property=\"og:image\" content=\"https:\/\/stiftadmont.at\/wp-content\/uploads\/Stift-Admont-Sternsinger-2021-2.jpg\" \/>\n\t<meta property=\"og:image:width\" content=\"853\" \/>\n\t<meta property=\"og:image:height\" content=\"569\" \/>\n\t<meta property=\"og:image:type\" content=\"image\/jpeg\" \/>\n<meta name=\"author\" content=\"Mario Brandm\u00fcller\" \/>\n<meta name=\"twitter:card\" content=\"summary_large_image\" \/>\n<meta name=\"twitter:label1\" content=\"\u00c9crit par\" \/>\n\t<meta name=\"twitter:data1\" content=\"Mario Brandm\u00fcller\" \/>\n<script type=\"application\/ld+json\" class=\"yoast-schema-graph\">{\"@context\":\"https:\/\/schema.org\",\"@graph\":[{\"@type\":\"Article\",\"@id\":\"https:\/\/stiftadmont.at\/blog\/sternsingeraktion-in-der-pfarre-admont\/#article\",\"isPartOf\":{\"@id\":\"https:\/\/stiftadmont.at\/blog\/sternsingeraktion-in-der-pfarre-admont\/\"},\"author\":{\"name\":\"Mario Brandm\u00fcller\",\"@id\":\"https:\/\/stiftadmont.at\/#\/schema\/person\/30535548b241d5f33a2e8b839db11869\"},\"headline\":\"Sternsingeraktion in der Pfarre Admont\",\"datePublished\":\"2021-12-19T10:00:00+00:00\",\"dateModified\":\"2022-05-29T11:49:49+00:00\",\"mainEntityOfPage\":{\"@id\":\"https:\/\/stiftadmont.at\/blog\/sternsingeraktion-in-der-pfarre-admont\/\"},\"wordCount\":5,\"image\":{\"@id\":\"https:\/\/stiftadmont.at\/blog\/sternsingeraktion-in-der-pfarre-admont\/#primaryimage\"},\"thumbnailUrl\":\"https:\/\/stiftadmont.at\/wp-content\/uploads\/Stift-Admont-Sternsinger-2021-2.jpg\",\"articleSection\":[\"Kloster aktuell\"],\"inLanguage\":\"fr-FR\"},{\"@type\":\"WebPage\",\"@id\":\"https:\/\/stiftadmont.at\/blog\/sternsingeraktion-in-der-pfarre-admont\/\",\"url\":\"https:\/\/stiftadmont.at\/blog\/sternsingeraktion-in-der-pfarre-admont\/\",\"name\":\"Sternsingeraktion in der Pfarre Admont - Stift Admont\",\"isPartOf\":{\"@id\":\"https:\/\/stiftadmont.at\/#website\"},\"primaryImageOfPage\":{\"@id\":\"https:\/\/stiftadmont.at\/blog\/sternsingeraktion-in-der-pfarre-admont\/#primaryimage\"},\"image\":{\"@id\":\"https:\/\/stiftadmont.at\/blog\/sternsingeraktion-in-der-pfarre-admont\/#primaryimage\"},\"thumbnailUrl\":\"https:\/\/stiftadmont.at\/wp-content\/uploads\/Stift-Admont-Sternsinger-2021-2.jpg\",\"datePublished\":\"2021-12-19T10:00:00+00:00\",\"dateModified\":\"2022-05-29T11:49:49+00:00\",\"author\":{\"@id\":\"https:\/\/stiftadmont.at\/#\/schema\/person\/30535548b241d5f33a2e8b839db11869\"},\"description\":\"Lesen Sie aktuelle Informationen zum Thema Sternsingeraktion in der Pfarre Admont und vieles mehr aus dem Konvent und der Pfarre Admont.\",\"breadcrumb\":{\"@id\":\"https:\/\/stiftadmont.at\/blog\/sternsingeraktion-in-der-pfarre-admont\/#breadcrumb\"},\"inLanguage\":\"fr-FR\",\"potentialAction\":[{\"@type\":\"ReadAction\",\"target\":[\"https:\/\/stiftadmont.at\/blog\/sternsingeraktion-in-der-pfarre-admont\/\"]}]},{\"@type\":\"ImageObject\",\"inLanguage\":\"fr-FR\",\"@id\":\"https:\/\/stiftadmont.at\/blog\/sternsingeraktion-in-der-pfarre-admont\/#primaryimage\",\"url\":\"https:\/\/stiftadmont.at\/wp-content\/uploads\/Stift-Admont-Sternsinger-2021-2.jpg\",\"contentUrl\":\"https:\/\/stiftadmont.at\/wp-content\/uploads\/Stift-Admont-Sternsinger-2021-2.jpg\",\"width\":853,\"height\":569,\"caption\":\"Stift Admont Sternsinger 2021 2\"},{\"@type\":\"BreadcrumbList\",\"@id\":\"https:\/\/stiftadmont.at\/blog\/sternsingeraktion-in-der-pfarre-admont\/#breadcrumb\",\"itemListElement\":[{\"@type\":\"ListItem\",\"position\":1,\"name\":\"Start\",\"item\":\"https:\/\/stiftadmont.at\/\"},{\"@type\":\"ListItem\",\"position\":2,\"name\":\"Sternsingeraktion in der Pfarre Admont\"}]},{\"@type\":\"WebSite\",\"@id\":\"https:\/\/stiftadmont.at\/#website\",\"url\":\"https:\/\/stiftadmont.at\/\",\"name\":\"Stift Admont\",\"description\":\"Benediktinerkloster und Sehensw\u00fcrdigkeit im Ges\u00e4use\",\"potentialAction\":[{\"@type\":\"SearchAction\",\"target\":{\"@type\":\"EntryPoint\",\"urlTemplate\":\"https:\/\/stiftadmont.at\/?s={search_term_string}\"},\"query-input\":{\"@type\":\"PropertyValueSpecification\",\"valueRequired\":true,\"valueName\":\"search_term_string\"}}],\"inLanguage\":\"fr-FR\"},{\"@type\":\"Person\",\"@id\":\"https:\/\/stiftadmont.at\/#\/schema\/person\/30535548b241d5f33a2e8b839db11869\",\"name\":\"Mario Brandm\u00fcller\"}]}<\/script>\n<!-- \/ Yoast SEO Premium plugin. -->","yoast_head_json":{"title":"Campagne de chants \u00e0 l'\u00e9toile dans la paroisse d'Admont - Stift Admont","description":"Lisez les informations actuelles sur l'action des chanteurs \u00e0 l'\u00e9toile dans la paroisse d'Admont et bien d'autres choses encore sur le couvent et la paroisse d'Admont.","robots":{"index":"index","follow":"follow","max-snippet":"max-snippet:-1","max-image-preview":"max-image-preview:large","max-video-preview":"max-video-preview:-1"},"canonical":"https:\/\/stiftadmont.at\/fr\/blog\/action-des-chanteurs-a-letoile-dans-la-paroisse-dadmont\/","og_locale":"fr_FR","og_type":"article","og_title":"Sternsingeraktion in der Pfarre Admont","og_description":"Lesen Sie aktuelle Informationen zum Thema Sternsingeraktion in der Pfarre Admont und vieles mehr aus dem Konvent und der Pfarre Admont.","og_url":"https:\/\/stiftadmont.at\/fr\/blog\/action-des-chanteurs-a-letoile-dans-la-paroisse-dadmont\/","og_site_name":"Stift Admont","article_published_time":"2021-12-19T10:00:00+00:00","article_modified_time":"2022-05-29T11:49:49+00:00","og_image":[{"width":853,"height":569,"url":"https:\/\/stiftadmont.at\/wp-content\/uploads\/Stift-Admont-Sternsinger-2021-2.jpg","type":"image\/jpeg"}],"author":"Mario Brandm\u00fcller","twitter_card":"summary_large_image","twitter_misc":{"\u00c9crit par":"Mario Brandm\u00fcller"},"schema":{"@context":"https:\/\/schema.org","@graph":[{"@type":"Article","@id":"https:\/\/stiftadmont.at\/blog\/sternsingeraktion-in-der-pfarre-admont\/#article","isPartOf":{"@id":"https:\/\/stiftadmont.at\/blog\/sternsingeraktion-in-der-pfarre-admont\/"},"author":{"name":"Mario Brandm\u00fcller","@id":"https:\/\/stiftadmont.at\/#\/schema\/person\/30535548b241d5f33a2e8b839db11869"},"headline":"Sternsingeraktion in der Pfarre Admont","datePublished":"2021-12-19T10:00:00+00:00","dateModified":"2022-05-29T11:49:49+00:00","mainEntityOfPage":{"@id":"https:\/\/stiftadmont.at\/blog\/sternsingeraktion-in-der-pfarre-admont\/"},"wordCount":5,"image":{"@id":"https:\/\/stiftadmont.at\/blog\/sternsingeraktion-in-der-pfarre-admont\/#primaryimage"},"thumbnailUrl":"https:\/\/stiftadmont.at\/wp-content\/uploads\/Stift-Admont-Sternsinger-2021-2.jpg","articleSection":["Kloster aktuell"],"inLanguage":"fr-FR"},{"@type":"WebPage","@id":"https:\/\/stiftadmont.at\/blog\/sternsingeraktion-in-der-pfarre-admont\/","url":"https:\/\/stiftadmont.at\/blog\/sternsingeraktion-in-der-pfarre-admont\/","name":"Campagne de chants \u00e0 l'\u00e9toile dans la paroisse d'Admont - Stift Admont","isPartOf":{"@id":"https:\/\/stiftadmont.at\/#website"},"primaryImageOfPage":{"@id":"https:\/\/stiftadmont.at\/blog\/sternsingeraktion-in-der-pfarre-admont\/#primaryimage"},"image":{"@id":"https:\/\/stiftadmont.at\/blog\/sternsingeraktion-in-der-pfarre-admont\/#primaryimage"},"thumbnailUrl":"https:\/\/stiftadmont.at\/wp-content\/uploads\/Stift-Admont-Sternsinger-2021-2.jpg","datePublished":"2021-12-19T10:00:00+00:00","dateModified":"2022-05-29T11:49:49+00:00","author":{"@id":"https:\/\/stiftadmont.at\/#\/schema\/person\/30535548b241d5f33a2e8b839db11869"},"description":"Lisez les informations actuelles sur l'action des chanteurs \u00e0 l'\u00e9toile dans la paroisse d'Admont et bien d'autres choses encore sur le couvent et la paroisse d'Admont.","breadcrumb":{"@id":"https:\/\/stiftadmont.at\/blog\/sternsingeraktion-in-der-pfarre-admont\/#breadcrumb"},"inLanguage":"fr-FR","potentialAction":[{"@type":"ReadAction","target":["https:\/\/stiftadmont.at\/blog\/sternsingeraktion-in-der-pfarre-admont\/"]}]},{"@type":"ImageObject","inLanguage":"fr-FR","@id":"https:\/\/stiftadmont.at\/blog\/sternsingeraktion-in-der-pfarre-admont\/#primaryimage","url":"https:\/\/stiftadmont.at\/wp-content\/uploads\/Stift-Admont-Sternsinger-2021-2.jpg","contentUrl":"https:\/\/stiftadmont.at\/wp-content\/uploads\/Stift-Admont-Sternsinger-2021-2.jpg","width":853,"height":569,"caption":"Stift Admont Sternsinger 2021 2"},{"@type":"BreadcrumbList","@id":"https:\/\/stiftadmont.at\/blog\/sternsingeraktion-in-der-pfarre-admont\/#breadcrumb","itemListElement":[{"@type":"ListItem","position":1,"name":"Start","item":"https:\/\/stiftadmont.at\/"},{"@type":"ListItem","position":2,"name":"Sternsingeraktion in der Pfarre Admont"}]},{"@type":"WebSite","@id":"https:\/\/stiftadmont.at\/#website","url":"https:\/\/stiftadmont.at\/","name":"Abbaye d'Admont","description":"Monast\u00e8re b\u00e9n\u00e9dictin et attraction touristique dans le Ges\u00e4use","potentialAction":[{"@type":"SearchAction","target":{"@type":"EntryPoint","urlTemplate":"https:\/\/stiftadmont.at\/?s={search_term_string}"},"query-input":{"@type":"PropertyValueSpecification","valueRequired":true,"valueName":"search_term_string"}}],"inLanguage":"fr-FR"},{"@type":"Person","@id":"https:\/\/stiftadmont.at\/#\/schema\/person\/30535548b241d5f33a2e8b839db11869","name":"Mario Brandm\u00fcller"}]}},"_links":{"self":[{"href":"https:\/\/stiftadmont.at\/fr\/wp-json\/wp\/v2\/posts\/11633","targetHints":{"allow":["GET"]}}],"collection":[{"href":"https:\/\/stiftadmont.at\/fr\/wp-json\/wp\/v2\/posts"}],"about":[{"href":"https:\/\/stiftadmont.at\/fr\/wp-json\/wp\/v2\/types\/post"}],"author":[{"embeddable":true,"href":"https:\/\/stiftadmont.at\/fr\/wp-json\/wp\/v2\/users\/7"}],"replies":[{"embeddable":true,"href":"https:\/\/stiftadmont.at\/fr\/wp-json\/wp\/v2\/comments?post=11633"}],"version-history":[{"count":5,"href":"https:\/\/stiftadmont.at\/fr\/wp-json\/wp\/v2\/posts\/11633\/revisions"}],"predecessor-version":[{"id":11639,"href":"https:\/\/stiftadmont.at\/fr\/wp-json\/wp\/v2\/posts\/11633\/revisions\/11639"}],"wp:featuredmedia":[{"embeddable":true,"href":"https:\/\/stiftadmont.at\/fr\/wp-json\/wp\/v2\/media\/11634"}],"wp:attachment":[{"href":"https:\/\/stiftadmont.at\/fr\/wp-json\/wp\/v2\/media?parent=11633"}],"wp:term":[{"taxonomy":"category","embeddable":true,"href":"https:\/\/stiftadmont.at\/fr\/wp-json\/wp\/v2\/categories?post=11633"}],"curies":[{"name":"wp","href":"https:\/\/api.w.org\/{rel}","templated":true}]}}