{"id":11778,"date":"2021-09-09T12:00:00","date_gmt":"2021-09-09T10:00:00","guid":{"rendered":"https:\/\/stiftadmont.at\/?p=11778"},"modified":"2022-05-29T14:44:39","modified_gmt":"2022-05-29T12:44:39","slug":"cetait-lautomne-bruyant-2021","status":"publish","type":"post","link":"https:\/\/stiftadmont.at\/fr\/blog\/das-war-der-lautenherbst-2021\/","title":{"rendered":"C'\u00e9tait l'automne du luth 2021"},"content":{"rendered":"<section id='lightpress__section--block_629369f59a0e7' class='lightpress__section--default-section-space lightpress__section lightpress__section--content'><div class=\"content__inner\"\n         x-init=\"initContentBlockAnim($el)\">\n        \n    <div class=\"content__grid content__grid--fifty-fifty\">\n                                            <div class=\"content__box content__box\"\n                 style=\"\">\n                                \n                \n                                            <div class=\"prose\"><h2 class=\"heading-xxl line line--gold\">C'\u00e9tait l'automne du luth 2021<\/h2>\n<p><strong>Jeudi 9 septembre 2021<\/strong><\/p>\n<p>Tout a commenc\u00e9 par des r\u00e9flexions sur le pouvoir de la musique. C'est ainsi que l'abb\u00e9 Gerhard a ouvert le 7e Automne du luth d'Admont dans \"sa\" coll\u00e9giale, et l'ensemble nord-allemand \"I Zefirelli\" a traduit en son ce que le chef du monast\u00e8re voulait dire. Dans les ensembles sp\u00e9cialis\u00e9s - et ceux de musique ancienne ne font plus exception de nos jours - on trouve souvent un degr\u00e9 \u00e9tonnant de comp\u00e9tence musicale et de virtuosit\u00e9.<\/p>\n<p>Les jeunes musiciens, venus de Br\u00eame \u00e0 Hambourg, ont r\u00e9pondu en tous points \u00e0 ces attentes. Des \u0153uvres de Henry Purcell, Arcangelo Corelli jusqu'\u00e0 G. G. H\u00e4ndel \u00e9taient au programme, mais aussi des chansons populaires du 17e si\u00e8cle et des chansons allemandes pour basse continue. La soir\u00e9e s'est donc r\u00e9v\u00e9l\u00e9e tr\u00e8s vari\u00e9e et les longs applaudissements des nombreux auditeurs pr\u00e9sents dans l'abbatiale d'Admont \u00e9taient plus que m\u00e9rit\u00e9s. Mais les organisatrices de l'automne du luth ont \u00e9galement \u00e9t\u00e9 applaudies. Ce ne sont pas seulement les grandes manifestations renomm\u00e9es qui font ce que l'on appelle un pays culturel, mais aussi les initiatives plus modestes, comme il en existe heureusement beaucoup dans ce pays, et dont l'Automne du luth d'Admont peut \u00e0 juste titre faire partie. (Albert Wonasch\u00fctz)<\/p>\n<\/div>\n                    \n                            <\/div>\n        \n                                                    <div class=\"content__box content__box--2\"\n                     >\n                                        \n                    \n                                                <div class=\"content__media stickyTo\" x-init=\"imageSticky($el)\">\n\n                                                                                    <picture\n                                    class=\"content__image sticky\">\n                                <source srcset=\"https:\/\/stiftadmont.at\/wp-content\/uploads\/Stift-Admont-Lautenherbst-2021.webp\" type=\"image\/webp\">\n                                <source srcset=\"https:\/\/stiftadmont.at\/wp-content\/uploads\/Stift-Admont-Lautenherbst-2021.jpg\" type=\"image\/jpeg\">\n                                <img decoding=\"async\" class=\"sticky\" loading=\"lazy\" src=\"https:\/\/stiftadmont.at\/wp-content\/uploads\/Stift-Admont-Lautenherbst-2021.jpg\" alt=\"Abbaye d&#039;Admont Automne du luth 2021\" \/>\n\n                                                                                                                            <\/picture>\n\n                        <\/div>\n\n                                    <\/div>\n            \n            <\/div>\n<\/div>\n\n<\/section>","protected":false},"excerpt":{"rendered":"<p>Concert d'ouverture du 7e Automne du luth d'Admont<\/p>","protected":false},"author":7,"featured_media":11779,"comment_status":"closed","ping_status":"closed","sticky":false,"template":"","format":"standard","meta":{"_acf_changed":false,"footnotes":""},"categories":[22],"class_list":["post-11778","post","type-post","status-publish","format-standard","has-post-thumbnail","hentry","category-kloster-aktuell"],"acf":[],"yoast_head":"<!-- This site is optimized with the Yoast SEO Premium plugin v26.0 (Yoast SEO v26.8) - https:\/\/yoast.com\/product\/yoast-seo-premium-wordpress\/ -->\n<title>Das war der Lautenherbst 2021 - Stift Admont<\/title>\n<meta name=\"description\" content=\"Lesen Sie aktuelle Informationen zum Thema Das war der Lautenherbst 2021 und vieles mehr aus dem Konvent und der Pfarre Admont.\" \/>\n<meta name=\"robots\" content=\"index, follow, max-snippet:-1, max-image-preview:large, max-video-preview:-1\" \/>\n<link rel=\"canonical\" href=\"https:\/\/stiftadmont.at\/fr\/blog\/cetait-lautomne-bruyant-2021\/\" \/>\n<meta property=\"og:locale\" content=\"fr_FR\" \/>\n<meta property=\"og:type\" content=\"article\" \/>\n<meta property=\"og:title\" content=\"Das war der Lautenherbst 2021\" \/>\n<meta property=\"og:description\" content=\"Lesen Sie aktuelle Informationen zum Thema Das war der Lautenherbst 2021 und vieles mehr aus dem Konvent und der Pfarre Admont.\" \/>\n<meta property=\"og:url\" content=\"https:\/\/stiftadmont.at\/fr\/blog\/cetait-lautomne-bruyant-2021\/\" \/>\n<meta property=\"og:site_name\" content=\"Stift Admont\" \/>\n<meta property=\"article:published_time\" content=\"2021-09-09T10:00:00+00:00\" \/>\n<meta property=\"article:modified_time\" content=\"2022-05-29T12:44:39+00:00\" \/>\n<meta property=\"og:image\" content=\"https:\/\/stiftadmont.at\/wp-content\/uploads\/Stift-Admont-Lautenherbst-2021.jpg\" \/>\n\t<meta property=\"og:image:width\" content=\"853\" \/>\n\t<meta property=\"og:image:height\" content=\"640\" \/>\n\t<meta property=\"og:image:type\" content=\"image\/jpeg\" \/>\n<meta name=\"author\" content=\"Mario Brandm\u00fcller\" \/>\n<meta name=\"twitter:card\" content=\"summary_large_image\" \/>\n<meta name=\"twitter:label1\" content=\"\u00c9crit par\" \/>\n\t<meta name=\"twitter:data1\" content=\"Mario Brandm\u00fcller\" \/>\n<script type=\"application\/ld+json\" class=\"yoast-schema-graph\">{\"@context\":\"https:\/\/schema.org\",\"@graph\":[{\"@type\":\"Article\",\"@id\":\"https:\/\/stiftadmont.at\/blog\/das-war-der-lautenherbst-2021\/#article\",\"isPartOf\":{\"@id\":\"https:\/\/stiftadmont.at\/blog\/das-war-der-lautenherbst-2021\/\"},\"author\":{\"name\":\"Mario Brandm\u00fcller\",\"@id\":\"https:\/\/stiftadmont.at\/#\/schema\/person\/30535548b241d5f33a2e8b839db11869\"},\"headline\":\"Das war der Lautenherbst 2021\",\"datePublished\":\"2021-09-09T10:00:00+00:00\",\"dateModified\":\"2022-05-29T12:44:39+00:00\",\"mainEntityOfPage\":{\"@id\":\"https:\/\/stiftadmont.at\/blog\/das-war-der-lautenherbst-2021\/\"},\"wordCount\":4,\"image\":{\"@id\":\"https:\/\/stiftadmont.at\/blog\/das-war-der-lautenherbst-2021\/#primaryimage\"},\"thumbnailUrl\":\"https:\/\/stiftadmont.at\/wp-content\/uploads\/Stift-Admont-Lautenherbst-2021.jpg\",\"articleSection\":[\"Kloster aktuell\"],\"inLanguage\":\"fr-FR\"},{\"@type\":\"WebPage\",\"@id\":\"https:\/\/stiftadmont.at\/blog\/das-war-der-lautenherbst-2021\/\",\"url\":\"https:\/\/stiftadmont.at\/blog\/das-war-der-lautenherbst-2021\/\",\"name\":\"Das war der Lautenherbst 2021 - Stift Admont\",\"isPartOf\":{\"@id\":\"https:\/\/stiftadmont.at\/#website\"},\"primaryImageOfPage\":{\"@id\":\"https:\/\/stiftadmont.at\/blog\/das-war-der-lautenherbst-2021\/#primaryimage\"},\"image\":{\"@id\":\"https:\/\/stiftadmont.at\/blog\/das-war-der-lautenherbst-2021\/#primaryimage\"},\"thumbnailUrl\":\"https:\/\/stiftadmont.at\/wp-content\/uploads\/Stift-Admont-Lautenherbst-2021.jpg\",\"datePublished\":\"2021-09-09T10:00:00+00:00\",\"dateModified\":\"2022-05-29T12:44:39+00:00\",\"author\":{\"@id\":\"https:\/\/stiftadmont.at\/#\/schema\/person\/30535548b241d5f33a2e8b839db11869\"},\"description\":\"Lesen Sie aktuelle Informationen zum Thema Das war der Lautenherbst 2021 und vieles mehr aus dem Konvent und der Pfarre Admont.\",\"breadcrumb\":{\"@id\":\"https:\/\/stiftadmont.at\/blog\/das-war-der-lautenherbst-2021\/#breadcrumb\"},\"inLanguage\":\"fr-FR\",\"potentialAction\":[{\"@type\":\"ReadAction\",\"target\":[\"https:\/\/stiftadmont.at\/blog\/das-war-der-lautenherbst-2021\/\"]}]},{\"@type\":\"ImageObject\",\"inLanguage\":\"fr-FR\",\"@id\":\"https:\/\/stiftadmont.at\/blog\/das-war-der-lautenherbst-2021\/#primaryimage\",\"url\":\"https:\/\/stiftadmont.at\/wp-content\/uploads\/Stift-Admont-Lautenherbst-2021.jpg\",\"contentUrl\":\"https:\/\/stiftadmont.at\/wp-content\/uploads\/Stift-Admont-Lautenherbst-2021.jpg\",\"width\":853,\"height\":640,\"caption\":\"Stift Admont Lautenherbst 2021\"},{\"@type\":\"BreadcrumbList\",\"@id\":\"https:\/\/stiftadmont.at\/blog\/das-war-der-lautenherbst-2021\/#breadcrumb\",\"itemListElement\":[{\"@type\":\"ListItem\",\"position\":1,\"name\":\"Start\",\"item\":\"https:\/\/stiftadmont.at\/\"},{\"@type\":\"ListItem\",\"position\":2,\"name\":\"Das war der Lautenherbst 2021\"}]},{\"@type\":\"WebSite\",\"@id\":\"https:\/\/stiftadmont.at\/#website\",\"url\":\"https:\/\/stiftadmont.at\/\",\"name\":\"Stift Admont\",\"description\":\"Benediktinerkloster und Sehensw\u00fcrdigkeit im Ges\u00e4use\",\"potentialAction\":[{\"@type\":\"SearchAction\",\"target\":{\"@type\":\"EntryPoint\",\"urlTemplate\":\"https:\/\/stiftadmont.at\/?s={search_term_string}\"},\"query-input\":{\"@type\":\"PropertyValueSpecification\",\"valueRequired\":true,\"valueName\":\"search_term_string\"}}],\"inLanguage\":\"fr-FR\"},{\"@type\":\"Person\",\"@id\":\"https:\/\/stiftadmont.at\/#\/schema\/person\/30535548b241d5f33a2e8b839db11869\",\"name\":\"Mario Brandm\u00fcller\"}]}<\/script>\n<!-- \/ Yoast SEO Premium plugin. -->","yoast_head_json":{"title":"C'\u00e9tait l'automne du luth 2021 - Stift Admont","description":"Lisez les informations actuelles sur le th\u00e8me \"Das war der Lautenherbst 2021\" et bien d'autres informations sur le couvent et la paroisse d'Admont.","robots":{"index":"index","follow":"follow","max-snippet":"max-snippet:-1","max-image-preview":"max-image-preview:large","max-video-preview":"max-video-preview:-1"},"canonical":"https:\/\/stiftadmont.at\/fr\/blog\/cetait-lautomne-bruyant-2021\/","og_locale":"fr_FR","og_type":"article","og_title":"Das war der Lautenherbst 2021","og_description":"Lesen Sie aktuelle Informationen zum Thema Das war der Lautenherbst 2021 und vieles mehr aus dem Konvent und der Pfarre Admont.","og_url":"https:\/\/stiftadmont.at\/fr\/blog\/cetait-lautomne-bruyant-2021\/","og_site_name":"Stift Admont","article_published_time":"2021-09-09T10:00:00+00:00","article_modified_time":"2022-05-29T12:44:39+00:00","og_image":[{"width":853,"height":640,"url":"https:\/\/stiftadmont.at\/wp-content\/uploads\/Stift-Admont-Lautenherbst-2021.jpg","type":"image\/jpeg"}],"author":"Mario Brandm\u00fcller","twitter_card":"summary_large_image","twitter_misc":{"\u00c9crit par":"Mario Brandm\u00fcller"},"schema":{"@context":"https:\/\/schema.org","@graph":[{"@type":"Article","@id":"https:\/\/stiftadmont.at\/blog\/das-war-der-lautenherbst-2021\/#article","isPartOf":{"@id":"https:\/\/stiftadmont.at\/blog\/das-war-der-lautenherbst-2021\/"},"author":{"name":"Mario Brandm\u00fcller","@id":"https:\/\/stiftadmont.at\/#\/schema\/person\/30535548b241d5f33a2e8b839db11869"},"headline":"Das war der Lautenherbst 2021","datePublished":"2021-09-09T10:00:00+00:00","dateModified":"2022-05-29T12:44:39+00:00","mainEntityOfPage":{"@id":"https:\/\/stiftadmont.at\/blog\/das-war-der-lautenherbst-2021\/"},"wordCount":4,"image":{"@id":"https:\/\/stiftadmont.at\/blog\/das-war-der-lautenherbst-2021\/#primaryimage"},"thumbnailUrl":"https:\/\/stiftadmont.at\/wp-content\/uploads\/Stift-Admont-Lautenherbst-2021.jpg","articleSection":["Kloster aktuell"],"inLanguage":"fr-FR"},{"@type":"WebPage","@id":"https:\/\/stiftadmont.at\/blog\/das-war-der-lautenherbst-2021\/","url":"https:\/\/stiftadmont.at\/blog\/das-war-der-lautenherbst-2021\/","name":"C'\u00e9tait l'automne du luth 2021 - Stift Admont","isPartOf":{"@id":"https:\/\/stiftadmont.at\/#website"},"primaryImageOfPage":{"@id":"https:\/\/stiftadmont.at\/blog\/das-war-der-lautenherbst-2021\/#primaryimage"},"image":{"@id":"https:\/\/stiftadmont.at\/blog\/das-war-der-lautenherbst-2021\/#primaryimage"},"thumbnailUrl":"https:\/\/stiftadmont.at\/wp-content\/uploads\/Stift-Admont-Lautenherbst-2021.jpg","datePublished":"2021-09-09T10:00:00+00:00","dateModified":"2022-05-29T12:44:39+00:00","author":{"@id":"https:\/\/stiftadmont.at\/#\/schema\/person\/30535548b241d5f33a2e8b839db11869"},"description":"Lisez les informations actuelles sur le th\u00e8me \"Das war der Lautenherbst 2021\" et bien d'autres informations sur le couvent et la paroisse d'Admont.","breadcrumb":{"@id":"https:\/\/stiftadmont.at\/blog\/das-war-der-lautenherbst-2021\/#breadcrumb"},"inLanguage":"fr-FR","potentialAction":[{"@type":"ReadAction","target":["https:\/\/stiftadmont.at\/blog\/das-war-der-lautenherbst-2021\/"]}]},{"@type":"ImageObject","inLanguage":"fr-FR","@id":"https:\/\/stiftadmont.at\/blog\/das-war-der-lautenherbst-2021\/#primaryimage","url":"https:\/\/stiftadmont.at\/wp-content\/uploads\/Stift-Admont-Lautenherbst-2021.jpg","contentUrl":"https:\/\/stiftadmont.at\/wp-content\/uploads\/Stift-Admont-Lautenherbst-2021.jpg","width":853,"height":640,"caption":"Stift Admont Lautenherbst 2021"},{"@type":"BreadcrumbList","@id":"https:\/\/stiftadmont.at\/blog\/das-war-der-lautenherbst-2021\/#breadcrumb","itemListElement":[{"@type":"ListItem","position":1,"name":"Start","item":"https:\/\/stiftadmont.at\/"},{"@type":"ListItem","position":2,"name":"Das war der Lautenherbst 2021"}]},{"@type":"WebSite","@id":"https:\/\/stiftadmont.at\/#website","url":"https:\/\/stiftadmont.at\/","name":"Abbaye d'Admont","description":"Monast\u00e8re b\u00e9n\u00e9dictin et attraction touristique dans le Ges\u00e4use","potentialAction":[{"@type":"SearchAction","target":{"@type":"EntryPoint","urlTemplate":"https:\/\/stiftadmont.at\/?s={search_term_string}"},"query-input":{"@type":"PropertyValueSpecification","valueRequired":true,"valueName":"search_term_string"}}],"inLanguage":"fr-FR"},{"@type":"Person","@id":"https:\/\/stiftadmont.at\/#\/schema\/person\/30535548b241d5f33a2e8b839db11869","name":"Mario Brandm\u00fcller"}]}},"_links":{"self":[{"href":"https:\/\/stiftadmont.at\/fr\/wp-json\/wp\/v2\/posts\/11778","targetHints":{"allow":["GET"]}}],"collection":[{"href":"https:\/\/stiftadmont.at\/fr\/wp-json\/wp\/v2\/posts"}],"about":[{"href":"https:\/\/stiftadmont.at\/fr\/wp-json\/wp\/v2\/types\/post"}],"author":[{"embeddable":true,"href":"https:\/\/stiftadmont.at\/fr\/wp-json\/wp\/v2\/users\/7"}],"replies":[{"embeddable":true,"href":"https:\/\/stiftadmont.at\/fr\/wp-json\/wp\/v2\/comments?post=11778"}],"version-history":[{"count":7,"href":"https:\/\/stiftadmont.at\/fr\/wp-json\/wp\/v2\/posts\/11778\/revisions"}],"predecessor-version":[{"id":11787,"href":"https:\/\/stiftadmont.at\/fr\/wp-json\/wp\/v2\/posts\/11778\/revisions\/11787"}],"wp:featuredmedia":[{"embeddable":true,"href":"https:\/\/stiftadmont.at\/fr\/wp-json\/wp\/v2\/media\/11779"}],"wp:attachment":[{"href":"https:\/\/stiftadmont.at\/fr\/wp-json\/wp\/v2\/media?parent=11778"}],"wp:term":[{"taxonomy":"category","embeddable":true,"href":"https:\/\/stiftadmont.at\/fr\/wp-json\/wp\/v2\/categories?post=11778"}],"curies":[{"name":"wp","href":"https:\/\/api.w.org\/{rel}","templated":true}]}}