{"id":11820,"date":"2021-09-03T12:00:00","date_gmt":"2021-09-03T10:00:00","guid":{"rendered":"https:\/\/stiftadmont.at\/?p=11820"},"modified":"2022-05-29T15:05:22","modified_gmt":"2022-05-29T13:05:22","slug":"profession-temporaire-pour-pierre","status":"publish","type":"post","link":"https:\/\/stiftadmont.at\/fr\/blog\/zeitliche-profess-fr-petrus\/","title":{"rendered":"Profession temporaire fr. Petrus Dreyhaupt OSB"},"content":{"rendered":"<section id='lightpress__section--block_62936ed854430' class='lightpress__section--default-section-space lightpress__section lightpress__section--content'><div class=\"content__inner\"\n         x-init=\"initContentBlockAnim($el)\">\n        \n    <div class=\"content__grid content__grid--fifty-fifty\">\n                                            <div class=\"content__box content__box\"\n                 style=\"\">\n                                \n                \n                                            <div class=\"prose\"><h2 class=\"heading-xxl line line--gold\">Profession temporaire fr. Pierre<\/h2>\n<p><strong>Vendredi 3 septembre 2021<\/strong><\/p>\n<p>Le 8 septembre 2021, en la f\u00eate de la Nativit\u00e9 de la Vierge Marie, notre confr\u00e8re fr. Petrus se liera \u00e0 notre communaut\u00e9 b\u00e9n\u00e9dictine d'Admont par sa profession temporaire pour une dur\u00e9e de 3 ans.<\/p>\n<p>Frater Petrus Dreyhaupt OSB est n\u00e9 \u00e0 Br\u00eame en 1996. Il a grandi \u00e0 Wilhelmshaven (Basse-Saxe, D) et pr\u00e8s d'Alt\u00f6tting (Bavi\u00e8re, D). En 2016, il est entr\u00e9 \u00e0 l'abbaye de G\u00f6ttweig en Basse-Autriche. A commenc\u00e9 en 2017 des \u00e9tudes de th\u00e9ologie sp\u00e9cialis\u00e9e \u00e0 Salzbourg. Le 8 septembre, le fr. Petrus fait de nouveau profession temporaire \u00e0 Admont. Il se lie ainsi pour trois ans \u00e0 la communaut\u00e9 d'Admont. Le temps pass\u00e9 \u00e0 G\u00f6ttweig a \u00e9t\u00e9 pour lui une p\u00e9riode instructive au cours de laquelle il a pu d\u00e9couvrir la vie b\u00e9n\u00e9dictine. En r\u00e9fl\u00e9chissant et en clarifiant la suite de son parcours spirituel - une autre facette et un sens de la profession temporaire - il est parvenu \u00e0 la d\u00e9cision de poursuivre et d'exp\u00e9rimenter son chemin de recherche de Dieu \u00e0 l'abbaye d'Admont.<\/p>\n<p>Profession temporaire du fr. Petrus Dreyhaupt OSB<br \/>Mercredi 8 septembre 2021<br \/>15:00 heures<br \/>\u00c9glise coll\u00e9giale d'Admont<\/p>\n<p>La participation \u00e0 la f\u00eate n'est possible qu'avec un justificatif 3G valable !<\/p>\n<\/div>\n                    \n                            <\/div>\n        \n                                                    <div class=\"content__box content__box--2\"\n                     >\n                                        \n                    \n                                                <div class=\"content__media stickyTo\" x-init=\"imageSticky($el)\">\n\n                                                                                    <picture\n                                    class=\"content__image sticky image-overlay\">\n                                <source srcset=\"https:\/\/stiftadmont.at\/wp-content\/uploads\/Stift-Admont-fr.-Petrus.webp\" type=\"image\/webp\">\n                                <source srcset=\"https:\/\/stiftadmont.at\/wp-content\/uploads\/Stift-Admont-fr.-Petrus.jpg\" type=\"image\/jpeg\">\n                                <img decoding=\"async\" class=\"sticky\" loading=\"lazy\" src=\"https:\/\/stiftadmont.at\/wp-content\/uploads\/Stift-Admont-fr.-Petrus.jpg\" alt=\"Monast\u00e8re d&#039;Admont fr. Petrus\" \/>\n\n                                                                                                                            <\/picture>\n\n                        <\/div>\n\n                                    <\/div>\n            \n            <\/div>\n<\/div>\n\n<\/section>","protected":false},"excerpt":{"rendered":"<p>Notre confr\u00e8re fr. Petrus se liera \u00e0 notre communaut\u00e9 b\u00e9n\u00e9dictine d'Admont par sa profession temporaire pour une dur\u00e9e de 3 ans.<\/p>","protected":false},"author":7,"featured_media":11821,"comment_status":"closed","ping_status":"closed","sticky":false,"template":"","format":"standard","meta":{"_acf_changed":false,"footnotes":""},"categories":[22],"class_list":["post-11820","post","type-post","status-publish","format-standard","has-post-thumbnail","hentry","category-kloster-aktuell"],"acf":[],"yoast_head":"<!-- This site is optimized with the Yoast SEO Premium plugin v26.0 (Yoast SEO v26.8) - https:\/\/yoast.com\/product\/yoast-seo-premium-wordpress\/ -->\n<title>Zeitliche Profess fr. Petrus Dreyhaupt OSB - Stift Admont<\/title>\n<meta name=\"description\" content=\"Lesen Sie aktuelle Informationen zum Thema Zeitliche Profess fr. Petrus Dreyhaupt OSB und vieles mehr aus dem Konvent und der Pfarre Admont.\" \/>\n<meta name=\"robots\" content=\"index, follow, max-snippet:-1, max-image-preview:large, max-video-preview:-1\" \/>\n<link rel=\"canonical\" href=\"https:\/\/stiftadmont.at\/fr\/blog\/profession-temporaire-pour-pierre\/\" \/>\n<meta property=\"og:locale\" content=\"fr_FR\" \/>\n<meta property=\"og:type\" content=\"article\" \/>\n<meta property=\"og:title\" content=\"Zeitliche Profess fr. Petrus Dreyhaupt OSB\" \/>\n<meta property=\"og:description\" content=\"Lesen Sie aktuelle Informationen zum Thema Zeitliche Profess fr. Petrus Dreyhaupt OSB und vieles mehr aus dem Konvent und der Pfarre Admont.\" \/>\n<meta property=\"og:url\" content=\"https:\/\/stiftadmont.at\/fr\/blog\/profession-temporaire-pour-pierre\/\" \/>\n<meta property=\"og:site_name\" content=\"Stift Admont\" \/>\n<meta property=\"article:published_time\" content=\"2021-09-03T10:00:00+00:00\" \/>\n<meta property=\"article:modified_time\" content=\"2022-05-29T13:05:22+00:00\" \/>\n<meta property=\"og:image\" content=\"https:\/\/stiftadmont.at\/wp-content\/uploads\/Stift-Admont-fr.-Petrus.jpg\" \/>\n\t<meta property=\"og:image:width\" content=\"853\" \/>\n\t<meta property=\"og:image:height\" content=\"640\" \/>\n\t<meta property=\"og:image:type\" content=\"image\/jpeg\" \/>\n<meta name=\"author\" content=\"Mario Brandm\u00fcller\" \/>\n<meta name=\"twitter:card\" content=\"summary_large_image\" \/>\n<meta name=\"twitter:label1\" content=\"\u00c9crit par\" \/>\n\t<meta name=\"twitter:data1\" content=\"Mario Brandm\u00fcller\" \/>\n<script type=\"application\/ld+json\" class=\"yoast-schema-graph\">{\"@context\":\"https:\/\/schema.org\",\"@graph\":[{\"@type\":\"Article\",\"@id\":\"https:\/\/stiftadmont.at\/blog\/zeitliche-profess-fr-petrus\/#article\",\"isPartOf\":{\"@id\":\"https:\/\/stiftadmont.at\/blog\/zeitliche-profess-fr-petrus\/\"},\"author\":{\"name\":\"Mario Brandm\u00fcller\",\"@id\":\"https:\/\/stiftadmont.at\/#\/schema\/person\/30535548b241d5f33a2e8b839db11869\"},\"headline\":\"Zeitliche Profess fr. Petrus Dreyhaupt OSB\",\"datePublished\":\"2021-09-03T10:00:00+00:00\",\"dateModified\":\"2022-05-29T13:05:22+00:00\",\"mainEntityOfPage\":{\"@id\":\"https:\/\/stiftadmont.at\/blog\/zeitliche-profess-fr-petrus\/\"},\"wordCount\":6,\"image\":{\"@id\":\"https:\/\/stiftadmont.at\/blog\/zeitliche-profess-fr-petrus\/#primaryimage\"},\"thumbnailUrl\":\"https:\/\/stiftadmont.at\/wp-content\/uploads\/Stift-Admont-fr.-Petrus.jpg\",\"articleSection\":[\"Kloster aktuell\"],\"inLanguage\":\"fr-FR\"},{\"@type\":\"WebPage\",\"@id\":\"https:\/\/stiftadmont.at\/blog\/zeitliche-profess-fr-petrus\/\",\"url\":\"https:\/\/stiftadmont.at\/blog\/zeitliche-profess-fr-petrus\/\",\"name\":\"Zeitliche Profess fr. Petrus Dreyhaupt OSB - Stift Admont\",\"isPartOf\":{\"@id\":\"https:\/\/stiftadmont.at\/#website\"},\"primaryImageOfPage\":{\"@id\":\"https:\/\/stiftadmont.at\/blog\/zeitliche-profess-fr-petrus\/#primaryimage\"},\"image\":{\"@id\":\"https:\/\/stiftadmont.at\/blog\/zeitliche-profess-fr-petrus\/#primaryimage\"},\"thumbnailUrl\":\"https:\/\/stiftadmont.at\/wp-content\/uploads\/Stift-Admont-fr.-Petrus.jpg\",\"datePublished\":\"2021-09-03T10:00:00+00:00\",\"dateModified\":\"2022-05-29T13:05:22+00:00\",\"author\":{\"@id\":\"https:\/\/stiftadmont.at\/#\/schema\/person\/30535548b241d5f33a2e8b839db11869\"},\"description\":\"Lesen Sie aktuelle Informationen zum Thema Zeitliche Profess fr. Petrus Dreyhaupt OSB und vieles mehr aus dem Konvent und der Pfarre Admont.\",\"breadcrumb\":{\"@id\":\"https:\/\/stiftadmont.at\/blog\/zeitliche-profess-fr-petrus\/#breadcrumb\"},\"inLanguage\":\"fr-FR\",\"potentialAction\":[{\"@type\":\"ReadAction\",\"target\":[\"https:\/\/stiftadmont.at\/blog\/zeitliche-profess-fr-petrus\/\"]}]},{\"@type\":\"ImageObject\",\"inLanguage\":\"fr-FR\",\"@id\":\"https:\/\/stiftadmont.at\/blog\/zeitliche-profess-fr-petrus\/#primaryimage\",\"url\":\"https:\/\/stiftadmont.at\/wp-content\/uploads\/Stift-Admont-fr.-Petrus.jpg\",\"contentUrl\":\"https:\/\/stiftadmont.at\/wp-content\/uploads\/Stift-Admont-fr.-Petrus.jpg\",\"width\":853,\"height\":640,\"caption\":\"Stift Admont fr. Petrus\"},{\"@type\":\"BreadcrumbList\",\"@id\":\"https:\/\/stiftadmont.at\/blog\/zeitliche-profess-fr-petrus\/#breadcrumb\",\"itemListElement\":[{\"@type\":\"ListItem\",\"position\":1,\"name\":\"Start\",\"item\":\"https:\/\/stiftadmont.at\/\"},{\"@type\":\"ListItem\",\"position\":2,\"name\":\"Zeitliche Profess fr. Petrus Dreyhaupt OSB\"}]},{\"@type\":\"WebSite\",\"@id\":\"https:\/\/stiftadmont.at\/#website\",\"url\":\"https:\/\/stiftadmont.at\/\",\"name\":\"Stift Admont\",\"description\":\"Benediktinerkloster und Sehensw\u00fcrdigkeit im Ges\u00e4use\",\"potentialAction\":[{\"@type\":\"SearchAction\",\"target\":{\"@type\":\"EntryPoint\",\"urlTemplate\":\"https:\/\/stiftadmont.at\/?s={search_term_string}\"},\"query-input\":{\"@type\":\"PropertyValueSpecification\",\"valueRequired\":true,\"valueName\":\"search_term_string\"}}],\"inLanguage\":\"fr-FR\"},{\"@type\":\"Person\",\"@id\":\"https:\/\/stiftadmont.at\/#\/schema\/person\/30535548b241d5f33a2e8b839db11869\",\"name\":\"Mario Brandm\u00fcller\"}]}<\/script>\n<!-- \/ Yoast SEO Premium plugin. -->","yoast_head_json":{"title":"Profession temporaire fr. Petrus Dreyhaupt OSB - Stift Admont","description":"Lisez les derni\u00e8res informations sur la profession temporaire de fr. Petrus Dreyhaupt OSB et bien d'autres choses encore sur le couvent et la paroisse d'Admont.","robots":{"index":"index","follow":"follow","max-snippet":"max-snippet:-1","max-image-preview":"max-image-preview:large","max-video-preview":"max-video-preview:-1"},"canonical":"https:\/\/stiftadmont.at\/fr\/blog\/profession-temporaire-pour-pierre\/","og_locale":"fr_FR","og_type":"article","og_title":"Zeitliche Profess fr. Petrus Dreyhaupt OSB","og_description":"Lesen Sie aktuelle Informationen zum Thema Zeitliche Profess fr. Petrus Dreyhaupt OSB und vieles mehr aus dem Konvent und der Pfarre Admont.","og_url":"https:\/\/stiftadmont.at\/fr\/blog\/profession-temporaire-pour-pierre\/","og_site_name":"Stift Admont","article_published_time":"2021-09-03T10:00:00+00:00","article_modified_time":"2022-05-29T13:05:22+00:00","og_image":[{"width":853,"height":640,"url":"https:\/\/stiftadmont.at\/wp-content\/uploads\/Stift-Admont-fr.-Petrus.jpg","type":"image\/jpeg"}],"author":"Mario Brandm\u00fcller","twitter_card":"summary_large_image","twitter_misc":{"\u00c9crit par":"Mario Brandm\u00fcller"},"schema":{"@context":"https:\/\/schema.org","@graph":[{"@type":"Article","@id":"https:\/\/stiftadmont.at\/blog\/zeitliche-profess-fr-petrus\/#article","isPartOf":{"@id":"https:\/\/stiftadmont.at\/blog\/zeitliche-profess-fr-petrus\/"},"author":{"name":"Mario Brandm\u00fcller","@id":"https:\/\/stiftadmont.at\/#\/schema\/person\/30535548b241d5f33a2e8b839db11869"},"headline":"Zeitliche Profess fr. Petrus Dreyhaupt OSB","datePublished":"2021-09-03T10:00:00+00:00","dateModified":"2022-05-29T13:05:22+00:00","mainEntityOfPage":{"@id":"https:\/\/stiftadmont.at\/blog\/zeitliche-profess-fr-petrus\/"},"wordCount":6,"image":{"@id":"https:\/\/stiftadmont.at\/blog\/zeitliche-profess-fr-petrus\/#primaryimage"},"thumbnailUrl":"https:\/\/stiftadmont.at\/wp-content\/uploads\/Stift-Admont-fr.-Petrus.jpg","articleSection":["Kloster aktuell"],"inLanguage":"fr-FR"},{"@type":"WebPage","@id":"https:\/\/stiftadmont.at\/blog\/zeitliche-profess-fr-petrus\/","url":"https:\/\/stiftadmont.at\/blog\/zeitliche-profess-fr-petrus\/","name":"Profession temporaire fr. Petrus Dreyhaupt OSB - Stift Admont","isPartOf":{"@id":"https:\/\/stiftadmont.at\/#website"},"primaryImageOfPage":{"@id":"https:\/\/stiftadmont.at\/blog\/zeitliche-profess-fr-petrus\/#primaryimage"},"image":{"@id":"https:\/\/stiftadmont.at\/blog\/zeitliche-profess-fr-petrus\/#primaryimage"},"thumbnailUrl":"https:\/\/stiftadmont.at\/wp-content\/uploads\/Stift-Admont-fr.-Petrus.jpg","datePublished":"2021-09-03T10:00:00+00:00","dateModified":"2022-05-29T13:05:22+00:00","author":{"@id":"https:\/\/stiftadmont.at\/#\/schema\/person\/30535548b241d5f33a2e8b839db11869"},"description":"Lisez les derni\u00e8res informations sur la profession temporaire de fr. Petrus Dreyhaupt OSB et bien d'autres choses encore sur le couvent et la paroisse d'Admont.","breadcrumb":{"@id":"https:\/\/stiftadmont.at\/blog\/zeitliche-profess-fr-petrus\/#breadcrumb"},"inLanguage":"fr-FR","potentialAction":[{"@type":"ReadAction","target":["https:\/\/stiftadmont.at\/blog\/zeitliche-profess-fr-petrus\/"]}]},{"@type":"ImageObject","inLanguage":"fr-FR","@id":"https:\/\/stiftadmont.at\/blog\/zeitliche-profess-fr-petrus\/#primaryimage","url":"https:\/\/stiftadmont.at\/wp-content\/uploads\/Stift-Admont-fr.-Petrus.jpg","contentUrl":"https:\/\/stiftadmont.at\/wp-content\/uploads\/Stift-Admont-fr.-Petrus.jpg","width":853,"height":640,"caption":"Stift Admont fr. Petrus"},{"@type":"BreadcrumbList","@id":"https:\/\/stiftadmont.at\/blog\/zeitliche-profess-fr-petrus\/#breadcrumb","itemListElement":[{"@type":"ListItem","position":1,"name":"Start","item":"https:\/\/stiftadmont.at\/"},{"@type":"ListItem","position":2,"name":"Zeitliche Profess fr. Petrus Dreyhaupt OSB"}]},{"@type":"WebSite","@id":"https:\/\/stiftadmont.at\/#website","url":"https:\/\/stiftadmont.at\/","name":"Abbaye d'Admont","description":"Monast\u00e8re b\u00e9n\u00e9dictin et attraction touristique dans le Ges\u00e4use","potentialAction":[{"@type":"SearchAction","target":{"@type":"EntryPoint","urlTemplate":"https:\/\/stiftadmont.at\/?s={search_term_string}"},"query-input":{"@type":"PropertyValueSpecification","valueRequired":true,"valueName":"search_term_string"}}],"inLanguage":"fr-FR"},{"@type":"Person","@id":"https:\/\/stiftadmont.at\/#\/schema\/person\/30535548b241d5f33a2e8b839db11869","name":"Mario Brandm\u00fcller"}]}},"_links":{"self":[{"href":"https:\/\/stiftadmont.at\/fr\/wp-json\/wp\/v2\/posts\/11820","targetHints":{"allow":["GET"]}}],"collection":[{"href":"https:\/\/stiftadmont.at\/fr\/wp-json\/wp\/v2\/posts"}],"about":[{"href":"https:\/\/stiftadmont.at\/fr\/wp-json\/wp\/v2\/types\/post"}],"author":[{"embeddable":true,"href":"https:\/\/stiftadmont.at\/fr\/wp-json\/wp\/v2\/users\/7"}],"replies":[{"embeddable":true,"href":"https:\/\/stiftadmont.at\/fr\/wp-json\/wp\/v2\/comments?post=11820"}],"version-history":[{"count":9,"href":"https:\/\/stiftadmont.at\/fr\/wp-json\/wp\/v2\/posts\/11820\/revisions"}],"predecessor-version":[{"id":11831,"href":"https:\/\/stiftadmont.at\/fr\/wp-json\/wp\/v2\/posts\/11820\/revisions\/11831"}],"wp:featuredmedia":[{"embeddable":true,"href":"https:\/\/stiftadmont.at\/fr\/wp-json\/wp\/v2\/media\/11821"}],"wp:attachment":[{"href":"https:\/\/stiftadmont.at\/fr\/wp-json\/wp\/v2\/media?parent=11820"}],"wp:term":[{"taxonomy":"category","embeddable":true,"href":"https:\/\/stiftadmont.at\/fr\/wp-json\/wp\/v2\/categories?post=11820"}],"curies":[{"name":"wp","href":"https:\/\/api.w.org\/{rel}","templated":true}]}}