{"id":11842,"date":"2021-08-01T12:00:00","date_gmt":"2021-08-01T10:00:00","guid":{"rendered":"https:\/\/stiftadmont.at\/?p=11842"},"modified":"2022-05-29T15:13:28","modified_gmt":"2022-05-29T13:13:28","slug":"jubile-dargent-de-labbe-em-bruno","status":"publish","type":"post","link":"https:\/\/stiftadmont.at\/fr\/blog\/silbernes-abtsjubilaeum-von-abt-em-bruno\/","title":{"rendered":"Jubil\u00e9 d'argent de l'abb\u00e9 em. Bruno"},"content":{"rendered":"<section id='lightpress__section--block_62937125ee7aa' class='lightpress__section--default-section-space lightpress__section lightpress__section--content'><div class=\"content__inner\"\n         x-init=\"initContentBlockAnim($el)\">\n        \n    <div class=\"content__grid content__grid\">\n                                            <div class=\"content__box content__box--one-hundred\"\n                 style=\"\">\n                                \n                \n                                            <div class=\"prose\"><h2 class=\"heading-xxl line line--gold\">Silbernes Abtsjubil\u00e4um von Abt em. Bruno Hubl O.S.B.<\/h2>\n<p><strong>Sonntag, 1. August 2021<\/strong><\/p>\n<p>Heute, am 1. August vor genau 25 Jahren, wurde Bruno Hubl zum 67. Abt unseres Klosters gew\u00e4hlt. Diesen Jubil\u00e4umstag haben wir mit einer Pontifikalvesper und einem gem\u00fctlichen Abend gefeiert. Seit seiner Emeritierung 2017 ist Abt Bruno als Seelsorger in unseren Pfarren t\u00e4tig.<\/p>\n<\/div>\n                    \n                            <\/div>\n        \n            <\/div>\n<\/div>\n\n<\/section>\n\n<section id='lightpress__section--block_6293713cee7ab' class='lightpress__section--default-section-space lightpress__section lightpress__section--image-slider'>\n<div class=\"image-slider\"\n     x-data=\"{ gallery: null, shown: false }\"\n     x-init=\"gallery = initSliderGallery([{&quot;href&quot;:&quot;https:\\\/\\\/stiftadmont.at\\\/wp-content\\\/uploads\\\/Stift-Admont-Silbernes-Abtsjubilaeum-Abt-em-Bruno-1.jpg&quot;,&quot;type&quot;:&quot;image&quot;},{&quot;href&quot;:&quot;https:\\\/\\\/stiftadmont.at\\\/wp-content\\\/uploads\\\/Stift-Admont-Silbernes-Abtsjubilaeum-Abt-em-Bruno-2.jpg&quot;,&quot;type&quot;:&quot;image&quot;},{&quot;href&quot;:&quot;https:\\\/\\\/stiftadmont.at\\\/wp-content\\\/uploads\\\/Stift-Admont-Silbernes-Abtsjubilaeum-Abt-em-Bruno-3.jpg&quot;,&quot;type&quot;:&quot;image&quot;}]); initImageSliderBlockAnim($el);\">\n    <div class=\"image-slider__inner\">\n\n        <div class=\"swiper-container\" x-init=\"initImageSliderBlock($el, $refs.btnPrev, $refs.btnNext)\">\n            <div class=\"swiper-wrapper\">\n                                    <div class=\"swiper-slide\">\n                        <div class=\"image-slider__media\">\n                            <img decoding=\"async\" class=\"image-slider__image\" src=\"https:\/\/stiftadmont.at\/wp-content\/uploads\/Stift-Admont-Silbernes-Abtsjubilaeum-Abt-em-Bruno-1-768x1024.jpg\" alt=\"Stift Admont Silbernes Abtsjubilaeum Abt em Bruno 1\" \/>\n                        <\/div>\n                    <\/div>\n                                    <div class=\"swiper-slide\">\n                        <div class=\"image-slider__media\">\n                            <img decoding=\"async\" class=\"image-slider__image\"\n                                 src=\"https:\/\/stiftadmont.at\/wp-content\/uploads\/Stift-Admont-Silbernes-Abtsjubilaeum-Abt-em-Bruno-2-768x576.jpg\"\n                                 alt=\"Stift Admont Silbernes Abtsjubilaeum Abt em Bruno 2\">\n                        <\/div>\n                    <\/div>\n                                    <div class=\"swiper-slide\">\n                        <div class=\"image-slider__media\">\n                            <img decoding=\"async\" class=\"image-slider__image\"\n                                 src=\"https:\/\/stiftadmont.at\/wp-content\/uploads\/Stift-Admont-Silbernes-Abtsjubilaeum-Abt-em-Bruno-3-768x576.jpg\"\n                                 alt=\"Stift Admont Silbernes Abtsjubilaeum Abt em Bruno 3\">\n                        <\/div>\n                    <\/div>\n                            <\/div>\n\n            <div class=\"swiper-nav-wrapper\">\n                <button class=\"swiper-button-prev slider-button--prev\" x-ref=\"btnPrev\"\n                        aria-label=\"Vorige Bilder anzeigen\">\n                    <img decoding=\"async\" src=\"\/wp-content\/themes\/stift-admont\/src\/assets\/img\/arrow-left-big-new.svg\" alt=\"Pfeil nach Links\">\n                <\/button>\n\n\n                <a class=\"image-slider__gallery\" @click=\"openGallery(gallery)\"><i class=\"fa-thin fa-plus\"><\/i><\/a>\n                <button class=\"swiper-button-next slider-button--next\"\n                        x-ref=\"btnNext\"\n                        aria-label=\"N\u00e4chste Bilder anzeigen\">\n                    <img decoding=\"async\" src=\"\/wp-content\/themes\/stift-admont\/src\/assets\/img\/arrow-right-big-new.svg\" alt=\"Pfeil nach Rechts\">\n                <\/button>\n            <\/div>\n        <\/div>\n    <\/div>\n\n\n<\/div><\/section>","protected":false},"excerpt":{"rendered":"<p>Nous avons c\u00e9l\u00e9br\u00e9 cette journ\u00e9e anniversaire par des v\u00eapres pontificales et une soir\u00e9e conviviale. <\/p>","protected":false},"author":7,"featured_media":11844,"comment_status":"closed","ping_status":"closed","sticky":false,"template":"","format":"standard","meta":{"_acf_changed":false,"footnotes":""},"categories":[22],"class_list":["post-11842","post","type-post","status-publish","format-standard","has-post-thumbnail","hentry","category-kloster-aktuell"],"acf":[],"yoast_head":"<!-- This site is optimized with the Yoast SEO Premium plugin v26.0 (Yoast SEO v26.8) - https:\/\/yoast.com\/product\/yoast-seo-premium-wordpress\/ -->\n<title>Silbernes Abtsjubil\u00e4um von Abt em. Bruno - Stift Admont<\/title>\n<meta name=\"description\" content=\"Lesen Sie aktuelle Informationen zum Thema Silbernes Abtsjubil\u00e4um von Abt em. Bruno und vieles mehr aus dem Konvent und der Pfarre Admont.\" \/>\n<meta name=\"robots\" content=\"index, follow, max-snippet:-1, max-image-preview:large, max-video-preview:-1\" \/>\n<link rel=\"canonical\" href=\"https:\/\/stiftadmont.at\/fr\/blog\/jubile-dargent-de-labbe-em-bruno\/\" \/>\n<meta property=\"og:locale\" content=\"fr_FR\" \/>\n<meta property=\"og:type\" content=\"article\" \/>\n<meta property=\"og:title\" content=\"Silbernes Abtsjubil\u00e4um von Abt em. Bruno\" \/>\n<meta property=\"og:description\" content=\"Lesen Sie aktuelle Informationen zum Thema Silbernes Abtsjubil\u00e4um von Abt em. Bruno und vieles mehr aus dem Konvent und der Pfarre Admont.\" \/>\n<meta property=\"og:url\" content=\"https:\/\/stiftadmont.at\/fr\/blog\/jubile-dargent-de-labbe-em-bruno\/\" \/>\n<meta property=\"og:site_name\" content=\"Stift Admont\" \/>\n<meta property=\"article:published_time\" content=\"2021-08-01T10:00:00+00:00\" \/>\n<meta property=\"article:modified_time\" content=\"2022-05-29T13:13:28+00:00\" \/>\n<meta property=\"og:image\" content=\"https:\/\/stiftadmont.at\/wp-content\/uploads\/Stift-Admont-Silbernes-Abtsjubilaeum-Abt-em-Bruno-2.jpg\" \/>\n\t<meta property=\"og:image:width\" content=\"1600\" \/>\n\t<meta property=\"og:image:height\" content=\"1200\" \/>\n\t<meta property=\"og:image:type\" content=\"image\/jpeg\" \/>\n<meta name=\"author\" content=\"Mario Brandm\u00fcller\" \/>\n<meta name=\"twitter:card\" content=\"summary_large_image\" \/>\n<meta name=\"twitter:label1\" content=\"\u00c9crit par\" \/>\n\t<meta name=\"twitter:data1\" content=\"Mario Brandm\u00fcller\" \/>\n<script type=\"application\/ld+json\" class=\"yoast-schema-graph\">{\"@context\":\"https:\/\/schema.org\",\"@graph\":[{\"@type\":\"Article\",\"@id\":\"https:\/\/stiftadmont.at\/blog\/silbernes-abtsjubilaeum-von-abt-em-bruno\/#article\",\"isPartOf\":{\"@id\":\"https:\/\/stiftadmont.at\/blog\/silbernes-abtsjubilaeum-von-abt-em-bruno\/\"},\"author\":{\"name\":\"Mario Brandm\u00fcller\",\"@id\":\"https:\/\/stiftadmont.at\/#\/schema\/person\/30535548b241d5f33a2e8b839db11869\"},\"headline\":\"Silbernes Abtsjubil\u00e4um von Abt em. Bruno\",\"datePublished\":\"2021-08-01T10:00:00+00:00\",\"dateModified\":\"2022-05-29T13:13:28+00:00\",\"mainEntityOfPage\":{\"@id\":\"https:\/\/stiftadmont.at\/blog\/silbernes-abtsjubilaeum-von-abt-em-bruno\/\"},\"wordCount\":7,\"image\":{\"@id\":\"https:\/\/stiftadmont.at\/blog\/silbernes-abtsjubilaeum-von-abt-em-bruno\/#primaryimage\"},\"thumbnailUrl\":\"https:\/\/stiftadmont.at\/wp-content\/uploads\/Stift-Admont-Silbernes-Abtsjubilaeum-Abt-em-Bruno-2.jpg\",\"articleSection\":[\"Kloster aktuell\"],\"inLanguage\":\"fr-FR\"},{\"@type\":\"WebPage\",\"@id\":\"https:\/\/stiftadmont.at\/blog\/silbernes-abtsjubilaeum-von-abt-em-bruno\/\",\"url\":\"https:\/\/stiftadmont.at\/blog\/silbernes-abtsjubilaeum-von-abt-em-bruno\/\",\"name\":\"Silbernes Abtsjubil\u00e4um von Abt em. Bruno - Stift Admont\",\"isPartOf\":{\"@id\":\"https:\/\/stiftadmont.at\/#website\"},\"primaryImageOfPage\":{\"@id\":\"https:\/\/stiftadmont.at\/blog\/silbernes-abtsjubilaeum-von-abt-em-bruno\/#primaryimage\"},\"image\":{\"@id\":\"https:\/\/stiftadmont.at\/blog\/silbernes-abtsjubilaeum-von-abt-em-bruno\/#primaryimage\"},\"thumbnailUrl\":\"https:\/\/stiftadmont.at\/wp-content\/uploads\/Stift-Admont-Silbernes-Abtsjubilaeum-Abt-em-Bruno-2.jpg\",\"datePublished\":\"2021-08-01T10:00:00+00:00\",\"dateModified\":\"2022-05-29T13:13:28+00:00\",\"author\":{\"@id\":\"https:\/\/stiftadmont.at\/#\/schema\/person\/30535548b241d5f33a2e8b839db11869\"},\"description\":\"Lesen Sie aktuelle Informationen zum Thema Silbernes Abtsjubil\u00e4um von Abt em. Bruno und vieles mehr aus dem Konvent und der Pfarre Admont.\",\"breadcrumb\":{\"@id\":\"https:\/\/stiftadmont.at\/blog\/silbernes-abtsjubilaeum-von-abt-em-bruno\/#breadcrumb\"},\"inLanguage\":\"fr-FR\",\"potentialAction\":[{\"@type\":\"ReadAction\",\"target\":[\"https:\/\/stiftadmont.at\/blog\/silbernes-abtsjubilaeum-von-abt-em-bruno\/\"]}]},{\"@type\":\"ImageObject\",\"inLanguage\":\"fr-FR\",\"@id\":\"https:\/\/stiftadmont.at\/blog\/silbernes-abtsjubilaeum-von-abt-em-bruno\/#primaryimage\",\"url\":\"https:\/\/stiftadmont.at\/wp-content\/uploads\/Stift-Admont-Silbernes-Abtsjubilaeum-Abt-em-Bruno-2.jpg\",\"contentUrl\":\"https:\/\/stiftadmont.at\/wp-content\/uploads\/Stift-Admont-Silbernes-Abtsjubilaeum-Abt-em-Bruno-2.jpg\",\"width\":1600,\"height\":1200,\"caption\":\"Stift Admont Silbernes Abtsjubilaeum Abt em Bruno 2\"},{\"@type\":\"BreadcrumbList\",\"@id\":\"https:\/\/stiftadmont.at\/blog\/silbernes-abtsjubilaeum-von-abt-em-bruno\/#breadcrumb\",\"itemListElement\":[{\"@type\":\"ListItem\",\"position\":1,\"name\":\"Start\",\"item\":\"https:\/\/stiftadmont.at\/\"},{\"@type\":\"ListItem\",\"position\":2,\"name\":\"Silbernes Abtsjubil\u00e4um von Abt em. Bruno\"}]},{\"@type\":\"WebSite\",\"@id\":\"https:\/\/stiftadmont.at\/#website\",\"url\":\"https:\/\/stiftadmont.at\/\",\"name\":\"Stift Admont\",\"description\":\"Benediktinerkloster und Sehensw\u00fcrdigkeit im Ges\u00e4use\",\"potentialAction\":[{\"@type\":\"SearchAction\",\"target\":{\"@type\":\"EntryPoint\",\"urlTemplate\":\"https:\/\/stiftadmont.at\/?s={search_term_string}\"},\"query-input\":{\"@type\":\"PropertyValueSpecification\",\"valueRequired\":true,\"valueName\":\"search_term_string\"}}],\"inLanguage\":\"fr-FR\"},{\"@type\":\"Person\",\"@id\":\"https:\/\/stiftadmont.at\/#\/schema\/person\/30535548b241d5f33a2e8b839db11869\",\"name\":\"Mario Brandm\u00fcller\"}]}<\/script>\n<!-- \/ Yoast SEO Premium plugin. -->","yoast_head_json":{"title":"Jubil\u00e9 d'argent de l'abb\u00e9 em. Bruno - Stift Admont","description":"Lisez les informations actuelles sur le th\u00e8me du jubil\u00e9 d'argent de l'abb\u00e9 em. Bruno et bien d'autres informations sur le couvent et la paroisse d'Admont.","robots":{"index":"index","follow":"follow","max-snippet":"max-snippet:-1","max-image-preview":"max-image-preview:large","max-video-preview":"max-video-preview:-1"},"canonical":"https:\/\/stiftadmont.at\/fr\/blog\/jubile-dargent-de-labbe-em-bruno\/","og_locale":"fr_FR","og_type":"article","og_title":"Silbernes Abtsjubil\u00e4um von Abt em. Bruno","og_description":"Lesen Sie aktuelle Informationen zum Thema Silbernes Abtsjubil\u00e4um von Abt em. Bruno und vieles mehr aus dem Konvent und der Pfarre Admont.","og_url":"https:\/\/stiftadmont.at\/fr\/blog\/jubile-dargent-de-labbe-em-bruno\/","og_site_name":"Stift Admont","article_published_time":"2021-08-01T10:00:00+00:00","article_modified_time":"2022-05-29T13:13:28+00:00","og_image":[{"width":1600,"height":1200,"url":"https:\/\/stiftadmont.at\/wp-content\/uploads\/Stift-Admont-Silbernes-Abtsjubilaeum-Abt-em-Bruno-2.jpg","type":"image\/jpeg"}],"author":"Mario Brandm\u00fcller","twitter_card":"summary_large_image","twitter_misc":{"\u00c9crit par":"Mario Brandm\u00fcller"},"schema":{"@context":"https:\/\/schema.org","@graph":[{"@type":"Article","@id":"https:\/\/stiftadmont.at\/blog\/silbernes-abtsjubilaeum-von-abt-em-bruno\/#article","isPartOf":{"@id":"https:\/\/stiftadmont.at\/blog\/silbernes-abtsjubilaeum-von-abt-em-bruno\/"},"author":{"name":"Mario Brandm\u00fcller","@id":"https:\/\/stiftadmont.at\/#\/schema\/person\/30535548b241d5f33a2e8b839db11869"},"headline":"Silbernes Abtsjubil\u00e4um von Abt em. Bruno","datePublished":"2021-08-01T10:00:00+00:00","dateModified":"2022-05-29T13:13:28+00:00","mainEntityOfPage":{"@id":"https:\/\/stiftadmont.at\/blog\/silbernes-abtsjubilaeum-von-abt-em-bruno\/"},"wordCount":7,"image":{"@id":"https:\/\/stiftadmont.at\/blog\/silbernes-abtsjubilaeum-von-abt-em-bruno\/#primaryimage"},"thumbnailUrl":"https:\/\/stiftadmont.at\/wp-content\/uploads\/Stift-Admont-Silbernes-Abtsjubilaeum-Abt-em-Bruno-2.jpg","articleSection":["Kloster aktuell"],"inLanguage":"fr-FR"},{"@type":"WebPage","@id":"https:\/\/stiftadmont.at\/blog\/silbernes-abtsjubilaeum-von-abt-em-bruno\/","url":"https:\/\/stiftadmont.at\/blog\/silbernes-abtsjubilaeum-von-abt-em-bruno\/","name":"Jubil\u00e9 d'argent de l'abb\u00e9 em. Bruno - Stift Admont","isPartOf":{"@id":"https:\/\/stiftadmont.at\/#website"},"primaryImageOfPage":{"@id":"https:\/\/stiftadmont.at\/blog\/silbernes-abtsjubilaeum-von-abt-em-bruno\/#primaryimage"},"image":{"@id":"https:\/\/stiftadmont.at\/blog\/silbernes-abtsjubilaeum-von-abt-em-bruno\/#primaryimage"},"thumbnailUrl":"https:\/\/stiftadmont.at\/wp-content\/uploads\/Stift-Admont-Silbernes-Abtsjubilaeum-Abt-em-Bruno-2.jpg","datePublished":"2021-08-01T10:00:00+00:00","dateModified":"2022-05-29T13:13:28+00:00","author":{"@id":"https:\/\/stiftadmont.at\/#\/schema\/person\/30535548b241d5f33a2e8b839db11869"},"description":"Lisez les informations actuelles sur le th\u00e8me du jubil\u00e9 d'argent de l'abb\u00e9 em. Bruno et bien d'autres informations sur le couvent et la paroisse d'Admont.","breadcrumb":{"@id":"https:\/\/stiftadmont.at\/blog\/silbernes-abtsjubilaeum-von-abt-em-bruno\/#breadcrumb"},"inLanguage":"fr-FR","potentialAction":[{"@type":"ReadAction","target":["https:\/\/stiftadmont.at\/blog\/silbernes-abtsjubilaeum-von-abt-em-bruno\/"]}]},{"@type":"ImageObject","inLanguage":"fr-FR","@id":"https:\/\/stiftadmont.at\/blog\/silbernes-abtsjubilaeum-von-abt-em-bruno\/#primaryimage","url":"https:\/\/stiftadmont.at\/wp-content\/uploads\/Stift-Admont-Silbernes-Abtsjubilaeum-Abt-em-Bruno-2.jpg","contentUrl":"https:\/\/stiftadmont.at\/wp-content\/uploads\/Stift-Admont-Silbernes-Abtsjubilaeum-Abt-em-Bruno-2.jpg","width":1600,"height":1200,"caption":"Stift Admont Silbernes Abtsjubilaeum Abt em Bruno 2"},{"@type":"BreadcrumbList","@id":"https:\/\/stiftadmont.at\/blog\/silbernes-abtsjubilaeum-von-abt-em-bruno\/#breadcrumb","itemListElement":[{"@type":"ListItem","position":1,"name":"Start","item":"https:\/\/stiftadmont.at\/"},{"@type":"ListItem","position":2,"name":"Silbernes Abtsjubil\u00e4um von Abt em. Bruno"}]},{"@type":"WebSite","@id":"https:\/\/stiftadmont.at\/#website","url":"https:\/\/stiftadmont.at\/","name":"Abbaye d'Admont","description":"Monast\u00e8re b\u00e9n\u00e9dictin et attraction touristique dans le Ges\u00e4use","potentialAction":[{"@type":"SearchAction","target":{"@type":"EntryPoint","urlTemplate":"https:\/\/stiftadmont.at\/?s={search_term_string}"},"query-input":{"@type":"PropertyValueSpecification","valueRequired":true,"valueName":"search_term_string"}}],"inLanguage":"fr-FR"},{"@type":"Person","@id":"https:\/\/stiftadmont.at\/#\/schema\/person\/30535548b241d5f33a2e8b839db11869","name":"Mario Brandm\u00fcller"}]}},"_links":{"self":[{"href":"https:\/\/stiftadmont.at\/fr\/wp-json\/wp\/v2\/posts\/11842","targetHints":{"allow":["GET"]}}],"collection":[{"href":"https:\/\/stiftadmont.at\/fr\/wp-json\/wp\/v2\/posts"}],"about":[{"href":"https:\/\/stiftadmont.at\/fr\/wp-json\/wp\/v2\/types\/post"}],"author":[{"embeddable":true,"href":"https:\/\/stiftadmont.at\/fr\/wp-json\/wp\/v2\/users\/7"}],"replies":[{"embeddable":true,"href":"https:\/\/stiftadmont.at\/fr\/wp-json\/wp\/v2\/comments?post=11842"}],"version-history":[{"count":5,"href":"https:\/\/stiftadmont.at\/fr\/wp-json\/wp\/v2\/posts\/11842\/revisions"}],"predecessor-version":[{"id":11850,"href":"https:\/\/stiftadmont.at\/fr\/wp-json\/wp\/v2\/posts\/11842\/revisions\/11850"}],"wp:featuredmedia":[{"embeddable":true,"href":"https:\/\/stiftadmont.at\/fr\/wp-json\/wp\/v2\/media\/11844"}],"wp:attachment":[{"href":"https:\/\/stiftadmont.at\/fr\/wp-json\/wp\/v2\/media?parent=11842"}],"wp:term":[{"taxonomy":"category","embeddable":true,"href":"https:\/\/stiftadmont.at\/fr\/wp-json\/wp\/v2\/categories?post=11842"}],"curies":[{"name":"wp","href":"https:\/\/api.w.org\/{rel}","templated":true}]}}