{"id":11864,"date":"2021-07-25T12:00:00","date_gmt":"2021-07-25T10:00:00","guid":{"rendered":"https:\/\/stiftadmont.at\/?p=11864"},"modified":"2022-05-29T23:58:54","modified_gmt":"2022-05-29T21:58:54","slug":"primaute-monastique-mag-p-vinzenz-schager-osb","status":"publish","type":"post","link":"https:\/\/stiftadmont.at\/fr\/blog\/klosterprimiz-mag-p-vinzenz-schager-osb\/","title":{"rendered":"Prime de l'abbaye de Mag. P. Vinzenz Schager OSB"},"content":{"rendered":"<section id='lightpress__section--block_6293ec18f8ee1' class='lightpress__section--default-section-space lightpress__section lightpress__section--content'><div class=\"content__inner\"\n         x-init=\"initContentBlockAnim($el)\">\n        \n    <div class=\"content__grid content__grid\">\n                                            <div class=\"content__box content__box--one-hundred\"\n                 style=\"\">\n                                \n                \n                                            <div class=\"prose\"><h2 class=\"heading-xxl line line--gold\">Klosterprimiz Mag. P. Vinzenz Schager OSB<\/h2>\n<p><strong>Sonntag, 25. Juli 2021<\/strong><\/p>\n<p>Heute feierte unser Neupriester P. Vinzenz seine Klosterprimiz in unserer Stiftskirche. Als Festprediger ging Rektor P. Paulus aus dem Kolleg St. Benedikt in Salzburg auf die Aufgabe des Priesters im Heute ein. P. Vinzenz wird ab 1. September im Seelsorgeraum St. Michael als Kaplan t\u00e4tig sein.\u00a0<\/p>\n<p>\u00a0<\/p>\n<\/div>\n                    \n                            <\/div>\n        \n            <\/div>\n<\/div>\n\n<\/section>\n\n<section id='lightpress__section--block_6293ec2df8ee2' class='lightpress__section--default-section-space lightpress__section lightpress__section--image-slider'>\n<div class=\"image-slider\"\n     x-data=\"{ gallery: null, shown: false }\"\n     x-init=\"gallery = initSliderGallery([{&quot;href&quot;:&quot;https:\\\/\\\/stiftadmont.at\\\/wp-content\\\/uploads\\\/Stift-Admont-Klosterprimiz-P.-Vinzenz-2021-1.jpg&quot;,&quot;type&quot;:&quot;image&quot;},{&quot;href&quot;:&quot;https:\\\/\\\/stiftadmont.at\\\/wp-content\\\/uploads\\\/Stift-Admont-Klosterprimiz-P.-Vinzenz-2021-2.jpg&quot;,&quot;type&quot;:&quot;image&quot;},{&quot;href&quot;:&quot;https:\\\/\\\/stiftadmont.at\\\/wp-content\\\/uploads\\\/Stift-Admont-Klosterprimiz-P.-Vinzenz-2021-3.jpg&quot;,&quot;type&quot;:&quot;image&quot;}]); initImageSliderBlockAnim($el);\">\n    <div class=\"image-slider__inner\">\n\n        <div class=\"swiper-container\" x-init=\"initImageSliderBlock($el, $refs.btnPrev, $refs.btnNext)\">\n            <div class=\"swiper-wrapper\">\n                                    <div class=\"swiper-slide\">\n                        <div class=\"image-slider__media\">\n                            <img decoding=\"async\" class=\"image-slider__image\"\n                                 src=\"https:\/\/stiftadmont.at\/wp-content\/uploads\/Stift-Admont-Klosterprimiz-P.-Vinzenz-2021-1-768x576.jpg\"\n                                 alt=\"Stift Admont Klosterprimiz P. Vinzenz 2021 1\">\n                        <\/div>\n                    <\/div>\n                                    <div class=\"swiper-slide\">\n                        <div class=\"image-slider__media\">\n                            <img decoding=\"async\" class=\"image-slider__image\" src=\"https:\/\/stiftadmont.at\/wp-content\/uploads\/Stift-Admont-Klosterprimiz-P.-Vinzenz-2021-2-768x1024.jpg\" alt=\"Stift Admont Klosterprimiz P. Vinzenz 2021 2\" \/>\n                        <\/div>\n                    <\/div>\n                                    <div class=\"swiper-slide\">\n                        <div class=\"image-slider__media\">\n                            <img decoding=\"async\" class=\"image-slider__image\" src=\"https:\/\/stiftadmont.at\/wp-content\/uploads\/Stift-Admont-Klosterprimiz-P.-Vinzenz-2021-3-768x1024.jpg\" alt=\"Stift Admont Klosterprimiz P. Vinzenz 2021 3\" \/>\n                        <\/div>\n                    <\/div>\n                            <\/div>\n\n            <div class=\"swiper-nav-wrapper\">\n                <button class=\"swiper-button-prev slider-button--prev\" x-ref=\"btnPrev\"\n                        aria-label=\"Vorige Bilder anzeigen\">\n                    <img decoding=\"async\" src=\"\/wp-content\/themes\/stift-admont\/src\/assets\/img\/arrow-left-big-new.svg\" alt=\"Pfeil nach Links\">\n                <\/button>\n\n\n                <a class=\"image-slider__gallery\" @click=\"openGallery(gallery)\"><i class=\"fa-thin fa-plus\"><\/i><\/a>\n                <button class=\"swiper-button-next slider-button--next\"\n                        x-ref=\"btnNext\"\n                        aria-label=\"N\u00e4chste Bilder anzeigen\">\n                    <img decoding=\"async\" src=\"\/wp-content\/themes\/stift-admont\/src\/assets\/img\/arrow-right-big-new.svg\" alt=\"Pfeil nach Rechts\">\n                <\/button>\n            <\/div>\n        <\/div>\n    <\/div>\n\n\n<\/div><\/section>","protected":false},"excerpt":{"rendered":"<p>Aujourd'hui, notre nouveau pr\u00eatre, le P. Vincent, a c\u00e9l\u00e9br\u00e9 sa primaut\u00e9 monastique dans notre coll\u00e9giale. <\/p>","protected":false},"author":7,"featured_media":11865,"comment_status":"closed","ping_status":"closed","sticky":false,"template":"","format":"standard","meta":{"_acf_changed":false,"footnotes":""},"categories":[22],"class_list":["post-11864","post","type-post","status-publish","format-standard","has-post-thumbnail","hentry","category-kloster-aktuell"],"acf":[],"yoast_head":"<!-- This site is optimized with the Yoast SEO Premium plugin v26.0 (Yoast SEO v26.8) - https:\/\/yoast.com\/product\/yoast-seo-premium-wordpress\/ -->\n<title>Klosterprimiz Mag. P. Vinzenz Schager OSB - Stift Admont<\/title>\n<meta name=\"description\" content=\"Lesen Sie aktuelle Informationen zum Thema Klosterprimiz Mag. P. Vinzenz Schager OSB und vieles mehr aus dem Konvent und der Pfarre Admont.\" \/>\n<meta name=\"robots\" content=\"index, follow, max-snippet:-1, max-image-preview:large, max-video-preview:-1\" \/>\n<link rel=\"canonical\" href=\"https:\/\/stiftadmont.at\/fr\/blog\/primaute-monastique-mag-p-vinzenz-schager-osb\/\" \/>\n<meta property=\"og:locale\" content=\"fr_FR\" \/>\n<meta property=\"og:type\" content=\"article\" \/>\n<meta property=\"og:title\" content=\"Klosterprimiz Mag. P. Vinzenz Schager OSB\" \/>\n<meta property=\"og:description\" content=\"Lesen Sie aktuelle Informationen zum Thema Klosterprimiz Mag. P. Vinzenz Schager OSB und vieles mehr aus dem Konvent und der Pfarre Admont.\" \/>\n<meta property=\"og:url\" content=\"https:\/\/stiftadmont.at\/fr\/blog\/primaute-monastique-mag-p-vinzenz-schager-osb\/\" \/>\n<meta property=\"og:site_name\" content=\"Stift Admont\" \/>\n<meta property=\"article:published_time\" content=\"2021-07-25T10:00:00+00:00\" \/>\n<meta property=\"article:modified_time\" content=\"2022-05-29T21:58:54+00:00\" \/>\n<meta property=\"og:image\" content=\"https:\/\/stiftadmont.at\/wp-content\/uploads\/Stift-Admont-Klosterprimiz-P.-Vinzenz-2021-1.jpg\" \/>\n\t<meta property=\"og:image:width\" content=\"1600\" \/>\n\t<meta property=\"og:image:height\" content=\"1200\" \/>\n\t<meta property=\"og:image:type\" content=\"image\/jpeg\" \/>\n<meta name=\"author\" content=\"Mario Brandm\u00fcller\" \/>\n<meta name=\"twitter:card\" content=\"summary_large_image\" \/>\n<meta name=\"twitter:label1\" content=\"\u00c9crit par\" \/>\n\t<meta name=\"twitter:data1\" content=\"Mario Brandm\u00fcller\" \/>\n<script type=\"application\/ld+json\" class=\"yoast-schema-graph\">{\"@context\":\"https:\/\/schema.org\",\"@graph\":[{\"@type\":\"Article\",\"@id\":\"https:\/\/stiftadmont.at\/blog\/klosterprimiz-mag-p-vinzenz-schager-osb\/#article\",\"isPartOf\":{\"@id\":\"https:\/\/stiftadmont.at\/blog\/klosterprimiz-mag-p-vinzenz-schager-osb\/\"},\"author\":{\"name\":\"Mario Brandm\u00fcller\",\"@id\":\"https:\/\/stiftadmont.at\/#\/schema\/person\/30535548b241d5f33a2e8b839db11869\"},\"headline\":\"Klosterprimiz Mag. P. Vinzenz Schager OSB\",\"datePublished\":\"2021-07-25T10:00:00+00:00\",\"dateModified\":\"2022-05-29T21:58:54+00:00\",\"mainEntityOfPage\":{\"@id\":\"https:\/\/stiftadmont.at\/blog\/klosterprimiz-mag-p-vinzenz-schager-osb\/\"},\"wordCount\":6,\"image\":{\"@id\":\"https:\/\/stiftadmont.at\/blog\/klosterprimiz-mag-p-vinzenz-schager-osb\/#primaryimage\"},\"thumbnailUrl\":\"https:\/\/stiftadmont.at\/wp-content\/uploads\/Stift-Admont-Klosterprimiz-P.-Vinzenz-2021-1.jpg\",\"articleSection\":[\"Kloster aktuell\"],\"inLanguage\":\"fr-FR\"},{\"@type\":\"WebPage\",\"@id\":\"https:\/\/stiftadmont.at\/blog\/klosterprimiz-mag-p-vinzenz-schager-osb\/\",\"url\":\"https:\/\/stiftadmont.at\/blog\/klosterprimiz-mag-p-vinzenz-schager-osb\/\",\"name\":\"Klosterprimiz Mag. P. Vinzenz Schager OSB - Stift Admont\",\"isPartOf\":{\"@id\":\"https:\/\/stiftadmont.at\/#website\"},\"primaryImageOfPage\":{\"@id\":\"https:\/\/stiftadmont.at\/blog\/klosterprimiz-mag-p-vinzenz-schager-osb\/#primaryimage\"},\"image\":{\"@id\":\"https:\/\/stiftadmont.at\/blog\/klosterprimiz-mag-p-vinzenz-schager-osb\/#primaryimage\"},\"thumbnailUrl\":\"https:\/\/stiftadmont.at\/wp-content\/uploads\/Stift-Admont-Klosterprimiz-P.-Vinzenz-2021-1.jpg\",\"datePublished\":\"2021-07-25T10:00:00+00:00\",\"dateModified\":\"2022-05-29T21:58:54+00:00\",\"author\":{\"@id\":\"https:\/\/stiftadmont.at\/#\/schema\/person\/30535548b241d5f33a2e8b839db11869\"},\"description\":\"Lesen Sie aktuelle Informationen zum Thema Klosterprimiz Mag. P. Vinzenz Schager OSB und vieles mehr aus dem Konvent und der Pfarre Admont.\",\"breadcrumb\":{\"@id\":\"https:\/\/stiftadmont.at\/blog\/klosterprimiz-mag-p-vinzenz-schager-osb\/#breadcrumb\"},\"inLanguage\":\"fr-FR\",\"potentialAction\":[{\"@type\":\"ReadAction\",\"target\":[\"https:\/\/stiftadmont.at\/blog\/klosterprimiz-mag-p-vinzenz-schager-osb\/\"]}]},{\"@type\":\"ImageObject\",\"inLanguage\":\"fr-FR\",\"@id\":\"https:\/\/stiftadmont.at\/blog\/klosterprimiz-mag-p-vinzenz-schager-osb\/#primaryimage\",\"url\":\"https:\/\/stiftadmont.at\/wp-content\/uploads\/Stift-Admont-Klosterprimiz-P.-Vinzenz-2021-1.jpg\",\"contentUrl\":\"https:\/\/stiftadmont.at\/wp-content\/uploads\/Stift-Admont-Klosterprimiz-P.-Vinzenz-2021-1.jpg\",\"width\":1600,\"height\":1200,\"caption\":\"Stift Admont Klosterprimiz P. Vinzenz 2021 1\"},{\"@type\":\"BreadcrumbList\",\"@id\":\"https:\/\/stiftadmont.at\/blog\/klosterprimiz-mag-p-vinzenz-schager-osb\/#breadcrumb\",\"itemListElement\":[{\"@type\":\"ListItem\",\"position\":1,\"name\":\"Start\",\"item\":\"https:\/\/stiftadmont.at\/\"},{\"@type\":\"ListItem\",\"position\":2,\"name\":\"Klosterprimiz Mag. P. Vinzenz Schager OSB\"}]},{\"@type\":\"WebSite\",\"@id\":\"https:\/\/stiftadmont.at\/#website\",\"url\":\"https:\/\/stiftadmont.at\/\",\"name\":\"Stift Admont\",\"description\":\"Benediktinerkloster und Sehensw\u00fcrdigkeit im Ges\u00e4use\",\"potentialAction\":[{\"@type\":\"SearchAction\",\"target\":{\"@type\":\"EntryPoint\",\"urlTemplate\":\"https:\/\/stiftadmont.at\/?s={search_term_string}\"},\"query-input\":{\"@type\":\"PropertyValueSpecification\",\"valueRequired\":true,\"valueName\":\"search_term_string\"}}],\"inLanguage\":\"fr-FR\"},{\"@type\":\"Person\",\"@id\":\"https:\/\/stiftadmont.at\/#\/schema\/person\/30535548b241d5f33a2e8b839db11869\",\"name\":\"Mario Brandm\u00fcller\"}]}<\/script>\n<!-- \/ Yoast SEO Premium plugin. -->","yoast_head_json":{"title":"Primitive au monast\u00e8re de Mag. P. Vinzenz Schager OSB - Stift Admont","description":"Lisez les informations actuelles sur la primaut\u00e9 du couvent du P. Vinzenz Schager OSB et bien d'autres choses encore sur le couvent et la paroisse d'Admont.","robots":{"index":"index","follow":"follow","max-snippet":"max-snippet:-1","max-image-preview":"max-image-preview:large","max-video-preview":"max-video-preview:-1"},"canonical":"https:\/\/stiftadmont.at\/fr\/blog\/primaute-monastique-mag-p-vinzenz-schager-osb\/","og_locale":"fr_FR","og_type":"article","og_title":"Klosterprimiz Mag. P. Vinzenz Schager OSB","og_description":"Lesen Sie aktuelle Informationen zum Thema Klosterprimiz Mag. P. Vinzenz Schager OSB und vieles mehr aus dem Konvent und der Pfarre Admont.","og_url":"https:\/\/stiftadmont.at\/fr\/blog\/primaute-monastique-mag-p-vinzenz-schager-osb\/","og_site_name":"Stift Admont","article_published_time":"2021-07-25T10:00:00+00:00","article_modified_time":"2022-05-29T21:58:54+00:00","og_image":[{"width":1600,"height":1200,"url":"https:\/\/stiftadmont.at\/wp-content\/uploads\/Stift-Admont-Klosterprimiz-P.-Vinzenz-2021-1.jpg","type":"image\/jpeg"}],"author":"Mario Brandm\u00fcller","twitter_card":"summary_large_image","twitter_misc":{"\u00c9crit par":"Mario Brandm\u00fcller"},"schema":{"@context":"https:\/\/schema.org","@graph":[{"@type":"Article","@id":"https:\/\/stiftadmont.at\/blog\/klosterprimiz-mag-p-vinzenz-schager-osb\/#article","isPartOf":{"@id":"https:\/\/stiftadmont.at\/blog\/klosterprimiz-mag-p-vinzenz-schager-osb\/"},"author":{"name":"Mario Brandm\u00fcller","@id":"https:\/\/stiftadmont.at\/#\/schema\/person\/30535548b241d5f33a2e8b839db11869"},"headline":"Klosterprimiz Mag. P. Vinzenz Schager OSB","datePublished":"2021-07-25T10:00:00+00:00","dateModified":"2022-05-29T21:58:54+00:00","mainEntityOfPage":{"@id":"https:\/\/stiftadmont.at\/blog\/klosterprimiz-mag-p-vinzenz-schager-osb\/"},"wordCount":6,"image":{"@id":"https:\/\/stiftadmont.at\/blog\/klosterprimiz-mag-p-vinzenz-schager-osb\/#primaryimage"},"thumbnailUrl":"https:\/\/stiftadmont.at\/wp-content\/uploads\/Stift-Admont-Klosterprimiz-P.-Vinzenz-2021-1.jpg","articleSection":["Kloster aktuell"],"inLanguage":"fr-FR"},{"@type":"WebPage","@id":"https:\/\/stiftadmont.at\/blog\/klosterprimiz-mag-p-vinzenz-schager-osb\/","url":"https:\/\/stiftadmont.at\/blog\/klosterprimiz-mag-p-vinzenz-schager-osb\/","name":"Primitive au monast\u00e8re de Mag. P. Vinzenz Schager OSB - Stift Admont","isPartOf":{"@id":"https:\/\/stiftadmont.at\/#website"},"primaryImageOfPage":{"@id":"https:\/\/stiftadmont.at\/blog\/klosterprimiz-mag-p-vinzenz-schager-osb\/#primaryimage"},"image":{"@id":"https:\/\/stiftadmont.at\/blog\/klosterprimiz-mag-p-vinzenz-schager-osb\/#primaryimage"},"thumbnailUrl":"https:\/\/stiftadmont.at\/wp-content\/uploads\/Stift-Admont-Klosterprimiz-P.-Vinzenz-2021-1.jpg","datePublished":"2021-07-25T10:00:00+00:00","dateModified":"2022-05-29T21:58:54+00:00","author":{"@id":"https:\/\/stiftadmont.at\/#\/schema\/person\/30535548b241d5f33a2e8b839db11869"},"description":"Lisez les informations actuelles sur la primaut\u00e9 du couvent du P. Vinzenz Schager OSB et bien d'autres choses encore sur le couvent et la paroisse d'Admont.","breadcrumb":{"@id":"https:\/\/stiftadmont.at\/blog\/klosterprimiz-mag-p-vinzenz-schager-osb\/#breadcrumb"},"inLanguage":"fr-FR","potentialAction":[{"@type":"ReadAction","target":["https:\/\/stiftadmont.at\/blog\/klosterprimiz-mag-p-vinzenz-schager-osb\/"]}]},{"@type":"ImageObject","inLanguage":"fr-FR","@id":"https:\/\/stiftadmont.at\/blog\/klosterprimiz-mag-p-vinzenz-schager-osb\/#primaryimage","url":"https:\/\/stiftadmont.at\/wp-content\/uploads\/Stift-Admont-Klosterprimiz-P.-Vinzenz-2021-1.jpg","contentUrl":"https:\/\/stiftadmont.at\/wp-content\/uploads\/Stift-Admont-Klosterprimiz-P.-Vinzenz-2021-1.jpg","width":1600,"height":1200,"caption":"Stift Admont Klosterprimiz P. Vinzenz 2021 1"},{"@type":"BreadcrumbList","@id":"https:\/\/stiftadmont.at\/blog\/klosterprimiz-mag-p-vinzenz-schager-osb\/#breadcrumb","itemListElement":[{"@type":"ListItem","position":1,"name":"Start","item":"https:\/\/stiftadmont.at\/"},{"@type":"ListItem","position":2,"name":"Klosterprimiz Mag. P. Vinzenz Schager OSB"}]},{"@type":"WebSite","@id":"https:\/\/stiftadmont.at\/#website","url":"https:\/\/stiftadmont.at\/","name":"Abbaye d'Admont","description":"Monast\u00e8re b\u00e9n\u00e9dictin et attraction touristique dans le Ges\u00e4use","potentialAction":[{"@type":"SearchAction","target":{"@type":"EntryPoint","urlTemplate":"https:\/\/stiftadmont.at\/?s={search_term_string}"},"query-input":{"@type":"PropertyValueSpecification","valueRequired":true,"valueName":"search_term_string"}}],"inLanguage":"fr-FR"},{"@type":"Person","@id":"https:\/\/stiftadmont.at\/#\/schema\/person\/30535548b241d5f33a2e8b839db11869","name":"Mario Brandm\u00fcller"}]}},"_links":{"self":[{"href":"https:\/\/stiftadmont.at\/fr\/wp-json\/wp\/v2\/posts\/11864","targetHints":{"allow":["GET"]}}],"collection":[{"href":"https:\/\/stiftadmont.at\/fr\/wp-json\/wp\/v2\/posts"}],"about":[{"href":"https:\/\/stiftadmont.at\/fr\/wp-json\/wp\/v2\/types\/post"}],"author":[{"embeddable":true,"href":"https:\/\/stiftadmont.at\/fr\/wp-json\/wp\/v2\/users\/7"}],"replies":[{"embeddable":true,"href":"https:\/\/stiftadmont.at\/fr\/wp-json\/wp\/v2\/comments?post=11864"}],"version-history":[{"count":5,"href":"https:\/\/stiftadmont.at\/fr\/wp-json\/wp\/v2\/posts\/11864\/revisions"}],"predecessor-version":[{"id":11873,"href":"https:\/\/stiftadmont.at\/fr\/wp-json\/wp\/v2\/posts\/11864\/revisions\/11873"}],"wp:featuredmedia":[{"embeddable":true,"href":"https:\/\/stiftadmont.at\/fr\/wp-json\/wp\/v2\/media\/11865"}],"wp:attachment":[{"href":"https:\/\/stiftadmont.at\/fr\/wp-json\/wp\/v2\/media?parent=11864"}],"wp:term":[{"taxonomy":"category","embeddable":true,"href":"https:\/\/stiftadmont.at\/fr\/wp-json\/wp\/v2\/categories?post=11864"}],"curies":[{"name":"wp","href":"https:\/\/api.w.org\/{rel}","templated":true}]}}