{"id":12451,"date":"2022-06-07T12:04:57","date_gmt":"2022-06-07T10:04:57","guid":{"rendered":"https:\/\/stiftadmont.at\/?p=12451"},"modified":"2026-04-27T08:02:54","modified_gmt":"2026-04-27T06:02:54","slug":"messe-heures-de-service","status":"publish","type":"post","link":"https:\/\/stiftadmont.at\/fr\/blog\/hl-messe-gottesdienstzeiten\/","title":{"rendered":"Saintes messes et horaires des services religieux"},"content":{"rendered":"<section id='lightpress__section--block_46acca01e3193444f0c63f32c893ebeb' class='lightpress__section--default-section-space lightpress__section lightpress__section--content'><div class=\"content__inner\"\n         x-init=\"initContentBlockAnim($el)\">\n        \n    <div class=\"content__grid content__grid\">\n                                            <div class=\"content__box content__box--one-hundred\"\n                 style=\"\">\n                                \n                \n                                            <div class=\"prose\"><h3 class=\"heading-xl line line--gold\"><strong>Horaires des services religieux<\/strong><\/h3>\n<p>\u00a0<\/p>\n<\/p>\n<p>\u00a0<\/p>\n<p><strong>Vendredi 01 mai 2026<\/strong><br \/>18:30 messe avec m\u00e9ditation de mai dans la coll\u00e9giale avec le groupe de chanteurs de Gstatterboden<br \/><strong>Dimanche 03 mai 2026<\/strong><br \/>ordre habituel des services religieux<br \/><strong>Mercredi 06 mai 2026<\/strong><br \/>17h45 V\u00eapres et Sainte Messe dans la chapelle du ch\u0153ur, suivies d'une discussion biblique<br \/><strong>Vendredi 08 mai 2026<\/strong><br \/>19h15 V\u00e9n\u00e9ration de mai - chapelle Prandst\u00e4tter\/Krumau avec la musique de clarinette MERZL<br \/><strong>Dimanche 10 mai 2026 - F\u00eate des m\u00e8res<\/strong><br \/>08:30 messe<br \/>10:00 messe avec la musique maison d'Admont<br \/><strong>Lundi 11 mai 2026<\/strong><br \/>18:00 Procession de pri\u00e8re, suivie de la messe de pri\u00e8re<br \/><strong>Mardi 12 mai 2026<\/strong><br \/>18:00 Procession de pri\u00e8re, suivie de la messe de pri\u00e8re<br \/><strong>Mercredi 13 mai 2026<\/strong><br \/>18:00 Rosaire, <strong>P\u00e8lerinage marial<\/strong> avec procession aux lumi\u00e8res dans la coll\u00e9giale avec la MGV Admont<br \/>Pr\u00e9dicateur : P\u00e8re Magnus Klasen OSB<br \/><strong>Jeudi 14 mai 2026 - Ascension<\/strong><br \/>08:30 messe<br \/>09:30 C\u00e9l\u00e9bration de la premi\u00e8re communion<br \/><strong>Vendredi 15 mai 2026<\/strong><br \/>V\u00e9n\u00e9ration de mai - Jardin du couvent (roseraie) Rendez-vous : Coll\u00e9giale<br \/><strong>Dimanche 17 mai 2026<\/strong><br \/>ordre habituel des services religieux<br \/><strong>Vendredi 22 mai 2026<\/strong><br \/>19:15 V\u00e9n\u00e9ration de mai - chapelle Payrlechner, Krumau<br \/><strong>Dimanche 24 mai 2026 - Dimanche de Pentec\u00f4te<br \/><\/strong>08:30 messe<br \/>09h30 Messe pontificale avec confirmation (Abb\u00e9 Gerhard)<br \/><strong>Lundi 25 mai 2026 - Lundi de Pentec\u00f4te<\/strong><br \/>08:30 PAS de messe<br \/>10:00 messe<br \/><strong>Vendredi 29 mai 2026<\/strong><br \/>18h30 Sainte Messe dans la chapelle de la pr\u00e9lature<br \/>19:15 V\u00e9n\u00e9ration de mai - Straubkapelle, Aigen<br \/><strong>Dimanche 31 mai 2026 - Dimanche de la Trinit\u00e9<\/strong><br \/>10:00 messe (jardin d'enfants Admont ; chorale de madrigaux Zell\/See)<br \/>18:30 messe avec la derni\u00e8re veill\u00e9e de mai et la chorale d'Admont<\/p>\n<p>\u00a0<\/p>\n<p><strong>Mercredi 03 juin 2026<\/strong><br \/>17h45 V\u00eapres et messe dans la chapelle du ch\u0153ur, suivies d'une discussion biblique<br \/><strong>Jeudi 04 juin 2026 - F\u00eate-Dieu<\/strong><br \/>08:30 messe<br \/>09h30 Messe pontificale \u00e0 la coll\u00e9giale, suivie de la procession de la F\u00eate-Dieu avec la fanfare Admont\/Hall<br \/><strong>Dimanche, 07 juin 2026<\/strong><br \/>ordre habituel des services religieux<br \/><strong>Samedi 13 juin 2026<br \/><\/strong>18:00 Rosaire, <strong>P\u00e8lerinage marial<\/strong> avec procession aux lumi\u00e8res dans la coll\u00e9giale<br \/>et la chorale Frauenberg<br \/>Pr\u00e9dicateur : Barbara Hofer<br \/><strong>Dimanche 14 juin 2026<\/strong><br \/>ordre habituel des services religieux<br \/><strong>Lundi 15 juin 2026 - Anniversaire du fondateur, l'archev\u00eaque Gebhard<\/strong><\/p>\n<p>10h45 Grande messe - P\u00e8lerinages aux pieds de l'\u00e9toile de Hall, Frauenberg et Ardning \u00e0 Admont<br \/><strong>Dimanche 21 juin 2026<\/strong><br \/>ordre habituel des services religieux<br \/><strong>Vendredi 26 juin 2026<\/strong><br \/>18h30 Sainte Messe dans la chapelle de la pr\u00e9lature<br \/><strong>Samedi 27 juin 2026 Solennit\u00e9 de Sainte-Hemma de Gurk<\/strong><br \/>10h45 Messe solennelle<br \/><strong>Dimanche 28 juin 2026 - Dimanche de l'Hemmas - F\u00eate paroissiale<\/strong><br \/>08:30 messe<br \/>10h00 Messe solennelle, b\u00e9n\u00e9diction des yeux avec la relique d'Hemma ; chorale d'Admont et jeune chorale ensuite f\u00eate paroissiale<\/p>\n<p>\u00a0<\/p>\n<p><strong>Mercredi, 01 juillet 2026<\/strong><br \/>17h45 V\u00eapres et Sainte Messe dans la chapelle du ch\u0153ur\u00a0<br \/><strong>Dimanche 05 juillet 2026<\/strong><br \/>ordre habituel des services religieux<br \/><strong>Samedi 11 juillet 2026 - Solennit\u00e9 de notre Saint-P\u00e8re Beno\u00eet<\/strong><br \/>07:00 Messe solennelle<br \/><strong>Dimanche 12 juillet 2026<\/strong><br \/>ordre habituel des services religieux<br \/><strong>Lundi 13 juillet 2026<\/strong><br \/>18:00 Rosaire, <strong>Veill\u00e9e de mai<\/strong> avec procession aux lumi\u00e8res dans la coll\u00e9giale<\/p>\n<p>avec la musique familiale Pollinger de Mautern<br \/>Pr\u00e9dicateur : Abb\u00e9 \u00e9m. Georg Wilfinger, Abbaye de Melk<br \/><strong>Dimanche 19 juillet 2026 - Dimanche de la Saint-Christophe - Collecte pour la MIVA<\/strong><br \/>08:30 messe<br \/>10:00 messe des familles suivie de la b\u00e9n\u00e9diction des v\u00e9hicules sur le parking de la pharmacie de l'abbaye<br \/><strong>Dimanche 26 juillet 2026<\/strong><br \/>ordre habituel des services religieux<br \/><strong>Vendredi 31 juillet 2026<\/strong><br \/>18h30 Sainte Messe dans la chapelle de la pr\u00e9lature<\/p>\n<p>\u00a0<\/p>\n<p>\u00a0<\/p>\n<p>\u00a0<\/p>\n<p>\u00a0<\/p>\n<p>\u00a0<\/p>\n<p>\u00a0<\/p>\n<p>\u00a0<\/p>\n<p>\u00a0<\/p>\n<p><a class=\"admont-button admont-button--secondary\" title=\"Services religieux 26.04. - 03.05.2026\" href=\"https:\/\/stiftadmont.at\/wp-content\/uploads\/Pfarre-Admont-\u2013-Gottesdienste-26.04.-\u2013-03.05.2026.pdf\">DIVERS<\/a><\/p>\n<\/div>\n                    \n                            <\/div>\n        \n            <\/div>\n<\/div>\n\n<\/section>\n\n<section id='lightpress__section--block_7ed00b15218f2fc30c0d8041d249627d' class='lightpress__section--default-section-space lightpress__section lightpress__section--content'><div class=\"content__inner\"\n         x-init=\"initContentBlockAnim($el)\">\n        \n    <div class=\"content__grid content__grid\">\n        \n                    \n            <\/div>\n<\/div>\n\n<\/section>\n\n<section id='lightpress__section--block_d572ac2ac4b09e2e81d17a0a2c275948' class='bg--beige lightpress__section--colored-bg lightpress__section--colored-bg--top-space lightpress__section--default-section-space lightpress__section lightpress__section--additional-content'><div class=\"additional-content__container additional-content__container--horizontal\">\n\n            <div class=\"additional-content__intro\">\n            <div class=\"additional-content__intro-text\">\n                <p class=\"intro__title text--60 text--serif text-bold auto-hyphen\">Horaires des services religieux<\/p>\n                <p class=\"intro__subtitle text--26\">de la paroisse d'Admont<\/p>\n            <\/div>\n        <\/div>\n    \n    <div class=\"additional-content__entries\">\n                    <div class=\"additional-content__item text-gold\">\n\n                                    <p class=\"additional-content__title text--26 auto-hyphen\">ROSENKRANZ-<br>PRI\u00c8RE<\/p>\n                \n                                                            <div class=\"spacer--30\"><\/div>\n                                    \n                                    <p class=\"additional-content__subtitle text--uppercase text--26\">18:00 heures<\/p>\n\n                                \n                    <p class=\"additional-content__text text--20\">toujours le samedi <br>dans la coll\u00e9giale<\/p>\n\n                            <\/div>\n                    <div class=\"additional-content__item text-gold\">\n\n                                    <p class=\"additional-content__title text--26 auto-hyphen\">SAINT <br>FOIRE<\/p>\n                \n                                                            <div class=\"spacer--30\"><\/div>\n                                    \n                                    <p class=\"additional-content__subtitle text--uppercase text--26\">18h30<\/p>\n\n                                \n                    <p class=\"additional-content__text text--20\">toujours le samedi <br>dans la coll\u00e9giale<\/p>\n\n                            <\/div>\n                    <div class=\"additional-content__item text-gold\">\n\n                                    <p class=\"additional-content__title text--26 auto-hyphen\">SAINT <br>FOIRE<\/p>\n                \n                                                            <div class=\"spacer--30\"><\/div>\n                                    \n                                    <p class=\"additional-content__subtitle text--uppercase text--26\">08:30 + 10:00 heures<\/p>\n\n                                \n                    <p class=\"additional-content__text text--20\">les dimanches et jours f\u00e9ri\u00e9s <br>toujours dans la coll\u00e9giale <\/p>\n\n                            <\/div>\n                    <div class=\"additional-content__item text-gold\">\n\n                                    <p class=\"additional-content__title text--26 auto-hyphen\">CHORAL-<br>VESPER<\/p>\n                \n                                                            <div class=\"spacer--30\"><\/div>\n                                    \n                                    <p class=\"additional-content__subtitle text--uppercase text--26\">17h30<\/p>\n\n                                \n                    <p class=\"additional-content__text text--20\">les dimanches et jours f\u00e9ri\u00e9s <br>toujours dans la coll\u00e9giale <\/p>\n\n                            <\/div>\n            <\/div>\n<\/div>\n\n    <div class=\"background__container background__container--beige\">\n    <\/div>\n\n<\/section>\n\n<section id='lightpress__section--block_21f73f340765c22d0bdd80f40f7167c2' class='bg--black lightpress__section--colored-bg lightpress__section--colored-bg--top-space lightpress__section--default-section-space lightpress__section lightpress__section--additional-content'><div class=\"additional-content__container additional-content__container--horizontal\">\n\n            <div class=\"additional-content__intro\">\n            <div class=\"additional-content__intro-text\">\n                <p class=\"intro__title text--60 text--serif text-bold auto-hyphen\">Foires et salons<\/p>\n                <p class=\"intro__subtitle text--26\">de la paroisse d'Admont<\/p>\n            <\/div>\n        <\/div>\n    \n    <div class=\"additional-content__entries\">\n                    <div class=\"additional-content__item text-gold\">\n\n                                    <p class=\"additional-content__title text--26 auto-hyphen\">JOURS DE LA SEMAINE<\/p>\n                \n                                                            <div class=\"spacer--30\"><\/div>\n                                    \n                                    <p class=\"additional-content__subtitle text--uppercase text--26\">07:00 heures<\/p>\n\n                                \n                    <p class=\"additional-content__text text--20\">Messe conventuelle dans la coll\u00e9giale<\/p>\n\n                            <\/div>\n                    <div class=\"additional-content__item text-gold\">\n\n                                    <p class=\"additional-content__title text--26 auto-hyphen\">TOUS LES MERCREDIS DU MOIS<\/p>\n                \n                                                            <div class=\"spacer--30\"><\/div>\n                                    \n                                    <p class=\"additional-content__subtitle text--uppercase text--26\">17h45<\/p>\n\n                                \n                    <p class=\"additional-content__text text--20\">V\u00eapres et messe dans la nouvelle chapelle du ch\u0153ur de la cl\u00f4ture (rendez-vous : 18h15 porte de la sacristie)<\/p>\n\n                            <\/div>\n            <\/div>\n<\/div>\n\n    <div class=\"background__container background__container--black\">\n    <\/div>\n\n<\/section>\n\n<section id='lightpress__section--block_2482857bdb650faeac196e7b143afb5d' class='lightpress__section--default-section-space lightpress__section lightpress__section--content'><div class=\"content__inner\"\n         x-init=\"initContentBlockAnim($el)\">\n        \n    <div class=\"content__grid content__grid\">\n                                            <div class=\"content__box content__box--one-hundred\"\n                 style=\"\">\n                                \n                \n                                            <div class=\"prose\"><h2 class=\"heading-xxl\">Bulletin paroissial de l'abbaye d'Admont<\/h2>\n<p>\u00a0<\/p>\n<p>\u00a0<\/p>\n<p><a title=\"Bulletin paroissial Paroisse d&#039;Admont\" href=\"\"><div class=\"_df_book df-lite\" id=\"df_41004\"  _slug=\"pfarrblatt-pfarre-admont-mai-juni-juli-2026\" data-title=\"pfarrblatt-pfarre-admont-mai-juni-juli-2026\" wpoptions=\"true\" thumbtype=\"\" ><\/div><script class=\"df-shortcode-script\" nowprocket type=\"application\/javascript\">window.option_df_41004 = {\"outline\":[],\"autoEnableOutline\":\"false\",\"autoEnableThumbnail\":\"false\",\"overwritePDFOutline\":\"false\",\"direction\":\"1\",\"pageSize\":\"0\",\"source\":\"https:\\\/\\\/stiftadmont.at\\\/wp-content\\\/uploads\\\/Pfarrbrief-Admont-Mai_Juni_Juli-2026-1.pdf\",\"wpOptions\":\"true\"}; if(window.DFLIP && window.DFLIP.parseBooks){window.DFLIP.parseBooks();}<\/script><\/a><\/p>\n<p>\u00a0<\/p>\n<\/div>\n                    \n                            <\/div>\n        \n            <\/div>\n<\/div>\n\n<\/section>","protected":false},"excerpt":{"rendered":"<p>Vous trouverez ici toutes les informations sur les messes et les horaires des services religieux \u00e0 l'abbaye d'Admont.<\/p>","protected":false},"author":7,"featured_media":8198,"comment_status":"closed","ping_status":"closed","sticky":false,"template":"","format":"standard","meta":{"_acf_changed":false,"footnotes":""},"categories":[32],"class_list":["post-12451","post","type-post","status-publish","format-standard","has-post-thumbnail","hentry","category-featured"],"acf":[],"yoast_head":"<!-- This site is optimized with the Yoast SEO Premium plugin v26.0 (Yoast SEO v26.8) - https:\/\/yoast.com\/product\/yoast-seo-premium-wordpress\/ -->\n<title>Heilige Messen und Gottesdienstzeiten - Stift Admont<\/title>\n<meta name=\"description\" content=\"Lesen Sie aktuelle Informationen zum Thema Heilige Messen und Gottesdienstzeiten und vieles mehr aus dem Konvent und der Pfarre Admont.\" \/>\n<meta name=\"robots\" content=\"index, follow, max-snippet:-1, max-image-preview:large, max-video-preview:-1\" \/>\n<link rel=\"canonical\" href=\"https:\/\/stiftadmont.at\/fr\/blog\/messe-heures-de-service\/\" \/>\n<meta property=\"og:locale\" content=\"fr_FR\" \/>\n<meta property=\"og:type\" content=\"article\" \/>\n<meta property=\"og:title\" content=\"Heilige Messen und Gottesdienstzeiten\" \/>\n<meta property=\"og:description\" content=\"Lesen Sie aktuelle Informationen zum Thema Heilige Messen und Gottesdienstzeiten und vieles mehr aus dem Konvent und der Pfarre Admont.\" \/>\n<meta property=\"og:url\" content=\"https:\/\/stiftadmont.at\/fr\/blog\/messe-heures-de-service\/\" \/>\n<meta property=\"og:site_name\" content=\"Stift Admont\" \/>\n<meta property=\"article:published_time\" content=\"2022-06-07T10:04:57+00:00\" \/>\n<meta property=\"article:modified_time\" content=\"2026-04-27T06:02:54+00:00\" \/>\n<meta property=\"og:image\" content=\"https:\/\/stiftadmont.at\/wp-content\/uploads\/22_StiftAdmont_Kirche\u00a9StefanLeitner-e1648798852950.jpg\" \/>\n\t<meta property=\"og:image:width\" content=\"2048\" \/>\n\t<meta property=\"og:image:height\" content=\"1365\" \/>\n\t<meta property=\"og:image:type\" content=\"image\/jpeg\" \/>\n<meta name=\"author\" content=\"Mario Brandm\u00fcller\" \/>\n<meta name=\"twitter:card\" content=\"summary_large_image\" \/>\n<meta name=\"twitter:label1\" content=\"\u00c9crit par\" \/>\n\t<meta name=\"twitter:data1\" content=\"Mario Brandm\u00fcller\" \/>\n\t<meta name=\"twitter:label2\" content=\"Dur\u00e9e de lecture estim\u00e9e\" \/>\n\t<meta name=\"twitter:data2\" content=\"1 minute\" \/>\n<script type=\"application\/ld+json\" class=\"yoast-schema-graph\">{\"@context\":\"https:\/\/schema.org\",\"@graph\":[{\"@type\":\"Article\",\"@id\":\"https:\/\/stiftadmont.at\/blog\/hl-messe-gottesdienstzeiten\/#article\",\"isPartOf\":{\"@id\":\"https:\/\/stiftadmont.at\/blog\/hl-messe-gottesdienstzeiten\/\"},\"author\":{\"name\":\"Mario Brandm\u00fcller\",\"@id\":\"https:\/\/stiftadmont.at\/#\/schema\/person\/30535548b241d5f33a2e8b839db11869\"},\"headline\":\"Heilige Messen und Gottesdienstzeiten\",\"datePublished\":\"2022-06-07T10:04:57+00:00\",\"dateModified\":\"2026-04-27T06:02:54+00:00\",\"mainEntityOfPage\":{\"@id\":\"https:\/\/stiftadmont.at\/blog\/hl-messe-gottesdienstzeiten\/\"},\"wordCount\":4,\"image\":{\"@id\":\"https:\/\/stiftadmont.at\/blog\/hl-messe-gottesdienstzeiten\/#primaryimage\"},\"thumbnailUrl\":\"https:\/\/stiftadmont.at\/wp-content\/uploads\/22_StiftAdmont_Kirche\u00a9StefanLeitner-e1648798852950.jpg\",\"articleSection\":[\"Featured\"],\"inLanguage\":\"fr-FR\"},{\"@type\":\"WebPage\",\"@id\":\"https:\/\/stiftadmont.at\/blog\/hl-messe-gottesdienstzeiten\/\",\"url\":\"https:\/\/stiftadmont.at\/blog\/hl-messe-gottesdienstzeiten\/\",\"name\":\"Heilige Messen und Gottesdienstzeiten - Stift Admont\",\"isPartOf\":{\"@id\":\"https:\/\/stiftadmont.at\/#website\"},\"primaryImageOfPage\":{\"@id\":\"https:\/\/stiftadmont.at\/blog\/hl-messe-gottesdienstzeiten\/#primaryimage\"},\"image\":{\"@id\":\"https:\/\/stiftadmont.at\/blog\/hl-messe-gottesdienstzeiten\/#primaryimage\"},\"thumbnailUrl\":\"https:\/\/stiftadmont.at\/wp-content\/uploads\/22_StiftAdmont_Kirche\u00a9StefanLeitner-e1648798852950.jpg\",\"datePublished\":\"2022-06-07T10:04:57+00:00\",\"dateModified\":\"2026-04-27T06:02:54+00:00\",\"author\":{\"@id\":\"https:\/\/stiftadmont.at\/#\/schema\/person\/30535548b241d5f33a2e8b839db11869\"},\"description\":\"Lesen Sie aktuelle Informationen zum Thema Heilige Messen und Gottesdienstzeiten und vieles mehr aus dem Konvent und der Pfarre Admont.\",\"breadcrumb\":{\"@id\":\"https:\/\/stiftadmont.at\/blog\/hl-messe-gottesdienstzeiten\/#breadcrumb\"},\"inLanguage\":\"fr-FR\",\"potentialAction\":[{\"@type\":\"ReadAction\",\"target\":[\"https:\/\/stiftadmont.at\/blog\/hl-messe-gottesdienstzeiten\/\"]}]},{\"@type\":\"ImageObject\",\"inLanguage\":\"fr-FR\",\"@id\":\"https:\/\/stiftadmont.at\/blog\/hl-messe-gottesdienstzeiten\/#primaryimage\",\"url\":\"https:\/\/stiftadmont.at\/wp-content\/uploads\/22_StiftAdmont_Kirche\u00a9StefanLeitner-e1648798852950.jpg\",\"contentUrl\":\"https:\/\/stiftadmont.at\/wp-content\/uploads\/22_StiftAdmont_Kirche\u00a9StefanLeitner-e1648798852950.jpg\",\"width\":2048,\"height\":1365,\"caption\":\"Stiftskirche Admont \u00a9 Stefan Leitner\"},{\"@type\":\"BreadcrumbList\",\"@id\":\"https:\/\/stiftadmont.at\/blog\/hl-messe-gottesdienstzeiten\/#breadcrumb\",\"itemListElement\":[{\"@type\":\"ListItem\",\"position\":1,\"name\":\"Start\",\"item\":\"https:\/\/stiftadmont.at\/\"},{\"@type\":\"ListItem\",\"position\":2,\"name\":\"Heilige Messen und Gottesdienstzeiten\"}]},{\"@type\":\"WebSite\",\"@id\":\"https:\/\/stiftadmont.at\/#website\",\"url\":\"https:\/\/stiftadmont.at\/\",\"name\":\"Stift Admont\",\"description\":\"Benediktinerkloster und Sehensw\u00fcrdigkeit im Ges\u00e4use\",\"potentialAction\":[{\"@type\":\"SearchAction\",\"target\":{\"@type\":\"EntryPoint\",\"urlTemplate\":\"https:\/\/stiftadmont.at\/?s={search_term_string}\"},\"query-input\":{\"@type\":\"PropertyValueSpecification\",\"valueRequired\":true,\"valueName\":\"search_term_string\"}}],\"inLanguage\":\"fr-FR\"},{\"@type\":\"Person\",\"@id\":\"https:\/\/stiftadmont.at\/#\/schema\/person\/30535548b241d5f33a2e8b839db11869\",\"name\":\"Mario Brandm\u00fcller\"}]}<\/script>\n<!-- \/ Yoast SEO Premium plugin. -->","yoast_head_json":{"title":"Messes et horaires des services religieux - Stift Admont","description":"Lisez les informations actuelles sur le th\u00e8me des messes et des horaires des services religieux et bien d'autres choses encore concernant le couvent et la paroisse d'Admont.","robots":{"index":"index","follow":"follow","max-snippet":"max-snippet:-1","max-image-preview":"max-image-preview:large","max-video-preview":"max-video-preview:-1"},"canonical":"https:\/\/stiftadmont.at\/fr\/blog\/messe-heures-de-service\/","og_locale":"fr_FR","og_type":"article","og_title":"Heilige Messen und Gottesdienstzeiten","og_description":"Lesen Sie aktuelle Informationen zum Thema Heilige Messen und Gottesdienstzeiten und vieles mehr aus dem Konvent und der Pfarre Admont.","og_url":"https:\/\/stiftadmont.at\/fr\/blog\/messe-heures-de-service\/","og_site_name":"Stift Admont","article_published_time":"2022-06-07T10:04:57+00:00","article_modified_time":"2026-04-27T06:02:54+00:00","og_image":[{"width":2048,"height":1365,"url":"https:\/\/stiftadmont.at\/wp-content\/uploads\/22_StiftAdmont_Kirche\u00a9StefanLeitner-e1648798852950.jpg","type":"image\/jpeg"}],"author":"Mario Brandm\u00fcller","twitter_card":"summary_large_image","twitter_misc":{"\u00c9crit par":"Mario Brandm\u00fcller","Dur\u00e9e de lecture estim\u00e9e":"1 minute"},"schema":{"@context":"https:\/\/schema.org","@graph":[{"@type":"Article","@id":"https:\/\/stiftadmont.at\/blog\/hl-messe-gottesdienstzeiten\/#article","isPartOf":{"@id":"https:\/\/stiftadmont.at\/blog\/hl-messe-gottesdienstzeiten\/"},"author":{"name":"Mario Brandm\u00fcller","@id":"https:\/\/stiftadmont.at\/#\/schema\/person\/30535548b241d5f33a2e8b839db11869"},"headline":"Heilige Messen und Gottesdienstzeiten","datePublished":"2022-06-07T10:04:57+00:00","dateModified":"2026-04-27T06:02:54+00:00","mainEntityOfPage":{"@id":"https:\/\/stiftadmont.at\/blog\/hl-messe-gottesdienstzeiten\/"},"wordCount":4,"image":{"@id":"https:\/\/stiftadmont.at\/blog\/hl-messe-gottesdienstzeiten\/#primaryimage"},"thumbnailUrl":"https:\/\/stiftadmont.at\/wp-content\/uploads\/22_StiftAdmont_Kirche\u00a9StefanLeitner-e1648798852950.jpg","articleSection":["Featured"],"inLanguage":"fr-FR"},{"@type":"WebPage","@id":"https:\/\/stiftadmont.at\/blog\/hl-messe-gottesdienstzeiten\/","url":"https:\/\/stiftadmont.at\/blog\/hl-messe-gottesdienstzeiten\/","name":"Messes et horaires des services religieux - Stift Admont","isPartOf":{"@id":"https:\/\/stiftadmont.at\/#website"},"primaryImageOfPage":{"@id":"https:\/\/stiftadmont.at\/blog\/hl-messe-gottesdienstzeiten\/#primaryimage"},"image":{"@id":"https:\/\/stiftadmont.at\/blog\/hl-messe-gottesdienstzeiten\/#primaryimage"},"thumbnailUrl":"https:\/\/stiftadmont.at\/wp-content\/uploads\/22_StiftAdmont_Kirche\u00a9StefanLeitner-e1648798852950.jpg","datePublished":"2022-06-07T10:04:57+00:00","dateModified":"2026-04-27T06:02:54+00:00","author":{"@id":"https:\/\/stiftadmont.at\/#\/schema\/person\/30535548b241d5f33a2e8b839db11869"},"description":"Lisez les informations actuelles sur le th\u00e8me des messes et des horaires des services religieux et bien d'autres choses encore concernant le couvent et la paroisse d'Admont.","breadcrumb":{"@id":"https:\/\/stiftadmont.at\/blog\/hl-messe-gottesdienstzeiten\/#breadcrumb"},"inLanguage":"fr-FR","potentialAction":[{"@type":"ReadAction","target":["https:\/\/stiftadmont.at\/blog\/hl-messe-gottesdienstzeiten\/"]}]},{"@type":"ImageObject","inLanguage":"fr-FR","@id":"https:\/\/stiftadmont.at\/blog\/hl-messe-gottesdienstzeiten\/#primaryimage","url":"https:\/\/stiftadmont.at\/wp-content\/uploads\/22_StiftAdmont_Kirche\u00a9StefanLeitner-e1648798852950.jpg","contentUrl":"https:\/\/stiftadmont.at\/wp-content\/uploads\/22_StiftAdmont_Kirche\u00a9StefanLeitner-e1648798852950.jpg","width":2048,"height":1365,"caption":"Stiftskirche Admont \u00a9 Stefan Leitner"},{"@type":"BreadcrumbList","@id":"https:\/\/stiftadmont.at\/blog\/hl-messe-gottesdienstzeiten\/#breadcrumb","itemListElement":[{"@type":"ListItem","position":1,"name":"Start","item":"https:\/\/stiftadmont.at\/"},{"@type":"ListItem","position":2,"name":"Heilige Messen und Gottesdienstzeiten"}]},{"@type":"WebSite","@id":"https:\/\/stiftadmont.at\/#website","url":"https:\/\/stiftadmont.at\/","name":"Abbaye d'Admont","description":"Monast\u00e8re b\u00e9n\u00e9dictin et attraction touristique dans le Ges\u00e4use","potentialAction":[{"@type":"SearchAction","target":{"@type":"EntryPoint","urlTemplate":"https:\/\/stiftadmont.at\/?s={search_term_string}"},"query-input":{"@type":"PropertyValueSpecification","valueRequired":true,"valueName":"search_term_string"}}],"inLanguage":"fr-FR"},{"@type":"Person","@id":"https:\/\/stiftadmont.at\/#\/schema\/person\/30535548b241d5f33a2e8b839db11869","name":"Mario Brandm\u00fcller"}]}},"_links":{"self":[{"href":"https:\/\/stiftadmont.at\/fr\/wp-json\/wp\/v2\/posts\/12451","targetHints":{"allow":["GET"]}}],"collection":[{"href":"https:\/\/stiftadmont.at\/fr\/wp-json\/wp\/v2\/posts"}],"about":[{"href":"https:\/\/stiftadmont.at\/fr\/wp-json\/wp\/v2\/types\/post"}],"author":[{"embeddable":true,"href":"https:\/\/stiftadmont.at\/fr\/wp-json\/wp\/v2\/users\/7"}],"replies":[{"embeddable":true,"href":"https:\/\/stiftadmont.at\/fr\/wp-json\/wp\/v2\/comments?post=12451"}],"version-history":[{"count":1335,"href":"https:\/\/stiftadmont.at\/fr\/wp-json\/wp\/v2\/posts\/12451\/revisions"}],"predecessor-version":[{"id":41067,"href":"https:\/\/stiftadmont.at\/fr\/wp-json\/wp\/v2\/posts\/12451\/revisions\/41067"}],"wp:featuredmedia":[{"embeddable":true,"href":"https:\/\/stiftadmont.at\/fr\/wp-json\/wp\/v2\/media\/8198"}],"wp:attachment":[{"href":"https:\/\/stiftadmont.at\/fr\/wp-json\/wp\/v2\/media?parent=12451"}],"wp:term":[{"taxonomy":"category","embeddable":true,"href":"https:\/\/stiftadmont.at\/fr\/wp-json\/wp\/v2\/categories?post=12451"}],"curies":[{"name":"wp","href":"https:\/\/api.w.org\/{rel}","templated":true}]}}